{"id":13383,"date":"2022-11-30T18:18:01","date_gmt":"2022-11-30T18:18:01","guid":{"rendered":"https:\/\/www.africa-press.net\/gabon\/politique\/uob-bilan-et-perspectives-post-cop27-par-alexis-lamek"},"modified":"2022-11-30T19:50:03","modified_gmt":"2022-11-30T19:50:03","slug":"uob-bilan-et-perspectives-post-cop27-par-alexis-lamek","status":"publish","type":"post","link":"https:\/\/www.africa-press.net\/gabon\/toutes-les-actualites\/uob-bilan-et-perspectives-post-cop27-par-alexis-lamek","title":{"rendered":"UOB : Bilan et perspectives post-Cop27 par Alexis Lamek"},"content":{"rendered":"<p><span style=\"color: #ff6600\"><strong>Africa-Press &#8211; Gabon. <\/strong><\/span>L\u2019ambassadeur de France au Gabon a anime\u0301 une confe\u0301rence-de\u0301bat a\u0300 l\u2019Universite\u0301 Omar Bongo (UOB), le 28 novembre a\u0300 Libreville. Plus de 200 e\u0301tudiants de Master ont e\u0301te\u0301 inte\u0301resse\u0301s par cette rencontre dont les e\u0301changes ont tourne\u0301 autour de la position franc\u0327aise sur les questions environnementales et les projets de coope\u0301ration avec le Gabon.<\/p>\n<p>La re\u0301cente Confe\u0301rence des Nations Unies sur les changements climatiques (Cop27) e\u0301tait au centre d\u2019une rencontre entre l\u2019ambassadeur de France au Gabon et plus de 200 e\u0301tudiants de niveau Master spe\u0301cialise\u0301s en environnement, ge\u0301ographie et e\u0301conomie, le 28 novembre a\u0300 Libreville. Objectif de la confe\u0301rence-de\u0301bat anime\u0301e par Alexis Lamek : entendre la voix des jeunes sur les questions climatiques et faire le bilan des conclusions de la Cop27 en e\u0301voquant les prochaines e\u0301che\u0301ances franco-gabonaises sur le climat.<\/p>\n<p>Apre\u0300s la confe\u0301rence, le diplomate franc\u0327ais a ainsi re\u0301pondu a\u0300 une se\u0301rie de questions des e\u0301tudiants, dont une sur la place des droits de l\u2019Homme dans le de\u0301re\u0300glement climatique. \u00abNos deux pays sont engage\u0301s dans de nombreux partenariats visant a\u0300 conserver ces fore\u0302ts et ce One Forest Summit, qui re\u0301unira d\u2019autres chefs d\u2019E\u0301tat, le secteur prive\u0301, et la socie\u0301te\u0301 civile, sera une nouvelle occasion de mettre en avant le ro\u0302le crucial de la fore\u0302t et de tout son e\u0301cosyste\u0300me a\u0300 l\u2019e\u0301chelle plane\u0301taire et d\u2019identifier des solutions innovantes pour accompagner sa pre\u0301servation\u00bb, a affirme\u0301 Alexis Lamek.<\/p>\n<p>Ce dernier a aussi e\u0301te\u0301 interroge\u0301 sur l\u2019inte\u0301re\u0302t d\u2019un financement plus cible\u0301 aupre\u0300s de la socie\u0301te\u0301 civile et de la recherche scientifique. \u00abLa fore\u0302t gabonaise absorberait a\u0300 elle seule 100 millions de tonnes de CO2 par an, soit environ 1\/3 des e\u0301missions franc\u0327aises. Ces puits de carbone et hotspots de biodiversite\u0301 sont essentiels a\u0300 l\u2019humanite\u0301 et nous sommes engage\u0301s pour accompagner le Gabon et ses voisins a\u0300 les pre\u0301server\u00bb, a-t-il re\u0301pondu.<\/p>\n<p>A\u0300 la question sur le lien entre la pre\u0301servation de la fore\u0302t et le de\u0301veloppement e\u0301conomique du pays, le diplomate a de\u0301clare\u0301 : \u00abMalgre\u0301 un bilan mitige\u0301 de la COP quant aux engagements sur l\u2019atte\u0301nuation, je me re\u0301jouis que l\u2019enjeu crucial des pertes et pre\u0301judices ait e\u0301te\u0301 au c\u0153ur des discussions et que l\u2019Union europe\u0301enne ait formule\u0301 la proposition de la cre\u0301ation d\u2019un fonds de\u0301die\u0301 a\u0300 aider les pays a\u0300 faire face aux conse\u0301quences du de\u0301re\u0300glement climatique\u00bb. De riches e\u0301changes a\u0300 poursuivre au One Forest Summit en mars 2023 a\u0300 Libreville.<\/p>\n<p><strong>Pour plus d&rsquo;informations et d&rsquo;analyses sur la <a href=\"https:\/\/www.africa-press.net\/gabon\">Gabon<\/a>, suivez <a href=\"https:\/\/www.africa-press.net\/\">Africa-Press<\/a><\/strong><\/p>\n","protected":false},"excerpt":{"rendered":"<p>Africa-Press &#8211; Gabon. L\u2019ambassadeur de France au Gabon a anime\u0301 une confe\u0301rence-de\u0301bat a\u0300 l\u2019Universite\u0301 Omar Bongo (UOB), le 28 novembre a\u0300 Libreville. Plus de 200 e\u0301tudiants de Master ont e\u0301te\u0301 inte\u0301resse\u0301s par cette rencontre dont les e\u0301changes ont tourne\u0301 autour de la position franc\u0327aise sur les questions environnementales et les projets de coope\u0301ration avec le [&hellip;]<\/p>\n","protected":false},"author":82,"featured_media":13382,"comment_status":"open","ping_status":"closed","sticky":false,"template":"","format":"standard","meta":{"footnotes":""},"categories":[21,10],"tags":[36,50,49],"class_list":["post-13383","post","type-post","status-publish","format-standard","has-post-thumbnail","hentry","category-communaute","category-toutes-les-actualites","tag-africa-press","tag-africa-press-gabon","tag-gabon"],"yoast_head":"<!-- This site is optimized with the Yoast SEO Premium plugin v26.1 (Yoast SEO v27.0) - https:\/\/yoast.com\/product\/yoast-seo-premium-wordpress\/ -->\n<title>UOB : Bilan et perspectives post-Cop27 par Alexis Lamek - Gabon<\/title>\n<meta name=\"description\" content=\"L\u2019ambassadeur de France au Gabon a anime\u0301 une confe\u0301rence-de\u0301bat a\u0300 l\u2019Universite\u0301 Omar Bongo (UOB), le 28 novembre a\u0300 Li ...\" \/>\n<meta name=\"robots\" content=\"index, follow, max-snippet:-1, max-image-preview:large, max-video-preview:-1\" \/>\n<link rel=\"canonical\" href=\"https:\/\/www.africa-press.net\/gabon\/toutes-les-actualites\/uob-bilan-et-perspectives-post-cop27-par-alexis-lamek\" \/>\n<meta property=\"og:locale\" content=\"fr_FR\" \/>\n<meta property=\"og:type\" content=\"article\" \/>\n<meta property=\"og:title\" content=\"UOB : Bilan et perspectives post-Cop27 par Alexis Lamek\" \/>\n<meta property=\"og:description\" content=\"L\u2019ambassadeur de France au Gabon a anime\u0301 une confe\u0301rence-de\u0301bat a\u0300 l\u2019Universite\u0301 Omar Bongo (UOB), le 28 novembre a\u0300 Li ...\" \/>\n<meta property=\"og:url\" content=\"https:\/\/www.africa-press.net\/gabon\/toutes-les-actualites\/uob-bilan-et-perspectives-post-cop27-par-alexis-lamek\" \/>\n<meta property=\"og:site_name\" content=\"Gabon\" \/>\n<meta property=\"article:published_time\" content=\"2022-11-30T18:18:01+00:00\" \/>\n<meta property=\"article:modified_time\" content=\"2022-11-30T19:50:03+00:00\" \/>\n<meta property=\"og:image\" content=\"https:\/\/static.africa-press.net\/gabon\/sites\/54\/2022\/11\/postQueueImg_1669819684.27.jpg\" \/>\n\t<meta property=\"og:image:width\" content=\"720\" \/>\n\t<meta property=\"og:image:height\" content=\"540\" \/>\n\t<meta property=\"og:image:type\" content=\"image\/jpeg\" \/>\n<meta name=\"author\" content=\"cfeditorfr\" \/>\n<meta name=\"twitter:card\" content=\"summary_large_image\" \/>\n<meta name=\"twitter:label1\" content=\"\u00c9crit par\" \/>\n\t<meta name=\"twitter:data1\" content=\"cfeditorfr\" \/>\n\t<meta name=\"twitter:label2\" content=\"Dur\u00e9e de lecture estim\u00e9e\" \/>\n\t<meta name=\"twitter:data2\" content=\"3 minutes\" \/>\n<script type=\"application\/ld+json\" class=\"yoast-schema-graph\">{\"@context\":\"https:\/\/schema.org\",\"@graph\":[{\"@type\":\"Article\",\"@id\":\"https:\/\/www.africa-press.net\/gabon\/toutes-les-actualites\/uob-bilan-et-perspectives-post-cop27-par-alexis-lamek#article\",\"isPartOf\":{\"@id\":\"https:\/\/www.africa-press.net\/gabon\/toutes-les-actualites\/uob-bilan-et-perspectives-post-cop27-par-alexis-lamek\"},\"author\":{\"name\":\"cfeditorfr\",\"@id\":\"https:\/\/www.africa-press.net\/gabon\/#\/schema\/person\/2b1cf3cd81a31e3cd26889ca66d677f1\"},\"headline\":\"UOB : Bilan et perspectives post-Cop27 par Alexis Lamek\",\"datePublished\":\"2022-11-30T18:18:01+00:00\",\"dateModified\":\"2022-11-30T19:50:03+00:00\",\"mainEntityOfPage\":{\"@id\":\"https:\/\/www.africa-press.net\/gabon\/toutes-les-actualites\/uob-bilan-et-perspectives-post-cop27-par-alexis-lamek\"},\"wordCount\":488,\"commentCount\":0,\"image\":{\"@id\":\"https:\/\/www.africa-press.net\/gabon\/toutes-les-actualites\/uob-bilan-et-perspectives-post-cop27-par-alexis-lamek#primaryimage\"},\"thumbnailUrl\":\"https:\/\/static.africa-press.net\/gabon\/sites\/54\/2022\/11\/postQueueImg_1669819684.27.jpg\",\"keywords\":[\"Africa Press\",\"Africa Press-Gabon\",\"Gabon\"],\"articleSection\":[\"Communaut\u00e9\",\"Toutes les actualit\u00e9s\"],\"inLanguage\":\"fr-FR\",\"potentialAction\":[{\"@type\":\"CommentAction\",\"name\":\"Comment\",\"target\":[\"https:\/\/www.africa-press.net\/gabon\/toutes-les-actualites\/uob-bilan-et-perspectives-post-cop27-par-alexis-lamek#respond\"]}]},{\"@type\":\"WebPage\",\"@id\":\"https:\/\/www.africa-press.net\/gabon\/toutes-les-actualites\/uob-bilan-et-perspectives-post-cop27-par-alexis-lamek\",\"url\":\"https:\/\/www.africa-press.net\/gabon\/toutes-les-actualites\/uob-bilan-et-perspectives-post-cop27-par-alexis-lamek\",\"name\":\"UOB : Bilan et perspectives post-Cop27 par Alexis Lamek - Gabon\",\"isPartOf\":{\"@id\":\"https:\/\/www.africa-press.net\/gabon\/#website\"},\"primaryImageOfPage\":{\"@id\":\"https:\/\/www.africa-press.net\/gabon\/toutes-les-actualites\/uob-bilan-et-perspectives-post-cop27-par-alexis-lamek#primaryimage\"},\"image\":{\"@id\":\"https:\/\/www.africa-press.net\/gabon\/toutes-les-actualites\/uob-bilan-et-perspectives-post-cop27-par-alexis-lamek#primaryimage\"},\"thumbnailUrl\":\"https:\/\/static.africa-press.net\/gabon\/sites\/54\/2022\/11\/postQueueImg_1669819684.27.jpg\",\"datePublished\":\"2022-11-30T18:18:01+00:00\",\"dateModified\":\"2022-11-30T19:50:03+00:00\",\"author\":{\"@id\":\"https:\/\/www.africa-press.net\/gabon\/#\/schema\/person\/2b1cf3cd81a31e3cd26889ca66d677f1\"},\"description\":\"L\u2019ambassadeur de France au Gabon a anime\u0301 une confe\u0301rence-de\u0301bat a\u0300 l\u2019Universite\u0301 Omar Bongo (UOB), le 28 novembre a\u0300 Li ...\",\"breadcrumb\":{\"@id\":\"https:\/\/www.africa-press.net\/gabon\/toutes-les-actualites\/uob-bilan-et-perspectives-post-cop27-par-alexis-lamek#breadcrumb\"},\"inLanguage\":\"fr-FR\",\"potentialAction\":[{\"@type\":\"ReadAction\",\"target\":[\"https:\/\/www.africa-press.net\/gabon\/toutes-les-actualites\/uob-bilan-et-perspectives-post-cop27-par-alexis-lamek\"]}]},{\"@type\":\"ImageObject\",\"inLanguage\":\"fr-FR\",\"@id\":\"https:\/\/www.africa-press.net\/gabon\/toutes-les-actualites\/uob-bilan-et-perspectives-post-cop27-par-alexis-lamek#primaryimage\",\"url\":\"https:\/\/static.africa-press.net\/gabon\/sites\/54\/2022\/11\/postQueueImg_1669819684.27.jpg\",\"contentUrl\":\"https:\/\/static.africa-press.net\/gabon\/sites\/54\/2022\/11\/postQueueImg_1669819684.27.jpg\",\"width\":720,\"height\":540,\"caption\":\"UOB : Bilan et perspectives post-Cop27 par Alexis Lamek\"},{\"@type\":\"BreadcrumbList\",\"@id\":\"https:\/\/www.africa-press.net\/gabon\/toutes-les-actualites\/uob-bilan-et-perspectives-post-cop27-par-alexis-lamek#breadcrumb\",\"itemListElement\":[{\"@type\":\"ListItem\",\"position\":1,\"name\":\"Accueil\",\"item\":\"https:\/\/www.africa-press.net\/gabon\/\"},{\"@type\":\"ListItem\",\"position\":2,\"name\":\"UOB : Bilan et perspectives post-Cop27 par Alexis Lamek\"}]},{\"@type\":\"WebSite\",\"@id\":\"https:\/\/www.africa-press.net\/gabon\/#website\",\"url\":\"https:\/\/www.africa-press.net\/gabon\/\",\"name\":\"Gabon\",\"description\":\"Just another Africa News Agency Sites site\",\"potentialAction\":[{\"@type\":\"SearchAction\",\"target\":{\"@type\":\"EntryPoint\",\"urlTemplate\":\"https:\/\/www.africa-press.net\/gabon\/?s={search_term_string}\"},\"query-input\":{\"@type\":\"PropertyValueSpecification\",\"valueRequired\":true,\"valueName\":\"search_term_string\"}}],\"inLanguage\":\"fr-FR\"},{\"@type\":\"Person\",\"@id\":\"https:\/\/www.africa-press.net\/gabon\/#\/schema\/person\/2b1cf3cd81a31e3cd26889ca66d677f1\",\"name\":\"cfeditorfr\"}]}<\/script>\n<!-- \/ Yoast SEO Premium plugin. -->","yoast_head_json":{"title":"UOB : Bilan et perspectives post-Cop27 par Alexis Lamek - Gabon","description":"L\u2019ambassadeur de France au Gabon a anime\u0301 une confe\u0301rence-de\u0301bat a\u0300 l\u2019Universite\u0301 Omar Bongo (UOB), le 28 novembre a\u0300 Li ...","robots":{"index":"index","follow":"follow","max-snippet":"max-snippet:-1","max-image-preview":"max-image-preview:large","max-video-preview":"max-video-preview:-1"},"canonical":"https:\/\/www.africa-press.net\/gabon\/toutes-les-actualites\/uob-bilan-et-perspectives-post-cop27-par-alexis-lamek","og_locale":"fr_FR","og_type":"article","og_title":"UOB : Bilan et perspectives post-Cop27 par Alexis Lamek","og_description":"L\u2019ambassadeur de France au Gabon a anime\u0301 une confe\u0301rence-de\u0301bat a\u0300 l\u2019Universite\u0301 Omar Bongo (UOB), le 28 novembre a\u0300 Li ...","og_url":"https:\/\/www.africa-press.net\/gabon\/toutes-les-actualites\/uob-bilan-et-perspectives-post-cop27-par-alexis-lamek","og_site_name":"Gabon","article_published_time":"2022-11-30T18:18:01+00:00","article_modified_time":"2022-11-30T19:50:03+00:00","og_image":[{"width":720,"height":540,"url":"https:\/\/static.africa-press.net\/gabon\/sites\/54\/2022\/11\/postQueueImg_1669819684.27.jpg","type":"image\/jpeg"}],"author":"cfeditorfr","twitter_card":"summary_large_image","twitter_misc":{"\u00c9crit par":"cfeditorfr","Dur\u00e9e de lecture estim\u00e9e":"3 minutes"},"schema":{"@context":"https:\/\/schema.org","@graph":[{"@type":"Article","@id":"https:\/\/www.africa-press.net\/gabon\/toutes-les-actualites\/uob-bilan-et-perspectives-post-cop27-par-alexis-lamek#article","isPartOf":{"@id":"https:\/\/www.africa-press.net\/gabon\/toutes-les-actualites\/uob-bilan-et-perspectives-post-cop27-par-alexis-lamek"},"author":{"name":"cfeditorfr","@id":"https:\/\/www.africa-press.net\/gabon\/#\/schema\/person\/2b1cf3cd81a31e3cd26889ca66d677f1"},"headline":"UOB : Bilan et perspectives post-Cop27 par Alexis Lamek","datePublished":"2022-11-30T18:18:01+00:00","dateModified":"2022-11-30T19:50:03+00:00","mainEntityOfPage":{"@id":"https:\/\/www.africa-press.net\/gabon\/toutes-les-actualites\/uob-bilan-et-perspectives-post-cop27-par-alexis-lamek"},"wordCount":488,"commentCount":0,"image":{"@id":"https:\/\/www.africa-press.net\/gabon\/toutes-les-actualites\/uob-bilan-et-perspectives-post-cop27-par-alexis-lamek#primaryimage"},"thumbnailUrl":"https:\/\/static.africa-press.net\/gabon\/sites\/54\/2022\/11\/postQueueImg_1669819684.27.jpg","keywords":["Africa Press","Africa Press-Gabon","Gabon"],"articleSection":["Communaut\u00e9","Toutes les actualit\u00e9s"],"inLanguage":"fr-FR","potentialAction":[{"@type":"CommentAction","name":"Comment","target":["https:\/\/www.africa-press.net\/gabon\/toutes-les-actualites\/uob-bilan-et-perspectives-post-cop27-par-alexis-lamek#respond"]}]},{"@type":"WebPage","@id":"https:\/\/www.africa-press.net\/gabon\/toutes-les-actualites\/uob-bilan-et-perspectives-post-cop27-par-alexis-lamek","url":"https:\/\/www.africa-press.net\/gabon\/toutes-les-actualites\/uob-bilan-et-perspectives-post-cop27-par-alexis-lamek","name":"UOB : Bilan et perspectives post-Cop27 par Alexis Lamek - Gabon","isPartOf":{"@id":"https:\/\/www.africa-press.net\/gabon\/#website"},"primaryImageOfPage":{"@id":"https:\/\/www.africa-press.net\/gabon\/toutes-les-actualites\/uob-bilan-et-perspectives-post-cop27-par-alexis-lamek#primaryimage"},"image":{"@id":"https:\/\/www.africa-press.net\/gabon\/toutes-les-actualites\/uob-bilan-et-perspectives-post-cop27-par-alexis-lamek#primaryimage"},"thumbnailUrl":"https:\/\/static.africa-press.net\/gabon\/sites\/54\/2022\/11\/postQueueImg_1669819684.27.jpg","datePublished":"2022-11-30T18:18:01+00:00","dateModified":"2022-11-30T19:50:03+00:00","author":{"@id":"https:\/\/www.africa-press.net\/gabon\/#\/schema\/person\/2b1cf3cd81a31e3cd26889ca66d677f1"},"description":"L\u2019ambassadeur de France au Gabon a anime\u0301 une confe\u0301rence-de\u0301bat a\u0300 l\u2019Universite\u0301 Omar Bongo (UOB), le 28 novembre a\u0300 Li ...","breadcrumb":{"@id":"https:\/\/www.africa-press.net\/gabon\/toutes-les-actualites\/uob-bilan-et-perspectives-post-cop27-par-alexis-lamek#breadcrumb"},"inLanguage":"fr-FR","potentialAction":[{"@type":"ReadAction","target":["https:\/\/www.africa-press.net\/gabon\/toutes-les-actualites\/uob-bilan-et-perspectives-post-cop27-par-alexis-lamek"]}]},{"@type":"ImageObject","inLanguage":"fr-FR","@id":"https:\/\/www.africa-press.net\/gabon\/toutes-les-actualites\/uob-bilan-et-perspectives-post-cop27-par-alexis-lamek#primaryimage","url":"https:\/\/static.africa-press.net\/gabon\/sites\/54\/2022\/11\/postQueueImg_1669819684.27.jpg","contentUrl":"https:\/\/static.africa-press.net\/gabon\/sites\/54\/2022\/11\/postQueueImg_1669819684.27.jpg","width":720,"height":540,"caption":"UOB : Bilan et perspectives post-Cop27 par Alexis Lamek"},{"@type":"BreadcrumbList","@id":"https:\/\/www.africa-press.net\/gabon\/toutes-les-actualites\/uob-bilan-et-perspectives-post-cop27-par-alexis-lamek#breadcrumb","itemListElement":[{"@type":"ListItem","position":1,"name":"Accueil","item":"https:\/\/www.africa-press.net\/gabon\/"},{"@type":"ListItem","position":2,"name":"UOB : Bilan et perspectives post-Cop27 par Alexis Lamek"}]},{"@type":"WebSite","@id":"https:\/\/www.africa-press.net\/gabon\/#website","url":"https:\/\/www.africa-press.net\/gabon\/","name":"Gabon","description":"Just another Africa News Agency Sites site","potentialAction":[{"@type":"SearchAction","target":{"@type":"EntryPoint","urlTemplate":"https:\/\/www.africa-press.net\/gabon\/?s={search_term_string}"},"query-input":{"@type":"PropertyValueSpecification","valueRequired":true,"valueName":"search_term_string"}}],"inLanguage":"fr-FR"},{"@type":"Person","@id":"https:\/\/www.africa-press.net\/gabon\/#\/schema\/person\/2b1cf3cd81a31e3cd26889ca66d677f1","name":"cfeditorfr"}]}},"_links":{"self":[{"href":"https:\/\/www.africa-press.net\/gabon\/wp-json\/wp\/v2\/posts\/13383","targetHints":{"allow":["GET"]}}],"collection":[{"href":"https:\/\/www.africa-press.net\/gabon\/wp-json\/wp\/v2\/posts"}],"about":[{"href":"https:\/\/www.africa-press.net\/gabon\/wp-json\/wp\/v2\/types\/post"}],"author":[{"embeddable":true,"href":"https:\/\/www.africa-press.net\/gabon\/wp-json\/wp\/v2\/users\/82"}],"replies":[{"embeddable":true,"href":"https:\/\/www.africa-press.net\/gabon\/wp-json\/wp\/v2\/comments?post=13383"}],"version-history":[{"count":0,"href":"https:\/\/www.africa-press.net\/gabon\/wp-json\/wp\/v2\/posts\/13383\/revisions"}],"wp:featuredmedia":[{"embeddable":true,"href":"https:\/\/www.africa-press.net\/gabon\/wp-json\/wp\/v2\/media\/13382"}],"wp:attachment":[{"href":"https:\/\/www.africa-press.net\/gabon\/wp-json\/wp\/v2\/media?parent=13383"}],"wp:term":[{"taxonomy":"category","embeddable":true,"href":"https:\/\/www.africa-press.net\/gabon\/wp-json\/wp\/v2\/categories?post=13383"},{"taxonomy":"post_tag","embeddable":true,"href":"https:\/\/www.africa-press.net\/gabon\/wp-json\/wp\/v2\/tags?post=13383"}],"curies":[{"name":"wp","href":"https:\/\/api.w.org\/{rel}","templated":true}]}}