{"id":13392,"date":"2022-11-30T18:18:29","date_gmt":"2022-11-30T18:18:29","guid":{"rendered":"https:\/\/www.africa-press.net\/gabon\/politique\/formation-la-ceeac-renforce-ses-capacites-phytosanitaires-a-libreville"},"modified":"2022-11-30T19:51:18","modified_gmt":"2022-11-30T19:51:18","slug":"formation-la-ceeac-renforce-ses-capacites-phytosanitaires-a-libreville","status":"publish","type":"post","link":"https:\/\/www.africa-press.net\/gabon\/toutes-les-actualites\/formation-la-ceeac-renforce-ses-capacites-phytosanitaires-a-libreville","title":{"rendered":"Formation\u00a0: La CEEAC renforce ses capacit\u00e9s phytosanitaires \u00e0 Libreville"},"content":{"rendered":"<p><span style=\"color: #ff6600\"><strong>Africa-Press &#8211; Gabon. <\/strong><\/span>Le ministe\u0300re de l\u2019Agriculture a lance\u0301, le 29 novembre a\u0300 Libreville, les travaux de l\u2019atelier sous-re\u0301gional sur le renforcement des capacite\u0301s des experts phytosanitaires de la Communaute\u0301 e\u0301conomique des E\u0301tats de l\u2019Afrique centrale (CEEAC). Une rencontre qui permettra aux acteurs implique\u0301s dans la protection des ve\u0301ge\u0301taux, comme l\u2019Agence gabonaise de se\u0301curite\u0301 alimentaire (Agasa), d\u2019optimiser ce ro\u0302le.<\/p>\n<p>Renforcer les capacite\u0301s phytosanitaires des experts des membres de la Communaute\u0301 e\u0301conomique des E\u0301tats de l\u2019Afrique centrale (CEEAC). Tel est l\u2019objectif d\u2019un atelier sous-re\u0301gional dont les travaux ont e\u0301te\u0301 lance\u0301s par le ministe\u0300re de l\u2019Agriculture, le 29 novembre a\u0300 Libreville. Pre\u0301vue jusqu\u2019au 2 de\u0301cembre, la rencontre vise pre\u0301cise\u0301ment a\u0300 partager des informations sur les questions phytosanitaires et sanitaires y compris la strate\u0301gie phytosanitaire pour l\u2019Afrique.<\/p>\n<p>Mais e\u0301galement, identifier les domaines de renforcement de capacite\u0301s pour les Organisations nationales de protection des ve\u0301ge\u0301taux (ONPV) d\u2019Afrique Centrale dans le but de faire le point sur les priorite\u0301s de cette re\u0301gion. Cet atelier s\u2019inscrit dans le cadre de la Taskforce re\u0301gionale des ONPV et partenaires d\u2019Afrique Centrale, cadre de\u0301die\u0301 a\u0300 la re\u0301solution des proble\u0300mes phytosanitaires dans la re\u0301gion, a\u0300 l\u2019ame\u0301lioration des syste\u0300mes phytosanitaires et a\u0300 la promotion d\u2019un commerce su\u0302r des produits agricoles.<\/p>\n<p>Conscient des enjeux actuels et des crises que le monde traverse, cet atelier permettra aux acteurs implique\u0301s dans la protection des ve\u0301ge\u0301taux, comme l\u2019Agence gabonaise de se\u0301curite\u0301 alimentaire (Agasa), garant de se\u0301curite\u0301 sanitaire et phytosanitaire, d\u2019optimiser convenablement le ro\u0302le qui lui incombe en matie\u0300re d\u2019ONPV. Enfin, l\u2019atelier s\u2019inscrit pleinement dans la mise en \u0153uvre du Plan ope\u0301rationnel Gabon vert, en droite ligne de la politique mene\u0301e par le gouvernement de la Re\u0301publique a\u0300 travers le Plan d\u2019acce\u0301le\u0301ration de transformation (PAT) dont un des leviers est d\u2019atteindre l\u2019autosuffisance alimentaire au Gabon.<\/p>\n<p><strong>Pour plus d&rsquo;informations et d&rsquo;analyses sur la <a href=\"https:\/\/www.africa-press.net\/gabon\">Gabon<\/a>, suivez <a href=\"https:\/\/www.africa-press.net\/\">Africa-Press<\/a><\/strong><\/p>\n","protected":false},"excerpt":{"rendered":"<p>Africa-Press &#8211; Gabon. Le ministe\u0300re de l\u2019Agriculture a lance\u0301, le 29 novembre a\u0300 Libreville, les travaux de l\u2019atelier sous-re\u0301gional sur le renforcement des capacite\u0301s des experts phytosanitaires de la Communaute\u0301 e\u0301conomique des E\u0301tats de l\u2019Afrique centrale (CEEAC). Une rencontre qui permettra aux acteurs implique\u0301s dans la protection des ve\u0301ge\u0301taux, comme l\u2019Agence gabonaise de se\u0301curite\u0301 alimentaire [&hellip;]<\/p>\n","protected":false},"author":82,"featured_media":13391,"comment_status":"open","ping_status":"closed","sticky":false,"template":"","format":"standard","meta":{"footnotes":""},"categories":[21,10],"tags":[36,50,49],"class_list":["post-13392","post","type-post","status-publish","format-standard","has-post-thumbnail","hentry","category-communaute","category-toutes-les-actualites","tag-africa-press","tag-africa-press-gabon","tag-gabon"],"yoast_head":"<!-- This site is optimized with the Yoast SEO Premium plugin v26.1 (Yoast SEO v27.0) - https:\/\/yoast.com\/product\/yoast-seo-premium-wordpress\/ -->\n<title>Formation\u00a0: La CEEAC renforce ses capacit\u00e9s phytosanitaires \u00e0 Libreville - Gabon<\/title>\n<meta name=\"description\" content=\"Le ministe\u0300re de l\u2019Agriculture a lance\u0301, le 29 novembre a\u0300 Libreville, les travaux de l\u2019atelier sous-re\u0301gional sur le re ...\" \/>\n<meta name=\"robots\" content=\"index, follow, max-snippet:-1, max-image-preview:large, max-video-preview:-1\" \/>\n<link rel=\"canonical\" href=\"https:\/\/www.africa-press.net\/gabon\/toutes-les-actualites\/formation-la-ceeac-renforce-ses-capacites-phytosanitaires-a-libreville\" \/>\n<meta property=\"og:locale\" content=\"fr_FR\" \/>\n<meta property=\"og:type\" content=\"article\" \/>\n<meta property=\"og:title\" content=\"Formation\u00a0: La CEEAC renforce ses capacit\u00e9s phytosanitaires \u00e0 Libreville\" \/>\n<meta property=\"og:description\" content=\"Le ministe\u0300re de l\u2019Agriculture a lance\u0301, le 29 novembre a\u0300 Libreville, les travaux de l\u2019atelier sous-re\u0301gional sur le re ...\" \/>\n<meta property=\"og:url\" content=\"https:\/\/www.africa-press.net\/gabon\/toutes-les-actualites\/formation-la-ceeac-renforce-ses-capacites-phytosanitaires-a-libreville\" \/>\n<meta property=\"og:site_name\" content=\"Gabon\" \/>\n<meta property=\"article:published_time\" content=\"2022-11-30T18:18:29+00:00\" \/>\n<meta property=\"article:modified_time\" content=\"2022-11-30T19:51:18+00:00\" \/>\n<meta property=\"og:image\" content=\"https:\/\/static.africa-press.net\/gabon\/sites\/54\/2022\/11\/postQueueImg_1669819712.79.jpg\" \/>\n\t<meta property=\"og:image:width\" content=\"720\" \/>\n\t<meta property=\"og:image:height\" content=\"410\" \/>\n\t<meta property=\"og:image:type\" content=\"image\/jpeg\" \/>\n<meta name=\"author\" content=\"cfeditorfr\" \/>\n<meta name=\"twitter:card\" content=\"summary_large_image\" \/>\n<meta name=\"twitter:label1\" content=\"\u00c9crit par\" \/>\n\t<meta name=\"twitter:data1\" content=\"cfeditorfr\" \/>\n\t<meta name=\"twitter:label2\" content=\"Dur\u00e9e de lecture estim\u00e9e\" \/>\n\t<meta name=\"twitter:data2\" content=\"2 minutes\" \/>\n<script type=\"application\/ld+json\" class=\"yoast-schema-graph\">{\"@context\":\"https:\/\/schema.org\",\"@graph\":[{\"@type\":\"Article\",\"@id\":\"https:\/\/www.africa-press.net\/gabon\/toutes-les-actualites\/formation-la-ceeac-renforce-ses-capacites-phytosanitaires-a-libreville#article\",\"isPartOf\":{\"@id\":\"https:\/\/www.africa-press.net\/gabon\/toutes-les-actualites\/formation-la-ceeac-renforce-ses-capacites-phytosanitaires-a-libreville\"},\"author\":{\"name\":\"cfeditorfr\",\"@id\":\"https:\/\/www.africa-press.net\/gabon\/#\/schema\/person\/2b1cf3cd81a31e3cd26889ca66d677f1\"},\"headline\":\"Formation\u00a0: La CEEAC renforce ses capacit\u00e9s phytosanitaires \u00e0 Libreville\",\"datePublished\":\"2022-11-30T18:18:29+00:00\",\"dateModified\":\"2022-11-30T19:51:18+00:00\",\"mainEntityOfPage\":{\"@id\":\"https:\/\/www.africa-press.net\/gabon\/toutes-les-actualites\/formation-la-ceeac-renforce-ses-capacites-phytosanitaires-a-libreville\"},\"wordCount\":379,\"commentCount\":0,\"image\":{\"@id\":\"https:\/\/www.africa-press.net\/gabon\/toutes-les-actualites\/formation-la-ceeac-renforce-ses-capacites-phytosanitaires-a-libreville#primaryimage\"},\"thumbnailUrl\":\"https:\/\/static.africa-press.net\/gabon\/sites\/54\/2022\/11\/postQueueImg_1669819712.79.jpg\",\"keywords\":[\"Africa Press\",\"Africa Press-Gabon\",\"Gabon\"],\"articleSection\":[\"Communaut\u00e9\",\"Toutes les actualit\u00e9s\"],\"inLanguage\":\"fr-FR\",\"potentialAction\":[{\"@type\":\"CommentAction\",\"name\":\"Comment\",\"target\":[\"https:\/\/www.africa-press.net\/gabon\/toutes-les-actualites\/formation-la-ceeac-renforce-ses-capacites-phytosanitaires-a-libreville#respond\"]}]},{\"@type\":\"WebPage\",\"@id\":\"https:\/\/www.africa-press.net\/gabon\/toutes-les-actualites\/formation-la-ceeac-renforce-ses-capacites-phytosanitaires-a-libreville\",\"url\":\"https:\/\/www.africa-press.net\/gabon\/toutes-les-actualites\/formation-la-ceeac-renforce-ses-capacites-phytosanitaires-a-libreville\",\"name\":\"Formation\u00a0: La CEEAC renforce ses capacit\u00e9s phytosanitaires \u00e0 Libreville - Gabon\",\"isPartOf\":{\"@id\":\"https:\/\/www.africa-press.net\/gabon\/#website\"},\"primaryImageOfPage\":{\"@id\":\"https:\/\/www.africa-press.net\/gabon\/toutes-les-actualites\/formation-la-ceeac-renforce-ses-capacites-phytosanitaires-a-libreville#primaryimage\"},\"image\":{\"@id\":\"https:\/\/www.africa-press.net\/gabon\/toutes-les-actualites\/formation-la-ceeac-renforce-ses-capacites-phytosanitaires-a-libreville#primaryimage\"},\"thumbnailUrl\":\"https:\/\/static.africa-press.net\/gabon\/sites\/54\/2022\/11\/postQueueImg_1669819712.79.jpg\",\"datePublished\":\"2022-11-30T18:18:29+00:00\",\"dateModified\":\"2022-11-30T19:51:18+00:00\",\"author\":{\"@id\":\"https:\/\/www.africa-press.net\/gabon\/#\/schema\/person\/2b1cf3cd81a31e3cd26889ca66d677f1\"},\"description\":\"Le ministe\u0300re de l\u2019Agriculture a lance\u0301, le 29 novembre a\u0300 Libreville, les travaux de l\u2019atelier sous-re\u0301gional sur le re ...\",\"breadcrumb\":{\"@id\":\"https:\/\/www.africa-press.net\/gabon\/toutes-les-actualites\/formation-la-ceeac-renforce-ses-capacites-phytosanitaires-a-libreville#breadcrumb\"},\"inLanguage\":\"fr-FR\",\"potentialAction\":[{\"@type\":\"ReadAction\",\"target\":[\"https:\/\/www.africa-press.net\/gabon\/toutes-les-actualites\/formation-la-ceeac-renforce-ses-capacites-phytosanitaires-a-libreville\"]}]},{\"@type\":\"ImageObject\",\"inLanguage\":\"fr-FR\",\"@id\":\"https:\/\/www.africa-press.net\/gabon\/toutes-les-actualites\/formation-la-ceeac-renforce-ses-capacites-phytosanitaires-a-libreville#primaryimage\",\"url\":\"https:\/\/static.africa-press.net\/gabon\/sites\/54\/2022\/11\/postQueueImg_1669819712.79.jpg\",\"contentUrl\":\"https:\/\/static.africa-press.net\/gabon\/sites\/54\/2022\/11\/postQueueImg_1669819712.79.jpg\",\"width\":720,\"height\":410,\"caption\":\"Formation\u00a0: La CEEAC renforce ses capacit\u00e9s phytosanitaires \u00e0 Libreville\"},{\"@type\":\"BreadcrumbList\",\"@id\":\"https:\/\/www.africa-press.net\/gabon\/toutes-les-actualites\/formation-la-ceeac-renforce-ses-capacites-phytosanitaires-a-libreville#breadcrumb\",\"itemListElement\":[{\"@type\":\"ListItem\",\"position\":1,\"name\":\"Accueil\",\"item\":\"https:\/\/www.africa-press.net\/gabon\/\"},{\"@type\":\"ListItem\",\"position\":2,\"name\":\"Formation\u00a0: La CEEAC renforce ses capacit\u00e9s phytosanitaires \u00e0 Libreville\"}]},{\"@type\":\"WebSite\",\"@id\":\"https:\/\/www.africa-press.net\/gabon\/#website\",\"url\":\"https:\/\/www.africa-press.net\/gabon\/\",\"name\":\"Gabon\",\"description\":\"Just another Africa News Agency Sites site\",\"potentialAction\":[{\"@type\":\"SearchAction\",\"target\":{\"@type\":\"EntryPoint\",\"urlTemplate\":\"https:\/\/www.africa-press.net\/gabon\/?s={search_term_string}\"},\"query-input\":{\"@type\":\"PropertyValueSpecification\",\"valueRequired\":true,\"valueName\":\"search_term_string\"}}],\"inLanguage\":\"fr-FR\"},{\"@type\":\"Person\",\"@id\":\"https:\/\/www.africa-press.net\/gabon\/#\/schema\/person\/2b1cf3cd81a31e3cd26889ca66d677f1\",\"name\":\"cfeditorfr\"}]}<\/script>\n<!-- \/ Yoast SEO Premium plugin. -->","yoast_head_json":{"title":"Formation\u00a0: La CEEAC renforce ses capacit\u00e9s phytosanitaires \u00e0 Libreville - Gabon","description":"Le ministe\u0300re de l\u2019Agriculture a lance\u0301, le 29 novembre a\u0300 Libreville, les travaux de l\u2019atelier sous-re\u0301gional sur le re ...","robots":{"index":"index","follow":"follow","max-snippet":"max-snippet:-1","max-image-preview":"max-image-preview:large","max-video-preview":"max-video-preview:-1"},"canonical":"https:\/\/www.africa-press.net\/gabon\/toutes-les-actualites\/formation-la-ceeac-renforce-ses-capacites-phytosanitaires-a-libreville","og_locale":"fr_FR","og_type":"article","og_title":"Formation\u00a0: La CEEAC renforce ses capacit\u00e9s phytosanitaires \u00e0 Libreville","og_description":"Le ministe\u0300re de l\u2019Agriculture a lance\u0301, le 29 novembre a\u0300 Libreville, les travaux de l\u2019atelier sous-re\u0301gional sur le re ...","og_url":"https:\/\/www.africa-press.net\/gabon\/toutes-les-actualites\/formation-la-ceeac-renforce-ses-capacites-phytosanitaires-a-libreville","og_site_name":"Gabon","article_published_time":"2022-11-30T18:18:29+00:00","article_modified_time":"2022-11-30T19:51:18+00:00","og_image":[{"width":720,"height":410,"url":"https:\/\/static.africa-press.net\/gabon\/sites\/54\/2022\/11\/postQueueImg_1669819712.79.jpg","type":"image\/jpeg"}],"author":"cfeditorfr","twitter_card":"summary_large_image","twitter_misc":{"\u00c9crit par":"cfeditorfr","Dur\u00e9e de lecture estim\u00e9e":"2 minutes"},"schema":{"@context":"https:\/\/schema.org","@graph":[{"@type":"Article","@id":"https:\/\/www.africa-press.net\/gabon\/toutes-les-actualites\/formation-la-ceeac-renforce-ses-capacites-phytosanitaires-a-libreville#article","isPartOf":{"@id":"https:\/\/www.africa-press.net\/gabon\/toutes-les-actualites\/formation-la-ceeac-renforce-ses-capacites-phytosanitaires-a-libreville"},"author":{"name":"cfeditorfr","@id":"https:\/\/www.africa-press.net\/gabon\/#\/schema\/person\/2b1cf3cd81a31e3cd26889ca66d677f1"},"headline":"Formation\u00a0: La CEEAC renforce ses capacit\u00e9s phytosanitaires \u00e0 Libreville","datePublished":"2022-11-30T18:18:29+00:00","dateModified":"2022-11-30T19:51:18+00:00","mainEntityOfPage":{"@id":"https:\/\/www.africa-press.net\/gabon\/toutes-les-actualites\/formation-la-ceeac-renforce-ses-capacites-phytosanitaires-a-libreville"},"wordCount":379,"commentCount":0,"image":{"@id":"https:\/\/www.africa-press.net\/gabon\/toutes-les-actualites\/formation-la-ceeac-renforce-ses-capacites-phytosanitaires-a-libreville#primaryimage"},"thumbnailUrl":"https:\/\/static.africa-press.net\/gabon\/sites\/54\/2022\/11\/postQueueImg_1669819712.79.jpg","keywords":["Africa Press","Africa Press-Gabon","Gabon"],"articleSection":["Communaut\u00e9","Toutes les actualit\u00e9s"],"inLanguage":"fr-FR","potentialAction":[{"@type":"CommentAction","name":"Comment","target":["https:\/\/www.africa-press.net\/gabon\/toutes-les-actualites\/formation-la-ceeac-renforce-ses-capacites-phytosanitaires-a-libreville#respond"]}]},{"@type":"WebPage","@id":"https:\/\/www.africa-press.net\/gabon\/toutes-les-actualites\/formation-la-ceeac-renforce-ses-capacites-phytosanitaires-a-libreville","url":"https:\/\/www.africa-press.net\/gabon\/toutes-les-actualites\/formation-la-ceeac-renforce-ses-capacites-phytosanitaires-a-libreville","name":"Formation\u00a0: La CEEAC renforce ses capacit\u00e9s phytosanitaires \u00e0 Libreville - Gabon","isPartOf":{"@id":"https:\/\/www.africa-press.net\/gabon\/#website"},"primaryImageOfPage":{"@id":"https:\/\/www.africa-press.net\/gabon\/toutes-les-actualites\/formation-la-ceeac-renforce-ses-capacites-phytosanitaires-a-libreville#primaryimage"},"image":{"@id":"https:\/\/www.africa-press.net\/gabon\/toutes-les-actualites\/formation-la-ceeac-renforce-ses-capacites-phytosanitaires-a-libreville#primaryimage"},"thumbnailUrl":"https:\/\/static.africa-press.net\/gabon\/sites\/54\/2022\/11\/postQueueImg_1669819712.79.jpg","datePublished":"2022-11-30T18:18:29+00:00","dateModified":"2022-11-30T19:51:18+00:00","author":{"@id":"https:\/\/www.africa-press.net\/gabon\/#\/schema\/person\/2b1cf3cd81a31e3cd26889ca66d677f1"},"description":"Le ministe\u0300re de l\u2019Agriculture a lance\u0301, le 29 novembre a\u0300 Libreville, les travaux de l\u2019atelier sous-re\u0301gional sur le re ...","breadcrumb":{"@id":"https:\/\/www.africa-press.net\/gabon\/toutes-les-actualites\/formation-la-ceeac-renforce-ses-capacites-phytosanitaires-a-libreville#breadcrumb"},"inLanguage":"fr-FR","potentialAction":[{"@type":"ReadAction","target":["https:\/\/www.africa-press.net\/gabon\/toutes-les-actualites\/formation-la-ceeac-renforce-ses-capacites-phytosanitaires-a-libreville"]}]},{"@type":"ImageObject","inLanguage":"fr-FR","@id":"https:\/\/www.africa-press.net\/gabon\/toutes-les-actualites\/formation-la-ceeac-renforce-ses-capacites-phytosanitaires-a-libreville#primaryimage","url":"https:\/\/static.africa-press.net\/gabon\/sites\/54\/2022\/11\/postQueueImg_1669819712.79.jpg","contentUrl":"https:\/\/static.africa-press.net\/gabon\/sites\/54\/2022\/11\/postQueueImg_1669819712.79.jpg","width":720,"height":410,"caption":"Formation\u00a0: La CEEAC renforce ses capacit\u00e9s phytosanitaires \u00e0 Libreville"},{"@type":"BreadcrumbList","@id":"https:\/\/www.africa-press.net\/gabon\/toutes-les-actualites\/formation-la-ceeac-renforce-ses-capacites-phytosanitaires-a-libreville#breadcrumb","itemListElement":[{"@type":"ListItem","position":1,"name":"Accueil","item":"https:\/\/www.africa-press.net\/gabon\/"},{"@type":"ListItem","position":2,"name":"Formation\u00a0: La CEEAC renforce ses capacit\u00e9s phytosanitaires \u00e0 Libreville"}]},{"@type":"WebSite","@id":"https:\/\/www.africa-press.net\/gabon\/#website","url":"https:\/\/www.africa-press.net\/gabon\/","name":"Gabon","description":"Just another Africa News Agency Sites site","potentialAction":[{"@type":"SearchAction","target":{"@type":"EntryPoint","urlTemplate":"https:\/\/www.africa-press.net\/gabon\/?s={search_term_string}"},"query-input":{"@type":"PropertyValueSpecification","valueRequired":true,"valueName":"search_term_string"}}],"inLanguage":"fr-FR"},{"@type":"Person","@id":"https:\/\/www.africa-press.net\/gabon\/#\/schema\/person\/2b1cf3cd81a31e3cd26889ca66d677f1","name":"cfeditorfr"}]}},"_links":{"self":[{"href":"https:\/\/www.africa-press.net\/gabon\/wp-json\/wp\/v2\/posts\/13392","targetHints":{"allow":["GET"]}}],"collection":[{"href":"https:\/\/www.africa-press.net\/gabon\/wp-json\/wp\/v2\/posts"}],"about":[{"href":"https:\/\/www.africa-press.net\/gabon\/wp-json\/wp\/v2\/types\/post"}],"author":[{"embeddable":true,"href":"https:\/\/www.africa-press.net\/gabon\/wp-json\/wp\/v2\/users\/82"}],"replies":[{"embeddable":true,"href":"https:\/\/www.africa-press.net\/gabon\/wp-json\/wp\/v2\/comments?post=13392"}],"version-history":[{"count":0,"href":"https:\/\/www.africa-press.net\/gabon\/wp-json\/wp\/v2\/posts\/13392\/revisions"}],"wp:featuredmedia":[{"embeddable":true,"href":"https:\/\/www.africa-press.net\/gabon\/wp-json\/wp\/v2\/media\/13391"}],"wp:attachment":[{"href":"https:\/\/www.africa-press.net\/gabon\/wp-json\/wp\/v2\/media?parent=13392"}],"wp:term":[{"taxonomy":"category","embeddable":true,"href":"https:\/\/www.africa-press.net\/gabon\/wp-json\/wp\/v2\/categories?post=13392"},{"taxonomy":"post_tag","embeddable":true,"href":"https:\/\/www.africa-press.net\/gabon\/wp-json\/wp\/v2\/tags?post=13392"}],"curies":[{"name":"wp","href":"https:\/\/api.w.org\/{rel}","templated":true}]}}