{"id":13398,"date":"2022-11-30T18:18:48","date_gmt":"2022-11-30T18:18:48","guid":{"rendered":"https:\/\/www.africa-press.net\/gabon\/politique\/nuit-du-talent-les-44-laureats-et-leur-pactole"},"modified":"2022-11-30T19:52:47","modified_gmt":"2022-11-30T19:52:47","slug":"nuit-du-talent-les-44-laureats-et-leur-pactole","status":"publish","type":"post","link":"https:\/\/www.africa-press.net\/gabon\/culture-et-art\/nuit-du-talent-les-44-laureats-et-leur-pactole","title":{"rendered":"Nuit du talent : Les 44 laur\u00e9ats et leur pactole"},"content":{"rendered":"<p><span style=\"color: #ff6600\"><strong>Africa-Press &#8211; Gabon. <\/strong><\/span>[Communique\u0301] Le ministe\u0300re de l\u2019Enseignement supe\u0301rieur, de la Recherche scientifique du Transfert de Technologie, de la Culture et des Arts rend public la liste des diffe\u0301rentes cate\u0301gories en compe\u0301tition, les laure\u0301ats et les prix distribue\u0301s lors de la premie\u0300re e\u0301dition de la Nuit du talent. Organise\u0301 du 17 au 24 novembre dernier, l\u2019e\u0301ve\u0300nement a permis de re\u0301compenser et d\u2019encourager les cre\u0301ateurs des \u0153uvres de l\u2019esprit qui se sont distingue\u0301s avant et pendant la pe\u0301riode Covid-19, a\u0300 hauteur de 181 millions de francs CFA.<\/p>\n<p><strong>Pour plus d&rsquo;informations et d&rsquo;analyses sur la <a href=\"https:\/\/www.africa-press.net\/gabon\">Gabon<\/a>, suivez <a href=\"https:\/\/www.africa-press.net\/\">Africa-Press<\/a><\/strong><\/p>\n","protected":false},"excerpt":{"rendered":"<p>Africa-Press &#8211; Gabon. [Communique\u0301] Le ministe\u0300re de l\u2019Enseignement supe\u0301rieur, de la Recherche scientifique du Transfert de Technologie, de la Culture et des Arts rend public la liste des diffe\u0301rentes cate\u0301gories en compe\u0301tition, les laure\u0301ats et les prix distribue\u0301s lors de la premie\u0300re e\u0301dition de la Nuit du talent. Organise\u0301 du 17 au 24 novembre dernier, [&hellip;]<\/p>\n","protected":false},"author":82,"featured_media":13397,"comment_status":"open","ping_status":"closed","sticky":false,"template":"","format":"standard","meta":{"footnotes":""},"categories":[5,10],"tags":[36,50,49],"class_list":["post-13398","post","type-post","status-publish","format-standard","has-post-thumbnail","hentry","category-culture-et-art","category-toutes-les-actualites","tag-africa-press","tag-africa-press-gabon","tag-gabon"],"yoast_head":"<!-- This site is optimized with the Yoast SEO Premium plugin v26.1 (Yoast SEO v27.0) - https:\/\/yoast.com\/product\/yoast-seo-premium-wordpress\/ -->\n<title>Nuit du talent : Les 44 laur\u00e9ats et leur pactole - Gabon<\/title>\n<meta name=\"description\" content=\"[Communique\u0301] Le ministe\u0300re de l\u2019Enseignement supe\u0301rieur, de la Recherche scientifique du Transfert de Technologie, de l ...\" \/>\n<meta name=\"robots\" content=\"index, follow, max-snippet:-1, max-image-preview:large, max-video-preview:-1\" \/>\n<link rel=\"canonical\" href=\"https:\/\/www.africa-press.net\/gabon\/culture-et-art\/nuit-du-talent-les-44-laureats-et-leur-pactole\" \/>\n<meta property=\"og:locale\" content=\"fr_FR\" \/>\n<meta property=\"og:type\" content=\"article\" \/>\n<meta property=\"og:title\" content=\"Nuit du talent : Les 44 laur\u00e9ats et leur pactole\" \/>\n<meta property=\"og:description\" content=\"[Communique\u0301] Le ministe\u0300re de l\u2019Enseignement supe\u0301rieur, de la Recherche scientifique du Transfert de Technologie, de l ...\" \/>\n<meta property=\"og:url\" content=\"https:\/\/www.africa-press.net\/gabon\/culture-et-art\/nuit-du-talent-les-44-laureats-et-leur-pactole\" \/>\n<meta property=\"og:site_name\" content=\"Gabon\" \/>\n<meta property=\"article:published_time\" content=\"2022-11-30T18:18:48+00:00\" \/>\n<meta property=\"article:modified_time\" content=\"2022-11-30T19:52:47+00:00\" \/>\n<meta property=\"og:image\" content=\"https:\/\/static.africa-press.net\/gabon\/sites\/54\/2022\/11\/postQueueImg_1669819731.54.jpg\" \/>\n\t<meta property=\"og:image:width\" content=\"720\" \/>\n\t<meta property=\"og:image:height\" content=\"480\" \/>\n\t<meta property=\"og:image:type\" content=\"image\/jpeg\" \/>\n<meta name=\"author\" content=\"cfeditorfr\" \/>\n<meta name=\"twitter:card\" content=\"summary_large_image\" \/>\n<meta name=\"twitter:label1\" content=\"\u00c9crit par\" \/>\n\t<meta name=\"twitter:data1\" content=\"cfeditorfr\" \/>\n\t<meta name=\"twitter:label2\" content=\"Dur\u00e9e de lecture estim\u00e9e\" \/>\n\t<meta name=\"twitter:data2\" content=\"1 minute\" \/>\n<script type=\"application\/ld+json\" class=\"yoast-schema-graph\">{\"@context\":\"https:\/\/schema.org\",\"@graph\":[{\"@type\":\"Article\",\"@id\":\"https:\/\/www.africa-press.net\/gabon\/culture-et-art\/nuit-du-talent-les-44-laureats-et-leur-pactole#article\",\"isPartOf\":{\"@id\":\"https:\/\/www.africa-press.net\/gabon\/culture-et-art\/nuit-du-talent-les-44-laureats-et-leur-pactole\"},\"author\":{\"name\":\"cfeditorfr\",\"@id\":\"https:\/\/www.africa-press.net\/gabon\/#\/schema\/person\/2b1cf3cd81a31e3cd26889ca66d677f1\"},\"headline\":\"Nuit du talent : Les 44 laur\u00e9ats et leur pactole\",\"datePublished\":\"2022-11-30T18:18:48+00:00\",\"dateModified\":\"2022-11-30T19:52:47+00:00\",\"mainEntityOfPage\":{\"@id\":\"https:\/\/www.africa-press.net\/gabon\/culture-et-art\/nuit-du-talent-les-44-laureats-et-leur-pactole\"},\"wordCount\":123,\"commentCount\":0,\"image\":{\"@id\":\"https:\/\/www.africa-press.net\/gabon\/culture-et-art\/nuit-du-talent-les-44-laureats-et-leur-pactole#primaryimage\"},\"thumbnailUrl\":\"https:\/\/static.africa-press.net\/gabon\/sites\/54\/2022\/11\/postQueueImg_1669819731.54.jpg\",\"keywords\":[\"Africa Press\",\"Africa Press-Gabon\",\"Gabon\"],\"articleSection\":[\"Culture et Art\",\"Toutes les actualit\u00e9s\"],\"inLanguage\":\"fr-FR\",\"potentialAction\":[{\"@type\":\"CommentAction\",\"name\":\"Comment\",\"target\":[\"https:\/\/www.africa-press.net\/gabon\/culture-et-art\/nuit-du-talent-les-44-laureats-et-leur-pactole#respond\"]}]},{\"@type\":\"WebPage\",\"@id\":\"https:\/\/www.africa-press.net\/gabon\/culture-et-art\/nuit-du-talent-les-44-laureats-et-leur-pactole\",\"url\":\"https:\/\/www.africa-press.net\/gabon\/culture-et-art\/nuit-du-talent-les-44-laureats-et-leur-pactole\",\"name\":\"Nuit du talent : Les 44 laur\u00e9ats et leur pactole - Gabon\",\"isPartOf\":{\"@id\":\"https:\/\/www.africa-press.net\/gabon\/#website\"},\"primaryImageOfPage\":{\"@id\":\"https:\/\/www.africa-press.net\/gabon\/culture-et-art\/nuit-du-talent-les-44-laureats-et-leur-pactole#primaryimage\"},\"image\":{\"@id\":\"https:\/\/www.africa-press.net\/gabon\/culture-et-art\/nuit-du-talent-les-44-laureats-et-leur-pactole#primaryimage\"},\"thumbnailUrl\":\"https:\/\/static.africa-press.net\/gabon\/sites\/54\/2022\/11\/postQueueImg_1669819731.54.jpg\",\"datePublished\":\"2022-11-30T18:18:48+00:00\",\"dateModified\":\"2022-11-30T19:52:47+00:00\",\"author\":{\"@id\":\"https:\/\/www.africa-press.net\/gabon\/#\/schema\/person\/2b1cf3cd81a31e3cd26889ca66d677f1\"},\"description\":\"[Communique\u0301] Le ministe\u0300re de l\u2019Enseignement supe\u0301rieur, de la Recherche scientifique du Transfert de Technologie, de l ...\",\"breadcrumb\":{\"@id\":\"https:\/\/www.africa-press.net\/gabon\/culture-et-art\/nuit-du-talent-les-44-laureats-et-leur-pactole#breadcrumb\"},\"inLanguage\":\"fr-FR\",\"potentialAction\":[{\"@type\":\"ReadAction\",\"target\":[\"https:\/\/www.africa-press.net\/gabon\/culture-et-art\/nuit-du-talent-les-44-laureats-et-leur-pactole\"]}]},{\"@type\":\"ImageObject\",\"inLanguage\":\"fr-FR\",\"@id\":\"https:\/\/www.africa-press.net\/gabon\/culture-et-art\/nuit-du-talent-les-44-laureats-et-leur-pactole#primaryimage\",\"url\":\"https:\/\/static.africa-press.net\/gabon\/sites\/54\/2022\/11\/postQueueImg_1669819731.54.jpg\",\"contentUrl\":\"https:\/\/static.africa-press.net\/gabon\/sites\/54\/2022\/11\/postQueueImg_1669819731.54.jpg\",\"width\":720,\"height\":480,\"caption\":\"Nuit du talent : Les 44 laur\u00e9ats et leur pactole\"},{\"@type\":\"BreadcrumbList\",\"@id\":\"https:\/\/www.africa-press.net\/gabon\/culture-et-art\/nuit-du-talent-les-44-laureats-et-leur-pactole#breadcrumb\",\"itemListElement\":[{\"@type\":\"ListItem\",\"position\":1,\"name\":\"Accueil\",\"item\":\"https:\/\/www.africa-press.net\/gabon\/\"},{\"@type\":\"ListItem\",\"position\":2,\"name\":\"Nuit du talent : Les 44 laur\u00e9ats et leur pactole\"}]},{\"@type\":\"WebSite\",\"@id\":\"https:\/\/www.africa-press.net\/gabon\/#website\",\"url\":\"https:\/\/www.africa-press.net\/gabon\/\",\"name\":\"Gabon\",\"description\":\"Just another Africa News Agency Sites site\",\"potentialAction\":[{\"@type\":\"SearchAction\",\"target\":{\"@type\":\"EntryPoint\",\"urlTemplate\":\"https:\/\/www.africa-press.net\/gabon\/?s={search_term_string}\"},\"query-input\":{\"@type\":\"PropertyValueSpecification\",\"valueRequired\":true,\"valueName\":\"search_term_string\"}}],\"inLanguage\":\"fr-FR\"},{\"@type\":\"Person\",\"@id\":\"https:\/\/www.africa-press.net\/gabon\/#\/schema\/person\/2b1cf3cd81a31e3cd26889ca66d677f1\",\"name\":\"cfeditorfr\"}]}<\/script>\n<!-- \/ Yoast SEO Premium plugin. -->","yoast_head_json":{"title":"Nuit du talent : Les 44 laur\u00e9ats et leur pactole - Gabon","description":"[Communique\u0301] Le ministe\u0300re de l\u2019Enseignement supe\u0301rieur, de la Recherche scientifique du Transfert de Technologie, de l ...","robots":{"index":"index","follow":"follow","max-snippet":"max-snippet:-1","max-image-preview":"max-image-preview:large","max-video-preview":"max-video-preview:-1"},"canonical":"https:\/\/www.africa-press.net\/gabon\/culture-et-art\/nuit-du-talent-les-44-laureats-et-leur-pactole","og_locale":"fr_FR","og_type":"article","og_title":"Nuit du talent : Les 44 laur\u00e9ats et leur pactole","og_description":"[Communique\u0301] Le ministe\u0300re de l\u2019Enseignement supe\u0301rieur, de la Recherche scientifique du Transfert de Technologie, de l ...","og_url":"https:\/\/www.africa-press.net\/gabon\/culture-et-art\/nuit-du-talent-les-44-laureats-et-leur-pactole","og_site_name":"Gabon","article_published_time":"2022-11-30T18:18:48+00:00","article_modified_time":"2022-11-30T19:52:47+00:00","og_image":[{"width":720,"height":480,"url":"https:\/\/static.africa-press.net\/gabon\/sites\/54\/2022\/11\/postQueueImg_1669819731.54.jpg","type":"image\/jpeg"}],"author":"cfeditorfr","twitter_card":"summary_large_image","twitter_misc":{"\u00c9crit par":"cfeditorfr","Dur\u00e9e de lecture estim\u00e9e":"1 minute"},"schema":{"@context":"https:\/\/schema.org","@graph":[{"@type":"Article","@id":"https:\/\/www.africa-press.net\/gabon\/culture-et-art\/nuit-du-talent-les-44-laureats-et-leur-pactole#article","isPartOf":{"@id":"https:\/\/www.africa-press.net\/gabon\/culture-et-art\/nuit-du-talent-les-44-laureats-et-leur-pactole"},"author":{"name":"cfeditorfr","@id":"https:\/\/www.africa-press.net\/gabon\/#\/schema\/person\/2b1cf3cd81a31e3cd26889ca66d677f1"},"headline":"Nuit du talent : Les 44 laur\u00e9ats et leur pactole","datePublished":"2022-11-30T18:18:48+00:00","dateModified":"2022-11-30T19:52:47+00:00","mainEntityOfPage":{"@id":"https:\/\/www.africa-press.net\/gabon\/culture-et-art\/nuit-du-talent-les-44-laureats-et-leur-pactole"},"wordCount":123,"commentCount":0,"image":{"@id":"https:\/\/www.africa-press.net\/gabon\/culture-et-art\/nuit-du-talent-les-44-laureats-et-leur-pactole#primaryimage"},"thumbnailUrl":"https:\/\/static.africa-press.net\/gabon\/sites\/54\/2022\/11\/postQueueImg_1669819731.54.jpg","keywords":["Africa Press","Africa Press-Gabon","Gabon"],"articleSection":["Culture et Art","Toutes les actualit\u00e9s"],"inLanguage":"fr-FR","potentialAction":[{"@type":"CommentAction","name":"Comment","target":["https:\/\/www.africa-press.net\/gabon\/culture-et-art\/nuit-du-talent-les-44-laureats-et-leur-pactole#respond"]}]},{"@type":"WebPage","@id":"https:\/\/www.africa-press.net\/gabon\/culture-et-art\/nuit-du-talent-les-44-laureats-et-leur-pactole","url":"https:\/\/www.africa-press.net\/gabon\/culture-et-art\/nuit-du-talent-les-44-laureats-et-leur-pactole","name":"Nuit du talent : Les 44 laur\u00e9ats et leur pactole - Gabon","isPartOf":{"@id":"https:\/\/www.africa-press.net\/gabon\/#website"},"primaryImageOfPage":{"@id":"https:\/\/www.africa-press.net\/gabon\/culture-et-art\/nuit-du-talent-les-44-laureats-et-leur-pactole#primaryimage"},"image":{"@id":"https:\/\/www.africa-press.net\/gabon\/culture-et-art\/nuit-du-talent-les-44-laureats-et-leur-pactole#primaryimage"},"thumbnailUrl":"https:\/\/static.africa-press.net\/gabon\/sites\/54\/2022\/11\/postQueueImg_1669819731.54.jpg","datePublished":"2022-11-30T18:18:48+00:00","dateModified":"2022-11-30T19:52:47+00:00","author":{"@id":"https:\/\/www.africa-press.net\/gabon\/#\/schema\/person\/2b1cf3cd81a31e3cd26889ca66d677f1"},"description":"[Communique\u0301] Le ministe\u0300re de l\u2019Enseignement supe\u0301rieur, de la Recherche scientifique du Transfert de Technologie, de l ...","breadcrumb":{"@id":"https:\/\/www.africa-press.net\/gabon\/culture-et-art\/nuit-du-talent-les-44-laureats-et-leur-pactole#breadcrumb"},"inLanguage":"fr-FR","potentialAction":[{"@type":"ReadAction","target":["https:\/\/www.africa-press.net\/gabon\/culture-et-art\/nuit-du-talent-les-44-laureats-et-leur-pactole"]}]},{"@type":"ImageObject","inLanguage":"fr-FR","@id":"https:\/\/www.africa-press.net\/gabon\/culture-et-art\/nuit-du-talent-les-44-laureats-et-leur-pactole#primaryimage","url":"https:\/\/static.africa-press.net\/gabon\/sites\/54\/2022\/11\/postQueueImg_1669819731.54.jpg","contentUrl":"https:\/\/static.africa-press.net\/gabon\/sites\/54\/2022\/11\/postQueueImg_1669819731.54.jpg","width":720,"height":480,"caption":"Nuit du talent : Les 44 laur\u00e9ats et leur pactole"},{"@type":"BreadcrumbList","@id":"https:\/\/www.africa-press.net\/gabon\/culture-et-art\/nuit-du-talent-les-44-laureats-et-leur-pactole#breadcrumb","itemListElement":[{"@type":"ListItem","position":1,"name":"Accueil","item":"https:\/\/www.africa-press.net\/gabon\/"},{"@type":"ListItem","position":2,"name":"Nuit du talent : Les 44 laur\u00e9ats et leur pactole"}]},{"@type":"WebSite","@id":"https:\/\/www.africa-press.net\/gabon\/#website","url":"https:\/\/www.africa-press.net\/gabon\/","name":"Gabon","description":"Just another Africa News Agency Sites site","potentialAction":[{"@type":"SearchAction","target":{"@type":"EntryPoint","urlTemplate":"https:\/\/www.africa-press.net\/gabon\/?s={search_term_string}"},"query-input":{"@type":"PropertyValueSpecification","valueRequired":true,"valueName":"search_term_string"}}],"inLanguage":"fr-FR"},{"@type":"Person","@id":"https:\/\/www.africa-press.net\/gabon\/#\/schema\/person\/2b1cf3cd81a31e3cd26889ca66d677f1","name":"cfeditorfr"}]}},"_links":{"self":[{"href":"https:\/\/www.africa-press.net\/gabon\/wp-json\/wp\/v2\/posts\/13398","targetHints":{"allow":["GET"]}}],"collection":[{"href":"https:\/\/www.africa-press.net\/gabon\/wp-json\/wp\/v2\/posts"}],"about":[{"href":"https:\/\/www.africa-press.net\/gabon\/wp-json\/wp\/v2\/types\/post"}],"author":[{"embeddable":true,"href":"https:\/\/www.africa-press.net\/gabon\/wp-json\/wp\/v2\/users\/82"}],"replies":[{"embeddable":true,"href":"https:\/\/www.africa-press.net\/gabon\/wp-json\/wp\/v2\/comments?post=13398"}],"version-history":[{"count":0,"href":"https:\/\/www.africa-press.net\/gabon\/wp-json\/wp\/v2\/posts\/13398\/revisions"}],"wp:featuredmedia":[{"embeddable":true,"href":"https:\/\/www.africa-press.net\/gabon\/wp-json\/wp\/v2\/media\/13397"}],"wp:attachment":[{"href":"https:\/\/www.africa-press.net\/gabon\/wp-json\/wp\/v2\/media?parent=13398"}],"wp:term":[{"taxonomy":"category","embeddable":true,"href":"https:\/\/www.africa-press.net\/gabon\/wp-json\/wp\/v2\/categories?post=13398"},{"taxonomy":"post_tag","embeddable":true,"href":"https:\/\/www.africa-press.net\/gabon\/wp-json\/wp\/v2\/tags?post=13398"}],"curies":[{"name":"wp","href":"https:\/\/api.w.org\/{rel}","templated":true}]}}