{"id":13416,"date":"2022-12-01T15:45:08","date_gmt":"2022-12-01T15:45:08","guid":{"rendered":"https:\/\/www.africa-press.net\/gabon\/politique\/reflexion-a-libreville-pour-organiser-les-travailleurs-clochardises-du-secteur-informel"},"modified":"2022-12-01T17:12:06","modified_gmt":"2022-12-01T17:12:06","slug":"reflexion-a-libreville-pour-organiser-les-travailleurs-clochardises-du-secteur-informel","status":"publish","type":"post","link":"https:\/\/www.africa-press.net\/gabon\/economie\/reflexion-a-libreville-pour-organiser-les-travailleurs-clochardises-du-secteur-informel","title":{"rendered":"R\u00e9flexion \u00e0 Libreville pour organiser les travailleurs clochardis\u00e9s du secteur informel"},"content":{"rendered":"<p><span style=\"color: #ff6600\"><strong>Africa-Press &#8211; Gabon. <\/strong><\/span><b>Le Bureau sous-re\u0301gional de l\u2019Organisation international du travail (OIT) pour l\u2019Afrique centrale en collaboration avec la Confe\u0301de\u0301ration gabonaise des syndicats libres (CGSL) a ouvert jeudi 01 de\u0301cembre 2022 a\u0300 Libreville un atelier de deux jours pour organiser les travailleurs du secteur informel, conside\u0301re\u0301s comme tre\u0300s marginalise\u0301s par l\u2019Etat qui ne leur accorde pas la protection approprie\u0301e y relative.<\/b><\/p>\n<p>La re\u0301flexion baptise\u0301 : \u00ab atelier de suivi de la syndicalisation des travailleurs et travailleuses de l\u2019e\u0301conomie informelle au Gabon \u00bb vise donc a\u0300 mettre en place une strate\u0301gie devant inte\u0301gre\u0301e les employe\u0301s du secteur informel. Il s\u2019agira ine fine, d\u2019e\u0301laborer un document de plaidoyer pour leur prise en compte.<\/p>\n<p>\u00ab Les syndicats sont confronte\u0301s a\u0300 des nombreux de\u0301fis pour organiser les travailleurs du secteur informel, afin de s\u2019assurer que les employe\u0301s travaillent dans un environnement qui n\u2019est pas nocif et garanti les biens primaires fondamentaux \u00bb, a de\u0301clare\u0301 dans son allocution, Marinna Nyamekye, Membre d\u2019Equipe d\u2019appui technique de l\u2019OIT au travail de\u0301cent pour l\u2019Afrique central et spe\u0301cialiste Activite\u0301s des travailleurs (ACTRAV).<\/p>\n<p>Les participants sont compose\u0301s des leaders des organisations syndicales gabonaises. Ils vont renforcer leurs capacite\u0301s pour organiser de nombreux groupes des travailleurs (travailleurs informels et immigrants) en vue de prote\u0301ger et repre\u0301senter les inte\u0301re\u0302ts de ces travailleurs et d\u2019accroitre le taux de syndicalisation et repre\u0301sentativite\u0301 des syndicats pour plus de poids et de puissance dans les ne\u0301gociations avec les gouvernants.<\/p>\n<p>Selon m\u2019OIT, dans la plupart des pays d\u2019Afrique, environ 80% de la main d\u2019\u0153uvre est employe\u0301e dans le secteur informel. Ce secteur est caracte\u0301rise\u0301 par le sous-emploi, des mauvaises conditions de travail et la majorite\u0301 des employe\u0301s dudit secteur vivent avec une inse\u0301curite\u0301 des revenus.<\/p>\n<p>Ouvrant les travaux, le Secre\u0301taire ge\u0301ne\u0301ral de la CGSL, Jean Claude Bekale, a indique\u0301 que \u00ab vu les enjeux et l\u2019importance que reve\u0302t cet atelier, nous souhaitons que les re\u0301flexions qui seront engage\u0301s rele\u0300vent non seulement les forces et les faiblesses mais qu\u2019elle soit assortie des recommandations et des re\u0301solutions \u00bb.<\/p>\n<p><b>Sydney IVEMBI<\/b><\/p>\n<p><strong>Pour plus d&rsquo;informations et d&rsquo;analyses sur la <a href=\"https:\/\/www.africa-press.net\/gabon\">Gabon<\/a>, suivez <a href=\"https:\/\/www.africa-press.net\/\">Africa-Press<\/a><\/strong><\/p>\n","protected":false},"excerpt":{"rendered":"<p>Africa-Press &#8211; Gabon. Le Bureau sous-re\u0301gional de l\u2019Organisation international du travail (OIT) pour l\u2019Afrique centrale en collaboration avec la Confe\u0301de\u0301ration gabonaise des syndicats libres (CGSL) a ouvert jeudi 01 de\u0301cembre 2022 a\u0300 Libreville un atelier de deux jours pour organiser les travailleurs du secteur informel, conside\u0301re\u0301s comme tre\u0300s marginalise\u0301s par l\u2019Etat qui ne leur accorde [&hellip;]<\/p>\n","protected":false},"author":82,"featured_media":13415,"comment_status":"open","ping_status":"closed","sticky":false,"template":"","format":"standard","meta":{"footnotes":""},"categories":[3,10],"tags":[36,50,49],"class_list":["post-13416","post","type-post","status-publish","format-standard","has-post-thumbnail","hentry","category-economie","category-toutes-les-actualites","tag-africa-press","tag-africa-press-gabon","tag-gabon"],"yoast_head":"<!-- This site is optimized with the Yoast SEO Premium plugin v26.1 (Yoast SEO v27.0) - https:\/\/yoast.com\/product\/yoast-seo-premium-wordpress\/ -->\n<title>R\u00e9flexion \u00e0 Libreville pour organiser les travailleurs clochardis\u00e9s du secteur informel - Gabon<\/title>\n<meta name=\"description\" content=\"Le Bureau sous-re\u0301gional de l\u2019Organisation international du travail (OIT) pour l\u2019Afrique centrale en collaboration av ...\" \/>\n<meta name=\"robots\" content=\"index, follow, max-snippet:-1, max-image-preview:large, max-video-preview:-1\" \/>\n<link rel=\"canonical\" href=\"https:\/\/www.africa-press.net\/gabon\/economie\/reflexion-a-libreville-pour-organiser-les-travailleurs-clochardises-du-secteur-informel\" \/>\n<meta property=\"og:locale\" content=\"fr_FR\" \/>\n<meta property=\"og:type\" content=\"article\" \/>\n<meta property=\"og:title\" content=\"R\u00e9flexion \u00e0 Libreville pour organiser les travailleurs clochardis\u00e9s du secteur informel\" \/>\n<meta property=\"og:description\" content=\"Le Bureau sous-re\u0301gional de l\u2019Organisation international du travail (OIT) pour l\u2019Afrique centrale en collaboration av ...\" \/>\n<meta property=\"og:url\" content=\"https:\/\/www.africa-press.net\/gabon\/economie\/reflexion-a-libreville-pour-organiser-les-travailleurs-clochardises-du-secteur-informel\" \/>\n<meta property=\"og:site_name\" content=\"Gabon\" \/>\n<meta property=\"article:published_time\" content=\"2022-12-01T15:45:08+00:00\" \/>\n<meta property=\"article:modified_time\" content=\"2022-12-01T17:12:06+00:00\" \/>\n<meta property=\"og:image\" content=\"https:\/\/static.africa-press.net\/gabon\/sites\/54\/2022\/12\/postQueueImg_1669896920.77.jpg\" \/>\n\t<meta property=\"og:image:width\" content=\"780\" \/>\n\t<meta property=\"og:image:height\" content=\"474\" \/>\n\t<meta property=\"og:image:type\" content=\"image\/jpeg\" \/>\n<meta name=\"author\" content=\"cfeditorfr\" \/>\n<meta name=\"twitter:card\" content=\"summary_large_image\" \/>\n<meta name=\"twitter:label1\" content=\"\u00c9crit par\" \/>\n\t<meta name=\"twitter:data1\" content=\"cfeditorfr\" \/>\n\t<meta name=\"twitter:label2\" content=\"Dur\u00e9e de lecture estim\u00e9e\" \/>\n\t<meta name=\"twitter:data2\" content=\"2 minutes\" \/>\n<script type=\"application\/ld+json\" class=\"yoast-schema-graph\">{\"@context\":\"https:\/\/schema.org\",\"@graph\":[{\"@type\":\"Article\",\"@id\":\"https:\/\/www.africa-press.net\/gabon\/economie\/reflexion-a-libreville-pour-organiser-les-travailleurs-clochardises-du-secteur-informel#article\",\"isPartOf\":{\"@id\":\"https:\/\/www.africa-press.net\/gabon\/economie\/reflexion-a-libreville-pour-organiser-les-travailleurs-clochardises-du-secteur-informel\"},\"author\":{\"name\":\"cfeditorfr\",\"@id\":\"https:\/\/www.africa-press.net\/gabon\/#\/schema\/person\/2b1cf3cd81a31e3cd26889ca66d677f1\"},\"headline\":\"R\u00e9flexion \u00e0 Libreville pour organiser les travailleurs clochardis\u00e9s du secteur informel\",\"datePublished\":\"2022-12-01T15:45:08+00:00\",\"dateModified\":\"2022-12-01T17:12:06+00:00\",\"mainEntityOfPage\":{\"@id\":\"https:\/\/www.africa-press.net\/gabon\/economie\/reflexion-a-libreville-pour-organiser-les-travailleurs-clochardises-du-secteur-informel\"},\"wordCount\":406,\"commentCount\":0,\"image\":{\"@id\":\"https:\/\/www.africa-press.net\/gabon\/economie\/reflexion-a-libreville-pour-organiser-les-travailleurs-clochardises-du-secteur-informel#primaryimage\"},\"thumbnailUrl\":\"https:\/\/static.africa-press.net\/gabon\/sites\/54\/2022\/12\/postQueueImg_1669896920.77.jpg\",\"keywords\":[\"Africa Press\",\"Africa Press-Gabon\",\"Gabon\"],\"articleSection\":[\"\u00c9conomie\",\"Toutes les actualit\u00e9s\"],\"inLanguage\":\"fr-FR\",\"potentialAction\":[{\"@type\":\"CommentAction\",\"name\":\"Comment\",\"target\":[\"https:\/\/www.africa-press.net\/gabon\/economie\/reflexion-a-libreville-pour-organiser-les-travailleurs-clochardises-du-secteur-informel#respond\"]}]},{\"@type\":\"WebPage\",\"@id\":\"https:\/\/www.africa-press.net\/gabon\/economie\/reflexion-a-libreville-pour-organiser-les-travailleurs-clochardises-du-secteur-informel\",\"url\":\"https:\/\/www.africa-press.net\/gabon\/economie\/reflexion-a-libreville-pour-organiser-les-travailleurs-clochardises-du-secteur-informel\",\"name\":\"R\u00e9flexion \u00e0 Libreville pour organiser les travailleurs clochardis\u00e9s du secteur informel - Gabon\",\"isPartOf\":{\"@id\":\"https:\/\/www.africa-press.net\/gabon\/#website\"},\"primaryImageOfPage\":{\"@id\":\"https:\/\/www.africa-press.net\/gabon\/economie\/reflexion-a-libreville-pour-organiser-les-travailleurs-clochardises-du-secteur-informel#primaryimage\"},\"image\":{\"@id\":\"https:\/\/www.africa-press.net\/gabon\/economie\/reflexion-a-libreville-pour-organiser-les-travailleurs-clochardises-du-secteur-informel#primaryimage\"},\"thumbnailUrl\":\"https:\/\/static.africa-press.net\/gabon\/sites\/54\/2022\/12\/postQueueImg_1669896920.77.jpg\",\"datePublished\":\"2022-12-01T15:45:08+00:00\",\"dateModified\":\"2022-12-01T17:12:06+00:00\",\"author\":{\"@id\":\"https:\/\/www.africa-press.net\/gabon\/#\/schema\/person\/2b1cf3cd81a31e3cd26889ca66d677f1\"},\"description\":\"Le Bureau sous-re\u0301gional de l\u2019Organisation international du travail (OIT) pour l\u2019Afrique centrale en collaboration av ...\",\"breadcrumb\":{\"@id\":\"https:\/\/www.africa-press.net\/gabon\/economie\/reflexion-a-libreville-pour-organiser-les-travailleurs-clochardises-du-secteur-informel#breadcrumb\"},\"inLanguage\":\"fr-FR\",\"potentialAction\":[{\"@type\":\"ReadAction\",\"target\":[\"https:\/\/www.africa-press.net\/gabon\/economie\/reflexion-a-libreville-pour-organiser-les-travailleurs-clochardises-du-secteur-informel\"]}]},{\"@type\":\"ImageObject\",\"inLanguage\":\"fr-FR\",\"@id\":\"https:\/\/www.africa-press.net\/gabon\/economie\/reflexion-a-libreville-pour-organiser-les-travailleurs-clochardises-du-secteur-informel#primaryimage\",\"url\":\"https:\/\/static.africa-press.net\/gabon\/sites\/54\/2022\/12\/postQueueImg_1669896920.77.jpg\",\"contentUrl\":\"https:\/\/static.africa-press.net\/gabon\/sites\/54\/2022\/12\/postQueueImg_1669896920.77.jpg\",\"width\":780,\"height\":474,\"caption\":\"R\u00e9flexion \u00e0 Libreville pour organiser les travailleurs clochardis\u00e9s du secteur informel\"},{\"@type\":\"BreadcrumbList\",\"@id\":\"https:\/\/www.africa-press.net\/gabon\/economie\/reflexion-a-libreville-pour-organiser-les-travailleurs-clochardises-du-secteur-informel#breadcrumb\",\"itemListElement\":[{\"@type\":\"ListItem\",\"position\":1,\"name\":\"Accueil\",\"item\":\"https:\/\/www.africa-press.net\/gabon\/\"},{\"@type\":\"ListItem\",\"position\":2,\"name\":\"R\u00e9flexion \u00e0 Libreville pour organiser les travailleurs clochardis\u00e9s du secteur informel\"}]},{\"@type\":\"WebSite\",\"@id\":\"https:\/\/www.africa-press.net\/gabon\/#website\",\"url\":\"https:\/\/www.africa-press.net\/gabon\/\",\"name\":\"Gabon\",\"description\":\"Just another Africa News Agency Sites site\",\"potentialAction\":[{\"@type\":\"SearchAction\",\"target\":{\"@type\":\"EntryPoint\",\"urlTemplate\":\"https:\/\/www.africa-press.net\/gabon\/?s={search_term_string}\"},\"query-input\":{\"@type\":\"PropertyValueSpecification\",\"valueRequired\":true,\"valueName\":\"search_term_string\"}}],\"inLanguage\":\"fr-FR\"},{\"@type\":\"Person\",\"@id\":\"https:\/\/www.africa-press.net\/gabon\/#\/schema\/person\/2b1cf3cd81a31e3cd26889ca66d677f1\",\"name\":\"cfeditorfr\"}]}<\/script>\n<!-- \/ Yoast SEO Premium plugin. -->","yoast_head_json":{"title":"R\u00e9flexion \u00e0 Libreville pour organiser les travailleurs clochardis\u00e9s du secteur informel - Gabon","description":"Le Bureau sous-re\u0301gional de l\u2019Organisation international du travail (OIT) pour l\u2019Afrique centrale en collaboration av ...","robots":{"index":"index","follow":"follow","max-snippet":"max-snippet:-1","max-image-preview":"max-image-preview:large","max-video-preview":"max-video-preview:-1"},"canonical":"https:\/\/www.africa-press.net\/gabon\/economie\/reflexion-a-libreville-pour-organiser-les-travailleurs-clochardises-du-secteur-informel","og_locale":"fr_FR","og_type":"article","og_title":"R\u00e9flexion \u00e0 Libreville pour organiser les travailleurs clochardis\u00e9s du secteur informel","og_description":"Le Bureau sous-re\u0301gional de l\u2019Organisation international du travail (OIT) pour l\u2019Afrique centrale en collaboration av ...","og_url":"https:\/\/www.africa-press.net\/gabon\/economie\/reflexion-a-libreville-pour-organiser-les-travailleurs-clochardises-du-secteur-informel","og_site_name":"Gabon","article_published_time":"2022-12-01T15:45:08+00:00","article_modified_time":"2022-12-01T17:12:06+00:00","og_image":[{"width":780,"height":474,"url":"https:\/\/static.africa-press.net\/gabon\/sites\/54\/2022\/12\/postQueueImg_1669896920.77.jpg","type":"image\/jpeg"}],"author":"cfeditorfr","twitter_card":"summary_large_image","twitter_misc":{"\u00c9crit par":"cfeditorfr","Dur\u00e9e de lecture estim\u00e9e":"2 minutes"},"schema":{"@context":"https:\/\/schema.org","@graph":[{"@type":"Article","@id":"https:\/\/www.africa-press.net\/gabon\/economie\/reflexion-a-libreville-pour-organiser-les-travailleurs-clochardises-du-secteur-informel#article","isPartOf":{"@id":"https:\/\/www.africa-press.net\/gabon\/economie\/reflexion-a-libreville-pour-organiser-les-travailleurs-clochardises-du-secteur-informel"},"author":{"name":"cfeditorfr","@id":"https:\/\/www.africa-press.net\/gabon\/#\/schema\/person\/2b1cf3cd81a31e3cd26889ca66d677f1"},"headline":"R\u00e9flexion \u00e0 Libreville pour organiser les travailleurs clochardis\u00e9s du secteur informel","datePublished":"2022-12-01T15:45:08+00:00","dateModified":"2022-12-01T17:12:06+00:00","mainEntityOfPage":{"@id":"https:\/\/www.africa-press.net\/gabon\/economie\/reflexion-a-libreville-pour-organiser-les-travailleurs-clochardises-du-secteur-informel"},"wordCount":406,"commentCount":0,"image":{"@id":"https:\/\/www.africa-press.net\/gabon\/economie\/reflexion-a-libreville-pour-organiser-les-travailleurs-clochardises-du-secteur-informel#primaryimage"},"thumbnailUrl":"https:\/\/static.africa-press.net\/gabon\/sites\/54\/2022\/12\/postQueueImg_1669896920.77.jpg","keywords":["Africa Press","Africa Press-Gabon","Gabon"],"articleSection":["\u00c9conomie","Toutes les actualit\u00e9s"],"inLanguage":"fr-FR","potentialAction":[{"@type":"CommentAction","name":"Comment","target":["https:\/\/www.africa-press.net\/gabon\/economie\/reflexion-a-libreville-pour-organiser-les-travailleurs-clochardises-du-secteur-informel#respond"]}]},{"@type":"WebPage","@id":"https:\/\/www.africa-press.net\/gabon\/economie\/reflexion-a-libreville-pour-organiser-les-travailleurs-clochardises-du-secteur-informel","url":"https:\/\/www.africa-press.net\/gabon\/economie\/reflexion-a-libreville-pour-organiser-les-travailleurs-clochardises-du-secteur-informel","name":"R\u00e9flexion \u00e0 Libreville pour organiser les travailleurs clochardis\u00e9s du secteur informel - Gabon","isPartOf":{"@id":"https:\/\/www.africa-press.net\/gabon\/#website"},"primaryImageOfPage":{"@id":"https:\/\/www.africa-press.net\/gabon\/economie\/reflexion-a-libreville-pour-organiser-les-travailleurs-clochardises-du-secteur-informel#primaryimage"},"image":{"@id":"https:\/\/www.africa-press.net\/gabon\/economie\/reflexion-a-libreville-pour-organiser-les-travailleurs-clochardises-du-secteur-informel#primaryimage"},"thumbnailUrl":"https:\/\/static.africa-press.net\/gabon\/sites\/54\/2022\/12\/postQueueImg_1669896920.77.jpg","datePublished":"2022-12-01T15:45:08+00:00","dateModified":"2022-12-01T17:12:06+00:00","author":{"@id":"https:\/\/www.africa-press.net\/gabon\/#\/schema\/person\/2b1cf3cd81a31e3cd26889ca66d677f1"},"description":"Le Bureau sous-re\u0301gional de l\u2019Organisation international du travail (OIT) pour l\u2019Afrique centrale en collaboration av ...","breadcrumb":{"@id":"https:\/\/www.africa-press.net\/gabon\/economie\/reflexion-a-libreville-pour-organiser-les-travailleurs-clochardises-du-secteur-informel#breadcrumb"},"inLanguage":"fr-FR","potentialAction":[{"@type":"ReadAction","target":["https:\/\/www.africa-press.net\/gabon\/economie\/reflexion-a-libreville-pour-organiser-les-travailleurs-clochardises-du-secteur-informel"]}]},{"@type":"ImageObject","inLanguage":"fr-FR","@id":"https:\/\/www.africa-press.net\/gabon\/economie\/reflexion-a-libreville-pour-organiser-les-travailleurs-clochardises-du-secteur-informel#primaryimage","url":"https:\/\/static.africa-press.net\/gabon\/sites\/54\/2022\/12\/postQueueImg_1669896920.77.jpg","contentUrl":"https:\/\/static.africa-press.net\/gabon\/sites\/54\/2022\/12\/postQueueImg_1669896920.77.jpg","width":780,"height":474,"caption":"R\u00e9flexion \u00e0 Libreville pour organiser les travailleurs clochardis\u00e9s du secteur informel"},{"@type":"BreadcrumbList","@id":"https:\/\/www.africa-press.net\/gabon\/economie\/reflexion-a-libreville-pour-organiser-les-travailleurs-clochardises-du-secteur-informel#breadcrumb","itemListElement":[{"@type":"ListItem","position":1,"name":"Accueil","item":"https:\/\/www.africa-press.net\/gabon\/"},{"@type":"ListItem","position":2,"name":"R\u00e9flexion \u00e0 Libreville pour organiser les travailleurs clochardis\u00e9s du secteur informel"}]},{"@type":"WebSite","@id":"https:\/\/www.africa-press.net\/gabon\/#website","url":"https:\/\/www.africa-press.net\/gabon\/","name":"Gabon","description":"Just another Africa News Agency Sites site","potentialAction":[{"@type":"SearchAction","target":{"@type":"EntryPoint","urlTemplate":"https:\/\/www.africa-press.net\/gabon\/?s={search_term_string}"},"query-input":{"@type":"PropertyValueSpecification","valueRequired":true,"valueName":"search_term_string"}}],"inLanguage":"fr-FR"},{"@type":"Person","@id":"https:\/\/www.africa-press.net\/gabon\/#\/schema\/person\/2b1cf3cd81a31e3cd26889ca66d677f1","name":"cfeditorfr"}]}},"_links":{"self":[{"href":"https:\/\/www.africa-press.net\/gabon\/wp-json\/wp\/v2\/posts\/13416","targetHints":{"allow":["GET"]}}],"collection":[{"href":"https:\/\/www.africa-press.net\/gabon\/wp-json\/wp\/v2\/posts"}],"about":[{"href":"https:\/\/www.africa-press.net\/gabon\/wp-json\/wp\/v2\/types\/post"}],"author":[{"embeddable":true,"href":"https:\/\/www.africa-press.net\/gabon\/wp-json\/wp\/v2\/users\/82"}],"replies":[{"embeddable":true,"href":"https:\/\/www.africa-press.net\/gabon\/wp-json\/wp\/v2\/comments?post=13416"}],"version-history":[{"count":0,"href":"https:\/\/www.africa-press.net\/gabon\/wp-json\/wp\/v2\/posts\/13416\/revisions"}],"wp:featuredmedia":[{"embeddable":true,"href":"https:\/\/www.africa-press.net\/gabon\/wp-json\/wp\/v2\/media\/13415"}],"wp:attachment":[{"href":"https:\/\/www.africa-press.net\/gabon\/wp-json\/wp\/v2\/media?parent=13416"}],"wp:term":[{"taxonomy":"category","embeddable":true,"href":"https:\/\/www.africa-press.net\/gabon\/wp-json\/wp\/v2\/categories?post=13416"},{"taxonomy":"post_tag","embeddable":true,"href":"https:\/\/www.africa-press.net\/gabon\/wp-json\/wp\/v2\/tags?post=13416"}],"curies":[{"name":"wp","href":"https:\/\/api.w.org\/{rel}","templated":true}]}}