{"id":13458,"date":"2022-12-02T16:19:30","date_gmt":"2022-12-02T16:19:30","guid":{"rendered":"https:\/\/www.africa-press.net\/gabon\/politique\/les-2emes-journees-scientifiques-du-departement-de-medecine-interne-et-specialites-medicales-a-lappel"},"modified":"2022-12-02T16:19:30","modified_gmt":"2022-12-02T16:19:30","slug":"les-2emes-journees-scientifiques-du-departement-de-medecine-interne-et-specialites-medicales-a-lappel","status":"publish","type":"post","link":"https:\/\/www.africa-press.net\/gabon\/toutes-les-actualites\/les-2emes-journees-scientifiques-du-departement-de-medecine-interne-et-specialites-medicales-a-lappel","title":{"rendered":"Les 2\u00e8mes Journ\u00e9es scientifiques du D\u00e9partement de m\u00e9decine interne et sp\u00e9cialit\u00e9s m\u00e9dicales \u00e0 l\u2019appel"},"content":{"rendered":"<p><span style=\"color: #ff6600\"><strong>Africa-Press &#8211; Gabon. <\/strong><\/span><b>La pre\u0301vention au c\u0153ur des maladies non transmissibles et infectieuses, c\u2019est le the\u0300me desdites journe\u0301es, pre\u0301vues ces 2 et 3 de\u0301cembre 2022, a\u0300 l\u2019auditorium du Centre hospitalier universitaire de Libreville (Chul).<\/b><\/p>\n<p>Ces rencontres s\u2019articuleront autour d\u2019une soixantaine de communications-discussions, confe\u0301rence et symposium destine\u0301s aux me\u0301decins et aux parame\u0301dicaux; avec pour objectif de partager les bonnes pratiques, appre\u0301cier les innovations technologiques re\u0301cemment mises a\u0300 jour et in fine, optimiser le fonctionnement et l\u2019organisation des dix (10) services relevant du De\u0301partement de me\u0301decine interne et spe\u0301cialite\u0301s me\u0301dicales du Chul.<\/p>\n<p>Boucle de ces rencontres, ce samedi, avec les sessions de sensibilisation, d\u2019e\u0301ducation the\u0301rapeutique et de de\u0301pistages du diabe\u0300te, de la tension arte\u0301rielle, du VIH-SIDA, ainsi que des he\u0301patites B et C.<\/p>\n<p><strong>Pour plus d&rsquo;informations et d&rsquo;analyses sur la <a href=\"https:\/\/www.africa-press.net\/gabon\">Gabon<\/a>, suivez <a href=\"https:\/\/www.africa-press.net\/\">Africa-Press<\/a><\/strong><\/p>\n","protected":false},"excerpt":{"rendered":"<p>Africa-Press &#8211; Gabon. La pre\u0301vention au c\u0153ur des maladies non transmissibles et infectieuses, c\u2019est le the\u0300me desdites journe\u0301es, pre\u0301vues ces 2 et 3 de\u0301cembre 2022, a\u0300 l\u2019auditorium du Centre hospitalier universitaire de Libreville (Chul). Ces rencontres s\u2019articuleront autour d\u2019une soixantaine de communications-discussions, confe\u0301rence et symposium destine\u0301s aux me\u0301decins et aux parame\u0301dicaux; avec pour objectif de [&hellip;]<\/p>\n","protected":false},"author":82,"featured_media":13457,"comment_status":"open","ping_status":"closed","sticky":false,"template":"","format":"standard","meta":{"footnotes":""},"categories":[21,10],"tags":[36,50,49],"class_list":["post-13458","post","type-post","status-publish","format-standard","has-post-thumbnail","hentry","category-communaute","category-toutes-les-actualites","tag-africa-press","tag-africa-press-gabon","tag-gabon"],"yoast_head":"<!-- This site is optimized with the Yoast SEO Premium plugin v26.1 (Yoast SEO v27.0) - https:\/\/yoast.com\/product\/yoast-seo-premium-wordpress\/ -->\n<title>Les 2\u00e8mes Journ\u00e9es scientifiques du D\u00e9partement de m\u00e9decine interne et sp\u00e9cialit\u00e9s m\u00e9dicales \u00e0 l\u2019appel - Gabon<\/title>\n<meta name=\"robots\" content=\"index, follow, max-snippet:-1, max-image-preview:large, max-video-preview:-1\" \/>\n<link rel=\"canonical\" href=\"https:\/\/www.africa-press.net\/gabon\/politique\/les-2emes-journees-scientifiques-du-departement-de-medecine-interne-et-specialites-medicales-a-lappel\" \/>\n<meta property=\"og:locale\" content=\"fr_FR\" \/>\n<meta property=\"og:type\" content=\"article\" \/>\n<meta property=\"og:title\" content=\"Les 2\u00e8mes Journ\u00e9es scientifiques du D\u00e9partement de m\u00e9decine interne et sp\u00e9cialit\u00e9s m\u00e9dicales \u00e0 l\u2019appel\" \/>\n<meta property=\"og:description\" content=\"Africa-Press &#8211; Gabon. La pre\u0301vention au c\u0153ur des maladies non transmissibles et infectieuses, c\u2019est le the\u0300me desdites journe\u0301es, pre\u0301vues ces 2 et 3 de\u0301cembre 2022, a\u0300 l\u2019auditorium du Centre hospitalier universitaire de Libreville (Chul). Ces rencontres s\u2019articuleront autour d\u2019une soixantaine de communications-discussions, confe\u0301rence et symposium destine\u0301s aux me\u0301decins et aux parame\u0301dicaux; avec pour objectif de [&hellip;]\" \/>\n<meta property=\"og:url\" content=\"https:\/\/www.africa-press.net\/gabon\/politique\/les-2emes-journees-scientifiques-du-departement-de-medecine-interne-et-specialites-medicales-a-lappel\" \/>\n<meta property=\"og:site_name\" content=\"Gabon\" \/>\n<meta property=\"article:published_time\" content=\"2022-12-02T16:19:30+00:00\" \/>\n<meta name=\"author\" content=\"cfeditorfr\" \/>\n<meta name=\"twitter:card\" content=\"summary_large_image\" \/>\n<meta name=\"twitter:label1\" content=\"\u00c9crit par\" \/>\n\t<meta name=\"twitter:data1\" content=\"cfeditorfr\" \/>\n\t<meta name=\"twitter:label2\" content=\"Dur\u00e9e de lecture estim\u00e9e\" \/>\n\t<meta name=\"twitter:data2\" content=\"1 minute\" \/>\n<script type=\"application\/ld+json\" class=\"yoast-schema-graph\">{\"@context\":\"https:\/\/schema.org\",\"@graph\":[{\"@type\":\"Article\",\"@id\":\"https:\/\/www.africa-press.net\/gabon\/politique\/les-2emes-journees-scientifiques-du-departement-de-medecine-interne-et-specialites-medicales-a-lappel#article\",\"isPartOf\":{\"@id\":\"https:\/\/www.africa-press.net\/gabon\/politique\/les-2emes-journees-scientifiques-du-departement-de-medecine-interne-et-specialites-medicales-a-lappel\"},\"author\":{\"name\":\"cfeditorfr\",\"@id\":\"https:\/\/www.africa-press.net\/gabon\/#\/schema\/person\/2b1cf3cd81a31e3cd26889ca66d677f1\"},\"headline\":\"Les 2\u00e8mes Journ\u00e9es scientifiques du D\u00e9partement de m\u00e9decine interne et sp\u00e9cialit\u00e9s m\u00e9dicales \u00e0 l\u2019appel\",\"datePublished\":\"2022-12-02T16:19:30+00:00\",\"mainEntityOfPage\":{\"@id\":\"https:\/\/www.africa-press.net\/gabon\/politique\/les-2emes-journees-scientifiques-du-departement-de-medecine-interne-et-specialites-medicales-a-lappel\"},\"wordCount\":178,\"commentCount\":0,\"image\":{\"@id\":\"https:\/\/www.africa-press.net\/gabon\/politique\/les-2emes-journees-scientifiques-du-departement-de-medecine-interne-et-specialites-medicales-a-lappel#primaryimage\"},\"thumbnailUrl\":\"https:\/\/static.africa-press.net\/gabon\/sites\/54\/2022\/12\/postQueueImg_1669985376.52.jpg\",\"keywords\":[\"Africa Press\",\"Africa Press-Gabon\",\"Gabon\"],\"articleSection\":[\"Communaut\u00e9\",\"Toutes les actualit\u00e9s\"],\"inLanguage\":\"fr-FR\",\"potentialAction\":[{\"@type\":\"CommentAction\",\"name\":\"Comment\",\"target\":[\"https:\/\/www.africa-press.net\/gabon\/politique\/les-2emes-journees-scientifiques-du-departement-de-medecine-interne-et-specialites-medicales-a-lappel#respond\"]}]},{\"@type\":\"WebPage\",\"@id\":\"https:\/\/www.africa-press.net\/gabon\/politique\/les-2emes-journees-scientifiques-du-departement-de-medecine-interne-et-specialites-medicales-a-lappel\",\"url\":\"https:\/\/www.africa-press.net\/gabon\/politique\/les-2emes-journees-scientifiques-du-departement-de-medecine-interne-et-specialites-medicales-a-lappel\",\"name\":\"Les 2\u00e8mes Journ\u00e9es scientifiques du D\u00e9partement de m\u00e9decine interne et sp\u00e9cialit\u00e9s m\u00e9dicales \u00e0 l\u2019appel - Gabon\",\"isPartOf\":{\"@id\":\"https:\/\/www.africa-press.net\/gabon\/#website\"},\"primaryImageOfPage\":{\"@id\":\"https:\/\/www.africa-press.net\/gabon\/politique\/les-2emes-journees-scientifiques-du-departement-de-medecine-interne-et-specialites-medicales-a-lappel#primaryimage\"},\"image\":{\"@id\":\"https:\/\/www.africa-press.net\/gabon\/politique\/les-2emes-journees-scientifiques-du-departement-de-medecine-interne-et-specialites-medicales-a-lappel#primaryimage\"},\"thumbnailUrl\":\"https:\/\/static.africa-press.net\/gabon\/sites\/54\/2022\/12\/postQueueImg_1669985376.52.jpg\",\"datePublished\":\"2022-12-02T16:19:30+00:00\",\"author\":{\"@id\":\"https:\/\/www.africa-press.net\/gabon\/#\/schema\/person\/2b1cf3cd81a31e3cd26889ca66d677f1\"},\"breadcrumb\":{\"@id\":\"https:\/\/www.africa-press.net\/gabon\/politique\/les-2emes-journees-scientifiques-du-departement-de-medecine-interne-et-specialites-medicales-a-lappel#breadcrumb\"},\"inLanguage\":\"fr-FR\",\"potentialAction\":[{\"@type\":\"ReadAction\",\"target\":[\"https:\/\/www.africa-press.net\/gabon\/politique\/les-2emes-journees-scientifiques-du-departement-de-medecine-interne-et-specialites-medicales-a-lappel\"]}]},{\"@type\":\"ImageObject\",\"inLanguage\":\"fr-FR\",\"@id\":\"https:\/\/www.africa-press.net\/gabon\/politique\/les-2emes-journees-scientifiques-du-departement-de-medecine-interne-et-specialites-medicales-a-lappel#primaryimage\",\"url\":\"https:\/\/static.africa-press.net\/gabon\/sites\/54\/2022\/12\/postQueueImg_1669985376.52.jpg\",\"contentUrl\":\"https:\/\/static.africa-press.net\/gabon\/sites\/54\/2022\/12\/postQueueImg_1669985376.52.jpg\",\"width\":1280,\"height\":853,\"caption\":\"Les 2\u00e8mes Journ\u00e9es scientifiques du D\u00e9partement de m\u00e9decine interne et sp\u00e9cialit\u00e9s m\u00e9dicales \u00e0 l\u2019appel\"},{\"@type\":\"BreadcrumbList\",\"@id\":\"https:\/\/www.africa-press.net\/gabon\/politique\/les-2emes-journees-scientifiques-du-departement-de-medecine-interne-et-specialites-medicales-a-lappel#breadcrumb\",\"itemListElement\":[{\"@type\":\"ListItem\",\"position\":1,\"name\":\"Accueil\",\"item\":\"https:\/\/www.africa-press.net\/gabon\/\"},{\"@type\":\"ListItem\",\"position\":2,\"name\":\"Les 2\u00e8mes Journ\u00e9es scientifiques du D\u00e9partement de m\u00e9decine interne et sp\u00e9cialit\u00e9s m\u00e9dicales \u00e0 l\u2019appel\"}]},{\"@type\":\"WebSite\",\"@id\":\"https:\/\/www.africa-press.net\/gabon\/#website\",\"url\":\"https:\/\/www.africa-press.net\/gabon\/\",\"name\":\"Gabon\",\"description\":\"Just another Africa News Agency Sites site\",\"potentialAction\":[{\"@type\":\"SearchAction\",\"target\":{\"@type\":\"EntryPoint\",\"urlTemplate\":\"https:\/\/www.africa-press.net\/gabon\/?s={search_term_string}\"},\"query-input\":{\"@type\":\"PropertyValueSpecification\",\"valueRequired\":true,\"valueName\":\"search_term_string\"}}],\"inLanguage\":\"fr-FR\"},{\"@type\":\"Person\",\"@id\":\"https:\/\/www.africa-press.net\/gabon\/#\/schema\/person\/2b1cf3cd81a31e3cd26889ca66d677f1\",\"name\":\"cfeditorfr\"}]}<\/script>\n<!-- \/ Yoast SEO Premium plugin. -->","yoast_head_json":{"title":"Les 2\u00e8mes Journ\u00e9es scientifiques du D\u00e9partement de m\u00e9decine interne et sp\u00e9cialit\u00e9s m\u00e9dicales \u00e0 l\u2019appel - Gabon","robots":{"index":"index","follow":"follow","max-snippet":"max-snippet:-1","max-image-preview":"max-image-preview:large","max-video-preview":"max-video-preview:-1"},"canonical":"https:\/\/www.africa-press.net\/gabon\/politique\/les-2emes-journees-scientifiques-du-departement-de-medecine-interne-et-specialites-medicales-a-lappel","og_locale":"fr_FR","og_type":"article","og_title":"Les 2\u00e8mes Journ\u00e9es scientifiques du D\u00e9partement de m\u00e9decine interne et sp\u00e9cialit\u00e9s m\u00e9dicales \u00e0 l\u2019appel","og_description":"Africa-Press &#8211; Gabon. La pre\u0301vention au c\u0153ur des maladies non transmissibles et infectieuses, c\u2019est le the\u0300me desdites journe\u0301es, pre\u0301vues ces 2 et 3 de\u0301cembre 2022, a\u0300 l\u2019auditorium du Centre hospitalier universitaire de Libreville (Chul). Ces rencontres s\u2019articuleront autour d\u2019une soixantaine de communications-discussions, confe\u0301rence et symposium destine\u0301s aux me\u0301decins et aux parame\u0301dicaux; avec pour objectif de [&hellip;]","og_url":"https:\/\/www.africa-press.net\/gabon\/politique\/les-2emes-journees-scientifiques-du-departement-de-medecine-interne-et-specialites-medicales-a-lappel","og_site_name":"Gabon","article_published_time":"2022-12-02T16:19:30+00:00","author":"cfeditorfr","twitter_card":"summary_large_image","twitter_misc":{"\u00c9crit par":"cfeditorfr","Dur\u00e9e de lecture estim\u00e9e":"1 minute"},"schema":{"@context":"https:\/\/schema.org","@graph":[{"@type":"Article","@id":"https:\/\/www.africa-press.net\/gabon\/politique\/les-2emes-journees-scientifiques-du-departement-de-medecine-interne-et-specialites-medicales-a-lappel#article","isPartOf":{"@id":"https:\/\/www.africa-press.net\/gabon\/politique\/les-2emes-journees-scientifiques-du-departement-de-medecine-interne-et-specialites-medicales-a-lappel"},"author":{"name":"cfeditorfr","@id":"https:\/\/www.africa-press.net\/gabon\/#\/schema\/person\/2b1cf3cd81a31e3cd26889ca66d677f1"},"headline":"Les 2\u00e8mes Journ\u00e9es scientifiques du D\u00e9partement de m\u00e9decine interne et sp\u00e9cialit\u00e9s m\u00e9dicales \u00e0 l\u2019appel","datePublished":"2022-12-02T16:19:30+00:00","mainEntityOfPage":{"@id":"https:\/\/www.africa-press.net\/gabon\/politique\/les-2emes-journees-scientifiques-du-departement-de-medecine-interne-et-specialites-medicales-a-lappel"},"wordCount":178,"commentCount":0,"image":{"@id":"https:\/\/www.africa-press.net\/gabon\/politique\/les-2emes-journees-scientifiques-du-departement-de-medecine-interne-et-specialites-medicales-a-lappel#primaryimage"},"thumbnailUrl":"https:\/\/static.africa-press.net\/gabon\/sites\/54\/2022\/12\/postQueueImg_1669985376.52.jpg","keywords":["Africa Press","Africa Press-Gabon","Gabon"],"articleSection":["Communaut\u00e9","Toutes les actualit\u00e9s"],"inLanguage":"fr-FR","potentialAction":[{"@type":"CommentAction","name":"Comment","target":["https:\/\/www.africa-press.net\/gabon\/politique\/les-2emes-journees-scientifiques-du-departement-de-medecine-interne-et-specialites-medicales-a-lappel#respond"]}]},{"@type":"WebPage","@id":"https:\/\/www.africa-press.net\/gabon\/politique\/les-2emes-journees-scientifiques-du-departement-de-medecine-interne-et-specialites-medicales-a-lappel","url":"https:\/\/www.africa-press.net\/gabon\/politique\/les-2emes-journees-scientifiques-du-departement-de-medecine-interne-et-specialites-medicales-a-lappel","name":"Les 2\u00e8mes Journ\u00e9es scientifiques du D\u00e9partement de m\u00e9decine interne et sp\u00e9cialit\u00e9s m\u00e9dicales \u00e0 l\u2019appel - Gabon","isPartOf":{"@id":"https:\/\/www.africa-press.net\/gabon\/#website"},"primaryImageOfPage":{"@id":"https:\/\/www.africa-press.net\/gabon\/politique\/les-2emes-journees-scientifiques-du-departement-de-medecine-interne-et-specialites-medicales-a-lappel#primaryimage"},"image":{"@id":"https:\/\/www.africa-press.net\/gabon\/politique\/les-2emes-journees-scientifiques-du-departement-de-medecine-interne-et-specialites-medicales-a-lappel#primaryimage"},"thumbnailUrl":"https:\/\/static.africa-press.net\/gabon\/sites\/54\/2022\/12\/postQueueImg_1669985376.52.jpg","datePublished":"2022-12-02T16:19:30+00:00","author":{"@id":"https:\/\/www.africa-press.net\/gabon\/#\/schema\/person\/2b1cf3cd81a31e3cd26889ca66d677f1"},"breadcrumb":{"@id":"https:\/\/www.africa-press.net\/gabon\/politique\/les-2emes-journees-scientifiques-du-departement-de-medecine-interne-et-specialites-medicales-a-lappel#breadcrumb"},"inLanguage":"fr-FR","potentialAction":[{"@type":"ReadAction","target":["https:\/\/www.africa-press.net\/gabon\/politique\/les-2emes-journees-scientifiques-du-departement-de-medecine-interne-et-specialites-medicales-a-lappel"]}]},{"@type":"ImageObject","inLanguage":"fr-FR","@id":"https:\/\/www.africa-press.net\/gabon\/politique\/les-2emes-journees-scientifiques-du-departement-de-medecine-interne-et-specialites-medicales-a-lappel#primaryimage","url":"https:\/\/static.africa-press.net\/gabon\/sites\/54\/2022\/12\/postQueueImg_1669985376.52.jpg","contentUrl":"https:\/\/static.africa-press.net\/gabon\/sites\/54\/2022\/12\/postQueueImg_1669985376.52.jpg","width":1280,"height":853,"caption":"Les 2\u00e8mes Journ\u00e9es scientifiques du D\u00e9partement de m\u00e9decine interne et sp\u00e9cialit\u00e9s m\u00e9dicales \u00e0 l\u2019appel"},{"@type":"BreadcrumbList","@id":"https:\/\/www.africa-press.net\/gabon\/politique\/les-2emes-journees-scientifiques-du-departement-de-medecine-interne-et-specialites-medicales-a-lappel#breadcrumb","itemListElement":[{"@type":"ListItem","position":1,"name":"Accueil","item":"https:\/\/www.africa-press.net\/gabon\/"},{"@type":"ListItem","position":2,"name":"Les 2\u00e8mes Journ\u00e9es scientifiques du D\u00e9partement de m\u00e9decine interne et sp\u00e9cialit\u00e9s m\u00e9dicales \u00e0 l\u2019appel"}]},{"@type":"WebSite","@id":"https:\/\/www.africa-press.net\/gabon\/#website","url":"https:\/\/www.africa-press.net\/gabon\/","name":"Gabon","description":"Just another Africa News Agency Sites site","potentialAction":[{"@type":"SearchAction","target":{"@type":"EntryPoint","urlTemplate":"https:\/\/www.africa-press.net\/gabon\/?s={search_term_string}"},"query-input":{"@type":"PropertyValueSpecification","valueRequired":true,"valueName":"search_term_string"}}],"inLanguage":"fr-FR"},{"@type":"Person","@id":"https:\/\/www.africa-press.net\/gabon\/#\/schema\/person\/2b1cf3cd81a31e3cd26889ca66d677f1","name":"cfeditorfr"}]}},"_links":{"self":[{"href":"https:\/\/www.africa-press.net\/gabon\/wp-json\/wp\/v2\/posts\/13458","targetHints":{"allow":["GET"]}}],"collection":[{"href":"https:\/\/www.africa-press.net\/gabon\/wp-json\/wp\/v2\/posts"}],"about":[{"href":"https:\/\/www.africa-press.net\/gabon\/wp-json\/wp\/v2\/types\/post"}],"author":[{"embeddable":true,"href":"https:\/\/www.africa-press.net\/gabon\/wp-json\/wp\/v2\/users\/82"}],"replies":[{"embeddable":true,"href":"https:\/\/www.africa-press.net\/gabon\/wp-json\/wp\/v2\/comments?post=13458"}],"version-history":[{"count":0,"href":"https:\/\/www.africa-press.net\/gabon\/wp-json\/wp\/v2\/posts\/13458\/revisions"}],"wp:featuredmedia":[{"embeddable":true,"href":"https:\/\/www.africa-press.net\/gabon\/wp-json\/wp\/v2\/media\/13457"}],"wp:attachment":[{"href":"https:\/\/www.africa-press.net\/gabon\/wp-json\/wp\/v2\/media?parent=13458"}],"wp:term":[{"taxonomy":"category","embeddable":true,"href":"https:\/\/www.africa-press.net\/gabon\/wp-json\/wp\/v2\/categories?post=13458"},{"taxonomy":"post_tag","embeddable":true,"href":"https:\/\/www.africa-press.net\/gabon\/wp-json\/wp\/v2\/tags?post=13458"}],"curies":[{"name":"wp","href":"https:\/\/api.w.org\/{rel}","templated":true}]}}