{"id":13466,"date":"2022-12-02T16:20:19","date_gmt":"2022-12-02T16:20:19","guid":{"rendered":"https:\/\/www.africa-press.net\/gabon\/politique\/baie-des-rois-un-village-de-noel-des-le-10-decembre"},"modified":"2022-12-02T16:20:19","modified_gmt":"2022-12-02T16:20:19","slug":"baie-des-rois-un-village-de-noel-des-le-10-decembre","status":"publish","type":"post","link":"https:\/\/www.africa-press.net\/gabon\/economie\/baie-des-rois-un-village-de-noel-des-le-10-decembre","title":{"rendered":"Baie des Rois\u00a0: Un village de No\u00ebl d\u00e8s le 10 d\u00e9cembre"},"content":{"rendered":"<p><span style=\"color: #ff6600\"><strong>Africa-Press &#8211; Gabon. <\/strong><\/span>La Fac\u0327ade maritime du champ triomphal (FMCT) a annonce\u0301, le 2 de\u0301cembre a\u0300 Libreville, l\u2019ouverture a\u0300 partir du 10 de\u0301cembre prochain d\u2019un village de Noe\u0308l sur la Baie des Rois. Cet espace, explique la socie\u0301te\u0301, \u00abpermettra aux artisans et aux entrepreneurs gabonais de mettre en avant leurs produits, et aux Librevillois d\u2019avoir un lieu festif pendant toutes les pe\u0301riodes de fin d\u2019anne\u0301e\u00bb.<\/p>\n<p>Nouvelle attraction des Librevillois, la Baie des Rois ne souhaite pas rester en marge des fe\u0302tes de fin d\u2019anne\u0301e. A\u0300 l\u2019occasion de la fe\u0302te de la nativite\u0301 et du Nouvel An, le site a pre\u0301vu un espace de\u0301die\u0301. \u00abA\u0300 partir du 10 de\u0301cembre, il va y avoir un village de Noe\u0308l sur la promenade avec des petits box dans lesquels les artisans gabonais pourront vendre leurs produits. Il y a 30 a\u0300 40 box avec des de\u0301corations, dans une ambiance festive avec des animations\u00bb, a annonce\u0301 le directeur ge\u0301ne\u0301ral de la Fac\u0327ade maritime du champ triomphal (FMCT), la filiale du Fonds gabonais d\u2019investissement strate\u0301gique (FGIS) en charge du de\u0301veloppement de la Baie des Rois.<\/p>\n<p>\u00abEn gros, ce sera du 10 de\u0301cembre au 10 janvier, et le village de Noe\u0308l permettra aux artisans et entrepreneurs gabonais de mettre en avant leurs produits ; et, aux Librevillois d\u2019avoir un lieu festif pendant toutes les pe\u0301riodes de fin d\u2019anne\u0301e. Cela fait aussi partie des objectifs de cre\u0301ation d\u2019un quartier : amener de la vie et des ide\u0301es, faire se rencontrer des acteurs e\u0301conomiques, la population et les investisseurs. C\u2019est aussi une manie\u0300re pour nous de communiquer\u00bb, a explique\u0301 Emmanuel Edane.<\/p>\n<p>Une de\u0301marche qui s\u2019inscrit dans le prolongement de l\u2019ouverture, depuis le 18 novembre, du Pavillon du Gabon a\u0300 l\u2019Exposition universelle de Dubai\u0308, en 2020 ; et la mise en place d\u2019une Fan Zone pour la diffusion des matchs de la Coupe du monde de football Qatar 2022.<\/p>\n<p>\u00abPour nous, cre\u0301er la ville c\u2019est aussi cre\u0301er la vie. Donc sur cette fin d\u2019anne\u0301e, nous avons pris le parti d\u2019avoir trois points d\u2019animation. Le premier est la mise en place du pavillon Gabon qui e\u0301tait a\u0300 l\u2019Exposition universelle. Vous avez la\u0300 la reproduction du pavillon qui a e\u0301te\u0301 prime\u0301 comme 2e meilleur pavillon de l\u2019Exposition universelle sur la durabilite\u0301. Nous avons de\u0301cide\u0301, comme la pe\u0301riode est propice a\u0300 c\u0327a, de mettre en place une \u00abFan Zone\u00bb, pour permettre a\u0300 chacun de manie\u0300re libre et gratuite de vivre la coupe du Monde sur un e\u0301cran ge\u0301ant, dans une ambiance populaire\u00bb, a conclu Emmanuel Edane.<\/p>\n<p><strong>Pour plus d&rsquo;informations et d&rsquo;analyses sur la <a href=\"https:\/\/www.africa-press.net\/gabon\">Gabon<\/a>, suivez <a href=\"https:\/\/www.africa-press.net\/\">Africa-Press<\/a><\/strong><\/p>\n","protected":false},"excerpt":{"rendered":"<p>Africa-Press &#8211; Gabon. La Fac\u0327ade maritime du champ triomphal (FMCT) a annonce\u0301, le 2 de\u0301cembre a\u0300 Libreville, l\u2019ouverture a\u0300 partir du 10 de\u0301cembre prochain d\u2019un village de Noe\u0308l sur la Baie des Rois. Cet espace, explique la socie\u0301te\u0301, \u00abpermettra aux artisans et aux entrepreneurs gabonais de mettre en avant leurs produits, et aux Librevillois d\u2019avoir [&hellip;]<\/p>\n","protected":false},"author":82,"featured_media":13465,"comment_status":"open","ping_status":"closed","sticky":false,"template":"","format":"standard","meta":{"footnotes":""},"categories":[3,10],"tags":[36,50,49],"class_list":["post-13466","post","type-post","status-publish","format-standard","has-post-thumbnail","hentry","category-economie","category-toutes-les-actualites","tag-africa-press","tag-africa-press-gabon","tag-gabon"],"yoast_head":"<!-- This site is optimized with the Yoast SEO Premium plugin v26.1 (Yoast SEO v27.0) - https:\/\/yoast.com\/product\/yoast-seo-premium-wordpress\/ -->\n<title>Baie des Rois\u00a0: Un village de No\u00ebl d\u00e8s le 10 d\u00e9cembre - Gabon<\/title>\n<meta name=\"robots\" content=\"index, follow, max-snippet:-1, max-image-preview:large, max-video-preview:-1\" \/>\n<link rel=\"canonical\" href=\"https:\/\/www.africa-press.net\/gabon\/politique\/baie-des-rois-un-village-de-noel-des-le-10-decembre\" \/>\n<meta property=\"og:locale\" content=\"fr_FR\" \/>\n<meta property=\"og:type\" content=\"article\" \/>\n<meta property=\"og:title\" content=\"Baie des Rois\u00a0: Un village de No\u00ebl d\u00e8s le 10 d\u00e9cembre\" \/>\n<meta property=\"og:description\" content=\"Africa-Press &#8211; Gabon. La Fac\u0327ade maritime du champ triomphal (FMCT) a annonce\u0301, le 2 de\u0301cembre a\u0300 Libreville, l\u2019ouverture a\u0300 partir du 10 de\u0301cembre prochain d\u2019un village de Noe\u0308l sur la Baie des Rois. Cet espace, explique la socie\u0301te\u0301, \u00abpermettra aux artisans et aux entrepreneurs gabonais de mettre en avant leurs produits, et aux Librevillois d\u2019avoir [&hellip;]\" \/>\n<meta property=\"og:url\" content=\"https:\/\/www.africa-press.net\/gabon\/politique\/baie-des-rois-un-village-de-noel-des-le-10-decembre\" \/>\n<meta property=\"og:site_name\" content=\"Gabon\" \/>\n<meta property=\"article:published_time\" content=\"2022-12-02T16:20:19+00:00\" \/>\n<meta name=\"author\" content=\"cfeditorfr\" \/>\n<meta name=\"twitter:card\" content=\"summary_large_image\" \/>\n<meta name=\"twitter:label1\" content=\"\u00c9crit par\" \/>\n\t<meta name=\"twitter:data1\" content=\"cfeditorfr\" \/>\n\t<meta name=\"twitter:label2\" content=\"Dur\u00e9e de lecture estim\u00e9e\" \/>\n\t<meta name=\"twitter:data2\" content=\"2 minutes\" \/>\n<script type=\"application\/ld+json\" class=\"yoast-schema-graph\">{\"@context\":\"https:\/\/schema.org\",\"@graph\":[{\"@type\":\"Article\",\"@id\":\"https:\/\/www.africa-press.net\/gabon\/politique\/baie-des-rois-un-village-de-noel-des-le-10-decembre#article\",\"isPartOf\":{\"@id\":\"https:\/\/www.africa-press.net\/gabon\/politique\/baie-des-rois-un-village-de-noel-des-le-10-decembre\"},\"author\":{\"name\":\"cfeditorfr\",\"@id\":\"https:\/\/www.africa-press.net\/gabon\/#\/schema\/person\/2b1cf3cd81a31e3cd26889ca66d677f1\"},\"headline\":\"Baie des Rois\u00a0: Un village de No\u00ebl d\u00e8s le 10 d\u00e9cembre\",\"datePublished\":\"2022-12-02T16:20:19+00:00\",\"mainEntityOfPage\":{\"@id\":\"https:\/\/www.africa-press.net\/gabon\/politique\/baie-des-rois-un-village-de-noel-des-le-10-decembre\"},\"wordCount\":486,\"commentCount\":0,\"image\":{\"@id\":\"https:\/\/www.africa-press.net\/gabon\/politique\/baie-des-rois-un-village-de-noel-des-le-10-decembre#primaryimage\"},\"thumbnailUrl\":\"https:\/\/static.africa-press.net\/gabon\/sites\/54\/2022\/12\/postQueueImg_1669985424.36.jpg\",\"keywords\":[\"Africa Press\",\"Africa Press-Gabon\",\"Gabon\"],\"articleSection\":[\"\u00c9conomie\",\"Toutes les actualit\u00e9s\"],\"inLanguage\":\"fr-FR\",\"potentialAction\":[{\"@type\":\"CommentAction\",\"name\":\"Comment\",\"target\":[\"https:\/\/www.africa-press.net\/gabon\/politique\/baie-des-rois-un-village-de-noel-des-le-10-decembre#respond\"]}]},{\"@type\":\"WebPage\",\"@id\":\"https:\/\/www.africa-press.net\/gabon\/politique\/baie-des-rois-un-village-de-noel-des-le-10-decembre\",\"url\":\"https:\/\/www.africa-press.net\/gabon\/politique\/baie-des-rois-un-village-de-noel-des-le-10-decembre\",\"name\":\"Baie des Rois\u00a0: Un village de No\u00ebl d\u00e8s le 10 d\u00e9cembre - Gabon\",\"isPartOf\":{\"@id\":\"https:\/\/www.africa-press.net\/gabon\/#website\"},\"primaryImageOfPage\":{\"@id\":\"https:\/\/www.africa-press.net\/gabon\/politique\/baie-des-rois-un-village-de-noel-des-le-10-decembre#primaryimage\"},\"image\":{\"@id\":\"https:\/\/www.africa-press.net\/gabon\/politique\/baie-des-rois-un-village-de-noel-des-le-10-decembre#primaryimage\"},\"thumbnailUrl\":\"https:\/\/static.africa-press.net\/gabon\/sites\/54\/2022\/12\/postQueueImg_1669985424.36.jpg\",\"datePublished\":\"2022-12-02T16:20:19+00:00\",\"author\":{\"@id\":\"https:\/\/www.africa-press.net\/gabon\/#\/schema\/person\/2b1cf3cd81a31e3cd26889ca66d677f1\"},\"breadcrumb\":{\"@id\":\"https:\/\/www.africa-press.net\/gabon\/politique\/baie-des-rois-un-village-de-noel-des-le-10-decembre#breadcrumb\"},\"inLanguage\":\"fr-FR\",\"potentialAction\":[{\"@type\":\"ReadAction\",\"target\":[\"https:\/\/www.africa-press.net\/gabon\/politique\/baie-des-rois-un-village-de-noel-des-le-10-decembre\"]}]},{\"@type\":\"ImageObject\",\"inLanguage\":\"fr-FR\",\"@id\":\"https:\/\/www.africa-press.net\/gabon\/politique\/baie-des-rois-un-village-de-noel-des-le-10-decembre#primaryimage\",\"url\":\"https:\/\/static.africa-press.net\/gabon\/sites\/54\/2022\/12\/postQueueImg_1669985424.36.jpg\",\"contentUrl\":\"https:\/\/static.africa-press.net\/gabon\/sites\/54\/2022\/12\/postQueueImg_1669985424.36.jpg\",\"width\":720,\"height\":480,\"caption\":\"Baie des Rois\u00a0: Un village de No\u00ebl d\u00e8s le 10 d\u00e9cembre\"},{\"@type\":\"BreadcrumbList\",\"@id\":\"https:\/\/www.africa-press.net\/gabon\/politique\/baie-des-rois-un-village-de-noel-des-le-10-decembre#breadcrumb\",\"itemListElement\":[{\"@type\":\"ListItem\",\"position\":1,\"name\":\"Accueil\",\"item\":\"https:\/\/www.africa-press.net\/gabon\/\"},{\"@type\":\"ListItem\",\"position\":2,\"name\":\"Baie des Rois\u00a0: Un village de No\u00ebl d\u00e8s le 10 d\u00e9cembre\"}]},{\"@type\":\"WebSite\",\"@id\":\"https:\/\/www.africa-press.net\/gabon\/#website\",\"url\":\"https:\/\/www.africa-press.net\/gabon\/\",\"name\":\"Gabon\",\"description\":\"Just another Africa News Agency Sites site\",\"potentialAction\":[{\"@type\":\"SearchAction\",\"target\":{\"@type\":\"EntryPoint\",\"urlTemplate\":\"https:\/\/www.africa-press.net\/gabon\/?s={search_term_string}\"},\"query-input\":{\"@type\":\"PropertyValueSpecification\",\"valueRequired\":true,\"valueName\":\"search_term_string\"}}],\"inLanguage\":\"fr-FR\"},{\"@type\":\"Person\",\"@id\":\"https:\/\/www.africa-press.net\/gabon\/#\/schema\/person\/2b1cf3cd81a31e3cd26889ca66d677f1\",\"name\":\"cfeditorfr\"}]}<\/script>\n<!-- \/ Yoast SEO Premium plugin. -->","yoast_head_json":{"title":"Baie des Rois\u00a0: Un village de No\u00ebl d\u00e8s le 10 d\u00e9cembre - Gabon","robots":{"index":"index","follow":"follow","max-snippet":"max-snippet:-1","max-image-preview":"max-image-preview:large","max-video-preview":"max-video-preview:-1"},"canonical":"https:\/\/www.africa-press.net\/gabon\/politique\/baie-des-rois-un-village-de-noel-des-le-10-decembre","og_locale":"fr_FR","og_type":"article","og_title":"Baie des Rois\u00a0: Un village de No\u00ebl d\u00e8s le 10 d\u00e9cembre","og_description":"Africa-Press &#8211; Gabon. La Fac\u0327ade maritime du champ triomphal (FMCT) a annonce\u0301, le 2 de\u0301cembre a\u0300 Libreville, l\u2019ouverture a\u0300 partir du 10 de\u0301cembre prochain d\u2019un village de Noe\u0308l sur la Baie des Rois. Cet espace, explique la socie\u0301te\u0301, \u00abpermettra aux artisans et aux entrepreneurs gabonais de mettre en avant leurs produits, et aux Librevillois d\u2019avoir [&hellip;]","og_url":"https:\/\/www.africa-press.net\/gabon\/politique\/baie-des-rois-un-village-de-noel-des-le-10-decembre","og_site_name":"Gabon","article_published_time":"2022-12-02T16:20:19+00:00","author":"cfeditorfr","twitter_card":"summary_large_image","twitter_misc":{"\u00c9crit par":"cfeditorfr","Dur\u00e9e de lecture estim\u00e9e":"2 minutes"},"schema":{"@context":"https:\/\/schema.org","@graph":[{"@type":"Article","@id":"https:\/\/www.africa-press.net\/gabon\/politique\/baie-des-rois-un-village-de-noel-des-le-10-decembre#article","isPartOf":{"@id":"https:\/\/www.africa-press.net\/gabon\/politique\/baie-des-rois-un-village-de-noel-des-le-10-decembre"},"author":{"name":"cfeditorfr","@id":"https:\/\/www.africa-press.net\/gabon\/#\/schema\/person\/2b1cf3cd81a31e3cd26889ca66d677f1"},"headline":"Baie des Rois\u00a0: Un village de No\u00ebl d\u00e8s le 10 d\u00e9cembre","datePublished":"2022-12-02T16:20:19+00:00","mainEntityOfPage":{"@id":"https:\/\/www.africa-press.net\/gabon\/politique\/baie-des-rois-un-village-de-noel-des-le-10-decembre"},"wordCount":486,"commentCount":0,"image":{"@id":"https:\/\/www.africa-press.net\/gabon\/politique\/baie-des-rois-un-village-de-noel-des-le-10-decembre#primaryimage"},"thumbnailUrl":"https:\/\/static.africa-press.net\/gabon\/sites\/54\/2022\/12\/postQueueImg_1669985424.36.jpg","keywords":["Africa Press","Africa Press-Gabon","Gabon"],"articleSection":["\u00c9conomie","Toutes les actualit\u00e9s"],"inLanguage":"fr-FR","potentialAction":[{"@type":"CommentAction","name":"Comment","target":["https:\/\/www.africa-press.net\/gabon\/politique\/baie-des-rois-un-village-de-noel-des-le-10-decembre#respond"]}]},{"@type":"WebPage","@id":"https:\/\/www.africa-press.net\/gabon\/politique\/baie-des-rois-un-village-de-noel-des-le-10-decembre","url":"https:\/\/www.africa-press.net\/gabon\/politique\/baie-des-rois-un-village-de-noel-des-le-10-decembre","name":"Baie des Rois\u00a0: Un village de No\u00ebl d\u00e8s le 10 d\u00e9cembre - Gabon","isPartOf":{"@id":"https:\/\/www.africa-press.net\/gabon\/#website"},"primaryImageOfPage":{"@id":"https:\/\/www.africa-press.net\/gabon\/politique\/baie-des-rois-un-village-de-noel-des-le-10-decembre#primaryimage"},"image":{"@id":"https:\/\/www.africa-press.net\/gabon\/politique\/baie-des-rois-un-village-de-noel-des-le-10-decembre#primaryimage"},"thumbnailUrl":"https:\/\/static.africa-press.net\/gabon\/sites\/54\/2022\/12\/postQueueImg_1669985424.36.jpg","datePublished":"2022-12-02T16:20:19+00:00","author":{"@id":"https:\/\/www.africa-press.net\/gabon\/#\/schema\/person\/2b1cf3cd81a31e3cd26889ca66d677f1"},"breadcrumb":{"@id":"https:\/\/www.africa-press.net\/gabon\/politique\/baie-des-rois-un-village-de-noel-des-le-10-decembre#breadcrumb"},"inLanguage":"fr-FR","potentialAction":[{"@type":"ReadAction","target":["https:\/\/www.africa-press.net\/gabon\/politique\/baie-des-rois-un-village-de-noel-des-le-10-decembre"]}]},{"@type":"ImageObject","inLanguage":"fr-FR","@id":"https:\/\/www.africa-press.net\/gabon\/politique\/baie-des-rois-un-village-de-noel-des-le-10-decembre#primaryimage","url":"https:\/\/static.africa-press.net\/gabon\/sites\/54\/2022\/12\/postQueueImg_1669985424.36.jpg","contentUrl":"https:\/\/static.africa-press.net\/gabon\/sites\/54\/2022\/12\/postQueueImg_1669985424.36.jpg","width":720,"height":480,"caption":"Baie des Rois\u00a0: Un village de No\u00ebl d\u00e8s le 10 d\u00e9cembre"},{"@type":"BreadcrumbList","@id":"https:\/\/www.africa-press.net\/gabon\/politique\/baie-des-rois-un-village-de-noel-des-le-10-decembre#breadcrumb","itemListElement":[{"@type":"ListItem","position":1,"name":"Accueil","item":"https:\/\/www.africa-press.net\/gabon\/"},{"@type":"ListItem","position":2,"name":"Baie des Rois\u00a0: Un village de No\u00ebl d\u00e8s le 10 d\u00e9cembre"}]},{"@type":"WebSite","@id":"https:\/\/www.africa-press.net\/gabon\/#website","url":"https:\/\/www.africa-press.net\/gabon\/","name":"Gabon","description":"Just another Africa News Agency Sites site","potentialAction":[{"@type":"SearchAction","target":{"@type":"EntryPoint","urlTemplate":"https:\/\/www.africa-press.net\/gabon\/?s={search_term_string}"},"query-input":{"@type":"PropertyValueSpecification","valueRequired":true,"valueName":"search_term_string"}}],"inLanguage":"fr-FR"},{"@type":"Person","@id":"https:\/\/www.africa-press.net\/gabon\/#\/schema\/person\/2b1cf3cd81a31e3cd26889ca66d677f1","name":"cfeditorfr"}]}},"_links":{"self":[{"href":"https:\/\/www.africa-press.net\/gabon\/wp-json\/wp\/v2\/posts\/13466","targetHints":{"allow":["GET"]}}],"collection":[{"href":"https:\/\/www.africa-press.net\/gabon\/wp-json\/wp\/v2\/posts"}],"about":[{"href":"https:\/\/www.africa-press.net\/gabon\/wp-json\/wp\/v2\/types\/post"}],"author":[{"embeddable":true,"href":"https:\/\/www.africa-press.net\/gabon\/wp-json\/wp\/v2\/users\/82"}],"replies":[{"embeddable":true,"href":"https:\/\/www.africa-press.net\/gabon\/wp-json\/wp\/v2\/comments?post=13466"}],"version-history":[{"count":0,"href":"https:\/\/www.africa-press.net\/gabon\/wp-json\/wp\/v2\/posts\/13466\/revisions"}],"wp:featuredmedia":[{"embeddable":true,"href":"https:\/\/www.africa-press.net\/gabon\/wp-json\/wp\/v2\/media\/13465"}],"wp:attachment":[{"href":"https:\/\/www.africa-press.net\/gabon\/wp-json\/wp\/v2\/media?parent=13466"}],"wp:term":[{"taxonomy":"category","embeddable":true,"href":"https:\/\/www.africa-press.net\/gabon\/wp-json\/wp\/v2\/categories?post=13466"},{"taxonomy":"post_tag","embeddable":true,"href":"https:\/\/www.africa-press.net\/gabon\/wp-json\/wp\/v2\/tags?post=13466"}],"curies":[{"name":"wp","href":"https:\/\/api.w.org\/{rel}","templated":true}]}}