{"id":13468,"date":"2022-12-02T16:20:39","date_gmt":"2022-12-02T16:20:39","guid":{"rendered":"https:\/\/www.africa-press.net\/gabon\/politique\/chomage-au-gabon-les-debrouillards-se-syndiquent"},"modified":"2022-12-02T16:20:39","modified_gmt":"2022-12-02T16:20:39","slug":"chomage-au-gabon-les-debrouillards-se-syndiquent","status":"publish","type":"post","link":"https:\/\/www.africa-press.net\/gabon\/toutes-les-actualites\/chomage-au-gabon-les-debrouillards-se-syndiquent","title":{"rendered":"Ch\u00f4mage : au Gabon, les \u00abd\u00e9brouillards\u00bb se syndiquent"},"content":{"rendered":"<p><span style=\"color: #ff6600\"><strong>Africa-Press &#8211; Gabon. <\/strong><\/span>Se pre\u0301sentant comme des Gabonais vivant de \u00abpetits me\u0301tiers\u00bb, plusieurs compatriotes se sont regroupe\u0301s en Syndicat des de\u0301brouillards dont la mise en place du premier bureau exe\u0301cutif a eu lieu ce vendredi 2 de\u0301cembre a\u0300 Libreville. L\u2019organisation dont la majorite\u0301 des membres exercent dans les diffe\u0301rents marche\u0301s de Libreville s\u2019est affilie\u0301e a\u0300 la centrale du Bloc syndical de la premie\u0300re seconde.<\/p>\n<p>Ils se pre\u0301sentent comme des femmes et des hommes n\u2019ayant pas eu la chance d\u2019acce\u0301der a\u0300 un emploi stable, avec une re\u0301mune\u0301ration fixe. Les \u00abde\u0301brouillards\u00bb du Gabon ont opte\u0301 pour l\u2019union de leurs forces a\u0300 travers la mise en place d\u2019un syndicat de\u0301die\u0301. Le premier bureau exe\u0301cutif de l\u2019organisation a e\u0301te\u0301 installe\u0301 ce vendredi a\u0300 Libreville.<\/p>\n<p>\u00abAu moment ou\u0300, dans notre pays, le cho\u0302mage, la de\u0301linquance et le vice sont d\u2019actualite\u0301, ces compatriotes qui n\u2019ont pas eu la chance de travailler dans un bureau ou dans une entreprise ont de\u0301cide\u0301 de prendre leur destin et leur avenir en main dans les diffe\u0301rents marche\u0301s de notre capitale. Ce syndicat leur permettra d\u2019avoir une plateforme dans laquelle ils pourront e\u0301changer et partager leurs expe\u0301riences, mais aussi de poser leurs attentes aupre\u0300s des autorite\u0301s compe\u0301tentes dans le respect des lois et re\u0300glements en vigueur\u00bb, explique Aminata Ondo, responsable du Bloc syndical de la premie\u0300re seconde, la centrale a\u0300 laquelle est affilie\u0301e le nouveau syndicat.<\/p>\n<p>Et le leader syndical l\u2019assure de\u0301ja\u0300 : \u00ables attentes sont nombreuses, car nos marche\u0301s sont confronte\u0301s a\u0300 une sorte d\u2019anarchie, mettant ainsi a\u0300 l\u2019e\u0301cart plusieurs de nos jeunes compatriotes qui veulent aussi une petite place au soleil\u00bb.<\/p>\n<p>Il y a quelque temps encore, la nouvelle organisation syndicale e\u0301tait un collectif. \u00abLa mutation en syndicat donnera un nouvel e\u0301lan a\u0300 notre combat, car nous ne serons plus les vulgaires commerc\u0327ants que n\u2019importe qui viendra malmener. Nous serons des interlocuteurs pour le gouvernement. Nous changeons donc de statut, et notre activite\u0301 sera de\u0301sormais reconnue et couverte par la loi\u00bb, fait valoir le pre\u0301sident du syndicat.<\/p>\n<p><strong>Pour plus d&rsquo;informations et d&rsquo;analyses sur la <a href=\"https:\/\/www.africa-press.net\/gabon\">Gabon<\/a>, suivez <a href=\"https:\/\/www.africa-press.net\/\">Africa-Press<\/a><\/strong><\/p>\n","protected":false},"excerpt":{"rendered":"<p>Africa-Press &#8211; Gabon. Se pre\u0301sentant comme des Gabonais vivant de \u00abpetits me\u0301tiers\u00bb, plusieurs compatriotes se sont regroupe\u0301s en Syndicat des de\u0301brouillards dont la mise en place du premier bureau exe\u0301cutif a eu lieu ce vendredi 2 de\u0301cembre a\u0300 Libreville. L\u2019organisation dont la majorite\u0301 des membres exercent dans les diffe\u0301rents marche\u0301s de Libreville s\u2019est affilie\u0301e a\u0300 [&hellip;]<\/p>\n","protected":false},"author":82,"featured_media":13467,"comment_status":"open","ping_status":"closed","sticky":false,"template":"","format":"standard","meta":{"footnotes":""},"categories":[21,10],"tags":[36,50,49],"class_list":["post-13468","post","type-post","status-publish","format-standard","has-post-thumbnail","hentry","category-communaute","category-toutes-les-actualites","tag-africa-press","tag-africa-press-gabon","tag-gabon"],"yoast_head":"<!-- This site is optimized with the Yoast SEO Premium plugin v26.1 (Yoast SEO v27.0) - https:\/\/yoast.com\/product\/yoast-seo-premium-wordpress\/ -->\n<title>Ch\u00f4mage : au Gabon, les \u00abd\u00e9brouillards\u00bb se syndiquent - Gabon<\/title>\n<meta name=\"robots\" content=\"index, follow, max-snippet:-1, max-image-preview:large, max-video-preview:-1\" \/>\n<link rel=\"canonical\" href=\"https:\/\/www.africa-press.net\/gabon\/politique\/chomage-au-gabon-les-debrouillards-se-syndiquent\" \/>\n<meta property=\"og:locale\" content=\"fr_FR\" \/>\n<meta property=\"og:type\" content=\"article\" \/>\n<meta property=\"og:title\" content=\"Ch\u00f4mage : au Gabon, les \u00abd\u00e9brouillards\u00bb se syndiquent\" \/>\n<meta property=\"og:description\" content=\"Africa-Press &#8211; Gabon. Se pre\u0301sentant comme des Gabonais vivant de \u00abpetits me\u0301tiers\u00bb, plusieurs compatriotes se sont regroupe\u0301s en Syndicat des de\u0301brouillards dont la mise en place du premier bureau exe\u0301cutif a eu lieu ce vendredi 2 de\u0301cembre a\u0300 Libreville. L\u2019organisation dont la majorite\u0301 des membres exercent dans les diffe\u0301rents marche\u0301s de Libreville s\u2019est affilie\u0301e a\u0300 [&hellip;]\" \/>\n<meta property=\"og:url\" content=\"https:\/\/www.africa-press.net\/gabon\/politique\/chomage-au-gabon-les-debrouillards-se-syndiquent\" \/>\n<meta property=\"og:site_name\" content=\"Gabon\" \/>\n<meta property=\"article:published_time\" content=\"2022-12-02T16:20:39+00:00\" \/>\n<meta name=\"author\" content=\"cfeditorfr\" \/>\n<meta name=\"twitter:card\" content=\"summary_large_image\" \/>\n<meta name=\"twitter:label1\" content=\"\u00c9crit par\" \/>\n\t<meta name=\"twitter:data1\" content=\"cfeditorfr\" \/>\n\t<meta name=\"twitter:label2\" content=\"Dur\u00e9e de lecture estim\u00e9e\" \/>\n\t<meta name=\"twitter:data2\" content=\"2 minutes\" \/>\n<script type=\"application\/ld+json\" class=\"yoast-schema-graph\">{\"@context\":\"https:\/\/schema.org\",\"@graph\":[{\"@type\":\"Article\",\"@id\":\"https:\/\/www.africa-press.net\/gabon\/politique\/chomage-au-gabon-les-debrouillards-se-syndiquent#article\",\"isPartOf\":{\"@id\":\"https:\/\/www.africa-press.net\/gabon\/politique\/chomage-au-gabon-les-debrouillards-se-syndiquent\"},\"author\":{\"name\":\"cfeditorfr\",\"@id\":\"https:\/\/www.africa-press.net\/gabon\/#\/schema\/person\/2b1cf3cd81a31e3cd26889ca66d677f1\"},\"headline\":\"Ch\u00f4mage : au Gabon, les \u00abd\u00e9brouillards\u00bb se syndiquent\",\"datePublished\":\"2022-12-02T16:20:39+00:00\",\"mainEntityOfPage\":{\"@id\":\"https:\/\/www.africa-press.net\/gabon\/politique\/chomage-au-gabon-les-debrouillards-se-syndiquent\"},\"wordCount\":401,\"commentCount\":0,\"image\":{\"@id\":\"https:\/\/www.africa-press.net\/gabon\/politique\/chomage-au-gabon-les-debrouillards-se-syndiquent#primaryimage\"},\"thumbnailUrl\":\"https:\/\/static.africa-press.net\/gabon\/sites\/54\/2022\/12\/postQueueImg_1669985443.67.jpg\",\"keywords\":[\"Africa Press\",\"Africa Press-Gabon\",\"Gabon\"],\"articleSection\":[\"Communaut\u00e9\",\"Toutes les actualit\u00e9s\"],\"inLanguage\":\"fr-FR\",\"potentialAction\":[{\"@type\":\"CommentAction\",\"name\":\"Comment\",\"target\":[\"https:\/\/www.africa-press.net\/gabon\/politique\/chomage-au-gabon-les-debrouillards-se-syndiquent#respond\"]}]},{\"@type\":\"WebPage\",\"@id\":\"https:\/\/www.africa-press.net\/gabon\/politique\/chomage-au-gabon-les-debrouillards-se-syndiquent\",\"url\":\"https:\/\/www.africa-press.net\/gabon\/politique\/chomage-au-gabon-les-debrouillards-se-syndiquent\",\"name\":\"Ch\u00f4mage : au Gabon, les \u00abd\u00e9brouillards\u00bb se syndiquent - Gabon\",\"isPartOf\":{\"@id\":\"https:\/\/www.africa-press.net\/gabon\/#website\"},\"primaryImageOfPage\":{\"@id\":\"https:\/\/www.africa-press.net\/gabon\/politique\/chomage-au-gabon-les-debrouillards-se-syndiquent#primaryimage\"},\"image\":{\"@id\":\"https:\/\/www.africa-press.net\/gabon\/politique\/chomage-au-gabon-les-debrouillards-se-syndiquent#primaryimage\"},\"thumbnailUrl\":\"https:\/\/static.africa-press.net\/gabon\/sites\/54\/2022\/12\/postQueueImg_1669985443.67.jpg\",\"datePublished\":\"2022-12-02T16:20:39+00:00\",\"author\":{\"@id\":\"https:\/\/www.africa-press.net\/gabon\/#\/schema\/person\/2b1cf3cd81a31e3cd26889ca66d677f1\"},\"breadcrumb\":{\"@id\":\"https:\/\/www.africa-press.net\/gabon\/politique\/chomage-au-gabon-les-debrouillards-se-syndiquent#breadcrumb\"},\"inLanguage\":\"fr-FR\",\"potentialAction\":[{\"@type\":\"ReadAction\",\"target\":[\"https:\/\/www.africa-press.net\/gabon\/politique\/chomage-au-gabon-les-debrouillards-se-syndiquent\"]}]},{\"@type\":\"ImageObject\",\"inLanguage\":\"fr-FR\",\"@id\":\"https:\/\/www.africa-press.net\/gabon\/politique\/chomage-au-gabon-les-debrouillards-se-syndiquent#primaryimage\",\"url\":\"https:\/\/static.africa-press.net\/gabon\/sites\/54\/2022\/12\/postQueueImg_1669985443.67.jpg\",\"contentUrl\":\"https:\/\/static.africa-press.net\/gabon\/sites\/54\/2022\/12\/postQueueImg_1669985443.67.jpg\",\"width\":720,\"height\":433,\"caption\":\"Ch\u00f4mage : au Gabon, les \u00abd\u00e9brouillards\u00bb se syndiquent\"},{\"@type\":\"BreadcrumbList\",\"@id\":\"https:\/\/www.africa-press.net\/gabon\/politique\/chomage-au-gabon-les-debrouillards-se-syndiquent#breadcrumb\",\"itemListElement\":[{\"@type\":\"ListItem\",\"position\":1,\"name\":\"Accueil\",\"item\":\"https:\/\/www.africa-press.net\/gabon\/\"},{\"@type\":\"ListItem\",\"position\":2,\"name\":\"Ch\u00f4mage : au Gabon, les \u00abd\u00e9brouillards\u00bb se syndiquent\"}]},{\"@type\":\"WebSite\",\"@id\":\"https:\/\/www.africa-press.net\/gabon\/#website\",\"url\":\"https:\/\/www.africa-press.net\/gabon\/\",\"name\":\"Gabon\",\"description\":\"Just another Africa News Agency Sites site\",\"potentialAction\":[{\"@type\":\"SearchAction\",\"target\":{\"@type\":\"EntryPoint\",\"urlTemplate\":\"https:\/\/www.africa-press.net\/gabon\/?s={search_term_string}\"},\"query-input\":{\"@type\":\"PropertyValueSpecification\",\"valueRequired\":true,\"valueName\":\"search_term_string\"}}],\"inLanguage\":\"fr-FR\"},{\"@type\":\"Person\",\"@id\":\"https:\/\/www.africa-press.net\/gabon\/#\/schema\/person\/2b1cf3cd81a31e3cd26889ca66d677f1\",\"name\":\"cfeditorfr\"}]}<\/script>\n<!-- \/ Yoast SEO Premium plugin. -->","yoast_head_json":{"title":"Ch\u00f4mage : au Gabon, les \u00abd\u00e9brouillards\u00bb se syndiquent - Gabon","robots":{"index":"index","follow":"follow","max-snippet":"max-snippet:-1","max-image-preview":"max-image-preview:large","max-video-preview":"max-video-preview:-1"},"canonical":"https:\/\/www.africa-press.net\/gabon\/politique\/chomage-au-gabon-les-debrouillards-se-syndiquent","og_locale":"fr_FR","og_type":"article","og_title":"Ch\u00f4mage : au Gabon, les \u00abd\u00e9brouillards\u00bb se syndiquent","og_description":"Africa-Press &#8211; Gabon. Se pre\u0301sentant comme des Gabonais vivant de \u00abpetits me\u0301tiers\u00bb, plusieurs compatriotes se sont regroupe\u0301s en Syndicat des de\u0301brouillards dont la mise en place du premier bureau exe\u0301cutif a eu lieu ce vendredi 2 de\u0301cembre a\u0300 Libreville. L\u2019organisation dont la majorite\u0301 des membres exercent dans les diffe\u0301rents marche\u0301s de Libreville s\u2019est affilie\u0301e a\u0300 [&hellip;]","og_url":"https:\/\/www.africa-press.net\/gabon\/politique\/chomage-au-gabon-les-debrouillards-se-syndiquent","og_site_name":"Gabon","article_published_time":"2022-12-02T16:20:39+00:00","author":"cfeditorfr","twitter_card":"summary_large_image","twitter_misc":{"\u00c9crit par":"cfeditorfr","Dur\u00e9e de lecture estim\u00e9e":"2 minutes"},"schema":{"@context":"https:\/\/schema.org","@graph":[{"@type":"Article","@id":"https:\/\/www.africa-press.net\/gabon\/politique\/chomage-au-gabon-les-debrouillards-se-syndiquent#article","isPartOf":{"@id":"https:\/\/www.africa-press.net\/gabon\/politique\/chomage-au-gabon-les-debrouillards-se-syndiquent"},"author":{"name":"cfeditorfr","@id":"https:\/\/www.africa-press.net\/gabon\/#\/schema\/person\/2b1cf3cd81a31e3cd26889ca66d677f1"},"headline":"Ch\u00f4mage : au Gabon, les \u00abd\u00e9brouillards\u00bb se syndiquent","datePublished":"2022-12-02T16:20:39+00:00","mainEntityOfPage":{"@id":"https:\/\/www.africa-press.net\/gabon\/politique\/chomage-au-gabon-les-debrouillards-se-syndiquent"},"wordCount":401,"commentCount":0,"image":{"@id":"https:\/\/www.africa-press.net\/gabon\/politique\/chomage-au-gabon-les-debrouillards-se-syndiquent#primaryimage"},"thumbnailUrl":"https:\/\/static.africa-press.net\/gabon\/sites\/54\/2022\/12\/postQueueImg_1669985443.67.jpg","keywords":["Africa Press","Africa Press-Gabon","Gabon"],"articleSection":["Communaut\u00e9","Toutes les actualit\u00e9s"],"inLanguage":"fr-FR","potentialAction":[{"@type":"CommentAction","name":"Comment","target":["https:\/\/www.africa-press.net\/gabon\/politique\/chomage-au-gabon-les-debrouillards-se-syndiquent#respond"]}]},{"@type":"WebPage","@id":"https:\/\/www.africa-press.net\/gabon\/politique\/chomage-au-gabon-les-debrouillards-se-syndiquent","url":"https:\/\/www.africa-press.net\/gabon\/politique\/chomage-au-gabon-les-debrouillards-se-syndiquent","name":"Ch\u00f4mage : au Gabon, les \u00abd\u00e9brouillards\u00bb se syndiquent - Gabon","isPartOf":{"@id":"https:\/\/www.africa-press.net\/gabon\/#website"},"primaryImageOfPage":{"@id":"https:\/\/www.africa-press.net\/gabon\/politique\/chomage-au-gabon-les-debrouillards-se-syndiquent#primaryimage"},"image":{"@id":"https:\/\/www.africa-press.net\/gabon\/politique\/chomage-au-gabon-les-debrouillards-se-syndiquent#primaryimage"},"thumbnailUrl":"https:\/\/static.africa-press.net\/gabon\/sites\/54\/2022\/12\/postQueueImg_1669985443.67.jpg","datePublished":"2022-12-02T16:20:39+00:00","author":{"@id":"https:\/\/www.africa-press.net\/gabon\/#\/schema\/person\/2b1cf3cd81a31e3cd26889ca66d677f1"},"breadcrumb":{"@id":"https:\/\/www.africa-press.net\/gabon\/politique\/chomage-au-gabon-les-debrouillards-se-syndiquent#breadcrumb"},"inLanguage":"fr-FR","potentialAction":[{"@type":"ReadAction","target":["https:\/\/www.africa-press.net\/gabon\/politique\/chomage-au-gabon-les-debrouillards-se-syndiquent"]}]},{"@type":"ImageObject","inLanguage":"fr-FR","@id":"https:\/\/www.africa-press.net\/gabon\/politique\/chomage-au-gabon-les-debrouillards-se-syndiquent#primaryimage","url":"https:\/\/static.africa-press.net\/gabon\/sites\/54\/2022\/12\/postQueueImg_1669985443.67.jpg","contentUrl":"https:\/\/static.africa-press.net\/gabon\/sites\/54\/2022\/12\/postQueueImg_1669985443.67.jpg","width":720,"height":433,"caption":"Ch\u00f4mage : au Gabon, les \u00abd\u00e9brouillards\u00bb se syndiquent"},{"@type":"BreadcrumbList","@id":"https:\/\/www.africa-press.net\/gabon\/politique\/chomage-au-gabon-les-debrouillards-se-syndiquent#breadcrumb","itemListElement":[{"@type":"ListItem","position":1,"name":"Accueil","item":"https:\/\/www.africa-press.net\/gabon\/"},{"@type":"ListItem","position":2,"name":"Ch\u00f4mage : au Gabon, les \u00abd\u00e9brouillards\u00bb se syndiquent"}]},{"@type":"WebSite","@id":"https:\/\/www.africa-press.net\/gabon\/#website","url":"https:\/\/www.africa-press.net\/gabon\/","name":"Gabon","description":"Just another Africa News Agency Sites site","potentialAction":[{"@type":"SearchAction","target":{"@type":"EntryPoint","urlTemplate":"https:\/\/www.africa-press.net\/gabon\/?s={search_term_string}"},"query-input":{"@type":"PropertyValueSpecification","valueRequired":true,"valueName":"search_term_string"}}],"inLanguage":"fr-FR"},{"@type":"Person","@id":"https:\/\/www.africa-press.net\/gabon\/#\/schema\/person\/2b1cf3cd81a31e3cd26889ca66d677f1","name":"cfeditorfr"}]}},"_links":{"self":[{"href":"https:\/\/www.africa-press.net\/gabon\/wp-json\/wp\/v2\/posts\/13468","targetHints":{"allow":["GET"]}}],"collection":[{"href":"https:\/\/www.africa-press.net\/gabon\/wp-json\/wp\/v2\/posts"}],"about":[{"href":"https:\/\/www.africa-press.net\/gabon\/wp-json\/wp\/v2\/types\/post"}],"author":[{"embeddable":true,"href":"https:\/\/www.africa-press.net\/gabon\/wp-json\/wp\/v2\/users\/82"}],"replies":[{"embeddable":true,"href":"https:\/\/www.africa-press.net\/gabon\/wp-json\/wp\/v2\/comments?post=13468"}],"version-history":[{"count":0,"href":"https:\/\/www.africa-press.net\/gabon\/wp-json\/wp\/v2\/posts\/13468\/revisions"}],"wp:featuredmedia":[{"embeddable":true,"href":"https:\/\/www.africa-press.net\/gabon\/wp-json\/wp\/v2\/media\/13467"}],"wp:attachment":[{"href":"https:\/\/www.africa-press.net\/gabon\/wp-json\/wp\/v2\/media?parent=13468"}],"wp:term":[{"taxonomy":"category","embeddable":true,"href":"https:\/\/www.africa-press.net\/gabon\/wp-json\/wp\/v2\/categories?post=13468"},{"taxonomy":"post_tag","embeddable":true,"href":"https:\/\/www.africa-press.net\/gabon\/wp-json\/wp\/v2\/tags?post=13468"}],"curies":[{"name":"wp","href":"https:\/\/api.w.org\/{rel}","templated":true}]}}