{"id":13522,"date":"2022-12-03T16:34:25","date_gmt":"2022-12-03T16:34:25","guid":{"rendered":"https:\/\/www.africa-press.net\/gabon\/politique\/le-2eme-jet-du-departement-de-medecine-interne-et-specialites-medicales-aux-journees-scientifiques"},"modified":"2022-12-03T16:34:25","modified_gmt":"2022-12-03T16:34:25","slug":"le-2eme-jet-du-departement-de-medecine-interne-et-specialites-medicales-aux-journees-scientifiques","status":"publish","type":"post","link":"https:\/\/www.africa-press.net\/gabon\/toutes-les-actualites\/le-2eme-jet-du-departement-de-medecine-interne-et-specialites-medicales-aux-journees-scientifiques","title":{"rendered":"Le 2\u00e8me jet du D\u00e9partement de m\u00e9decine interne et sp\u00e9cialit\u00e9s m\u00e9dicales aux Journ\u00e9es scientifiques"},"content":{"rendered":"<p><span style=\"color: #ff6600\"><strong>Africa-Press &#8211; Gabon. <\/strong><\/span>Apre\u0300s la premie\u0300re e\u0301dition en 2021, responsables et praticiens de ce de\u0301partement se retrouvent a\u0300 nouveau cette anne\u0301e autour de ces rencontres scientifiques et me\u0301dicales devenues un rituel.<\/p>\n<p><strong>Pour plus d&rsquo;informations et d&rsquo;analyses sur la <a href=\"https:\/\/www.africa-press.net\/gabon\">Gabon<\/a>, suivez <a href=\"https:\/\/www.africa-press.net\/\">Africa-Press<\/a><\/strong><\/p>\n","protected":false},"excerpt":{"rendered":"<p>Africa-Press &#8211; Gabon. Apre\u0300s la premie\u0300re e\u0301dition en 2021, responsables et praticiens de ce de\u0301partement se retrouvent a\u0300 nouveau cette anne\u0301e autour de ces rencontres scientifiques et me\u0301dicales devenues un rituel. Pour plus d&rsquo;informations et d&rsquo;analyses sur la Gabon, suivez Africa-Press<\/p>\n","protected":false},"author":82,"featured_media":13521,"comment_status":"open","ping_status":"closed","sticky":false,"template":"","format":"standard","meta":{"footnotes":""},"categories":[21,10],"tags":[36,50,49],"class_list":["post-13522","post","type-post","status-publish","format-standard","has-post-thumbnail","hentry","category-communaute","category-toutes-les-actualites","tag-africa-press","tag-africa-press-gabon","tag-gabon"],"yoast_head":"<!-- This site is optimized with the Yoast SEO Premium plugin v26.1 (Yoast SEO v27.0) - https:\/\/yoast.com\/product\/yoast-seo-premium-wordpress\/ -->\n<title>Le 2\u00e8me jet du D\u00e9partement de m\u00e9decine interne et sp\u00e9cialit\u00e9s m\u00e9dicales aux Journ\u00e9es scientifiques - Gabon<\/title>\n<meta name=\"robots\" content=\"index, follow, max-snippet:-1, max-image-preview:large, max-video-preview:-1\" \/>\n<link rel=\"canonical\" href=\"https:\/\/www.africa-press.net\/gabon\/politique\/le-2eme-jet-du-departement-de-medecine-interne-et-specialites-medicales-aux-journees-scientifiques\" \/>\n<meta property=\"og:locale\" content=\"fr_FR\" \/>\n<meta property=\"og:type\" content=\"article\" \/>\n<meta property=\"og:title\" content=\"Le 2\u00e8me jet du D\u00e9partement de m\u00e9decine interne et sp\u00e9cialit\u00e9s m\u00e9dicales aux Journ\u00e9es scientifiques\" \/>\n<meta property=\"og:description\" content=\"Africa-Press &#8211; Gabon. Apre\u0300s la premie\u0300re e\u0301dition en 2021, responsables et praticiens de ce de\u0301partement se retrouvent a\u0300 nouveau cette anne\u0301e autour de ces rencontres scientifiques et me\u0301dicales devenues un rituel. Pour plus d&rsquo;informations et d&rsquo;analyses sur la Gabon, suivez Africa-Press\" \/>\n<meta property=\"og:url\" content=\"https:\/\/www.africa-press.net\/gabon\/politique\/le-2eme-jet-du-departement-de-medecine-interne-et-specialites-medicales-aux-journees-scientifiques\" \/>\n<meta property=\"og:site_name\" content=\"Gabon\" \/>\n<meta property=\"article:published_time\" content=\"2022-12-03T16:34:25+00:00\" \/>\n<meta name=\"author\" content=\"cfeditorfr\" \/>\n<meta name=\"twitter:card\" content=\"summary_large_image\" \/>\n<meta name=\"twitter:label1\" content=\"\u00c9crit par\" \/>\n\t<meta name=\"twitter:data1\" content=\"cfeditorfr\" \/>\n<script type=\"application\/ld+json\" class=\"yoast-schema-graph\">{\"@context\":\"https:\/\/schema.org\",\"@graph\":[{\"@type\":\"Article\",\"@id\":\"https:\/\/www.africa-press.net\/gabon\/politique\/le-2eme-jet-du-departement-de-medecine-interne-et-specialites-medicales-aux-journees-scientifiques#article\",\"isPartOf\":{\"@id\":\"https:\/\/www.africa-press.net\/gabon\/politique\/le-2eme-jet-du-departement-de-medecine-interne-et-specialites-medicales-aux-journees-scientifiques\"},\"author\":{\"name\":\"cfeditorfr\",\"@id\":\"https:\/\/www.africa-press.net\/gabon\/#\/schema\/person\/2b1cf3cd81a31e3cd26889ca66d677f1\"},\"headline\":\"Le 2\u00e8me jet du D\u00e9partement de m\u00e9decine interne et sp\u00e9cialit\u00e9s m\u00e9dicales aux Journ\u00e9es scientifiques\",\"datePublished\":\"2022-12-03T16:34:25+00:00\",\"mainEntityOfPage\":{\"@id\":\"https:\/\/www.africa-press.net\/gabon\/politique\/le-2eme-jet-du-departement-de-medecine-interne-et-specialites-medicales-aux-journees-scientifiques\"},\"wordCount\":68,\"commentCount\":0,\"image\":{\"@id\":\"https:\/\/www.africa-press.net\/gabon\/politique\/le-2eme-jet-du-departement-de-medecine-interne-et-specialites-medicales-aux-journees-scientifiques#primaryimage\"},\"thumbnailUrl\":\"https:\/\/static.africa-press.net\/gabon\/sites\/54\/2022\/12\/postQueueImg_1670072686.96.jpg\",\"keywords\":[\"Africa Press\",\"Africa Press-Gabon\",\"Gabon\"],\"articleSection\":[\"Communaut\u00e9\",\"Toutes les actualit\u00e9s\"],\"inLanguage\":\"fr-FR\",\"potentialAction\":[{\"@type\":\"CommentAction\",\"name\":\"Comment\",\"target\":[\"https:\/\/www.africa-press.net\/gabon\/politique\/le-2eme-jet-du-departement-de-medecine-interne-et-specialites-medicales-aux-journees-scientifiques#respond\"]}]},{\"@type\":\"WebPage\",\"@id\":\"https:\/\/www.africa-press.net\/gabon\/politique\/le-2eme-jet-du-departement-de-medecine-interne-et-specialites-medicales-aux-journees-scientifiques\",\"url\":\"https:\/\/www.africa-press.net\/gabon\/politique\/le-2eme-jet-du-departement-de-medecine-interne-et-specialites-medicales-aux-journees-scientifiques\",\"name\":\"Le 2\u00e8me jet du D\u00e9partement de m\u00e9decine interne et sp\u00e9cialit\u00e9s m\u00e9dicales aux Journ\u00e9es scientifiques - Gabon\",\"isPartOf\":{\"@id\":\"https:\/\/www.africa-press.net\/gabon\/#website\"},\"primaryImageOfPage\":{\"@id\":\"https:\/\/www.africa-press.net\/gabon\/politique\/le-2eme-jet-du-departement-de-medecine-interne-et-specialites-medicales-aux-journees-scientifiques#primaryimage\"},\"image\":{\"@id\":\"https:\/\/www.africa-press.net\/gabon\/politique\/le-2eme-jet-du-departement-de-medecine-interne-et-specialites-medicales-aux-journees-scientifiques#primaryimage\"},\"thumbnailUrl\":\"https:\/\/static.africa-press.net\/gabon\/sites\/54\/2022\/12\/postQueueImg_1670072686.96.jpg\",\"datePublished\":\"2022-12-03T16:34:25+00:00\",\"author\":{\"@id\":\"https:\/\/www.africa-press.net\/gabon\/#\/schema\/person\/2b1cf3cd81a31e3cd26889ca66d677f1\"},\"breadcrumb\":{\"@id\":\"https:\/\/www.africa-press.net\/gabon\/politique\/le-2eme-jet-du-departement-de-medecine-interne-et-specialites-medicales-aux-journees-scientifiques#breadcrumb\"},\"inLanguage\":\"fr-FR\",\"potentialAction\":[{\"@type\":\"ReadAction\",\"target\":[\"https:\/\/www.africa-press.net\/gabon\/politique\/le-2eme-jet-du-departement-de-medecine-interne-et-specialites-medicales-aux-journees-scientifiques\"]}]},{\"@type\":\"ImageObject\",\"inLanguage\":\"fr-FR\",\"@id\":\"https:\/\/www.africa-press.net\/gabon\/politique\/le-2eme-jet-du-departement-de-medecine-interne-et-specialites-medicales-aux-journees-scientifiques#primaryimage\",\"url\":\"https:\/\/static.africa-press.net\/gabon\/sites\/54\/2022\/12\/postQueueImg_1670072686.96.jpg\",\"contentUrl\":\"https:\/\/static.africa-press.net\/gabon\/sites\/54\/2022\/12\/postQueueImg_1670072686.96.jpg\",\"width\":864,\"height\":621,\"caption\":\"Le 2\u00e8me jet du D\u00e9partement de m\u00e9decine interne et sp\u00e9cialit\u00e9s m\u00e9dicales aux Journ\u00e9es scientifiques\"},{\"@type\":\"BreadcrumbList\",\"@id\":\"https:\/\/www.africa-press.net\/gabon\/politique\/le-2eme-jet-du-departement-de-medecine-interne-et-specialites-medicales-aux-journees-scientifiques#breadcrumb\",\"itemListElement\":[{\"@type\":\"ListItem\",\"position\":1,\"name\":\"Accueil\",\"item\":\"https:\/\/www.africa-press.net\/gabon\/\"},{\"@type\":\"ListItem\",\"position\":2,\"name\":\"Le 2\u00e8me jet du D\u00e9partement de m\u00e9decine interne et sp\u00e9cialit\u00e9s m\u00e9dicales aux Journ\u00e9es scientifiques\"}]},{\"@type\":\"WebSite\",\"@id\":\"https:\/\/www.africa-press.net\/gabon\/#website\",\"url\":\"https:\/\/www.africa-press.net\/gabon\/\",\"name\":\"Gabon\",\"description\":\"Just another Africa News Agency Sites site\",\"potentialAction\":[{\"@type\":\"SearchAction\",\"target\":{\"@type\":\"EntryPoint\",\"urlTemplate\":\"https:\/\/www.africa-press.net\/gabon\/?s={search_term_string}\"},\"query-input\":{\"@type\":\"PropertyValueSpecification\",\"valueRequired\":true,\"valueName\":\"search_term_string\"}}],\"inLanguage\":\"fr-FR\"},{\"@type\":\"Person\",\"@id\":\"https:\/\/www.africa-press.net\/gabon\/#\/schema\/person\/2b1cf3cd81a31e3cd26889ca66d677f1\",\"name\":\"cfeditorfr\"}]}<\/script>\n<!-- \/ Yoast SEO Premium plugin. -->","yoast_head_json":{"title":"Le 2\u00e8me jet du D\u00e9partement de m\u00e9decine interne et sp\u00e9cialit\u00e9s m\u00e9dicales aux Journ\u00e9es scientifiques - Gabon","robots":{"index":"index","follow":"follow","max-snippet":"max-snippet:-1","max-image-preview":"max-image-preview:large","max-video-preview":"max-video-preview:-1"},"canonical":"https:\/\/www.africa-press.net\/gabon\/politique\/le-2eme-jet-du-departement-de-medecine-interne-et-specialites-medicales-aux-journees-scientifiques","og_locale":"fr_FR","og_type":"article","og_title":"Le 2\u00e8me jet du D\u00e9partement de m\u00e9decine interne et sp\u00e9cialit\u00e9s m\u00e9dicales aux Journ\u00e9es scientifiques","og_description":"Africa-Press &#8211; Gabon. Apre\u0300s la premie\u0300re e\u0301dition en 2021, responsables et praticiens de ce de\u0301partement se retrouvent a\u0300 nouveau cette anne\u0301e autour de ces rencontres scientifiques et me\u0301dicales devenues un rituel. Pour plus d&rsquo;informations et d&rsquo;analyses sur la Gabon, suivez Africa-Press","og_url":"https:\/\/www.africa-press.net\/gabon\/politique\/le-2eme-jet-du-departement-de-medecine-interne-et-specialites-medicales-aux-journees-scientifiques","og_site_name":"Gabon","article_published_time":"2022-12-03T16:34:25+00:00","author":"cfeditorfr","twitter_card":"summary_large_image","twitter_misc":{"\u00c9crit par":"cfeditorfr"},"schema":{"@context":"https:\/\/schema.org","@graph":[{"@type":"Article","@id":"https:\/\/www.africa-press.net\/gabon\/politique\/le-2eme-jet-du-departement-de-medecine-interne-et-specialites-medicales-aux-journees-scientifiques#article","isPartOf":{"@id":"https:\/\/www.africa-press.net\/gabon\/politique\/le-2eme-jet-du-departement-de-medecine-interne-et-specialites-medicales-aux-journees-scientifiques"},"author":{"name":"cfeditorfr","@id":"https:\/\/www.africa-press.net\/gabon\/#\/schema\/person\/2b1cf3cd81a31e3cd26889ca66d677f1"},"headline":"Le 2\u00e8me jet du D\u00e9partement de m\u00e9decine interne et sp\u00e9cialit\u00e9s m\u00e9dicales aux Journ\u00e9es scientifiques","datePublished":"2022-12-03T16:34:25+00:00","mainEntityOfPage":{"@id":"https:\/\/www.africa-press.net\/gabon\/politique\/le-2eme-jet-du-departement-de-medecine-interne-et-specialites-medicales-aux-journees-scientifiques"},"wordCount":68,"commentCount":0,"image":{"@id":"https:\/\/www.africa-press.net\/gabon\/politique\/le-2eme-jet-du-departement-de-medecine-interne-et-specialites-medicales-aux-journees-scientifiques#primaryimage"},"thumbnailUrl":"https:\/\/static.africa-press.net\/gabon\/sites\/54\/2022\/12\/postQueueImg_1670072686.96.jpg","keywords":["Africa Press","Africa Press-Gabon","Gabon"],"articleSection":["Communaut\u00e9","Toutes les actualit\u00e9s"],"inLanguage":"fr-FR","potentialAction":[{"@type":"CommentAction","name":"Comment","target":["https:\/\/www.africa-press.net\/gabon\/politique\/le-2eme-jet-du-departement-de-medecine-interne-et-specialites-medicales-aux-journees-scientifiques#respond"]}]},{"@type":"WebPage","@id":"https:\/\/www.africa-press.net\/gabon\/politique\/le-2eme-jet-du-departement-de-medecine-interne-et-specialites-medicales-aux-journees-scientifiques","url":"https:\/\/www.africa-press.net\/gabon\/politique\/le-2eme-jet-du-departement-de-medecine-interne-et-specialites-medicales-aux-journees-scientifiques","name":"Le 2\u00e8me jet du D\u00e9partement de m\u00e9decine interne et sp\u00e9cialit\u00e9s m\u00e9dicales aux Journ\u00e9es scientifiques - Gabon","isPartOf":{"@id":"https:\/\/www.africa-press.net\/gabon\/#website"},"primaryImageOfPage":{"@id":"https:\/\/www.africa-press.net\/gabon\/politique\/le-2eme-jet-du-departement-de-medecine-interne-et-specialites-medicales-aux-journees-scientifiques#primaryimage"},"image":{"@id":"https:\/\/www.africa-press.net\/gabon\/politique\/le-2eme-jet-du-departement-de-medecine-interne-et-specialites-medicales-aux-journees-scientifiques#primaryimage"},"thumbnailUrl":"https:\/\/static.africa-press.net\/gabon\/sites\/54\/2022\/12\/postQueueImg_1670072686.96.jpg","datePublished":"2022-12-03T16:34:25+00:00","author":{"@id":"https:\/\/www.africa-press.net\/gabon\/#\/schema\/person\/2b1cf3cd81a31e3cd26889ca66d677f1"},"breadcrumb":{"@id":"https:\/\/www.africa-press.net\/gabon\/politique\/le-2eme-jet-du-departement-de-medecine-interne-et-specialites-medicales-aux-journees-scientifiques#breadcrumb"},"inLanguage":"fr-FR","potentialAction":[{"@type":"ReadAction","target":["https:\/\/www.africa-press.net\/gabon\/politique\/le-2eme-jet-du-departement-de-medecine-interne-et-specialites-medicales-aux-journees-scientifiques"]}]},{"@type":"ImageObject","inLanguage":"fr-FR","@id":"https:\/\/www.africa-press.net\/gabon\/politique\/le-2eme-jet-du-departement-de-medecine-interne-et-specialites-medicales-aux-journees-scientifiques#primaryimage","url":"https:\/\/static.africa-press.net\/gabon\/sites\/54\/2022\/12\/postQueueImg_1670072686.96.jpg","contentUrl":"https:\/\/static.africa-press.net\/gabon\/sites\/54\/2022\/12\/postQueueImg_1670072686.96.jpg","width":864,"height":621,"caption":"Le 2\u00e8me jet du D\u00e9partement de m\u00e9decine interne et sp\u00e9cialit\u00e9s m\u00e9dicales aux Journ\u00e9es scientifiques"},{"@type":"BreadcrumbList","@id":"https:\/\/www.africa-press.net\/gabon\/politique\/le-2eme-jet-du-departement-de-medecine-interne-et-specialites-medicales-aux-journees-scientifiques#breadcrumb","itemListElement":[{"@type":"ListItem","position":1,"name":"Accueil","item":"https:\/\/www.africa-press.net\/gabon\/"},{"@type":"ListItem","position":2,"name":"Le 2\u00e8me jet du D\u00e9partement de m\u00e9decine interne et sp\u00e9cialit\u00e9s m\u00e9dicales aux Journ\u00e9es scientifiques"}]},{"@type":"WebSite","@id":"https:\/\/www.africa-press.net\/gabon\/#website","url":"https:\/\/www.africa-press.net\/gabon\/","name":"Gabon","description":"Just another Africa News Agency Sites site","potentialAction":[{"@type":"SearchAction","target":{"@type":"EntryPoint","urlTemplate":"https:\/\/www.africa-press.net\/gabon\/?s={search_term_string}"},"query-input":{"@type":"PropertyValueSpecification","valueRequired":true,"valueName":"search_term_string"}}],"inLanguage":"fr-FR"},{"@type":"Person","@id":"https:\/\/www.africa-press.net\/gabon\/#\/schema\/person\/2b1cf3cd81a31e3cd26889ca66d677f1","name":"cfeditorfr"}]}},"_links":{"self":[{"href":"https:\/\/www.africa-press.net\/gabon\/wp-json\/wp\/v2\/posts\/13522","targetHints":{"allow":["GET"]}}],"collection":[{"href":"https:\/\/www.africa-press.net\/gabon\/wp-json\/wp\/v2\/posts"}],"about":[{"href":"https:\/\/www.africa-press.net\/gabon\/wp-json\/wp\/v2\/types\/post"}],"author":[{"embeddable":true,"href":"https:\/\/www.africa-press.net\/gabon\/wp-json\/wp\/v2\/users\/82"}],"replies":[{"embeddable":true,"href":"https:\/\/www.africa-press.net\/gabon\/wp-json\/wp\/v2\/comments?post=13522"}],"version-history":[{"count":0,"href":"https:\/\/www.africa-press.net\/gabon\/wp-json\/wp\/v2\/posts\/13522\/revisions"}],"wp:featuredmedia":[{"embeddable":true,"href":"https:\/\/www.africa-press.net\/gabon\/wp-json\/wp\/v2\/media\/13521"}],"wp:attachment":[{"href":"https:\/\/www.africa-press.net\/gabon\/wp-json\/wp\/v2\/media?parent=13522"}],"wp:term":[{"taxonomy":"category","embeddable":true,"href":"https:\/\/www.africa-press.net\/gabon\/wp-json\/wp\/v2\/categories?post=13522"},{"taxonomy":"post_tag","embeddable":true,"href":"https:\/\/www.africa-press.net\/gabon\/wp-json\/wp\/v2\/tags?post=13522"}],"curies":[{"name":"wp","href":"https:\/\/api.w.org\/{rel}","templated":true}]}}