{"id":13530,"date":"2022-12-04T20:38:32","date_gmt":"2022-12-04T20:38:32","guid":{"rendered":"https:\/\/www.africa-press.net\/gabon\/politique\/crise-sociale-a-ngm-dokondja-le-ministre-des-mines-calme-les-ardeurs"},"modified":"2022-12-04T20:38:32","modified_gmt":"2022-12-04T20:38:32","slug":"crise-sociale-a-ngm-dokondja-le-ministre-des-mines-calme-les-ardeurs","status":"publish","type":"post","link":"https:\/\/www.africa-press.net\/gabon\/economie\/crise-sociale-a-ngm-dokondja-le-ministre-des-mines-calme-les-ardeurs","title":{"rendered":"Crise sociale \u00e0 NGM d\u2019Okondja\u00a0: le Ministre des Mines calme les ardeurs"},"content":{"rendered":"<p><span style=\"color: #ff6600\"><strong>Africa-Press &#8211; Gabon. <\/strong><\/span><b>Interpele\u0301 par une situation de crise au sein de la Nouvelle Gabon Maning, (NGM), entreprise exploitant le Mangane\u0300se a\u0300 Okondja, chef-lieu du de\u0301partement de la Se\u0301be\u0301-Brikolo dans la province du Haut Ogooue\u0301 (sud-est du pays), le gouvernement a de\u0301pe\u0302che\u0301 le Ministre des Mines, Elvis Ossindji, qui a su calmer les ardeurs entre employe\u0301s en cole\u0300re et l\u2019employeur. <\/b><\/p>\n<p>\u00ab Le dialogue social est essentiel pour la mise en \u0153uvre du PAT et garantir une parfaite collaboration au sein de nos entreprises. C\u2019est dans cette optique que j\u2019ai eu un e\u0301change riche avec les employe\u0301s ASWAN, sous-traitant de NGM \u00bb \u00bb, s\u2019est fe\u0301licite\u0301 M. Ossindji sur sa page Facebook.<\/p>\n<p>Le 30 novembre dernier, les travailleurs gabonais d\u2019ASWAN, ont initie\u0301 un mouvement d\u2019humeur pour protester contre la gestion non re\u0301glementaire, pratique\u0301e par NGM qui avait en en aou\u0302t 2021, absorbe\u0301, l\u2019entreprise sous-traitant. Conforme\u0301ment aux dispositions de l\u2019article 95 du Code du travail ces employe\u0301s devaient garder le me\u0302me traitement salarial aupre\u0300s de leur nouvel employeur. Ce qui n\u2019a pas semble\u0301 e\u0302tre le cas.<\/p>\n<p>En effet, l\u2019article cite\u0301 supra dispose que : \u00ab lorsqu\u2019il survient une modification dans la situation juridique de l\u2019employeur notamment par succession, vente, fusion, absorption, transformation de fonds, mise en socie\u0301te\u0301 de l\u2019entreprise, tous les contrats de travail en cours au jour de la modification subsistent entre le nouvel employeur et le personnel de l\u2019entreprise \u00bb.<\/p>\n<p>Une disposition non respecte\u0301e, apparemment par les responsables de Nouvelle Gabon Maning, qui aurait propose\u0301 les nouveaux contrats de travail moins alle\u0301chants aux employe\u0301s gabonais en e\u0301pargnant, leurs colle\u0300gues indiens. Ce, souligne-ton, au me\u0301pris flagrant de la convention collectif inhe\u0301rente au secteur.<\/p>\n<p>Pour Elvis Ossindji, \u00ab les attentes le\u0301gitimes des parties ont e\u0301te\u0301 re\u0301ite\u0301re\u0301es et dans le strict respect des dispositions le\u0301gales en vigueur, le travail se poursuit \u00bb.<\/p>\n<p><b>Camille Boussoughou<\/b><\/p>\n<p><strong>Pour plus d&rsquo;informations et d&rsquo;analyses sur la <a href=\"https:\/\/www.africa-press.net\/gabon\">Gabon<\/a>, suivez <a href=\"https:\/\/www.africa-press.net\/\">Africa-Press<\/a><\/strong><\/p>\n","protected":false},"excerpt":{"rendered":"<p>Africa-Press &#8211; Gabon. Interpele\u0301 par une situation de crise au sein de la Nouvelle Gabon Maning, (NGM), entreprise exploitant le Mangane\u0300se a\u0300 Okondja, chef-lieu du de\u0301partement de la Se\u0301be\u0301-Brikolo dans la province du Haut Ogooue\u0301 (sud-est du pays), le gouvernement a de\u0301pe\u0302che\u0301 le Ministre des Mines, Elvis Ossindji, qui a su calmer les ardeurs entre [&hellip;]<\/p>\n","protected":false},"author":82,"featured_media":13529,"comment_status":"open","ping_status":"closed","sticky":false,"template":"","format":"standard","meta":{"footnotes":""},"categories":[3,10],"tags":[36,50,49],"class_list":["post-13530","post","type-post","status-publish","format-standard","has-post-thumbnail","hentry","category-economie","category-toutes-les-actualites","tag-africa-press","tag-africa-press-gabon","tag-gabon"],"yoast_head":"<!-- This site is optimized with the Yoast SEO Premium plugin v26.1 (Yoast SEO v27.0) - https:\/\/yoast.com\/product\/yoast-seo-premium-wordpress\/ -->\n<title>Crise sociale \u00e0 NGM d\u2019Okondja\u00a0: le Ministre des Mines calme les ardeurs - Gabon<\/title>\n<meta name=\"robots\" content=\"index, follow, max-snippet:-1, max-image-preview:large, max-video-preview:-1\" \/>\n<link rel=\"canonical\" href=\"https:\/\/www.africa-press.net\/gabon\/politique\/crise-sociale-a-ngm-dokondja-le-ministre-des-mines-calme-les-ardeurs\" \/>\n<meta property=\"og:locale\" content=\"fr_FR\" \/>\n<meta property=\"og:type\" content=\"article\" \/>\n<meta property=\"og:title\" content=\"Crise sociale \u00e0 NGM d\u2019Okondja\u00a0: le Ministre des Mines calme les ardeurs\" \/>\n<meta property=\"og:description\" content=\"Africa-Press &#8211; Gabon. Interpele\u0301 par une situation de crise au sein de la Nouvelle Gabon Maning, (NGM), entreprise exploitant le Mangane\u0300se a\u0300 Okondja, chef-lieu du de\u0301partement de la Se\u0301be\u0301-Brikolo dans la province du Haut Ogooue\u0301 (sud-est du pays), le gouvernement a de\u0301pe\u0302che\u0301 le Ministre des Mines, Elvis Ossindji, qui a su calmer les ardeurs entre [&hellip;]\" \/>\n<meta property=\"og:url\" content=\"https:\/\/www.africa-press.net\/gabon\/politique\/crise-sociale-a-ngm-dokondja-le-ministre-des-mines-calme-les-ardeurs\" \/>\n<meta property=\"og:site_name\" content=\"Gabon\" \/>\n<meta property=\"article:published_time\" content=\"2022-12-04T20:38:32+00:00\" \/>\n<meta name=\"author\" content=\"cfeditorfr\" \/>\n<meta name=\"twitter:card\" content=\"summary_large_image\" \/>\n<meta name=\"twitter:label1\" content=\"\u00c9crit par\" \/>\n\t<meta name=\"twitter:data1\" content=\"cfeditorfr\" \/>\n\t<meta name=\"twitter:label2\" content=\"Dur\u00e9e de lecture estim\u00e9e\" \/>\n\t<meta name=\"twitter:data2\" content=\"2 minutes\" \/>\n<script type=\"application\/ld+json\" class=\"yoast-schema-graph\">{\"@context\":\"https:\/\/schema.org\",\"@graph\":[{\"@type\":\"Article\",\"@id\":\"https:\/\/www.africa-press.net\/gabon\/politique\/crise-sociale-a-ngm-dokondja-le-ministre-des-mines-calme-les-ardeurs#article\",\"isPartOf\":{\"@id\":\"https:\/\/www.africa-press.net\/gabon\/politique\/crise-sociale-a-ngm-dokondja-le-ministre-des-mines-calme-les-ardeurs\"},\"author\":{\"name\":\"cfeditorfr\",\"@id\":\"https:\/\/www.africa-press.net\/gabon\/#\/schema\/person\/2b1cf3cd81a31e3cd26889ca66d677f1\"},\"headline\":\"Crise sociale \u00e0 NGM d\u2019Okondja\u00a0: le Ministre des Mines calme les ardeurs\",\"datePublished\":\"2022-12-04T20:38:32+00:00\",\"mainEntityOfPage\":{\"@id\":\"https:\/\/www.africa-press.net\/gabon\/politique\/crise-sociale-a-ngm-dokondja-le-ministre-des-mines-calme-les-ardeurs\"},\"wordCount\":360,\"commentCount\":0,\"image\":{\"@id\":\"https:\/\/www.africa-press.net\/gabon\/politique\/crise-sociale-a-ngm-dokondja-le-ministre-des-mines-calme-les-ardeurs#primaryimage\"},\"thumbnailUrl\":\"https:\/\/static.africa-press.net\/gabon\/sites\/54\/2022\/12\/postQueueImg_1670173722.90.jpg\",\"keywords\":[\"Africa Press\",\"Africa Press-Gabon\",\"Gabon\"],\"articleSection\":[\"\u00c9conomie\",\"Toutes les actualit\u00e9s\"],\"inLanguage\":\"fr-FR\",\"potentialAction\":[{\"@type\":\"CommentAction\",\"name\":\"Comment\",\"target\":[\"https:\/\/www.africa-press.net\/gabon\/politique\/crise-sociale-a-ngm-dokondja-le-ministre-des-mines-calme-les-ardeurs#respond\"]}]},{\"@type\":\"WebPage\",\"@id\":\"https:\/\/www.africa-press.net\/gabon\/politique\/crise-sociale-a-ngm-dokondja-le-ministre-des-mines-calme-les-ardeurs\",\"url\":\"https:\/\/www.africa-press.net\/gabon\/politique\/crise-sociale-a-ngm-dokondja-le-ministre-des-mines-calme-les-ardeurs\",\"name\":\"Crise sociale \u00e0 NGM d\u2019Okondja\u00a0: le Ministre des Mines calme les ardeurs - Gabon\",\"isPartOf\":{\"@id\":\"https:\/\/www.africa-press.net\/gabon\/#website\"},\"primaryImageOfPage\":{\"@id\":\"https:\/\/www.africa-press.net\/gabon\/politique\/crise-sociale-a-ngm-dokondja-le-ministre-des-mines-calme-les-ardeurs#primaryimage\"},\"image\":{\"@id\":\"https:\/\/www.africa-press.net\/gabon\/politique\/crise-sociale-a-ngm-dokondja-le-ministre-des-mines-calme-les-ardeurs#primaryimage\"},\"thumbnailUrl\":\"https:\/\/static.africa-press.net\/gabon\/sites\/54\/2022\/12\/postQueueImg_1670173722.90.jpg\",\"datePublished\":\"2022-12-04T20:38:32+00:00\",\"author\":{\"@id\":\"https:\/\/www.africa-press.net\/gabon\/#\/schema\/person\/2b1cf3cd81a31e3cd26889ca66d677f1\"},\"breadcrumb\":{\"@id\":\"https:\/\/www.africa-press.net\/gabon\/politique\/crise-sociale-a-ngm-dokondja-le-ministre-des-mines-calme-les-ardeurs#breadcrumb\"},\"inLanguage\":\"fr-FR\",\"potentialAction\":[{\"@type\":\"ReadAction\",\"target\":[\"https:\/\/www.africa-press.net\/gabon\/politique\/crise-sociale-a-ngm-dokondja-le-ministre-des-mines-calme-les-ardeurs\"]}]},{\"@type\":\"ImageObject\",\"inLanguage\":\"fr-FR\",\"@id\":\"https:\/\/www.africa-press.net\/gabon\/politique\/crise-sociale-a-ngm-dokondja-le-ministre-des-mines-calme-les-ardeurs#primaryimage\",\"url\":\"https:\/\/static.africa-press.net\/gabon\/sites\/54\/2022\/12\/postQueueImg_1670173722.90.jpg\",\"contentUrl\":\"https:\/\/static.africa-press.net\/gabon\/sites\/54\/2022\/12\/postQueueImg_1670173722.90.jpg\",\"width\":720,\"height\":497,\"caption\":\"Crise sociale \u00e0 NGM d\u2019Okondja\u00a0: le Ministre des Mines calme les ardeurs\"},{\"@type\":\"BreadcrumbList\",\"@id\":\"https:\/\/www.africa-press.net\/gabon\/politique\/crise-sociale-a-ngm-dokondja-le-ministre-des-mines-calme-les-ardeurs#breadcrumb\",\"itemListElement\":[{\"@type\":\"ListItem\",\"position\":1,\"name\":\"Accueil\",\"item\":\"https:\/\/www.africa-press.net\/gabon\/\"},{\"@type\":\"ListItem\",\"position\":2,\"name\":\"Crise sociale \u00e0 NGM d\u2019Okondja\u00a0: le Ministre des Mines calme les ardeurs\"}]},{\"@type\":\"WebSite\",\"@id\":\"https:\/\/www.africa-press.net\/gabon\/#website\",\"url\":\"https:\/\/www.africa-press.net\/gabon\/\",\"name\":\"Gabon\",\"description\":\"Just another Africa News Agency Sites site\",\"potentialAction\":[{\"@type\":\"SearchAction\",\"target\":{\"@type\":\"EntryPoint\",\"urlTemplate\":\"https:\/\/www.africa-press.net\/gabon\/?s={search_term_string}\"},\"query-input\":{\"@type\":\"PropertyValueSpecification\",\"valueRequired\":true,\"valueName\":\"search_term_string\"}}],\"inLanguage\":\"fr-FR\"},{\"@type\":\"Person\",\"@id\":\"https:\/\/www.africa-press.net\/gabon\/#\/schema\/person\/2b1cf3cd81a31e3cd26889ca66d677f1\",\"name\":\"cfeditorfr\"}]}<\/script>\n<!-- \/ Yoast SEO Premium plugin. -->","yoast_head_json":{"title":"Crise sociale \u00e0 NGM d\u2019Okondja\u00a0: le Ministre des Mines calme les ardeurs - Gabon","robots":{"index":"index","follow":"follow","max-snippet":"max-snippet:-1","max-image-preview":"max-image-preview:large","max-video-preview":"max-video-preview:-1"},"canonical":"https:\/\/www.africa-press.net\/gabon\/politique\/crise-sociale-a-ngm-dokondja-le-ministre-des-mines-calme-les-ardeurs","og_locale":"fr_FR","og_type":"article","og_title":"Crise sociale \u00e0 NGM d\u2019Okondja\u00a0: le Ministre des Mines calme les ardeurs","og_description":"Africa-Press &#8211; Gabon. Interpele\u0301 par une situation de crise au sein de la Nouvelle Gabon Maning, (NGM), entreprise exploitant le Mangane\u0300se a\u0300 Okondja, chef-lieu du de\u0301partement de la Se\u0301be\u0301-Brikolo dans la province du Haut Ogooue\u0301 (sud-est du pays), le gouvernement a de\u0301pe\u0302che\u0301 le Ministre des Mines, Elvis Ossindji, qui a su calmer les ardeurs entre [&hellip;]","og_url":"https:\/\/www.africa-press.net\/gabon\/politique\/crise-sociale-a-ngm-dokondja-le-ministre-des-mines-calme-les-ardeurs","og_site_name":"Gabon","article_published_time":"2022-12-04T20:38:32+00:00","author":"cfeditorfr","twitter_card":"summary_large_image","twitter_misc":{"\u00c9crit par":"cfeditorfr","Dur\u00e9e de lecture estim\u00e9e":"2 minutes"},"schema":{"@context":"https:\/\/schema.org","@graph":[{"@type":"Article","@id":"https:\/\/www.africa-press.net\/gabon\/politique\/crise-sociale-a-ngm-dokondja-le-ministre-des-mines-calme-les-ardeurs#article","isPartOf":{"@id":"https:\/\/www.africa-press.net\/gabon\/politique\/crise-sociale-a-ngm-dokondja-le-ministre-des-mines-calme-les-ardeurs"},"author":{"name":"cfeditorfr","@id":"https:\/\/www.africa-press.net\/gabon\/#\/schema\/person\/2b1cf3cd81a31e3cd26889ca66d677f1"},"headline":"Crise sociale \u00e0 NGM d\u2019Okondja\u00a0: le Ministre des Mines calme les ardeurs","datePublished":"2022-12-04T20:38:32+00:00","mainEntityOfPage":{"@id":"https:\/\/www.africa-press.net\/gabon\/politique\/crise-sociale-a-ngm-dokondja-le-ministre-des-mines-calme-les-ardeurs"},"wordCount":360,"commentCount":0,"image":{"@id":"https:\/\/www.africa-press.net\/gabon\/politique\/crise-sociale-a-ngm-dokondja-le-ministre-des-mines-calme-les-ardeurs#primaryimage"},"thumbnailUrl":"https:\/\/static.africa-press.net\/gabon\/sites\/54\/2022\/12\/postQueueImg_1670173722.90.jpg","keywords":["Africa Press","Africa Press-Gabon","Gabon"],"articleSection":["\u00c9conomie","Toutes les actualit\u00e9s"],"inLanguage":"fr-FR","potentialAction":[{"@type":"CommentAction","name":"Comment","target":["https:\/\/www.africa-press.net\/gabon\/politique\/crise-sociale-a-ngm-dokondja-le-ministre-des-mines-calme-les-ardeurs#respond"]}]},{"@type":"WebPage","@id":"https:\/\/www.africa-press.net\/gabon\/politique\/crise-sociale-a-ngm-dokondja-le-ministre-des-mines-calme-les-ardeurs","url":"https:\/\/www.africa-press.net\/gabon\/politique\/crise-sociale-a-ngm-dokondja-le-ministre-des-mines-calme-les-ardeurs","name":"Crise sociale \u00e0 NGM d\u2019Okondja\u00a0: le Ministre des Mines calme les ardeurs - Gabon","isPartOf":{"@id":"https:\/\/www.africa-press.net\/gabon\/#website"},"primaryImageOfPage":{"@id":"https:\/\/www.africa-press.net\/gabon\/politique\/crise-sociale-a-ngm-dokondja-le-ministre-des-mines-calme-les-ardeurs#primaryimage"},"image":{"@id":"https:\/\/www.africa-press.net\/gabon\/politique\/crise-sociale-a-ngm-dokondja-le-ministre-des-mines-calme-les-ardeurs#primaryimage"},"thumbnailUrl":"https:\/\/static.africa-press.net\/gabon\/sites\/54\/2022\/12\/postQueueImg_1670173722.90.jpg","datePublished":"2022-12-04T20:38:32+00:00","author":{"@id":"https:\/\/www.africa-press.net\/gabon\/#\/schema\/person\/2b1cf3cd81a31e3cd26889ca66d677f1"},"breadcrumb":{"@id":"https:\/\/www.africa-press.net\/gabon\/politique\/crise-sociale-a-ngm-dokondja-le-ministre-des-mines-calme-les-ardeurs#breadcrumb"},"inLanguage":"fr-FR","potentialAction":[{"@type":"ReadAction","target":["https:\/\/www.africa-press.net\/gabon\/politique\/crise-sociale-a-ngm-dokondja-le-ministre-des-mines-calme-les-ardeurs"]}]},{"@type":"ImageObject","inLanguage":"fr-FR","@id":"https:\/\/www.africa-press.net\/gabon\/politique\/crise-sociale-a-ngm-dokondja-le-ministre-des-mines-calme-les-ardeurs#primaryimage","url":"https:\/\/static.africa-press.net\/gabon\/sites\/54\/2022\/12\/postQueueImg_1670173722.90.jpg","contentUrl":"https:\/\/static.africa-press.net\/gabon\/sites\/54\/2022\/12\/postQueueImg_1670173722.90.jpg","width":720,"height":497,"caption":"Crise sociale \u00e0 NGM d\u2019Okondja\u00a0: le Ministre des Mines calme les ardeurs"},{"@type":"BreadcrumbList","@id":"https:\/\/www.africa-press.net\/gabon\/politique\/crise-sociale-a-ngm-dokondja-le-ministre-des-mines-calme-les-ardeurs#breadcrumb","itemListElement":[{"@type":"ListItem","position":1,"name":"Accueil","item":"https:\/\/www.africa-press.net\/gabon\/"},{"@type":"ListItem","position":2,"name":"Crise sociale \u00e0 NGM d\u2019Okondja\u00a0: le Ministre des Mines calme les ardeurs"}]},{"@type":"WebSite","@id":"https:\/\/www.africa-press.net\/gabon\/#website","url":"https:\/\/www.africa-press.net\/gabon\/","name":"Gabon","description":"Just another Africa News Agency Sites site","potentialAction":[{"@type":"SearchAction","target":{"@type":"EntryPoint","urlTemplate":"https:\/\/www.africa-press.net\/gabon\/?s={search_term_string}"},"query-input":{"@type":"PropertyValueSpecification","valueRequired":true,"valueName":"search_term_string"}}],"inLanguage":"fr-FR"},{"@type":"Person","@id":"https:\/\/www.africa-press.net\/gabon\/#\/schema\/person\/2b1cf3cd81a31e3cd26889ca66d677f1","name":"cfeditorfr"}]}},"_links":{"self":[{"href":"https:\/\/www.africa-press.net\/gabon\/wp-json\/wp\/v2\/posts\/13530","targetHints":{"allow":["GET"]}}],"collection":[{"href":"https:\/\/www.africa-press.net\/gabon\/wp-json\/wp\/v2\/posts"}],"about":[{"href":"https:\/\/www.africa-press.net\/gabon\/wp-json\/wp\/v2\/types\/post"}],"author":[{"embeddable":true,"href":"https:\/\/www.africa-press.net\/gabon\/wp-json\/wp\/v2\/users\/82"}],"replies":[{"embeddable":true,"href":"https:\/\/www.africa-press.net\/gabon\/wp-json\/wp\/v2\/comments?post=13530"}],"version-history":[{"count":0,"href":"https:\/\/www.africa-press.net\/gabon\/wp-json\/wp\/v2\/posts\/13530\/revisions"}],"wp:featuredmedia":[{"embeddable":true,"href":"https:\/\/www.africa-press.net\/gabon\/wp-json\/wp\/v2\/media\/13529"}],"wp:attachment":[{"href":"https:\/\/www.africa-press.net\/gabon\/wp-json\/wp\/v2\/media?parent=13530"}],"wp:term":[{"taxonomy":"category","embeddable":true,"href":"https:\/\/www.africa-press.net\/gabon\/wp-json\/wp\/v2\/categories?post=13530"},{"taxonomy":"post_tag","embeddable":true,"href":"https:\/\/www.africa-press.net\/gabon\/wp-json\/wp\/v2\/tags?post=13530"}],"curies":[{"name":"wp","href":"https:\/\/api.w.org\/{rel}","templated":true}]}}