{"id":13532,"date":"2022-12-04T20:38:46","date_gmt":"2022-12-04T20:38:46","guid":{"rendered":"https:\/\/www.africa-press.net\/gabon\/politique\/gabon-la-terre-a-tremble-entre-libreville-et-lambarene"},"modified":"2022-12-04T20:38:46","modified_gmt":"2022-12-04T20:38:46","slug":"gabon-la-terre-a-tremble-entre-libreville-et-lambarene","status":"publish","type":"post","link":"https:\/\/www.africa-press.net\/gabon\/toutes-les-actualites\/gabon-la-terre-a-tremble-entre-libreville-et-lambarene","title":{"rendered":"Gabon\u00a0: la terre a trembl\u00e9 entre Libreville et Lambar\u00e9n\u00e9"},"content":{"rendered":"<p><span style=\"color: #ff6600\"><strong>Africa-Press &#8211; Gabon. <\/strong><\/span><b>Le Gabon a enregistre\u0301 un se\u0301isme d\u2019une magnitude de 4,8, entre le de\u0301partement du Komo Mondah (50 km de Libreville) et Lambare\u0301ne\u0301, au centre du Gabon, situe\u0301 a\u0300 plus de 200 km de capitale gabonaise. <\/b><br \/>\n<b>Le Gabon a enregistre\u0301 un se\u0301isme d\u2019une magnitude de 4,8, entre le de\u0301partement du Komo Mondah (50 km de Libreville) et Lambare\u0301ne\u0301, au centre du Gabon, situe\u0301 a\u0300 plus de 200 km de capitale gabonaise. <\/b><\/p>\n<p>Selon le Google, plus grand moteur de recherche au monde, ce tremblement de terre d\u2019une tre\u0300s faible intensite\u0301 a eu lieu a\u0300 10h : 53mn, moins d\u2019une heure en temps universel.<\/p>\n<p>Bien que n\u2019occasionnant pas encore des de\u0301ga\u0302ts conside\u0301re\u0301s comme sous d\u2019autres cieux, ce phe\u0301nome\u0300ne naturel, n\u2019est pas le premier du genre dans le pays. Le 27 avril 2021 a\u0300 1h du matin, un tremblement de terre de magnitude 4,5 s\u2019est produit pre\u0300s de Lambare\u0301ne\u0301, dans la province du Moyen-Ogooue\u0301.<\/p>\n<p><b>Camille Boussoughou<\/b><\/p>\n<p><strong>Pour plus d&rsquo;informations et d&rsquo;analyses sur la <a href=\"https:\/\/www.africa-press.net\/gabon\">Gabon<\/a>, suivez <a href=\"https:\/\/www.africa-press.net\/\">Africa-Press<\/a><\/strong><\/p>\n","protected":false},"excerpt":{"rendered":"<p>Africa-Press &#8211; Gabon. Le Gabon a enregistre\u0301 un se\u0301isme d\u2019une magnitude de 4,8, entre le de\u0301partement du Komo Mondah (50 km de Libreville) et Lambare\u0301ne\u0301, au centre du Gabon, situe\u0301 a\u0300 plus de 200 km de capitale gabonaise. Le Gabon a enregistre\u0301 un se\u0301isme d\u2019une magnitude de 4,8, entre le de\u0301partement du Komo Mondah (50 [&hellip;]<\/p>\n","protected":false},"author":82,"featured_media":13531,"comment_status":"open","ping_status":"closed","sticky":false,"template":"","format":"standard","meta":{"footnotes":""},"categories":[21,10],"tags":[36,50,49],"class_list":["post-13532","post","type-post","status-publish","format-standard","has-post-thumbnail","hentry","category-communaute","category-toutes-les-actualites","tag-africa-press","tag-africa-press-gabon","tag-gabon"],"yoast_head":"<!-- This site is optimized with the Yoast SEO Premium plugin v26.1 (Yoast SEO v27.0) - https:\/\/yoast.com\/product\/yoast-seo-premium-wordpress\/ -->\n<title>Gabon\u00a0: la terre a trembl\u00e9 entre Libreville et Lambar\u00e9n\u00e9 - Gabon<\/title>\n<meta name=\"robots\" content=\"index, follow, max-snippet:-1, max-image-preview:large, max-video-preview:-1\" \/>\n<link rel=\"canonical\" href=\"https:\/\/www.africa-press.net\/gabon\/politique\/gabon-la-terre-a-tremble-entre-libreville-et-lambarene\" \/>\n<meta property=\"og:locale\" content=\"fr_FR\" \/>\n<meta property=\"og:type\" content=\"article\" \/>\n<meta property=\"og:title\" content=\"Gabon\u00a0: la terre a trembl\u00e9 entre Libreville et Lambar\u00e9n\u00e9\" \/>\n<meta property=\"og:description\" content=\"Africa-Press &#8211; Gabon. Le Gabon a enregistre\u0301 un se\u0301isme d\u2019une magnitude de 4,8, entre le de\u0301partement du Komo Mondah (50 km de Libreville) et Lambare\u0301ne\u0301, au centre du Gabon, situe\u0301 a\u0300 plus de 200 km de capitale gabonaise. Le Gabon a enregistre\u0301 un se\u0301isme d\u2019une magnitude de 4,8, entre le de\u0301partement du Komo Mondah (50 [&hellip;]\" \/>\n<meta property=\"og:url\" content=\"https:\/\/www.africa-press.net\/gabon\/politique\/gabon-la-terre-a-tremble-entre-libreville-et-lambarene\" \/>\n<meta property=\"og:site_name\" content=\"Gabon\" \/>\n<meta property=\"article:published_time\" content=\"2022-12-04T20:38:46+00:00\" \/>\n<meta name=\"author\" content=\"cfeditorfr\" \/>\n<meta name=\"twitter:card\" content=\"summary_large_image\" \/>\n<meta name=\"twitter:label1\" content=\"\u00c9crit par\" \/>\n\t<meta name=\"twitter:data1\" content=\"cfeditorfr\" \/>\n\t<meta name=\"twitter:label2\" content=\"Dur\u00e9e de lecture estim\u00e9e\" \/>\n\t<meta name=\"twitter:data2\" content=\"1 minute\" \/>\n<script type=\"application\/ld+json\" class=\"yoast-schema-graph\">{\"@context\":\"https:\/\/schema.org\",\"@graph\":[{\"@type\":\"Article\",\"@id\":\"https:\/\/www.africa-press.net\/gabon\/politique\/gabon-la-terre-a-tremble-entre-libreville-et-lambarene#article\",\"isPartOf\":{\"@id\":\"https:\/\/www.africa-press.net\/gabon\/politique\/gabon-la-terre-a-tremble-entre-libreville-et-lambarene\"},\"author\":{\"name\":\"cfeditorfr\",\"@id\":\"https:\/\/www.africa-press.net\/gabon\/#\/schema\/person\/2b1cf3cd81a31e3cd26889ca66d677f1\"},\"headline\":\"Gabon\u00a0: la terre a trembl\u00e9 entre Libreville et Lambar\u00e9n\u00e9\",\"datePublished\":\"2022-12-04T20:38:46+00:00\",\"mainEntityOfPage\":{\"@id\":\"https:\/\/www.africa-press.net\/gabon\/politique\/gabon-la-terre-a-tremble-entre-libreville-et-lambarene\"},\"wordCount\":190,\"commentCount\":0,\"image\":{\"@id\":\"https:\/\/www.africa-press.net\/gabon\/politique\/gabon-la-terre-a-tremble-entre-libreville-et-lambarene#primaryimage\"},\"thumbnailUrl\":\"https:\/\/static.africa-press.net\/gabon\/sites\/54\/2022\/12\/postQueueImg_1670173739.41.jpg\",\"keywords\":[\"Africa Press\",\"Africa Press-Gabon\",\"Gabon\"],\"articleSection\":[\"Communaut\u00e9\",\"Toutes les actualit\u00e9s\"],\"inLanguage\":\"fr-FR\",\"potentialAction\":[{\"@type\":\"CommentAction\",\"name\":\"Comment\",\"target\":[\"https:\/\/www.africa-press.net\/gabon\/politique\/gabon-la-terre-a-tremble-entre-libreville-et-lambarene#respond\"]}]},{\"@type\":\"WebPage\",\"@id\":\"https:\/\/www.africa-press.net\/gabon\/politique\/gabon-la-terre-a-tremble-entre-libreville-et-lambarene\",\"url\":\"https:\/\/www.africa-press.net\/gabon\/politique\/gabon-la-terre-a-tremble-entre-libreville-et-lambarene\",\"name\":\"Gabon\u00a0: la terre a trembl\u00e9 entre Libreville et Lambar\u00e9n\u00e9 - Gabon\",\"isPartOf\":{\"@id\":\"https:\/\/www.africa-press.net\/gabon\/#website\"},\"primaryImageOfPage\":{\"@id\":\"https:\/\/www.africa-press.net\/gabon\/politique\/gabon-la-terre-a-tremble-entre-libreville-et-lambarene#primaryimage\"},\"image\":{\"@id\":\"https:\/\/www.africa-press.net\/gabon\/politique\/gabon-la-terre-a-tremble-entre-libreville-et-lambarene#primaryimage\"},\"thumbnailUrl\":\"https:\/\/static.africa-press.net\/gabon\/sites\/54\/2022\/12\/postQueueImg_1670173739.41.jpg\",\"datePublished\":\"2022-12-04T20:38:46+00:00\",\"author\":{\"@id\":\"https:\/\/www.africa-press.net\/gabon\/#\/schema\/person\/2b1cf3cd81a31e3cd26889ca66d677f1\"},\"breadcrumb\":{\"@id\":\"https:\/\/www.africa-press.net\/gabon\/politique\/gabon-la-terre-a-tremble-entre-libreville-et-lambarene#breadcrumb\"},\"inLanguage\":\"fr-FR\",\"potentialAction\":[{\"@type\":\"ReadAction\",\"target\":[\"https:\/\/www.africa-press.net\/gabon\/politique\/gabon-la-terre-a-tremble-entre-libreville-et-lambarene\"]}]},{\"@type\":\"ImageObject\",\"inLanguage\":\"fr-FR\",\"@id\":\"https:\/\/www.africa-press.net\/gabon\/politique\/gabon-la-terre-a-tremble-entre-libreville-et-lambarene#primaryimage\",\"url\":\"https:\/\/static.africa-press.net\/gabon\/sites\/54\/2022\/12\/postQueueImg_1670173739.41.jpg\",\"contentUrl\":\"https:\/\/static.africa-press.net\/gabon\/sites\/54\/2022\/12\/postQueueImg_1670173739.41.jpg\",\"width\":1280,\"height\":720,\"caption\":\"Gabon\u00a0: la terre a trembl\u00e9 entre Libreville et Lambar\u00e9n\u00e9\"},{\"@type\":\"BreadcrumbList\",\"@id\":\"https:\/\/www.africa-press.net\/gabon\/politique\/gabon-la-terre-a-tremble-entre-libreville-et-lambarene#breadcrumb\",\"itemListElement\":[{\"@type\":\"ListItem\",\"position\":1,\"name\":\"Accueil\",\"item\":\"https:\/\/www.africa-press.net\/gabon\/\"},{\"@type\":\"ListItem\",\"position\":2,\"name\":\"Gabon\u00a0: la terre a trembl\u00e9 entre Libreville et Lambar\u00e9n\u00e9\"}]},{\"@type\":\"WebSite\",\"@id\":\"https:\/\/www.africa-press.net\/gabon\/#website\",\"url\":\"https:\/\/www.africa-press.net\/gabon\/\",\"name\":\"Gabon\",\"description\":\"Just another Africa News Agency Sites site\",\"potentialAction\":[{\"@type\":\"SearchAction\",\"target\":{\"@type\":\"EntryPoint\",\"urlTemplate\":\"https:\/\/www.africa-press.net\/gabon\/?s={search_term_string}\"},\"query-input\":{\"@type\":\"PropertyValueSpecification\",\"valueRequired\":true,\"valueName\":\"search_term_string\"}}],\"inLanguage\":\"fr-FR\"},{\"@type\":\"Person\",\"@id\":\"https:\/\/www.africa-press.net\/gabon\/#\/schema\/person\/2b1cf3cd81a31e3cd26889ca66d677f1\",\"name\":\"cfeditorfr\"}]}<\/script>\n<!-- \/ Yoast SEO Premium plugin. -->","yoast_head_json":{"title":"Gabon\u00a0: la terre a trembl\u00e9 entre Libreville et Lambar\u00e9n\u00e9 - Gabon","robots":{"index":"index","follow":"follow","max-snippet":"max-snippet:-1","max-image-preview":"max-image-preview:large","max-video-preview":"max-video-preview:-1"},"canonical":"https:\/\/www.africa-press.net\/gabon\/politique\/gabon-la-terre-a-tremble-entre-libreville-et-lambarene","og_locale":"fr_FR","og_type":"article","og_title":"Gabon\u00a0: la terre a trembl\u00e9 entre Libreville et Lambar\u00e9n\u00e9","og_description":"Africa-Press &#8211; Gabon. Le Gabon a enregistre\u0301 un se\u0301isme d\u2019une magnitude de 4,8, entre le de\u0301partement du Komo Mondah (50 km de Libreville) et Lambare\u0301ne\u0301, au centre du Gabon, situe\u0301 a\u0300 plus de 200 km de capitale gabonaise. Le Gabon a enregistre\u0301 un se\u0301isme d\u2019une magnitude de 4,8, entre le de\u0301partement du Komo Mondah (50 [&hellip;]","og_url":"https:\/\/www.africa-press.net\/gabon\/politique\/gabon-la-terre-a-tremble-entre-libreville-et-lambarene","og_site_name":"Gabon","article_published_time":"2022-12-04T20:38:46+00:00","author":"cfeditorfr","twitter_card":"summary_large_image","twitter_misc":{"\u00c9crit par":"cfeditorfr","Dur\u00e9e de lecture estim\u00e9e":"1 minute"},"schema":{"@context":"https:\/\/schema.org","@graph":[{"@type":"Article","@id":"https:\/\/www.africa-press.net\/gabon\/politique\/gabon-la-terre-a-tremble-entre-libreville-et-lambarene#article","isPartOf":{"@id":"https:\/\/www.africa-press.net\/gabon\/politique\/gabon-la-terre-a-tremble-entre-libreville-et-lambarene"},"author":{"name":"cfeditorfr","@id":"https:\/\/www.africa-press.net\/gabon\/#\/schema\/person\/2b1cf3cd81a31e3cd26889ca66d677f1"},"headline":"Gabon\u00a0: la terre a trembl\u00e9 entre Libreville et Lambar\u00e9n\u00e9","datePublished":"2022-12-04T20:38:46+00:00","mainEntityOfPage":{"@id":"https:\/\/www.africa-press.net\/gabon\/politique\/gabon-la-terre-a-tremble-entre-libreville-et-lambarene"},"wordCount":190,"commentCount":0,"image":{"@id":"https:\/\/www.africa-press.net\/gabon\/politique\/gabon-la-terre-a-tremble-entre-libreville-et-lambarene#primaryimage"},"thumbnailUrl":"https:\/\/static.africa-press.net\/gabon\/sites\/54\/2022\/12\/postQueueImg_1670173739.41.jpg","keywords":["Africa Press","Africa Press-Gabon","Gabon"],"articleSection":["Communaut\u00e9","Toutes les actualit\u00e9s"],"inLanguage":"fr-FR","potentialAction":[{"@type":"CommentAction","name":"Comment","target":["https:\/\/www.africa-press.net\/gabon\/politique\/gabon-la-terre-a-tremble-entre-libreville-et-lambarene#respond"]}]},{"@type":"WebPage","@id":"https:\/\/www.africa-press.net\/gabon\/politique\/gabon-la-terre-a-tremble-entre-libreville-et-lambarene","url":"https:\/\/www.africa-press.net\/gabon\/politique\/gabon-la-terre-a-tremble-entre-libreville-et-lambarene","name":"Gabon\u00a0: la terre a trembl\u00e9 entre Libreville et Lambar\u00e9n\u00e9 - Gabon","isPartOf":{"@id":"https:\/\/www.africa-press.net\/gabon\/#website"},"primaryImageOfPage":{"@id":"https:\/\/www.africa-press.net\/gabon\/politique\/gabon-la-terre-a-tremble-entre-libreville-et-lambarene#primaryimage"},"image":{"@id":"https:\/\/www.africa-press.net\/gabon\/politique\/gabon-la-terre-a-tremble-entre-libreville-et-lambarene#primaryimage"},"thumbnailUrl":"https:\/\/static.africa-press.net\/gabon\/sites\/54\/2022\/12\/postQueueImg_1670173739.41.jpg","datePublished":"2022-12-04T20:38:46+00:00","author":{"@id":"https:\/\/www.africa-press.net\/gabon\/#\/schema\/person\/2b1cf3cd81a31e3cd26889ca66d677f1"},"breadcrumb":{"@id":"https:\/\/www.africa-press.net\/gabon\/politique\/gabon-la-terre-a-tremble-entre-libreville-et-lambarene#breadcrumb"},"inLanguage":"fr-FR","potentialAction":[{"@type":"ReadAction","target":["https:\/\/www.africa-press.net\/gabon\/politique\/gabon-la-terre-a-tremble-entre-libreville-et-lambarene"]}]},{"@type":"ImageObject","inLanguage":"fr-FR","@id":"https:\/\/www.africa-press.net\/gabon\/politique\/gabon-la-terre-a-tremble-entre-libreville-et-lambarene#primaryimage","url":"https:\/\/static.africa-press.net\/gabon\/sites\/54\/2022\/12\/postQueueImg_1670173739.41.jpg","contentUrl":"https:\/\/static.africa-press.net\/gabon\/sites\/54\/2022\/12\/postQueueImg_1670173739.41.jpg","width":1280,"height":720,"caption":"Gabon\u00a0: la terre a trembl\u00e9 entre Libreville et Lambar\u00e9n\u00e9"},{"@type":"BreadcrumbList","@id":"https:\/\/www.africa-press.net\/gabon\/politique\/gabon-la-terre-a-tremble-entre-libreville-et-lambarene#breadcrumb","itemListElement":[{"@type":"ListItem","position":1,"name":"Accueil","item":"https:\/\/www.africa-press.net\/gabon\/"},{"@type":"ListItem","position":2,"name":"Gabon\u00a0: la terre a trembl\u00e9 entre Libreville et Lambar\u00e9n\u00e9"}]},{"@type":"WebSite","@id":"https:\/\/www.africa-press.net\/gabon\/#website","url":"https:\/\/www.africa-press.net\/gabon\/","name":"Gabon","description":"Just another Africa News Agency Sites site","potentialAction":[{"@type":"SearchAction","target":{"@type":"EntryPoint","urlTemplate":"https:\/\/www.africa-press.net\/gabon\/?s={search_term_string}"},"query-input":{"@type":"PropertyValueSpecification","valueRequired":true,"valueName":"search_term_string"}}],"inLanguage":"fr-FR"},{"@type":"Person","@id":"https:\/\/www.africa-press.net\/gabon\/#\/schema\/person\/2b1cf3cd81a31e3cd26889ca66d677f1","name":"cfeditorfr"}]}},"_links":{"self":[{"href":"https:\/\/www.africa-press.net\/gabon\/wp-json\/wp\/v2\/posts\/13532","targetHints":{"allow":["GET"]}}],"collection":[{"href":"https:\/\/www.africa-press.net\/gabon\/wp-json\/wp\/v2\/posts"}],"about":[{"href":"https:\/\/www.africa-press.net\/gabon\/wp-json\/wp\/v2\/types\/post"}],"author":[{"embeddable":true,"href":"https:\/\/www.africa-press.net\/gabon\/wp-json\/wp\/v2\/users\/82"}],"replies":[{"embeddable":true,"href":"https:\/\/www.africa-press.net\/gabon\/wp-json\/wp\/v2\/comments?post=13532"}],"version-history":[{"count":0,"href":"https:\/\/www.africa-press.net\/gabon\/wp-json\/wp\/v2\/posts\/13532\/revisions"}],"wp:featuredmedia":[{"embeddable":true,"href":"https:\/\/www.africa-press.net\/gabon\/wp-json\/wp\/v2\/media\/13531"}],"wp:attachment":[{"href":"https:\/\/www.africa-press.net\/gabon\/wp-json\/wp\/v2\/media?parent=13532"}],"wp:term":[{"taxonomy":"category","embeddable":true,"href":"https:\/\/www.africa-press.net\/gabon\/wp-json\/wp\/v2\/categories?post=13532"},{"taxonomy":"post_tag","embeddable":true,"href":"https:\/\/www.africa-press.net\/gabon\/wp-json\/wp\/v2\/tags?post=13532"}],"curies":[{"name":"wp","href":"https:\/\/api.w.org\/{rel}","templated":true}]}}