{"id":13538,"date":"2022-12-04T20:39:55","date_gmt":"2022-12-04T20:39:55","guid":{"rendered":"https:\/\/www.africa-press.net\/gabon\/politique\/journee-de-letudiant-entrepreneur-herve-patrick-opiangah-salue-le-geni-des-etudiants-de-luniversite-omar-bongo"},"modified":"2022-12-04T20:39:55","modified_gmt":"2022-12-04T20:39:55","slug":"journee-de-letudiant-entrepreneur-herve-patrick-opiangah-salue-le-geni-des-etudiants-de-luniversite-omar-bongo","status":"publish","type":"post","link":"https:\/\/www.africa-press.net\/gabon\/toutes-les-actualites\/journee-de-letudiant-entrepreneur-herve-patrick-opiangah-salue-le-geni-des-etudiants-de-luniversite-omar-bongo","title":{"rendered":"Journ\u00e9e de l\u2019\u00e9tudiant entrepreneur\u00a0: Herv\u00e9 Patrick Opiangah salue le g\u00e9ni des \u00e9tudiants de l\u2019Universit\u00e9 Omar Bongo"},"content":{"rendered":"<p><span style=\"color: #ff6600\"><strong>Africa-Press &#8211; Gabon. <\/strong><\/span><b>L\u2019homme d\u2019affaires, Herve\u0301 Patrick Opiangah, encore appele\u0301 \u00ab capitaine de l\u2019industrie \u00bb pour avoir cre\u0301e\u0301 des entreprises qui sont prospe\u0300res dans les diffe\u0301rents domaines, a, en sa qualite\u0301 d\u2019invite\u0301 d\u2019honneur, salue\u0301 samedi 03 de\u0301cembre 2022, le ge\u0301ni des e\u0301tudiants de l\u2019Universite\u0301 Omar Bongo (UOB), a\u0300 l\u2019occasion de la 4e\u0300me e\u0301dition de la \u2018\u2019Journe\u0301e de l\u2019e\u0301tudiant entrepreneur\u2019\u2019 ayant eu lieu au sein du campus universitaire a\u0300 Libreville. <\/b><\/p>\n<p>\u00ab Le tissu social ne peut e\u0302tre consolide\u0301 que par la PME et PMI, c\u2019est une gra\u0302ce que de voir que sur les bancs de l\u2019e\u0301cole, qu\u2019il y ait de\u0301ja\u0300 une proportion a\u0300 vouloir investir dans l\u2019entreprenariat, ils ont ma conside\u0301ration et mon respect \u00bb, a indique\u0301 M. Opiangah.<\/p>\n<p>L\u2019e\u0301ve\u0301nement organise\u0301 par le Club universitaire d\u2019entrepreneuriat national (CUEN) sous la the\u0301matique : \u00ab un pied a\u0300 l\u2019e\u0301cole, un pied dans les affaires \u00bb, a permis au chef d\u2019entreprise de prodiguer des pre\u0301cieux conseils pratiques a\u0300 ces jeunes fre\u0300res et s\u0153urs entrepreneurs en herbes.<\/p>\n<p>\u00ab Je leur ai dit qu\u2019on ne s\u2019improvise pas entrepreneur, il faille passer par des pre\u0301alables ; il y a la constitution d\u2019un business plan par rapport a\u0300 un projet et une e\u0301tude de faisabilite\u0301 parce que, ce n\u2019est que par la\u0300 ou\u0300 on peut avoir des institutions financie\u0300res ou bancaires qui veulent bien apre\u0300s financier et les projets deviennent bancables \u00bb, a-t-il souligne\u0301.<\/p>\n<p>Durant cette journe\u0301e, les e\u0301tudiants ont pre\u0301sente\u0301 plusieurs projets prime\u0301s, appele\u0301s a\u0300 e\u0302tre affine\u0301s pour qu\u2019\u2019ils deviennent viables. Celui relatif a\u0300 la culture des produits marai\u0302chers bio au sein de l\u2019UOB. L\u2019autre projet est oriente\u0301 sur la transforme les condiments qu\u2019il faut se\u0301cher. Ils sont garde\u0301s durant 6 mois, loin de l\u2019humidite\u0301 et les emballages sont biode\u0301gradables.<\/p>\n<p>Des projets lie\u0301s a\u0300 la production du savon liquide parfume\u0301 qui e\u0301limine \u00ab facilement les ta\u0302ches, parfume les ve\u0302tements et les toilettes \u00bb, a e\u0301te\u0301 e\u0301galement pre\u0301sente\u0301, associe\u0301 a\u0300 celui lie\u0301 a\u0300 la protection de la biodiversite\u0301.<\/p>\n<p>Pour Herve\u0301 Patrick Opiangah qui a promis accompagner ces jeunes fre\u0300res, pour rendre leurs projets, \u00ab je pense et je crois au re\u0302ve gabonais \u00bb.<\/p>\n<p><b>Sydney IVEMBI<\/b><\/p>\n<p><strong>Pour plus d&rsquo;informations et d&rsquo;analyses sur la <a href=\"https:\/\/www.africa-press.net\/gabon\">Gabon<\/a>, suivez <a href=\"https:\/\/www.africa-press.net\/\">Africa-Press<\/a><\/strong><\/p>\n","protected":false},"excerpt":{"rendered":"<p>Africa-Press &#8211; Gabon. L\u2019homme d\u2019affaires, Herve\u0301 Patrick Opiangah, encore appele\u0301 \u00ab capitaine de l\u2019industrie \u00bb pour avoir cre\u0301e\u0301 des entreprises qui sont prospe\u0300res dans les diffe\u0301rents domaines, a, en sa qualite\u0301 d\u2019invite\u0301 d\u2019honneur, salue\u0301 samedi 03 de\u0301cembre 2022, le ge\u0301ni des e\u0301tudiants de l\u2019Universite\u0301 Omar Bongo (UOB), a\u0300 l\u2019occasion de la 4e\u0300me e\u0301dition de la [&hellip;]<\/p>\n","protected":false},"author":82,"featured_media":13537,"comment_status":"open","ping_status":"closed","sticky":false,"template":"","format":"standard","meta":{"footnotes":""},"categories":[21,10],"tags":[36,50,49],"class_list":["post-13538","post","type-post","status-publish","format-standard","has-post-thumbnail","hentry","category-communaute","category-toutes-les-actualites","tag-africa-press","tag-africa-press-gabon","tag-gabon"],"yoast_head":"<!-- This site is optimized with the Yoast SEO Premium plugin v26.1 (Yoast SEO v27.0) - https:\/\/yoast.com\/product\/yoast-seo-premium-wordpress\/ -->\n<title>Journ\u00e9e de l\u2019\u00e9tudiant entrepreneur\u00a0: Herv\u00e9 Patrick Opiangah salue le g\u00e9ni des \u00e9tudiants de l\u2019Universit\u00e9 Omar Bongo - Gabon<\/title>\n<meta name=\"robots\" content=\"index, follow, max-snippet:-1, max-image-preview:large, max-video-preview:-1\" \/>\n<link rel=\"canonical\" href=\"https:\/\/www.africa-press.net\/gabon\/politique\/journee-de-letudiant-entrepreneur-herve-patrick-opiangah-salue-le-geni-des-etudiants-de-luniversite-omar-bongo\" \/>\n<meta property=\"og:locale\" content=\"fr_FR\" \/>\n<meta property=\"og:type\" content=\"article\" \/>\n<meta property=\"og:title\" content=\"Journ\u00e9e de l\u2019\u00e9tudiant entrepreneur\u00a0: Herv\u00e9 Patrick Opiangah salue le g\u00e9ni des \u00e9tudiants de l\u2019Universit\u00e9 Omar Bongo\" \/>\n<meta property=\"og:description\" content=\"Africa-Press &#8211; Gabon. L\u2019homme d\u2019affaires, Herve\u0301 Patrick Opiangah, encore appele\u0301 \u00ab capitaine de l\u2019industrie \u00bb pour avoir cre\u0301e\u0301 des entreprises qui sont prospe\u0300res dans les diffe\u0301rents domaines, a, en sa qualite\u0301 d\u2019invite\u0301 d\u2019honneur, salue\u0301 samedi 03 de\u0301cembre 2022, le ge\u0301ni des e\u0301tudiants de l\u2019Universite\u0301 Omar Bongo (UOB), a\u0300 l\u2019occasion de la 4e\u0300me e\u0301dition de la [&hellip;]\" \/>\n<meta property=\"og:url\" content=\"https:\/\/www.africa-press.net\/gabon\/politique\/journee-de-letudiant-entrepreneur-herve-patrick-opiangah-salue-le-geni-des-etudiants-de-luniversite-omar-bongo\" \/>\n<meta property=\"og:site_name\" content=\"Gabon\" \/>\n<meta property=\"article:published_time\" content=\"2022-12-04T20:39:55+00:00\" \/>\n<meta name=\"author\" content=\"cfeditorfr\" \/>\n<meta name=\"twitter:card\" content=\"summary_large_image\" \/>\n<meta name=\"twitter:label1\" content=\"\u00c9crit par\" \/>\n\t<meta name=\"twitter:data1\" content=\"cfeditorfr\" \/>\n\t<meta name=\"twitter:label2\" content=\"Dur\u00e9e de lecture estim\u00e9e\" \/>\n\t<meta name=\"twitter:data2\" content=\"2 minutes\" \/>\n<script type=\"application\/ld+json\" class=\"yoast-schema-graph\">{\"@context\":\"https:\/\/schema.org\",\"@graph\":[{\"@type\":\"Article\",\"@id\":\"https:\/\/www.africa-press.net\/gabon\/politique\/journee-de-letudiant-entrepreneur-herve-patrick-opiangah-salue-le-geni-des-etudiants-de-luniversite-omar-bongo#article\",\"isPartOf\":{\"@id\":\"https:\/\/www.africa-press.net\/gabon\/politique\/journee-de-letudiant-entrepreneur-herve-patrick-opiangah-salue-le-geni-des-etudiants-de-luniversite-omar-bongo\"},\"author\":{\"name\":\"cfeditorfr\",\"@id\":\"https:\/\/www.africa-press.net\/gabon\/#\/schema\/person\/2b1cf3cd81a31e3cd26889ca66d677f1\"},\"headline\":\"Journ\u00e9e de l\u2019\u00e9tudiant entrepreneur\u00a0: Herv\u00e9 Patrick Opiangah salue le g\u00e9ni des \u00e9tudiants de l\u2019Universit\u00e9 Omar Bongo\",\"datePublished\":\"2022-12-04T20:39:55+00:00\",\"mainEntityOfPage\":{\"@id\":\"https:\/\/www.africa-press.net\/gabon\/politique\/journee-de-letudiant-entrepreneur-herve-patrick-opiangah-salue-le-geni-des-etudiants-de-luniversite-omar-bongo\"},\"wordCount\":433,\"commentCount\":0,\"image\":{\"@id\":\"https:\/\/www.africa-press.net\/gabon\/politique\/journee-de-letudiant-entrepreneur-herve-patrick-opiangah-salue-le-geni-des-etudiants-de-luniversite-omar-bongo#primaryimage\"},\"thumbnailUrl\":\"https:\/\/static.africa-press.net\/gabon\/sites\/54\/2022\/12\/postQueueImg_1670173801.44.jpg\",\"keywords\":[\"Africa Press\",\"Africa Press-Gabon\",\"Gabon\"],\"articleSection\":[\"Communaut\u00e9\",\"Toutes les actualit\u00e9s\"],\"inLanguage\":\"fr-FR\",\"potentialAction\":[{\"@type\":\"CommentAction\",\"name\":\"Comment\",\"target\":[\"https:\/\/www.africa-press.net\/gabon\/politique\/journee-de-letudiant-entrepreneur-herve-patrick-opiangah-salue-le-geni-des-etudiants-de-luniversite-omar-bongo#respond\"]}]},{\"@type\":\"WebPage\",\"@id\":\"https:\/\/www.africa-press.net\/gabon\/politique\/journee-de-letudiant-entrepreneur-herve-patrick-opiangah-salue-le-geni-des-etudiants-de-luniversite-omar-bongo\",\"url\":\"https:\/\/www.africa-press.net\/gabon\/politique\/journee-de-letudiant-entrepreneur-herve-patrick-opiangah-salue-le-geni-des-etudiants-de-luniversite-omar-bongo\",\"name\":\"Journ\u00e9e de l\u2019\u00e9tudiant entrepreneur\u00a0: Herv\u00e9 Patrick Opiangah salue le g\u00e9ni des \u00e9tudiants de l\u2019Universit\u00e9 Omar Bongo - Gabon\",\"isPartOf\":{\"@id\":\"https:\/\/www.africa-press.net\/gabon\/#website\"},\"primaryImageOfPage\":{\"@id\":\"https:\/\/www.africa-press.net\/gabon\/politique\/journee-de-letudiant-entrepreneur-herve-patrick-opiangah-salue-le-geni-des-etudiants-de-luniversite-omar-bongo#primaryimage\"},\"image\":{\"@id\":\"https:\/\/www.africa-press.net\/gabon\/politique\/journee-de-letudiant-entrepreneur-herve-patrick-opiangah-salue-le-geni-des-etudiants-de-luniversite-omar-bongo#primaryimage\"},\"thumbnailUrl\":\"https:\/\/static.africa-press.net\/gabon\/sites\/54\/2022\/12\/postQueueImg_1670173801.44.jpg\",\"datePublished\":\"2022-12-04T20:39:55+00:00\",\"author\":{\"@id\":\"https:\/\/www.africa-press.net\/gabon\/#\/schema\/person\/2b1cf3cd81a31e3cd26889ca66d677f1\"},\"breadcrumb\":{\"@id\":\"https:\/\/www.africa-press.net\/gabon\/politique\/journee-de-letudiant-entrepreneur-herve-patrick-opiangah-salue-le-geni-des-etudiants-de-luniversite-omar-bongo#breadcrumb\"},\"inLanguage\":\"fr-FR\",\"potentialAction\":[{\"@type\":\"ReadAction\",\"target\":[\"https:\/\/www.africa-press.net\/gabon\/politique\/journee-de-letudiant-entrepreneur-herve-patrick-opiangah-salue-le-geni-des-etudiants-de-luniversite-omar-bongo\"]}]},{\"@type\":\"ImageObject\",\"inLanguage\":\"fr-FR\",\"@id\":\"https:\/\/www.africa-press.net\/gabon\/politique\/journee-de-letudiant-entrepreneur-herve-patrick-opiangah-salue-le-geni-des-etudiants-de-luniversite-omar-bongo#primaryimage\",\"url\":\"https:\/\/static.africa-press.net\/gabon\/sites\/54\/2022\/12\/postQueueImg_1670173801.44.jpg\",\"contentUrl\":\"https:\/\/static.africa-press.net\/gabon\/sites\/54\/2022\/12\/postQueueImg_1670173801.44.jpg\",\"width\":1103,\"height\":756,\"caption\":\"Journ\u00e9e de l\u2019\u00e9tudiant entrepreneur\u00a0: Herv\u00e9 Patrick Opiangah salue le g\u00e9ni des \u00e9tudiants de l\u2019Universit\u00e9 Omar Bongo\"},{\"@type\":\"BreadcrumbList\",\"@id\":\"https:\/\/www.africa-press.net\/gabon\/politique\/journee-de-letudiant-entrepreneur-herve-patrick-opiangah-salue-le-geni-des-etudiants-de-luniversite-omar-bongo#breadcrumb\",\"itemListElement\":[{\"@type\":\"ListItem\",\"position\":1,\"name\":\"Accueil\",\"item\":\"https:\/\/www.africa-press.net\/gabon\/\"},{\"@type\":\"ListItem\",\"position\":2,\"name\":\"Journ\u00e9e de l\u2019\u00e9tudiant entrepreneur\u00a0: Herv\u00e9 Patrick Opiangah salue le g\u00e9ni des \u00e9tudiants de l\u2019Universit\u00e9 Omar Bongo\"}]},{\"@type\":\"WebSite\",\"@id\":\"https:\/\/www.africa-press.net\/gabon\/#website\",\"url\":\"https:\/\/www.africa-press.net\/gabon\/\",\"name\":\"Gabon\",\"description\":\"Just another Africa News Agency Sites site\",\"potentialAction\":[{\"@type\":\"SearchAction\",\"target\":{\"@type\":\"EntryPoint\",\"urlTemplate\":\"https:\/\/www.africa-press.net\/gabon\/?s={search_term_string}\"},\"query-input\":{\"@type\":\"PropertyValueSpecification\",\"valueRequired\":true,\"valueName\":\"search_term_string\"}}],\"inLanguage\":\"fr-FR\"},{\"@type\":\"Person\",\"@id\":\"https:\/\/www.africa-press.net\/gabon\/#\/schema\/person\/2b1cf3cd81a31e3cd26889ca66d677f1\",\"name\":\"cfeditorfr\"}]}<\/script>\n<!-- \/ Yoast SEO Premium plugin. -->","yoast_head_json":{"title":"Journ\u00e9e de l\u2019\u00e9tudiant entrepreneur\u00a0: Herv\u00e9 Patrick Opiangah salue le g\u00e9ni des \u00e9tudiants de l\u2019Universit\u00e9 Omar Bongo - Gabon","robots":{"index":"index","follow":"follow","max-snippet":"max-snippet:-1","max-image-preview":"max-image-preview:large","max-video-preview":"max-video-preview:-1"},"canonical":"https:\/\/www.africa-press.net\/gabon\/politique\/journee-de-letudiant-entrepreneur-herve-patrick-opiangah-salue-le-geni-des-etudiants-de-luniversite-omar-bongo","og_locale":"fr_FR","og_type":"article","og_title":"Journ\u00e9e de l\u2019\u00e9tudiant entrepreneur\u00a0: Herv\u00e9 Patrick Opiangah salue le g\u00e9ni des \u00e9tudiants de l\u2019Universit\u00e9 Omar Bongo","og_description":"Africa-Press &#8211; Gabon. L\u2019homme d\u2019affaires, Herve\u0301 Patrick Opiangah, encore appele\u0301 \u00ab capitaine de l\u2019industrie \u00bb pour avoir cre\u0301e\u0301 des entreprises qui sont prospe\u0300res dans les diffe\u0301rents domaines, a, en sa qualite\u0301 d\u2019invite\u0301 d\u2019honneur, salue\u0301 samedi 03 de\u0301cembre 2022, le ge\u0301ni des e\u0301tudiants de l\u2019Universite\u0301 Omar Bongo (UOB), a\u0300 l\u2019occasion de la 4e\u0300me e\u0301dition de la [&hellip;]","og_url":"https:\/\/www.africa-press.net\/gabon\/politique\/journee-de-letudiant-entrepreneur-herve-patrick-opiangah-salue-le-geni-des-etudiants-de-luniversite-omar-bongo","og_site_name":"Gabon","article_published_time":"2022-12-04T20:39:55+00:00","author":"cfeditorfr","twitter_card":"summary_large_image","twitter_misc":{"\u00c9crit par":"cfeditorfr","Dur\u00e9e de lecture estim\u00e9e":"2 minutes"},"schema":{"@context":"https:\/\/schema.org","@graph":[{"@type":"Article","@id":"https:\/\/www.africa-press.net\/gabon\/politique\/journee-de-letudiant-entrepreneur-herve-patrick-opiangah-salue-le-geni-des-etudiants-de-luniversite-omar-bongo#article","isPartOf":{"@id":"https:\/\/www.africa-press.net\/gabon\/politique\/journee-de-letudiant-entrepreneur-herve-patrick-opiangah-salue-le-geni-des-etudiants-de-luniversite-omar-bongo"},"author":{"name":"cfeditorfr","@id":"https:\/\/www.africa-press.net\/gabon\/#\/schema\/person\/2b1cf3cd81a31e3cd26889ca66d677f1"},"headline":"Journ\u00e9e de l\u2019\u00e9tudiant entrepreneur\u00a0: Herv\u00e9 Patrick Opiangah salue le g\u00e9ni des \u00e9tudiants de l\u2019Universit\u00e9 Omar Bongo","datePublished":"2022-12-04T20:39:55+00:00","mainEntityOfPage":{"@id":"https:\/\/www.africa-press.net\/gabon\/politique\/journee-de-letudiant-entrepreneur-herve-patrick-opiangah-salue-le-geni-des-etudiants-de-luniversite-omar-bongo"},"wordCount":433,"commentCount":0,"image":{"@id":"https:\/\/www.africa-press.net\/gabon\/politique\/journee-de-letudiant-entrepreneur-herve-patrick-opiangah-salue-le-geni-des-etudiants-de-luniversite-omar-bongo#primaryimage"},"thumbnailUrl":"https:\/\/static.africa-press.net\/gabon\/sites\/54\/2022\/12\/postQueueImg_1670173801.44.jpg","keywords":["Africa Press","Africa Press-Gabon","Gabon"],"articleSection":["Communaut\u00e9","Toutes les actualit\u00e9s"],"inLanguage":"fr-FR","potentialAction":[{"@type":"CommentAction","name":"Comment","target":["https:\/\/www.africa-press.net\/gabon\/politique\/journee-de-letudiant-entrepreneur-herve-patrick-opiangah-salue-le-geni-des-etudiants-de-luniversite-omar-bongo#respond"]}]},{"@type":"WebPage","@id":"https:\/\/www.africa-press.net\/gabon\/politique\/journee-de-letudiant-entrepreneur-herve-patrick-opiangah-salue-le-geni-des-etudiants-de-luniversite-omar-bongo","url":"https:\/\/www.africa-press.net\/gabon\/politique\/journee-de-letudiant-entrepreneur-herve-patrick-opiangah-salue-le-geni-des-etudiants-de-luniversite-omar-bongo","name":"Journ\u00e9e de l\u2019\u00e9tudiant entrepreneur\u00a0: Herv\u00e9 Patrick Opiangah salue le g\u00e9ni des \u00e9tudiants de l\u2019Universit\u00e9 Omar Bongo - Gabon","isPartOf":{"@id":"https:\/\/www.africa-press.net\/gabon\/#website"},"primaryImageOfPage":{"@id":"https:\/\/www.africa-press.net\/gabon\/politique\/journee-de-letudiant-entrepreneur-herve-patrick-opiangah-salue-le-geni-des-etudiants-de-luniversite-omar-bongo#primaryimage"},"image":{"@id":"https:\/\/www.africa-press.net\/gabon\/politique\/journee-de-letudiant-entrepreneur-herve-patrick-opiangah-salue-le-geni-des-etudiants-de-luniversite-omar-bongo#primaryimage"},"thumbnailUrl":"https:\/\/static.africa-press.net\/gabon\/sites\/54\/2022\/12\/postQueueImg_1670173801.44.jpg","datePublished":"2022-12-04T20:39:55+00:00","author":{"@id":"https:\/\/www.africa-press.net\/gabon\/#\/schema\/person\/2b1cf3cd81a31e3cd26889ca66d677f1"},"breadcrumb":{"@id":"https:\/\/www.africa-press.net\/gabon\/politique\/journee-de-letudiant-entrepreneur-herve-patrick-opiangah-salue-le-geni-des-etudiants-de-luniversite-omar-bongo#breadcrumb"},"inLanguage":"fr-FR","potentialAction":[{"@type":"ReadAction","target":["https:\/\/www.africa-press.net\/gabon\/politique\/journee-de-letudiant-entrepreneur-herve-patrick-opiangah-salue-le-geni-des-etudiants-de-luniversite-omar-bongo"]}]},{"@type":"ImageObject","inLanguage":"fr-FR","@id":"https:\/\/www.africa-press.net\/gabon\/politique\/journee-de-letudiant-entrepreneur-herve-patrick-opiangah-salue-le-geni-des-etudiants-de-luniversite-omar-bongo#primaryimage","url":"https:\/\/static.africa-press.net\/gabon\/sites\/54\/2022\/12\/postQueueImg_1670173801.44.jpg","contentUrl":"https:\/\/static.africa-press.net\/gabon\/sites\/54\/2022\/12\/postQueueImg_1670173801.44.jpg","width":1103,"height":756,"caption":"Journ\u00e9e de l\u2019\u00e9tudiant entrepreneur\u00a0: Herv\u00e9 Patrick Opiangah salue le g\u00e9ni des \u00e9tudiants de l\u2019Universit\u00e9 Omar Bongo"},{"@type":"BreadcrumbList","@id":"https:\/\/www.africa-press.net\/gabon\/politique\/journee-de-letudiant-entrepreneur-herve-patrick-opiangah-salue-le-geni-des-etudiants-de-luniversite-omar-bongo#breadcrumb","itemListElement":[{"@type":"ListItem","position":1,"name":"Accueil","item":"https:\/\/www.africa-press.net\/gabon\/"},{"@type":"ListItem","position":2,"name":"Journ\u00e9e de l\u2019\u00e9tudiant entrepreneur\u00a0: Herv\u00e9 Patrick Opiangah salue le g\u00e9ni des \u00e9tudiants de l\u2019Universit\u00e9 Omar Bongo"}]},{"@type":"WebSite","@id":"https:\/\/www.africa-press.net\/gabon\/#website","url":"https:\/\/www.africa-press.net\/gabon\/","name":"Gabon","description":"Just another Africa News Agency Sites site","potentialAction":[{"@type":"SearchAction","target":{"@type":"EntryPoint","urlTemplate":"https:\/\/www.africa-press.net\/gabon\/?s={search_term_string}"},"query-input":{"@type":"PropertyValueSpecification","valueRequired":true,"valueName":"search_term_string"}}],"inLanguage":"fr-FR"},{"@type":"Person","@id":"https:\/\/www.africa-press.net\/gabon\/#\/schema\/person\/2b1cf3cd81a31e3cd26889ca66d677f1","name":"cfeditorfr"}]}},"_links":{"self":[{"href":"https:\/\/www.africa-press.net\/gabon\/wp-json\/wp\/v2\/posts\/13538","targetHints":{"allow":["GET"]}}],"collection":[{"href":"https:\/\/www.africa-press.net\/gabon\/wp-json\/wp\/v2\/posts"}],"about":[{"href":"https:\/\/www.africa-press.net\/gabon\/wp-json\/wp\/v2\/types\/post"}],"author":[{"embeddable":true,"href":"https:\/\/www.africa-press.net\/gabon\/wp-json\/wp\/v2\/users\/82"}],"replies":[{"embeddable":true,"href":"https:\/\/www.africa-press.net\/gabon\/wp-json\/wp\/v2\/comments?post=13538"}],"version-history":[{"count":0,"href":"https:\/\/www.africa-press.net\/gabon\/wp-json\/wp\/v2\/posts\/13538\/revisions"}],"wp:featuredmedia":[{"embeddable":true,"href":"https:\/\/www.africa-press.net\/gabon\/wp-json\/wp\/v2\/media\/13537"}],"wp:attachment":[{"href":"https:\/\/www.africa-press.net\/gabon\/wp-json\/wp\/v2\/media?parent=13538"}],"wp:term":[{"taxonomy":"category","embeddable":true,"href":"https:\/\/www.africa-press.net\/gabon\/wp-json\/wp\/v2\/categories?post=13538"},{"taxonomy":"post_tag","embeddable":true,"href":"https:\/\/www.africa-press.net\/gabon\/wp-json\/wp\/v2\/tags?post=13538"}],"curies":[{"name":"wp","href":"https:\/\/api.w.org\/{rel}","templated":true}]}}