{"id":13540,"date":"2022-12-04T20:40:48","date_gmt":"2022-12-04T20:40:48","guid":{"rendered":"https:\/\/www.africa-press.net\/gabon\/politique\/delinquance-juvenile-le-faux-eleve-du-lycee-technique-au-tribunal-correctionnel-ce-lundi"},"modified":"2022-12-04T20:40:48","modified_gmt":"2022-12-04T20:40:48","slug":"delinquance-juvenile-le-faux-eleve-du-lycee-technique-au-tribunal-correctionnel-ce-lundi","status":"publish","type":"post","link":"https:\/\/www.africa-press.net\/gabon\/toutes-les-actualites\/delinquance-juvenile-le-faux-eleve-du-lycee-technique-au-tribunal-correctionnel-ce-lundi","title":{"rendered":"D\u00e9linquance juv\u00e9nile : Le faux \u00e9l\u00e8ve du Lyc\u00e9\u00e9 technique au tribunal correctionnel ce lundi"},"content":{"rendered":"<p><span style=\"color: #ff6600\"><strong>Africa-Press &#8211; Gabon. <\/strong><\/span><b>Steven Essika, 18 ans, de\u0301linquant, faux e\u0301le\u0300ve du lyce\u0301e technique national Omar Bongo (LTNOB) sera entendu, ce lundi 5 de\u0301cembre, devant le tribunal correctionnel de Libreville.<\/b><\/p>\n<p>Selon des sources proches du dossier, le faux e\u0301le\u0300ve du LTNOB comparai\u0302tra, demain, devant le tribunal correctionnel de Libreville.<\/p>\n<p>Le jeune homme avait e\u0301te\u0301 appre\u0301hende\u0301, le 18 novembre dernier, au terme d\u2019une ope\u0301ration diligente\u0301e par la direction du plus grand e\u0301tablissement secondaire du Gabon. Pour le maitriser il aura tout de me\u0302me fallu recourir aux agents des forces de l\u2019ordre en patrouille autour du lyce\u0301e. Celles-ci l\u2019avaient alors mis a\u0300 la disposition de la Brigade anti-criminalite\u0301 (BAC).<\/p>\n<p>Steven Essika ferait partie d\u2019un groupe de jeunes de\u0301linquants arborant les uniformes de certains e\u0301tablissements scolaires de Libreville et commettant de forfaits dans les rues de Libreville.<\/p>\n<p>Pour rappel, le vendredi 11 novembre dernier une violente altercation s\u2019e\u0301tait produite entre les e\u0301le\u0300ves du LTNOB et ceux du Lyce\u0301e Paul Indjendjet, faisant plusieurs blesse\u0301s et deux filles viole\u0301es. L\u2019intervention de e\u0301le\u0301ments de l\u2019Unite\u0301 spe\u0301ciale d\u2019intervention de la Police nationale avait permis l\u2019interpellation de certains e\u0301meutiers dont de faux e\u0301le\u0300ves arborant l\u2019uniforme du Lyce\u0301e Technique. Ceux-ci avaient profite\u0301 des troubles pour s\u2019y immiscer et commettre du brigandage. Steven Essika e\u0301tait-il de la partie ou faisait-il cavalier seul. Le tribunal correctionnel de Libreville va le savoir.<\/p>\n<p><strong>Pour plus d&rsquo;informations et d&rsquo;analyses sur la <a href=\"https:\/\/www.africa-press.net\/gabon\">Gabon<\/a>, suivez <a href=\"https:\/\/www.africa-press.net\/\">Africa-Press<\/a><\/strong><\/p>\n","protected":false},"excerpt":{"rendered":"<p>Africa-Press &#8211; Gabon. Steven Essika, 18 ans, de\u0301linquant, faux e\u0301le\u0300ve du lyce\u0301e technique national Omar Bongo (LTNOB) sera entendu, ce lundi 5 de\u0301cembre, devant le tribunal correctionnel de Libreville. Selon des sources proches du dossier, le faux e\u0301le\u0300ve du LTNOB comparai\u0302tra, demain, devant le tribunal correctionnel de Libreville. Le jeune homme avait e\u0301te\u0301 appre\u0301hende\u0301, le [&hellip;]<\/p>\n","protected":false},"author":82,"featured_media":13539,"comment_status":"open","ping_status":"closed","sticky":false,"template":"","format":"standard","meta":{"footnotes":""},"categories":[21,10],"tags":[36,50,49],"class_list":["post-13540","post","type-post","status-publish","format-standard","has-post-thumbnail","hentry","category-communaute","category-toutes-les-actualites","tag-africa-press","tag-africa-press-gabon","tag-gabon"],"yoast_head":"<!-- This site is optimized with the Yoast SEO Premium plugin v26.1 (Yoast SEO v27.0) - https:\/\/yoast.com\/product\/yoast-seo-premium-wordpress\/ -->\n<title>D\u00e9linquance juv\u00e9nile : Le faux \u00e9l\u00e8ve du Lyc\u00e9\u00e9 technique au tribunal correctionnel ce lundi - Gabon<\/title>\n<meta name=\"robots\" content=\"index, follow, max-snippet:-1, max-image-preview:large, max-video-preview:-1\" \/>\n<link rel=\"canonical\" href=\"https:\/\/www.africa-press.net\/gabon\/politique\/delinquance-juvenile-le-faux-eleve-du-lycee-technique-au-tribunal-correctionnel-ce-lundi\" \/>\n<meta property=\"og:locale\" content=\"fr_FR\" \/>\n<meta property=\"og:type\" content=\"article\" \/>\n<meta property=\"og:title\" content=\"D\u00e9linquance juv\u00e9nile : Le faux \u00e9l\u00e8ve du Lyc\u00e9\u00e9 technique au tribunal correctionnel ce lundi\" \/>\n<meta property=\"og:description\" content=\"Africa-Press &#8211; Gabon. Steven Essika, 18 ans, de\u0301linquant, faux e\u0301le\u0300ve du lyce\u0301e technique national Omar Bongo (LTNOB) sera entendu, ce lundi 5 de\u0301cembre, devant le tribunal correctionnel de Libreville. Selon des sources proches du dossier, le faux e\u0301le\u0300ve du LTNOB comparai\u0302tra, demain, devant le tribunal correctionnel de Libreville. Le jeune homme avait e\u0301te\u0301 appre\u0301hende\u0301, le [&hellip;]\" \/>\n<meta property=\"og:url\" content=\"https:\/\/www.africa-press.net\/gabon\/politique\/delinquance-juvenile-le-faux-eleve-du-lycee-technique-au-tribunal-correctionnel-ce-lundi\" \/>\n<meta property=\"og:site_name\" content=\"Gabon\" \/>\n<meta property=\"article:published_time\" content=\"2022-12-04T20:40:48+00:00\" \/>\n<meta name=\"author\" content=\"cfeditorfr\" \/>\n<meta name=\"twitter:card\" content=\"summary_large_image\" \/>\n<meta name=\"twitter:label1\" content=\"\u00c9crit par\" \/>\n\t<meta name=\"twitter:data1\" content=\"cfeditorfr\" \/>\n\t<meta name=\"twitter:label2\" content=\"Dur\u00e9e de lecture estim\u00e9e\" \/>\n\t<meta name=\"twitter:data2\" content=\"1 minute\" \/>\n<script type=\"application\/ld+json\" class=\"yoast-schema-graph\">{\"@context\":\"https:\/\/schema.org\",\"@graph\":[{\"@type\":\"Article\",\"@id\":\"https:\/\/www.africa-press.net\/gabon\/politique\/delinquance-juvenile-le-faux-eleve-du-lycee-technique-au-tribunal-correctionnel-ce-lundi#article\",\"isPartOf\":{\"@id\":\"https:\/\/www.africa-press.net\/gabon\/politique\/delinquance-juvenile-le-faux-eleve-du-lycee-technique-au-tribunal-correctionnel-ce-lundi\"},\"author\":{\"name\":\"cfeditorfr\",\"@id\":\"https:\/\/www.africa-press.net\/gabon\/#\/schema\/person\/2b1cf3cd81a31e3cd26889ca66d677f1\"},\"headline\":\"D\u00e9linquance juv\u00e9nile : Le faux \u00e9l\u00e8ve du Lyc\u00e9\u00e9 technique au tribunal correctionnel ce lundi\",\"datePublished\":\"2022-12-04T20:40:48+00:00\",\"mainEntityOfPage\":{\"@id\":\"https:\/\/www.africa-press.net\/gabon\/politique\/delinquance-juvenile-le-faux-eleve-du-lycee-technique-au-tribunal-correctionnel-ce-lundi\"},\"wordCount\":285,\"commentCount\":0,\"image\":{\"@id\":\"https:\/\/www.africa-press.net\/gabon\/politique\/delinquance-juvenile-le-faux-eleve-du-lycee-technique-au-tribunal-correctionnel-ce-lundi#primaryimage\"},\"thumbnailUrl\":\"https:\/\/static.africa-press.net\/gabon\/sites\/54\/2022\/12\/postQueueImg_1670173855.29.jpg\",\"keywords\":[\"Africa Press\",\"Africa Press-Gabon\",\"Gabon\"],\"articleSection\":[\"Communaut\u00e9\",\"Toutes les actualit\u00e9s\"],\"inLanguage\":\"fr-FR\",\"potentialAction\":[{\"@type\":\"CommentAction\",\"name\":\"Comment\",\"target\":[\"https:\/\/www.africa-press.net\/gabon\/politique\/delinquance-juvenile-le-faux-eleve-du-lycee-technique-au-tribunal-correctionnel-ce-lundi#respond\"]}]},{\"@type\":\"WebPage\",\"@id\":\"https:\/\/www.africa-press.net\/gabon\/politique\/delinquance-juvenile-le-faux-eleve-du-lycee-technique-au-tribunal-correctionnel-ce-lundi\",\"url\":\"https:\/\/www.africa-press.net\/gabon\/politique\/delinquance-juvenile-le-faux-eleve-du-lycee-technique-au-tribunal-correctionnel-ce-lundi\",\"name\":\"D\u00e9linquance juv\u00e9nile : Le faux \u00e9l\u00e8ve du Lyc\u00e9\u00e9 technique au tribunal correctionnel ce lundi - Gabon\",\"isPartOf\":{\"@id\":\"https:\/\/www.africa-press.net\/gabon\/#website\"},\"primaryImageOfPage\":{\"@id\":\"https:\/\/www.africa-press.net\/gabon\/politique\/delinquance-juvenile-le-faux-eleve-du-lycee-technique-au-tribunal-correctionnel-ce-lundi#primaryimage\"},\"image\":{\"@id\":\"https:\/\/www.africa-press.net\/gabon\/politique\/delinquance-juvenile-le-faux-eleve-du-lycee-technique-au-tribunal-correctionnel-ce-lundi#primaryimage\"},\"thumbnailUrl\":\"https:\/\/static.africa-press.net\/gabon\/sites\/54\/2022\/12\/postQueueImg_1670173855.29.jpg\",\"datePublished\":\"2022-12-04T20:40:48+00:00\",\"author\":{\"@id\":\"https:\/\/www.africa-press.net\/gabon\/#\/schema\/person\/2b1cf3cd81a31e3cd26889ca66d677f1\"},\"breadcrumb\":{\"@id\":\"https:\/\/www.africa-press.net\/gabon\/politique\/delinquance-juvenile-le-faux-eleve-du-lycee-technique-au-tribunal-correctionnel-ce-lundi#breadcrumb\"},\"inLanguage\":\"fr-FR\",\"potentialAction\":[{\"@type\":\"ReadAction\",\"target\":[\"https:\/\/www.africa-press.net\/gabon\/politique\/delinquance-juvenile-le-faux-eleve-du-lycee-technique-au-tribunal-correctionnel-ce-lundi\"]}]},{\"@type\":\"ImageObject\",\"inLanguage\":\"fr-FR\",\"@id\":\"https:\/\/www.africa-press.net\/gabon\/politique\/delinquance-juvenile-le-faux-eleve-du-lycee-technique-au-tribunal-correctionnel-ce-lundi#primaryimage\",\"url\":\"https:\/\/static.africa-press.net\/gabon\/sites\/54\/2022\/12\/postQueueImg_1670173855.29.jpg\",\"contentUrl\":\"https:\/\/static.africa-press.net\/gabon\/sites\/54\/2022\/12\/postQueueImg_1670173855.29.jpg\",\"width\":720,\"height\":480,\"caption\":\"D\u00e9linquance juv\u00e9nile : Le faux \u00e9l\u00e8ve du Lyc\u00e9\u00e9 technique au tribunal correctionnel ce lundi\"},{\"@type\":\"BreadcrumbList\",\"@id\":\"https:\/\/www.africa-press.net\/gabon\/politique\/delinquance-juvenile-le-faux-eleve-du-lycee-technique-au-tribunal-correctionnel-ce-lundi#breadcrumb\",\"itemListElement\":[{\"@type\":\"ListItem\",\"position\":1,\"name\":\"Accueil\",\"item\":\"https:\/\/www.africa-press.net\/gabon\/\"},{\"@type\":\"ListItem\",\"position\":2,\"name\":\"D\u00e9linquance juv\u00e9nile : Le faux \u00e9l\u00e8ve du Lyc\u00e9\u00e9 technique au tribunal correctionnel ce lundi\"}]},{\"@type\":\"WebSite\",\"@id\":\"https:\/\/www.africa-press.net\/gabon\/#website\",\"url\":\"https:\/\/www.africa-press.net\/gabon\/\",\"name\":\"Gabon\",\"description\":\"Just another Africa News Agency Sites site\",\"potentialAction\":[{\"@type\":\"SearchAction\",\"target\":{\"@type\":\"EntryPoint\",\"urlTemplate\":\"https:\/\/www.africa-press.net\/gabon\/?s={search_term_string}\"},\"query-input\":{\"@type\":\"PropertyValueSpecification\",\"valueRequired\":true,\"valueName\":\"search_term_string\"}}],\"inLanguage\":\"fr-FR\"},{\"@type\":\"Person\",\"@id\":\"https:\/\/www.africa-press.net\/gabon\/#\/schema\/person\/2b1cf3cd81a31e3cd26889ca66d677f1\",\"name\":\"cfeditorfr\"}]}<\/script>\n<!-- \/ Yoast SEO Premium plugin. -->","yoast_head_json":{"title":"D\u00e9linquance juv\u00e9nile : Le faux \u00e9l\u00e8ve du Lyc\u00e9\u00e9 technique au tribunal correctionnel ce lundi - Gabon","robots":{"index":"index","follow":"follow","max-snippet":"max-snippet:-1","max-image-preview":"max-image-preview:large","max-video-preview":"max-video-preview:-1"},"canonical":"https:\/\/www.africa-press.net\/gabon\/politique\/delinquance-juvenile-le-faux-eleve-du-lycee-technique-au-tribunal-correctionnel-ce-lundi","og_locale":"fr_FR","og_type":"article","og_title":"D\u00e9linquance juv\u00e9nile : Le faux \u00e9l\u00e8ve du Lyc\u00e9\u00e9 technique au tribunal correctionnel ce lundi","og_description":"Africa-Press &#8211; Gabon. Steven Essika, 18 ans, de\u0301linquant, faux e\u0301le\u0300ve du lyce\u0301e technique national Omar Bongo (LTNOB) sera entendu, ce lundi 5 de\u0301cembre, devant le tribunal correctionnel de Libreville. Selon des sources proches du dossier, le faux e\u0301le\u0300ve du LTNOB comparai\u0302tra, demain, devant le tribunal correctionnel de Libreville. Le jeune homme avait e\u0301te\u0301 appre\u0301hende\u0301, le [&hellip;]","og_url":"https:\/\/www.africa-press.net\/gabon\/politique\/delinquance-juvenile-le-faux-eleve-du-lycee-technique-au-tribunal-correctionnel-ce-lundi","og_site_name":"Gabon","article_published_time":"2022-12-04T20:40:48+00:00","author":"cfeditorfr","twitter_card":"summary_large_image","twitter_misc":{"\u00c9crit par":"cfeditorfr","Dur\u00e9e de lecture estim\u00e9e":"1 minute"},"schema":{"@context":"https:\/\/schema.org","@graph":[{"@type":"Article","@id":"https:\/\/www.africa-press.net\/gabon\/politique\/delinquance-juvenile-le-faux-eleve-du-lycee-technique-au-tribunal-correctionnel-ce-lundi#article","isPartOf":{"@id":"https:\/\/www.africa-press.net\/gabon\/politique\/delinquance-juvenile-le-faux-eleve-du-lycee-technique-au-tribunal-correctionnel-ce-lundi"},"author":{"name":"cfeditorfr","@id":"https:\/\/www.africa-press.net\/gabon\/#\/schema\/person\/2b1cf3cd81a31e3cd26889ca66d677f1"},"headline":"D\u00e9linquance juv\u00e9nile : Le faux \u00e9l\u00e8ve du Lyc\u00e9\u00e9 technique au tribunal correctionnel ce lundi","datePublished":"2022-12-04T20:40:48+00:00","mainEntityOfPage":{"@id":"https:\/\/www.africa-press.net\/gabon\/politique\/delinquance-juvenile-le-faux-eleve-du-lycee-technique-au-tribunal-correctionnel-ce-lundi"},"wordCount":285,"commentCount":0,"image":{"@id":"https:\/\/www.africa-press.net\/gabon\/politique\/delinquance-juvenile-le-faux-eleve-du-lycee-technique-au-tribunal-correctionnel-ce-lundi#primaryimage"},"thumbnailUrl":"https:\/\/static.africa-press.net\/gabon\/sites\/54\/2022\/12\/postQueueImg_1670173855.29.jpg","keywords":["Africa Press","Africa Press-Gabon","Gabon"],"articleSection":["Communaut\u00e9","Toutes les actualit\u00e9s"],"inLanguage":"fr-FR","potentialAction":[{"@type":"CommentAction","name":"Comment","target":["https:\/\/www.africa-press.net\/gabon\/politique\/delinquance-juvenile-le-faux-eleve-du-lycee-technique-au-tribunal-correctionnel-ce-lundi#respond"]}]},{"@type":"WebPage","@id":"https:\/\/www.africa-press.net\/gabon\/politique\/delinquance-juvenile-le-faux-eleve-du-lycee-technique-au-tribunal-correctionnel-ce-lundi","url":"https:\/\/www.africa-press.net\/gabon\/politique\/delinquance-juvenile-le-faux-eleve-du-lycee-technique-au-tribunal-correctionnel-ce-lundi","name":"D\u00e9linquance juv\u00e9nile : Le faux \u00e9l\u00e8ve du Lyc\u00e9\u00e9 technique au tribunal correctionnel ce lundi - Gabon","isPartOf":{"@id":"https:\/\/www.africa-press.net\/gabon\/#website"},"primaryImageOfPage":{"@id":"https:\/\/www.africa-press.net\/gabon\/politique\/delinquance-juvenile-le-faux-eleve-du-lycee-technique-au-tribunal-correctionnel-ce-lundi#primaryimage"},"image":{"@id":"https:\/\/www.africa-press.net\/gabon\/politique\/delinquance-juvenile-le-faux-eleve-du-lycee-technique-au-tribunal-correctionnel-ce-lundi#primaryimage"},"thumbnailUrl":"https:\/\/static.africa-press.net\/gabon\/sites\/54\/2022\/12\/postQueueImg_1670173855.29.jpg","datePublished":"2022-12-04T20:40:48+00:00","author":{"@id":"https:\/\/www.africa-press.net\/gabon\/#\/schema\/person\/2b1cf3cd81a31e3cd26889ca66d677f1"},"breadcrumb":{"@id":"https:\/\/www.africa-press.net\/gabon\/politique\/delinquance-juvenile-le-faux-eleve-du-lycee-technique-au-tribunal-correctionnel-ce-lundi#breadcrumb"},"inLanguage":"fr-FR","potentialAction":[{"@type":"ReadAction","target":["https:\/\/www.africa-press.net\/gabon\/politique\/delinquance-juvenile-le-faux-eleve-du-lycee-technique-au-tribunal-correctionnel-ce-lundi"]}]},{"@type":"ImageObject","inLanguage":"fr-FR","@id":"https:\/\/www.africa-press.net\/gabon\/politique\/delinquance-juvenile-le-faux-eleve-du-lycee-technique-au-tribunal-correctionnel-ce-lundi#primaryimage","url":"https:\/\/static.africa-press.net\/gabon\/sites\/54\/2022\/12\/postQueueImg_1670173855.29.jpg","contentUrl":"https:\/\/static.africa-press.net\/gabon\/sites\/54\/2022\/12\/postQueueImg_1670173855.29.jpg","width":720,"height":480,"caption":"D\u00e9linquance juv\u00e9nile : Le faux \u00e9l\u00e8ve du Lyc\u00e9\u00e9 technique au tribunal correctionnel ce lundi"},{"@type":"BreadcrumbList","@id":"https:\/\/www.africa-press.net\/gabon\/politique\/delinquance-juvenile-le-faux-eleve-du-lycee-technique-au-tribunal-correctionnel-ce-lundi#breadcrumb","itemListElement":[{"@type":"ListItem","position":1,"name":"Accueil","item":"https:\/\/www.africa-press.net\/gabon\/"},{"@type":"ListItem","position":2,"name":"D\u00e9linquance juv\u00e9nile : Le faux \u00e9l\u00e8ve du Lyc\u00e9\u00e9 technique au tribunal correctionnel ce lundi"}]},{"@type":"WebSite","@id":"https:\/\/www.africa-press.net\/gabon\/#website","url":"https:\/\/www.africa-press.net\/gabon\/","name":"Gabon","description":"Just another Africa News Agency Sites site","potentialAction":[{"@type":"SearchAction","target":{"@type":"EntryPoint","urlTemplate":"https:\/\/www.africa-press.net\/gabon\/?s={search_term_string}"},"query-input":{"@type":"PropertyValueSpecification","valueRequired":true,"valueName":"search_term_string"}}],"inLanguage":"fr-FR"},{"@type":"Person","@id":"https:\/\/www.africa-press.net\/gabon\/#\/schema\/person\/2b1cf3cd81a31e3cd26889ca66d677f1","name":"cfeditorfr"}]}},"_links":{"self":[{"href":"https:\/\/www.africa-press.net\/gabon\/wp-json\/wp\/v2\/posts\/13540","targetHints":{"allow":["GET"]}}],"collection":[{"href":"https:\/\/www.africa-press.net\/gabon\/wp-json\/wp\/v2\/posts"}],"about":[{"href":"https:\/\/www.africa-press.net\/gabon\/wp-json\/wp\/v2\/types\/post"}],"author":[{"embeddable":true,"href":"https:\/\/www.africa-press.net\/gabon\/wp-json\/wp\/v2\/users\/82"}],"replies":[{"embeddable":true,"href":"https:\/\/www.africa-press.net\/gabon\/wp-json\/wp\/v2\/comments?post=13540"}],"version-history":[{"count":0,"href":"https:\/\/www.africa-press.net\/gabon\/wp-json\/wp\/v2\/posts\/13540\/revisions"}],"wp:featuredmedia":[{"embeddable":true,"href":"https:\/\/www.africa-press.net\/gabon\/wp-json\/wp\/v2\/media\/13539"}],"wp:attachment":[{"href":"https:\/\/www.africa-press.net\/gabon\/wp-json\/wp\/v2\/media?parent=13540"}],"wp:term":[{"taxonomy":"category","embeddable":true,"href":"https:\/\/www.africa-press.net\/gabon\/wp-json\/wp\/v2\/categories?post=13540"},{"taxonomy":"post_tag","embeddable":true,"href":"https:\/\/www.africa-press.net\/gabon\/wp-json\/wp\/v2\/tags?post=13540"}],"curies":[{"name":"wp","href":"https:\/\/api.w.org\/{rel}","templated":true}]}}