{"id":13542,"date":"2022-12-04T20:41:03","date_gmt":"2022-12-04T20:41:03","guid":{"rendered":"https:\/\/www.africa-press.net\/gabon\/politique\/gabon-herve-opiangah-honore-les-etudiants-entrepreneurs-du-cuen"},"modified":"2022-12-04T20:41:03","modified_gmt":"2022-12-04T20:41:03","slug":"gabon-herve-opiangah-honore-les-etudiants-entrepreneurs-du-cuen","status":"publish","type":"post","link":"https:\/\/www.africa-press.net\/gabon\/toutes-les-actualites\/gabon-herve-opiangah-honore-les-etudiants-entrepreneurs-du-cuen","title":{"rendered":"Gabon : Herv\u00e9 Opiangah honore les \u00e9tudiants entrepreneurs du CUEN"},"content":{"rendered":"<p><span style=\"color: #ff6600\"><strong>Africa-Press &#8211; Gabon. <\/strong><\/span><b>Longtemps e\u0301voque\u0301es lors des rencontres du pre\u0301sident de l\u2019Union pour la de\u0301mocratie et l\u2019inte\u0301gration sociale (Udis), Herve\u0301 Patrick Opiangah, avec les jeunes et les militants de sa formation politique, les questions de l\u2019entrepreneuriat, de l\u2019employabilite\u0301 et de l\u2019autonomisation des jeunes e\u0301taient au c\u0153ur de la 4e Journe\u0301e de l\u2019e\u0301tudiant entrepreneur, organise\u0301e le 3 de\u0301cembre a\u0300 Libreville par le Club universitaire d\u2019entrepreneuriat national (CUEN). Le leader de cette e\u0301curie politique et homme d\u2019affaires e\u0301tait l\u2019invite\u0301 d\u2019honneur de ces jeunes qui osent et tentent leur chance dans le de\u0301veloppement des initiatives prive\u0301es.<\/b><\/p>\n<p>Joignant la parole a\u0300 l\u2019acte et en re\u0301ponse a\u0300 ses diffe\u0301rentes promesses indiquant qu\u2019il re\u0301pondra volontiers a\u0300 toutes invitations faites dans le cadre des initiatives pouvant impacter la vie des jeunes, des femmes et de la population entie\u0300re, le pre\u0301sident de l\u2019Union pour la de\u0301mocratie et l\u2019inte\u0301gration sociale (Udis), Herve\u0301 Patrick Opiangah, homme d\u2019affaires et promoteur, entre autres, de la Socie\u0301te\u0301 gabonaise de de\u0301veloppement agricole (Sogada) a re\u0301pondu, le 3 de\u0301cembre, a\u0300 l\u2019invitation du Club universitaire d\u2019entrepreneuriat national (CUEN). Organise\u0301e au sein de l\u2019Universite\u0301 Omar-Bongo (UOB) par cette associatio, la 4e Journe\u0301e de l\u2019e\u0301tudiant entrepreneur avait pour the\u0300me : \u00abun pied a\u0300 l\u2019e\u0301cole, un pied dans les affaires\u00bb.<\/p>\n<p>L\u2019initiative a permis a\u0300 ces jeunes, pris de passion et d\u2019envie de prouver leur potentiel en matie\u0300re d\u2019inventivite\u0301 et de cre\u0301ativite\u0301, de pre\u0301senter aux yeux du monde et de leur invite\u0301 d\u2019honneur leurs re\u0301alisations. Ainsi, dans les stands e\u0301rige\u0301s a\u0300 cet effet, Herve\u0301 Patrick Opiangah qui encourage re\u0301gulie\u0300rement les uns et les autres et en particulier les jeunes a\u0300 entreprendre, a\u0300 se lancer dans les \u00abaffaires\u00bb, a pu de\u0301couvrir les savons liquides fabrique\u0301s par Clean expert du jeune Le\u0301ance Omvoula, e\u0301tudiant en philosophie ou encore, les produits de la Corinthe Epice\u0301 qui ope\u0300re dans la transformation et la conservation des aromates fraiches, les de\u0301shydratant et les conservant a\u0300 l\u2019exemple du persil, du ce\u0301leris, des oignons, du gingembre ou du poireau.<\/p>\n<p>D\u2019autres tels que la Coope\u0301rative agricole des e\u0301tudiants de Libreville nord et Akanda (CAELNA) ont pre\u0301sente\u0301 des feuilles de manioc, de l\u2019oseille, d\u2019e\u0301pinard pre\u0302tes a\u0300 cuire ou a\u0300 consommer.<\/p>\n<p>\u00abAujourd\u2019hui, notre pays comme bien d\u2019autres pays de la sous-re\u0301gion, est touche\u0301 par le phe\u0301nome\u0300ne du cho\u0302mage ; et surtout le cho\u0302mage des jeunes. Alors, le temps est venu pour que les jeunes s\u2019engagent vers d\u2019autres perspectives socioe\u0301conomiques, afin qu\u2019ils participent a\u0300 leur tour a\u0300 la construction du pays\u00bb, a de\u0301clare\u0301 le pre\u0301sident de la Mutuelle de l\u2019UOB, Linerol Privat Biveghe Bi Engueng. Une de\u0301claration appuye\u0301e par le pre\u0301sident du CUEN, Ce\u0301dric Ndema Nnang, qui laisse quant a\u0300 lui entendre que \u00able e\u0301tudiants veulent entreprendre parce qu\u2019ils sont doue\u0301s\u00bb.<\/p>\n<p>Le pre\u0301sident de l\u2019Udis n\u2019a pas manque\u0301 de prodiguer quelques conseils. Le business plan, la rigueur, le travail, &#8230; restent les mai\u0302tres-mots pour la re\u0301ussite. Il les a invite\u0301 a\u0300 \u00abne jamais confondre le chiffre d\u2019affaire et le be\u0301ne\u0301fice\u00bb tout en disant son satisfe\u0301cit par rapport a\u0300 cette initiative du CUEN, \u00abparce la Fonction publique ne peut plus prendre tout le monde\u00bb.<\/p>\n<p>Au terme de cette journe\u0301e au cours de laquelle des e\u0301tudiants entrepreneurs ont e\u0301te\u0301 prime\u0301s, Herve\u0301 Patrick Opiangah les a invite\u0301s a\u0300 une master class qu\u2019il donnera volontiers en vue de les aider a\u0300 ame\u0301liorer leur expe\u0301rience et leur business.<\/p>\n<p><strong>Pour plus d&rsquo;informations et d&rsquo;analyses sur la <a href=\"https:\/\/www.africa-press.net\/gabon\">Gabon<\/a>, suivez <a href=\"https:\/\/www.africa-press.net\/\">Africa-Press<\/a><\/strong><\/p>\n","protected":false},"excerpt":{"rendered":"<p>Africa-Press &#8211; Gabon. Longtemps e\u0301voque\u0301es lors des rencontres du pre\u0301sident de l\u2019Union pour la de\u0301mocratie et l\u2019inte\u0301gration sociale (Udis), Herve\u0301 Patrick Opiangah, avec les jeunes et les militants de sa formation politique, les questions de l\u2019entrepreneuriat, de l\u2019employabilite\u0301 et de l\u2019autonomisation des jeunes e\u0301taient au c\u0153ur de la 4e Journe\u0301e de l\u2019e\u0301tudiant entrepreneur, organise\u0301e le [&hellip;]<\/p>\n","protected":false},"author":82,"featured_media":13541,"comment_status":"open","ping_status":"closed","sticky":false,"template":"","format":"standard","meta":{"footnotes":""},"categories":[21,10],"tags":[36,50,49],"class_list":["post-13542","post","type-post","status-publish","format-standard","has-post-thumbnail","hentry","category-communaute","category-toutes-les-actualites","tag-africa-press","tag-africa-press-gabon","tag-gabon"],"yoast_head":"<!-- This site is optimized with the Yoast SEO Premium plugin v26.1 (Yoast SEO v27.0) - https:\/\/yoast.com\/product\/yoast-seo-premium-wordpress\/ -->\n<title>Gabon : Herv\u00e9 Opiangah honore les \u00e9tudiants entrepreneurs du CUEN - Gabon<\/title>\n<meta name=\"robots\" content=\"index, follow, max-snippet:-1, max-image-preview:large, max-video-preview:-1\" \/>\n<link rel=\"canonical\" href=\"https:\/\/www.africa-press.net\/gabon\/politique\/gabon-herve-opiangah-honore-les-etudiants-entrepreneurs-du-cuen\" \/>\n<meta property=\"og:locale\" content=\"fr_FR\" \/>\n<meta property=\"og:type\" content=\"article\" \/>\n<meta property=\"og:title\" content=\"Gabon : Herv\u00e9 Opiangah honore les \u00e9tudiants entrepreneurs du CUEN\" \/>\n<meta property=\"og:description\" content=\"Africa-Press &#8211; Gabon. Longtemps e\u0301voque\u0301es lors des rencontres du pre\u0301sident de l\u2019Union pour la de\u0301mocratie et l\u2019inte\u0301gration sociale (Udis), Herve\u0301 Patrick Opiangah, avec les jeunes et les militants de sa formation politique, les questions de l\u2019entrepreneuriat, de l\u2019employabilite\u0301 et de l\u2019autonomisation des jeunes e\u0301taient au c\u0153ur de la 4e Journe\u0301e de l\u2019e\u0301tudiant entrepreneur, organise\u0301e le [&hellip;]\" \/>\n<meta property=\"og:url\" content=\"https:\/\/www.africa-press.net\/gabon\/politique\/gabon-herve-opiangah-honore-les-etudiants-entrepreneurs-du-cuen\" \/>\n<meta property=\"og:site_name\" content=\"Gabon\" \/>\n<meta property=\"article:published_time\" content=\"2022-12-04T20:41:03+00:00\" \/>\n<meta name=\"author\" content=\"cfeditorfr\" \/>\n<meta name=\"twitter:card\" content=\"summary_large_image\" \/>\n<meta name=\"twitter:label1\" content=\"\u00c9crit par\" \/>\n\t<meta name=\"twitter:data1\" content=\"cfeditorfr\" \/>\n\t<meta name=\"twitter:label2\" content=\"Dur\u00e9e de lecture estim\u00e9e\" \/>\n\t<meta name=\"twitter:data2\" content=\"3 minutes\" \/>\n<script type=\"application\/ld+json\" class=\"yoast-schema-graph\">{\"@context\":\"https:\/\/schema.org\",\"@graph\":[{\"@type\":\"Article\",\"@id\":\"https:\/\/www.africa-press.net\/gabon\/politique\/gabon-herve-opiangah-honore-les-etudiants-entrepreneurs-du-cuen#article\",\"isPartOf\":{\"@id\":\"https:\/\/www.africa-press.net\/gabon\/politique\/gabon-herve-opiangah-honore-les-etudiants-entrepreneurs-du-cuen\"},\"author\":{\"name\":\"cfeditorfr\",\"@id\":\"https:\/\/www.africa-press.net\/gabon\/#\/schema\/person\/2b1cf3cd81a31e3cd26889ca66d677f1\"},\"headline\":\"Gabon : Herv\u00e9 Opiangah honore les \u00e9tudiants entrepreneurs du CUEN\",\"datePublished\":\"2022-12-04T20:41:03+00:00\",\"mainEntityOfPage\":{\"@id\":\"https:\/\/www.africa-press.net\/gabon\/politique\/gabon-herve-opiangah-honore-les-etudiants-entrepreneurs-du-cuen\"},\"wordCount\":674,\"commentCount\":0,\"image\":{\"@id\":\"https:\/\/www.africa-press.net\/gabon\/politique\/gabon-herve-opiangah-honore-les-etudiants-entrepreneurs-du-cuen#primaryimage\"},\"thumbnailUrl\":\"https:\/\/static.africa-press.net\/gabon\/sites\/54\/2022\/12\/postQueueImg_1670173867.61.jpg\",\"keywords\":[\"Africa Press\",\"Africa Press-Gabon\",\"Gabon\"],\"articleSection\":[\"Communaut\u00e9\",\"Toutes les actualit\u00e9s\"],\"inLanguage\":\"fr-FR\",\"potentialAction\":[{\"@type\":\"CommentAction\",\"name\":\"Comment\",\"target\":[\"https:\/\/www.africa-press.net\/gabon\/politique\/gabon-herve-opiangah-honore-les-etudiants-entrepreneurs-du-cuen#respond\"]}]},{\"@type\":\"WebPage\",\"@id\":\"https:\/\/www.africa-press.net\/gabon\/politique\/gabon-herve-opiangah-honore-les-etudiants-entrepreneurs-du-cuen\",\"url\":\"https:\/\/www.africa-press.net\/gabon\/politique\/gabon-herve-opiangah-honore-les-etudiants-entrepreneurs-du-cuen\",\"name\":\"Gabon : Herv\u00e9 Opiangah honore les \u00e9tudiants entrepreneurs du CUEN - Gabon\",\"isPartOf\":{\"@id\":\"https:\/\/www.africa-press.net\/gabon\/#website\"},\"primaryImageOfPage\":{\"@id\":\"https:\/\/www.africa-press.net\/gabon\/politique\/gabon-herve-opiangah-honore-les-etudiants-entrepreneurs-du-cuen#primaryimage\"},\"image\":{\"@id\":\"https:\/\/www.africa-press.net\/gabon\/politique\/gabon-herve-opiangah-honore-les-etudiants-entrepreneurs-du-cuen#primaryimage\"},\"thumbnailUrl\":\"https:\/\/static.africa-press.net\/gabon\/sites\/54\/2022\/12\/postQueueImg_1670173867.61.jpg\",\"datePublished\":\"2022-12-04T20:41:03+00:00\",\"author\":{\"@id\":\"https:\/\/www.africa-press.net\/gabon\/#\/schema\/person\/2b1cf3cd81a31e3cd26889ca66d677f1\"},\"breadcrumb\":{\"@id\":\"https:\/\/www.africa-press.net\/gabon\/politique\/gabon-herve-opiangah-honore-les-etudiants-entrepreneurs-du-cuen#breadcrumb\"},\"inLanguage\":\"fr-FR\",\"potentialAction\":[{\"@type\":\"ReadAction\",\"target\":[\"https:\/\/www.africa-press.net\/gabon\/politique\/gabon-herve-opiangah-honore-les-etudiants-entrepreneurs-du-cuen\"]}]},{\"@type\":\"ImageObject\",\"inLanguage\":\"fr-FR\",\"@id\":\"https:\/\/www.africa-press.net\/gabon\/politique\/gabon-herve-opiangah-honore-les-etudiants-entrepreneurs-du-cuen#primaryimage\",\"url\":\"https:\/\/static.africa-press.net\/gabon\/sites\/54\/2022\/12\/postQueueImg_1670173867.61.jpg\",\"contentUrl\":\"https:\/\/static.africa-press.net\/gabon\/sites\/54\/2022\/12\/postQueueImg_1670173867.61.jpg\",\"width\":720,\"height\":462,\"caption\":\"Gabon : Herv\u00e9 Opiangah honore les \u00e9tudiants entrepreneurs du CUEN\"},{\"@type\":\"BreadcrumbList\",\"@id\":\"https:\/\/www.africa-press.net\/gabon\/politique\/gabon-herve-opiangah-honore-les-etudiants-entrepreneurs-du-cuen#breadcrumb\",\"itemListElement\":[{\"@type\":\"ListItem\",\"position\":1,\"name\":\"Accueil\",\"item\":\"https:\/\/www.africa-press.net\/gabon\/\"},{\"@type\":\"ListItem\",\"position\":2,\"name\":\"Gabon : Herv\u00e9 Opiangah honore les \u00e9tudiants entrepreneurs du CUEN\"}]},{\"@type\":\"WebSite\",\"@id\":\"https:\/\/www.africa-press.net\/gabon\/#website\",\"url\":\"https:\/\/www.africa-press.net\/gabon\/\",\"name\":\"Gabon\",\"description\":\"Just another Africa News Agency Sites site\",\"potentialAction\":[{\"@type\":\"SearchAction\",\"target\":{\"@type\":\"EntryPoint\",\"urlTemplate\":\"https:\/\/www.africa-press.net\/gabon\/?s={search_term_string}\"},\"query-input\":{\"@type\":\"PropertyValueSpecification\",\"valueRequired\":true,\"valueName\":\"search_term_string\"}}],\"inLanguage\":\"fr-FR\"},{\"@type\":\"Person\",\"@id\":\"https:\/\/www.africa-press.net\/gabon\/#\/schema\/person\/2b1cf3cd81a31e3cd26889ca66d677f1\",\"name\":\"cfeditorfr\"}]}<\/script>\n<!-- \/ Yoast SEO Premium plugin. -->","yoast_head_json":{"title":"Gabon : Herv\u00e9 Opiangah honore les \u00e9tudiants entrepreneurs du CUEN - Gabon","robots":{"index":"index","follow":"follow","max-snippet":"max-snippet:-1","max-image-preview":"max-image-preview:large","max-video-preview":"max-video-preview:-1"},"canonical":"https:\/\/www.africa-press.net\/gabon\/politique\/gabon-herve-opiangah-honore-les-etudiants-entrepreneurs-du-cuen","og_locale":"fr_FR","og_type":"article","og_title":"Gabon : Herv\u00e9 Opiangah honore les \u00e9tudiants entrepreneurs du CUEN","og_description":"Africa-Press &#8211; Gabon. Longtemps e\u0301voque\u0301es lors des rencontres du pre\u0301sident de l\u2019Union pour la de\u0301mocratie et l\u2019inte\u0301gration sociale (Udis), Herve\u0301 Patrick Opiangah, avec les jeunes et les militants de sa formation politique, les questions de l\u2019entrepreneuriat, de l\u2019employabilite\u0301 et de l\u2019autonomisation des jeunes e\u0301taient au c\u0153ur de la 4e Journe\u0301e de l\u2019e\u0301tudiant entrepreneur, organise\u0301e le [&hellip;]","og_url":"https:\/\/www.africa-press.net\/gabon\/politique\/gabon-herve-opiangah-honore-les-etudiants-entrepreneurs-du-cuen","og_site_name":"Gabon","article_published_time":"2022-12-04T20:41:03+00:00","author":"cfeditorfr","twitter_card":"summary_large_image","twitter_misc":{"\u00c9crit par":"cfeditorfr","Dur\u00e9e de lecture estim\u00e9e":"3 minutes"},"schema":{"@context":"https:\/\/schema.org","@graph":[{"@type":"Article","@id":"https:\/\/www.africa-press.net\/gabon\/politique\/gabon-herve-opiangah-honore-les-etudiants-entrepreneurs-du-cuen#article","isPartOf":{"@id":"https:\/\/www.africa-press.net\/gabon\/politique\/gabon-herve-opiangah-honore-les-etudiants-entrepreneurs-du-cuen"},"author":{"name":"cfeditorfr","@id":"https:\/\/www.africa-press.net\/gabon\/#\/schema\/person\/2b1cf3cd81a31e3cd26889ca66d677f1"},"headline":"Gabon : Herv\u00e9 Opiangah honore les \u00e9tudiants entrepreneurs du CUEN","datePublished":"2022-12-04T20:41:03+00:00","mainEntityOfPage":{"@id":"https:\/\/www.africa-press.net\/gabon\/politique\/gabon-herve-opiangah-honore-les-etudiants-entrepreneurs-du-cuen"},"wordCount":674,"commentCount":0,"image":{"@id":"https:\/\/www.africa-press.net\/gabon\/politique\/gabon-herve-opiangah-honore-les-etudiants-entrepreneurs-du-cuen#primaryimage"},"thumbnailUrl":"https:\/\/static.africa-press.net\/gabon\/sites\/54\/2022\/12\/postQueueImg_1670173867.61.jpg","keywords":["Africa Press","Africa Press-Gabon","Gabon"],"articleSection":["Communaut\u00e9","Toutes les actualit\u00e9s"],"inLanguage":"fr-FR","potentialAction":[{"@type":"CommentAction","name":"Comment","target":["https:\/\/www.africa-press.net\/gabon\/politique\/gabon-herve-opiangah-honore-les-etudiants-entrepreneurs-du-cuen#respond"]}]},{"@type":"WebPage","@id":"https:\/\/www.africa-press.net\/gabon\/politique\/gabon-herve-opiangah-honore-les-etudiants-entrepreneurs-du-cuen","url":"https:\/\/www.africa-press.net\/gabon\/politique\/gabon-herve-opiangah-honore-les-etudiants-entrepreneurs-du-cuen","name":"Gabon : Herv\u00e9 Opiangah honore les \u00e9tudiants entrepreneurs du CUEN - Gabon","isPartOf":{"@id":"https:\/\/www.africa-press.net\/gabon\/#website"},"primaryImageOfPage":{"@id":"https:\/\/www.africa-press.net\/gabon\/politique\/gabon-herve-opiangah-honore-les-etudiants-entrepreneurs-du-cuen#primaryimage"},"image":{"@id":"https:\/\/www.africa-press.net\/gabon\/politique\/gabon-herve-opiangah-honore-les-etudiants-entrepreneurs-du-cuen#primaryimage"},"thumbnailUrl":"https:\/\/static.africa-press.net\/gabon\/sites\/54\/2022\/12\/postQueueImg_1670173867.61.jpg","datePublished":"2022-12-04T20:41:03+00:00","author":{"@id":"https:\/\/www.africa-press.net\/gabon\/#\/schema\/person\/2b1cf3cd81a31e3cd26889ca66d677f1"},"breadcrumb":{"@id":"https:\/\/www.africa-press.net\/gabon\/politique\/gabon-herve-opiangah-honore-les-etudiants-entrepreneurs-du-cuen#breadcrumb"},"inLanguage":"fr-FR","potentialAction":[{"@type":"ReadAction","target":["https:\/\/www.africa-press.net\/gabon\/politique\/gabon-herve-opiangah-honore-les-etudiants-entrepreneurs-du-cuen"]}]},{"@type":"ImageObject","inLanguage":"fr-FR","@id":"https:\/\/www.africa-press.net\/gabon\/politique\/gabon-herve-opiangah-honore-les-etudiants-entrepreneurs-du-cuen#primaryimage","url":"https:\/\/static.africa-press.net\/gabon\/sites\/54\/2022\/12\/postQueueImg_1670173867.61.jpg","contentUrl":"https:\/\/static.africa-press.net\/gabon\/sites\/54\/2022\/12\/postQueueImg_1670173867.61.jpg","width":720,"height":462,"caption":"Gabon : Herv\u00e9 Opiangah honore les \u00e9tudiants entrepreneurs du CUEN"},{"@type":"BreadcrumbList","@id":"https:\/\/www.africa-press.net\/gabon\/politique\/gabon-herve-opiangah-honore-les-etudiants-entrepreneurs-du-cuen#breadcrumb","itemListElement":[{"@type":"ListItem","position":1,"name":"Accueil","item":"https:\/\/www.africa-press.net\/gabon\/"},{"@type":"ListItem","position":2,"name":"Gabon : Herv\u00e9 Opiangah honore les \u00e9tudiants entrepreneurs du CUEN"}]},{"@type":"WebSite","@id":"https:\/\/www.africa-press.net\/gabon\/#website","url":"https:\/\/www.africa-press.net\/gabon\/","name":"Gabon","description":"Just another Africa News Agency Sites site","potentialAction":[{"@type":"SearchAction","target":{"@type":"EntryPoint","urlTemplate":"https:\/\/www.africa-press.net\/gabon\/?s={search_term_string}"},"query-input":{"@type":"PropertyValueSpecification","valueRequired":true,"valueName":"search_term_string"}}],"inLanguage":"fr-FR"},{"@type":"Person","@id":"https:\/\/www.africa-press.net\/gabon\/#\/schema\/person\/2b1cf3cd81a31e3cd26889ca66d677f1","name":"cfeditorfr"}]}},"_links":{"self":[{"href":"https:\/\/www.africa-press.net\/gabon\/wp-json\/wp\/v2\/posts\/13542","targetHints":{"allow":["GET"]}}],"collection":[{"href":"https:\/\/www.africa-press.net\/gabon\/wp-json\/wp\/v2\/posts"}],"about":[{"href":"https:\/\/www.africa-press.net\/gabon\/wp-json\/wp\/v2\/types\/post"}],"author":[{"embeddable":true,"href":"https:\/\/www.africa-press.net\/gabon\/wp-json\/wp\/v2\/users\/82"}],"replies":[{"embeddable":true,"href":"https:\/\/www.africa-press.net\/gabon\/wp-json\/wp\/v2\/comments?post=13542"}],"version-history":[{"count":0,"href":"https:\/\/www.africa-press.net\/gabon\/wp-json\/wp\/v2\/posts\/13542\/revisions"}],"wp:featuredmedia":[{"embeddable":true,"href":"https:\/\/www.africa-press.net\/gabon\/wp-json\/wp\/v2\/media\/13541"}],"wp:attachment":[{"href":"https:\/\/www.africa-press.net\/gabon\/wp-json\/wp\/v2\/media?parent=13542"}],"wp:term":[{"taxonomy":"category","embeddable":true,"href":"https:\/\/www.africa-press.net\/gabon\/wp-json\/wp\/v2\/categories?post=13542"},{"taxonomy":"post_tag","embeddable":true,"href":"https:\/\/www.africa-press.net\/gabon\/wp-json\/wp\/v2\/tags?post=13542"}],"curies":[{"name":"wp","href":"https:\/\/api.w.org\/{rel}","templated":true}]}}