{"id":13548,"date":"2022-12-04T20:41:44","date_gmt":"2022-12-04T20:41:44","guid":{"rendered":"https:\/\/www.africa-press.net\/gabon\/politique\/duoday-premiere-operation-de-la-fbso-pour-linsertion-professionnelle-des-handicapes"},"modified":"2022-12-04T20:41:44","modified_gmt":"2022-12-04T20:41:44","slug":"duoday-premiere-operation-de-la-fbso-pour-linsertion-professionnelle-des-handicapes","status":"publish","type":"post","link":"https:\/\/www.africa-press.net\/gabon\/economie\/duoday-premiere-operation-de-la-fbso-pour-linsertion-professionnelle-des-handicapes","title":{"rendered":"\u00abDuoDay\u00bb : Premi\u00e8re op\u00e9ration de la FBSO pour l\u2019insertion professionnelle des handicap\u00e9s"},"content":{"rendered":"<p><span style=\"color: #ff6600\"><strong>Africa-Press &#8211; Gabon. <\/strong><\/span><b>La Fondation Sylvia Bongo Ondimba (FBSO) pour la Famille a lance\u0301, le 3 de\u0301cembre a\u0300 Libreville, la premie\u0300re e\u0301dition de l\u2019ope\u0301ration \u00abDuoDay\u00bb. Celle-ci consite a\u0300 organiser une immersion pour une personne en situation de handicap dans un cadre professionnel. Sept personnes diplo\u0302me\u0301es mais sans emploi ont e\u0301te\u0301 se\u0301lectionne\u0301es dans le cadre de la premie\u0300re e\u0301dition de ce concept. <\/b><\/p>\n<p>Bonne nouvelle pour les personnes vivant avec un handicap au Gabon. Dans le cadre de son initiative pour la Solidarite\u0301, la Fondation Sylvia Bongo Ondimba (FBSO) pour la Famille a lance\u0301, le 3 de\u0301cembre a\u0300 Libreville, la premie\u0300re e\u0301dition de l\u2019ope\u0301ration \u00abDuoDay\u00bb. Le concept vise la promotion de l\u2019insertion socio-professionnelle des personnes atteintes d\u2019une infirmite\u0301 ou de\u0301favorise\u0301es sur un point quelconque.<\/p>\n<p>\u00abCe concept, effectif dans diffe\u0301rents pays depuis quelques anne\u0301es, consiste a\u0300 organiser une immersion pour une personne en situation de handicap dans un cadre professionnel. Outre la de\u0301couverte d\u2019un me\u0301tier, il s\u2019agit d\u2019une opportunite\u0301 de rencontre pour changer de regard et, ensemble, de\u0301passer les pre\u0301juge\u0301s\u00bb, a explique\u0301 la FBSO.<\/p>\n<p>Selon la structure cornaque\u0301e par la premie\u0300re dame gabonaise, il existe officiellement 37 789 personnes en situation de handicap au Gabon, la forme la plus re\u0301pandue e\u0301tant celle du handicap moteur des membres infe\u0301rieurs et\/ou supe\u0301rieurs. Le handicap constituant un frein a\u0300 leur insertion scolaire et professionnelle, les personnes vivant avec un handicap sont plus susceptibles de vivre dans la pauvrete\u0301 a\u0300 cause de leurs isolement et marginalisation de la socie\u0301te\u0301.<\/p>\n<p><b>Sept personnes pour les 1er DuoDay<\/b><\/p>\n<p>Ainsi, afin de donner une chance aux nombreux Gabonais vivant avec un handicap de faire connai\u0302tre leurs talents et de de\u0301couvrir des nouvelles opportunite\u0301s professionnelles, la FBSO a lance\u0301 les DuoDay a\u0300 l\u2019occasion de la Journe\u0301e internationale des personnes handicape\u0301es, ce\u0301le\u0301bre\u0301e le 3 de\u0301cembre de chaque anne\u0301e. Ainsi, au terme d\u2019un processus de se\u0301lection rigoureux initie\u0301 par la Fondation en collaboration avec l\u2019Association de lutte pour le bien-e\u0302tre des albinos (Alba) et la Fe\u0301de\u0301ration nationale des et pour les personnes handicape\u0301es (FNAPHG), sept personnes diplo\u0302me\u0301es mais sans emploi ont e\u0301te\u0301 se\u0301lectionne\u0301es.<\/p>\n<p>Les heureux laure\u0301ats de la premie\u0300re e\u0301dition vont ainsi pouvoir be\u0301ne\u0301ficier d\u2019une expe\u0301rience ine\u0301dite au sein de structures ayant adhe\u0301re\u0301 a\u0300 l\u2019initiative, parmi lesquelles Urban FM et Radio Gabon. \u00abEn participant a\u0300 cette initiative, les employeurs-entreprises ou institutions publiques-de\u0301montrent leur attachement aux valeurs de diversite\u0301 et d\u2019inclusion, qui sont des marqueurs forts de leur responsabilite\u0301 sociale et e\u0301conomique et contribuent a\u0300 une meilleure reconnaissance du handicap dans notre socie\u0301te\u0301\u00bb, a conclu la FBSO.<\/p>\n<p><strong>Pour plus d&rsquo;informations et d&rsquo;analyses sur la <a href=\"https:\/\/www.africa-press.net\/gabon\">Gabon<\/a>, suivez <a href=\"https:\/\/www.africa-press.net\/\">Africa-Press<\/a><\/strong><\/p>\n","protected":false},"excerpt":{"rendered":"<p>Africa-Press &#8211; Gabon. La Fondation Sylvia Bongo Ondimba (FBSO) pour la Famille a lance\u0301, le 3 de\u0301cembre a\u0300 Libreville, la premie\u0300re e\u0301dition de l\u2019ope\u0301ration \u00abDuoDay\u00bb. Celle-ci consite a\u0300 organiser une immersion pour une personne en situation de handicap dans un cadre professionnel. Sept personnes diplo\u0302me\u0301es mais sans emploi ont e\u0301te\u0301 se\u0301lectionne\u0301es dans le cadre de [&hellip;]<\/p>\n","protected":false},"author":82,"featured_media":13547,"comment_status":"open","ping_status":"closed","sticky":false,"template":"","format":"standard","meta":{"footnotes":""},"categories":[3,10],"tags":[36,50,49],"class_list":["post-13548","post","type-post","status-publish","format-standard","has-post-thumbnail","hentry","category-economie","category-toutes-les-actualites","tag-africa-press","tag-africa-press-gabon","tag-gabon"],"yoast_head":"<!-- This site is optimized with the Yoast SEO Premium plugin v26.1 (Yoast SEO v27.0) - https:\/\/yoast.com\/product\/yoast-seo-premium-wordpress\/ -->\n<title>\u00abDuoDay\u00bb : Premi\u00e8re op\u00e9ration de la FBSO pour l\u2019insertion professionnelle des handicap\u00e9s - Gabon<\/title>\n<meta name=\"robots\" content=\"index, follow, max-snippet:-1, max-image-preview:large, max-video-preview:-1\" \/>\n<link rel=\"canonical\" href=\"https:\/\/www.africa-press.net\/gabon\/politique\/duoday-premiere-operation-de-la-fbso-pour-linsertion-professionnelle-des-handicapes\" \/>\n<meta property=\"og:locale\" content=\"fr_FR\" \/>\n<meta property=\"og:type\" content=\"article\" \/>\n<meta property=\"og:title\" content=\"\u00abDuoDay\u00bb : Premi\u00e8re op\u00e9ration de la FBSO pour l\u2019insertion professionnelle des handicap\u00e9s\" \/>\n<meta property=\"og:description\" content=\"Africa-Press &#8211; Gabon. La Fondation Sylvia Bongo Ondimba (FBSO) pour la Famille a lance\u0301, le 3 de\u0301cembre a\u0300 Libreville, la premie\u0300re e\u0301dition de l\u2019ope\u0301ration \u00abDuoDay\u00bb. Celle-ci consite a\u0300 organiser une immersion pour une personne en situation de handicap dans un cadre professionnel. Sept personnes diplo\u0302me\u0301es mais sans emploi ont e\u0301te\u0301 se\u0301lectionne\u0301es dans le cadre de [&hellip;]\" \/>\n<meta property=\"og:url\" content=\"https:\/\/www.africa-press.net\/gabon\/politique\/duoday-premiere-operation-de-la-fbso-pour-linsertion-professionnelle-des-handicapes\" \/>\n<meta property=\"og:site_name\" content=\"Gabon\" \/>\n<meta property=\"article:published_time\" content=\"2022-12-04T20:41:44+00:00\" \/>\n<meta name=\"author\" content=\"cfeditorfr\" \/>\n<meta name=\"twitter:card\" content=\"summary_large_image\" \/>\n<meta name=\"twitter:label1\" content=\"\u00c9crit par\" \/>\n\t<meta name=\"twitter:data1\" content=\"cfeditorfr\" \/>\n\t<meta name=\"twitter:label2\" content=\"Dur\u00e9e de lecture estim\u00e9e\" \/>\n\t<meta name=\"twitter:data2\" content=\"2 minutes\" \/>\n<script type=\"application\/ld+json\" class=\"yoast-schema-graph\">{\"@context\":\"https:\/\/schema.org\",\"@graph\":[{\"@type\":\"Article\",\"@id\":\"https:\/\/www.africa-press.net\/gabon\/politique\/duoday-premiere-operation-de-la-fbso-pour-linsertion-professionnelle-des-handicapes#article\",\"isPartOf\":{\"@id\":\"https:\/\/www.africa-press.net\/gabon\/politique\/duoday-premiere-operation-de-la-fbso-pour-linsertion-professionnelle-des-handicapes\"},\"author\":{\"name\":\"cfeditorfr\",\"@id\":\"https:\/\/www.africa-press.net\/gabon\/#\/schema\/person\/2b1cf3cd81a31e3cd26889ca66d677f1\"},\"headline\":\"\u00abDuoDay\u00bb : Premi\u00e8re op\u00e9ration de la FBSO pour l\u2019insertion professionnelle des handicap\u00e9s\",\"datePublished\":\"2022-12-04T20:41:44+00:00\",\"mainEntityOfPage\":{\"@id\":\"https:\/\/www.africa-press.net\/gabon\/politique\/duoday-premiere-operation-de-la-fbso-pour-linsertion-professionnelle-des-handicapes\"},\"wordCount\":510,\"commentCount\":0,\"image\":{\"@id\":\"https:\/\/www.africa-press.net\/gabon\/politique\/duoday-premiere-operation-de-la-fbso-pour-linsertion-professionnelle-des-handicapes#primaryimage\"},\"thumbnailUrl\":\"https:\/\/static.africa-press.net\/gabon\/sites\/54\/2022\/12\/postQueueImg_1670173909.33.jpg\",\"keywords\":[\"Africa Press\",\"Africa Press-Gabon\",\"Gabon\"],\"articleSection\":[\"\u00c9conomie\",\"Toutes les actualit\u00e9s\"],\"inLanguage\":\"fr-FR\",\"potentialAction\":[{\"@type\":\"CommentAction\",\"name\":\"Comment\",\"target\":[\"https:\/\/www.africa-press.net\/gabon\/politique\/duoday-premiere-operation-de-la-fbso-pour-linsertion-professionnelle-des-handicapes#respond\"]}]},{\"@type\":\"WebPage\",\"@id\":\"https:\/\/www.africa-press.net\/gabon\/politique\/duoday-premiere-operation-de-la-fbso-pour-linsertion-professionnelle-des-handicapes\",\"url\":\"https:\/\/www.africa-press.net\/gabon\/politique\/duoday-premiere-operation-de-la-fbso-pour-linsertion-professionnelle-des-handicapes\",\"name\":\"\u00abDuoDay\u00bb : Premi\u00e8re op\u00e9ration de la FBSO pour l\u2019insertion professionnelle des handicap\u00e9s - Gabon\",\"isPartOf\":{\"@id\":\"https:\/\/www.africa-press.net\/gabon\/#website\"},\"primaryImageOfPage\":{\"@id\":\"https:\/\/www.africa-press.net\/gabon\/politique\/duoday-premiere-operation-de-la-fbso-pour-linsertion-professionnelle-des-handicapes#primaryimage\"},\"image\":{\"@id\":\"https:\/\/www.africa-press.net\/gabon\/politique\/duoday-premiere-operation-de-la-fbso-pour-linsertion-professionnelle-des-handicapes#primaryimage\"},\"thumbnailUrl\":\"https:\/\/static.africa-press.net\/gabon\/sites\/54\/2022\/12\/postQueueImg_1670173909.33.jpg\",\"datePublished\":\"2022-12-04T20:41:44+00:00\",\"author\":{\"@id\":\"https:\/\/www.africa-press.net\/gabon\/#\/schema\/person\/2b1cf3cd81a31e3cd26889ca66d677f1\"},\"breadcrumb\":{\"@id\":\"https:\/\/www.africa-press.net\/gabon\/politique\/duoday-premiere-operation-de-la-fbso-pour-linsertion-professionnelle-des-handicapes#breadcrumb\"},\"inLanguage\":\"fr-FR\",\"potentialAction\":[{\"@type\":\"ReadAction\",\"target\":[\"https:\/\/www.africa-press.net\/gabon\/politique\/duoday-premiere-operation-de-la-fbso-pour-linsertion-professionnelle-des-handicapes\"]}]},{\"@type\":\"ImageObject\",\"inLanguage\":\"fr-FR\",\"@id\":\"https:\/\/www.africa-press.net\/gabon\/politique\/duoday-premiere-operation-de-la-fbso-pour-linsertion-professionnelle-des-handicapes#primaryimage\",\"url\":\"https:\/\/static.africa-press.net\/gabon\/sites\/54\/2022\/12\/postQueueImg_1670173909.33.jpg\",\"contentUrl\":\"https:\/\/static.africa-press.net\/gabon\/sites\/54\/2022\/12\/postQueueImg_1670173909.33.jpg\",\"width\":720,\"height\":480,\"caption\":\"\u00abDuoDay\u00bb : Premi\u00e8re op\u00e9ration de la FBSO pour l\u2019insertion professionnelle des handicap\u00e9s\"},{\"@type\":\"BreadcrumbList\",\"@id\":\"https:\/\/www.africa-press.net\/gabon\/politique\/duoday-premiere-operation-de-la-fbso-pour-linsertion-professionnelle-des-handicapes#breadcrumb\",\"itemListElement\":[{\"@type\":\"ListItem\",\"position\":1,\"name\":\"Accueil\",\"item\":\"https:\/\/www.africa-press.net\/gabon\/\"},{\"@type\":\"ListItem\",\"position\":2,\"name\":\"\u00abDuoDay\u00bb : Premi\u00e8re op\u00e9ration de la FBSO pour l\u2019insertion professionnelle des handicap\u00e9s\"}]},{\"@type\":\"WebSite\",\"@id\":\"https:\/\/www.africa-press.net\/gabon\/#website\",\"url\":\"https:\/\/www.africa-press.net\/gabon\/\",\"name\":\"Gabon\",\"description\":\"Just another Africa News Agency Sites site\",\"potentialAction\":[{\"@type\":\"SearchAction\",\"target\":{\"@type\":\"EntryPoint\",\"urlTemplate\":\"https:\/\/www.africa-press.net\/gabon\/?s={search_term_string}\"},\"query-input\":{\"@type\":\"PropertyValueSpecification\",\"valueRequired\":true,\"valueName\":\"search_term_string\"}}],\"inLanguage\":\"fr-FR\"},{\"@type\":\"Person\",\"@id\":\"https:\/\/www.africa-press.net\/gabon\/#\/schema\/person\/2b1cf3cd81a31e3cd26889ca66d677f1\",\"name\":\"cfeditorfr\"}]}<\/script>\n<!-- \/ Yoast SEO Premium plugin. -->","yoast_head_json":{"title":"\u00abDuoDay\u00bb : Premi\u00e8re op\u00e9ration de la FBSO pour l\u2019insertion professionnelle des handicap\u00e9s - Gabon","robots":{"index":"index","follow":"follow","max-snippet":"max-snippet:-1","max-image-preview":"max-image-preview:large","max-video-preview":"max-video-preview:-1"},"canonical":"https:\/\/www.africa-press.net\/gabon\/politique\/duoday-premiere-operation-de-la-fbso-pour-linsertion-professionnelle-des-handicapes","og_locale":"fr_FR","og_type":"article","og_title":"\u00abDuoDay\u00bb : Premi\u00e8re op\u00e9ration de la FBSO pour l\u2019insertion professionnelle des handicap\u00e9s","og_description":"Africa-Press &#8211; Gabon. La Fondation Sylvia Bongo Ondimba (FBSO) pour la Famille a lance\u0301, le 3 de\u0301cembre a\u0300 Libreville, la premie\u0300re e\u0301dition de l\u2019ope\u0301ration \u00abDuoDay\u00bb. Celle-ci consite a\u0300 organiser une immersion pour une personne en situation de handicap dans un cadre professionnel. Sept personnes diplo\u0302me\u0301es mais sans emploi ont e\u0301te\u0301 se\u0301lectionne\u0301es dans le cadre de [&hellip;]","og_url":"https:\/\/www.africa-press.net\/gabon\/politique\/duoday-premiere-operation-de-la-fbso-pour-linsertion-professionnelle-des-handicapes","og_site_name":"Gabon","article_published_time":"2022-12-04T20:41:44+00:00","author":"cfeditorfr","twitter_card":"summary_large_image","twitter_misc":{"\u00c9crit par":"cfeditorfr","Dur\u00e9e de lecture estim\u00e9e":"2 minutes"},"schema":{"@context":"https:\/\/schema.org","@graph":[{"@type":"Article","@id":"https:\/\/www.africa-press.net\/gabon\/politique\/duoday-premiere-operation-de-la-fbso-pour-linsertion-professionnelle-des-handicapes#article","isPartOf":{"@id":"https:\/\/www.africa-press.net\/gabon\/politique\/duoday-premiere-operation-de-la-fbso-pour-linsertion-professionnelle-des-handicapes"},"author":{"name":"cfeditorfr","@id":"https:\/\/www.africa-press.net\/gabon\/#\/schema\/person\/2b1cf3cd81a31e3cd26889ca66d677f1"},"headline":"\u00abDuoDay\u00bb : Premi\u00e8re op\u00e9ration de la FBSO pour l\u2019insertion professionnelle des handicap\u00e9s","datePublished":"2022-12-04T20:41:44+00:00","mainEntityOfPage":{"@id":"https:\/\/www.africa-press.net\/gabon\/politique\/duoday-premiere-operation-de-la-fbso-pour-linsertion-professionnelle-des-handicapes"},"wordCount":510,"commentCount":0,"image":{"@id":"https:\/\/www.africa-press.net\/gabon\/politique\/duoday-premiere-operation-de-la-fbso-pour-linsertion-professionnelle-des-handicapes#primaryimage"},"thumbnailUrl":"https:\/\/static.africa-press.net\/gabon\/sites\/54\/2022\/12\/postQueueImg_1670173909.33.jpg","keywords":["Africa Press","Africa Press-Gabon","Gabon"],"articleSection":["\u00c9conomie","Toutes les actualit\u00e9s"],"inLanguage":"fr-FR","potentialAction":[{"@type":"CommentAction","name":"Comment","target":["https:\/\/www.africa-press.net\/gabon\/politique\/duoday-premiere-operation-de-la-fbso-pour-linsertion-professionnelle-des-handicapes#respond"]}]},{"@type":"WebPage","@id":"https:\/\/www.africa-press.net\/gabon\/politique\/duoday-premiere-operation-de-la-fbso-pour-linsertion-professionnelle-des-handicapes","url":"https:\/\/www.africa-press.net\/gabon\/politique\/duoday-premiere-operation-de-la-fbso-pour-linsertion-professionnelle-des-handicapes","name":"\u00abDuoDay\u00bb : Premi\u00e8re op\u00e9ration de la FBSO pour l\u2019insertion professionnelle des handicap\u00e9s - Gabon","isPartOf":{"@id":"https:\/\/www.africa-press.net\/gabon\/#website"},"primaryImageOfPage":{"@id":"https:\/\/www.africa-press.net\/gabon\/politique\/duoday-premiere-operation-de-la-fbso-pour-linsertion-professionnelle-des-handicapes#primaryimage"},"image":{"@id":"https:\/\/www.africa-press.net\/gabon\/politique\/duoday-premiere-operation-de-la-fbso-pour-linsertion-professionnelle-des-handicapes#primaryimage"},"thumbnailUrl":"https:\/\/static.africa-press.net\/gabon\/sites\/54\/2022\/12\/postQueueImg_1670173909.33.jpg","datePublished":"2022-12-04T20:41:44+00:00","author":{"@id":"https:\/\/www.africa-press.net\/gabon\/#\/schema\/person\/2b1cf3cd81a31e3cd26889ca66d677f1"},"breadcrumb":{"@id":"https:\/\/www.africa-press.net\/gabon\/politique\/duoday-premiere-operation-de-la-fbso-pour-linsertion-professionnelle-des-handicapes#breadcrumb"},"inLanguage":"fr-FR","potentialAction":[{"@type":"ReadAction","target":["https:\/\/www.africa-press.net\/gabon\/politique\/duoday-premiere-operation-de-la-fbso-pour-linsertion-professionnelle-des-handicapes"]}]},{"@type":"ImageObject","inLanguage":"fr-FR","@id":"https:\/\/www.africa-press.net\/gabon\/politique\/duoday-premiere-operation-de-la-fbso-pour-linsertion-professionnelle-des-handicapes#primaryimage","url":"https:\/\/static.africa-press.net\/gabon\/sites\/54\/2022\/12\/postQueueImg_1670173909.33.jpg","contentUrl":"https:\/\/static.africa-press.net\/gabon\/sites\/54\/2022\/12\/postQueueImg_1670173909.33.jpg","width":720,"height":480,"caption":"\u00abDuoDay\u00bb : Premi\u00e8re op\u00e9ration de la FBSO pour l\u2019insertion professionnelle des handicap\u00e9s"},{"@type":"BreadcrumbList","@id":"https:\/\/www.africa-press.net\/gabon\/politique\/duoday-premiere-operation-de-la-fbso-pour-linsertion-professionnelle-des-handicapes#breadcrumb","itemListElement":[{"@type":"ListItem","position":1,"name":"Accueil","item":"https:\/\/www.africa-press.net\/gabon\/"},{"@type":"ListItem","position":2,"name":"\u00abDuoDay\u00bb : Premi\u00e8re op\u00e9ration de la FBSO pour l\u2019insertion professionnelle des handicap\u00e9s"}]},{"@type":"WebSite","@id":"https:\/\/www.africa-press.net\/gabon\/#website","url":"https:\/\/www.africa-press.net\/gabon\/","name":"Gabon","description":"Just another Africa News Agency Sites site","potentialAction":[{"@type":"SearchAction","target":{"@type":"EntryPoint","urlTemplate":"https:\/\/www.africa-press.net\/gabon\/?s={search_term_string}"},"query-input":{"@type":"PropertyValueSpecification","valueRequired":true,"valueName":"search_term_string"}}],"inLanguage":"fr-FR"},{"@type":"Person","@id":"https:\/\/www.africa-press.net\/gabon\/#\/schema\/person\/2b1cf3cd81a31e3cd26889ca66d677f1","name":"cfeditorfr"}]}},"_links":{"self":[{"href":"https:\/\/www.africa-press.net\/gabon\/wp-json\/wp\/v2\/posts\/13548","targetHints":{"allow":["GET"]}}],"collection":[{"href":"https:\/\/www.africa-press.net\/gabon\/wp-json\/wp\/v2\/posts"}],"about":[{"href":"https:\/\/www.africa-press.net\/gabon\/wp-json\/wp\/v2\/types\/post"}],"author":[{"embeddable":true,"href":"https:\/\/www.africa-press.net\/gabon\/wp-json\/wp\/v2\/users\/82"}],"replies":[{"embeddable":true,"href":"https:\/\/www.africa-press.net\/gabon\/wp-json\/wp\/v2\/comments?post=13548"}],"version-history":[{"count":0,"href":"https:\/\/www.africa-press.net\/gabon\/wp-json\/wp\/v2\/posts\/13548\/revisions"}],"wp:featuredmedia":[{"embeddable":true,"href":"https:\/\/www.africa-press.net\/gabon\/wp-json\/wp\/v2\/media\/13547"}],"wp:attachment":[{"href":"https:\/\/www.africa-press.net\/gabon\/wp-json\/wp\/v2\/media?parent=13548"}],"wp:term":[{"taxonomy":"category","embeddable":true,"href":"https:\/\/www.africa-press.net\/gabon\/wp-json\/wp\/v2\/categories?post=13548"},{"taxonomy":"post_tag","embeddable":true,"href":"https:\/\/www.africa-press.net\/gabon\/wp-json\/wp\/v2\/tags?post=13548"}],"curies":[{"name":"wp","href":"https:\/\/api.w.org\/{rel}","templated":true}]}}