{"id":13554,"date":"2022-12-04T20:42:24","date_gmt":"2022-12-04T20:42:24","guid":{"rendered":"https:\/\/www.africa-press.net\/gabon\/politique\/en-prelude-au-congres-national-de-noel-des-conseils-provinciaux-du-pdg-ce-week-end"},"modified":"2022-12-04T20:42:24","modified_gmt":"2022-12-04T20:42:24","slug":"en-prelude-au-congres-national-de-noel-des-conseils-provinciaux-du-pdg-ce-week-end","status":"publish","type":"post","link":"https:\/\/www.africa-press.net\/gabon\/politique\/en-prelude-au-congres-national-de-noel-des-conseils-provinciaux-du-pdg-ce-week-end","title":{"rendered":"En pr\u00e9lude au congr\u00e8s national de No\u00ebl, des conseils provinciaux du PDG ce week-end"},"content":{"rendered":"<p><span style=\"color: #ff6600\"><strong>Africa-Press &#8211; Gabon. <\/strong><\/span><b>Parti de\u0301mocratique gabonais : de conseils en congre\u0300s, comme tous les cinq ans ! Le 12e\u0300me congre\u0300s national ordinaire du parti au pouvoir au Gabon est pre\u0301vu pour les 23 et 24 de\u0301cembre prochains, faisant ainsi suite aux 11e\u0300mes assises du genre tenues les 10, 11 et 12 de\u0301cembre 2017. Dans cette perspective, des conseils provinciaux ont simultane\u0301ment e\u0301te\u0301 organise\u0301s ce week-end dans tous les chefs-lieux de province. Leur the\u0300me : \u00abCongre\u0300s de la renaissance : pour un PDG uni et solidaire\u00bb. <\/b><\/p>\n<p>\u00abUni et solidaire\u00bb ! Bien belle maxime. Les conseils provinciaux qui se de\u0301roulent dans une ambiance bon enfant devant les came\u0301ras se tiennent en effet, dans l\u2019arrie\u0300re-cuisine, sur fonds de divisions et luttes intestines pour entrer ou demeurer dans des organes tels que le Bureau politique ou le Conseil national, et sur fonds de guerres de leadership et de positionnement, car en plus de la pre\u0301sidentielle du mois d\u2019aou\u0302t 2023, les e\u0301lections le\u0301gislatives et locales se tiendront, dans la foule\u0301e, huit semaines plus tard.<\/p>\n<p><b>De multiples obstacles <\/b><\/p>\n<p>Le PDG a par ailleurs du mal a\u0300 ge\u0301rer les militants venus des partis \u00ababsorbe\u0301s\u00bb par des fusions a\u0300 la fin de l\u2019anne\u0301e dernie\u0300re et au de\u0301but de cette anne\u0301e : les Sociaux-de\u0301mocrates gabonais (SDG), De\u0301mocratie nouvelle (DN) et le Rassemblement pour la restauration des valeurs (RV) qui n\u2019ont pas encore trouve\u0301 leurs places au sein du parti de Louis. A titre d\u2019exemple, Rene\u0301 Ndemezo\u2019o Obiang, ex-leader de DN, est aujourd\u2019hui un simple militant du PDG. Ce n\u2019est certainement pas ce a\u0300 quoi il s\u2019attendait. Une situation que certains des proches de cet homme au pedigree politique parlant trouvent assez de\u0301plaisante et me\u0301prisante. Autant le dire : entre le PDG et les formations politiques lui ayant de\u0301verse\u0301 tant et tant de militants, le coup de foudre n\u2019a pas encore eu lieu ou, en tout cas, n\u2019a pas e\u0301te\u0301 imme\u0301diat.<\/p>\n<p>Il se trouve e\u0301galement que le front social est en e\u0301bullition. Les syndicats de l\u2019administration publique exigent que les retraite\u0301s de l\u2019E\u0301tat et du secteur parapublic soient mieux traite\u0301s. Dans le me\u0302me temps, les fonctionnaires demandent que les mesures gouvernementales annonce\u0301es il y a quatre ans soient leve\u0301es. Notamment la suspension des avancements et des reclassements.<\/p>\n<p>C\u2019est dans ce contexte que se tiennent ces rencontres provinciales dont l\u2019un des sujets prioritaires devrait e\u0302tre les me\u0301canismes de lutte contre le cho\u0302mage des jeunes, point noir de ce septennat.<\/p>\n<p>Quatre the\u0301matiques sont au programme des discussions, a\u0300 savoir : la gouvernance politique, e\u0301conomique, sociale et environnementale (1), les instruments juridiques et e\u0301thiques du parti (2), dynamisme et performance du parti (3) et les relations entre le PDG et les autres organisations politiques et sociales (4). De ces the\u0301matiques, seize ateliers vont plus profonde\u0301ment servir la re\u0301flexion.<\/p>\n<p>Parlant particulie\u0300rement du Conseil provincial de l\u2019Estuaire, qui se tient a\u0300 Akanda, nouveau chef-lieu de la province, la ce\u0301re\u0301monie d\u2019ouverture a enregistre\u0301 la participation de tous les hie\u0301rarques du parti, notamment le Premier ministre, Rose-Christiane Ossouka Raponda, en sa qualite\u0301 de membre du Comite\u0301 permanent du Bureau politique, et de Came\u0301lia Ntoutoume Leclercq, elle aussi membre du Comite\u0301 permanent du Bureau politique, ainsi que d\u2019un repre\u0301sentant du secre\u0301taire ge\u0301ne\u0301ral du parti, Pamphile Claude Youmou Andimi. Les travaux se sont poursuivis dans des ateliers. Les premiers pre\u0301-rapports des commissions ont e\u0301te\u0301 adopte\u0301s samedi en de\u0301but de soire\u0301e.<\/p>\n<p>Nouveau de\u0301part ? En tout cas, si lors de ces conseils provinciaux, le PDG met en avant les pre\u0301occupations des populations, ils devraient lui permettre d\u2019amorcer un nouveau de\u0301part.<\/p>\n<p><strong>Pour plus d&rsquo;informations et d&rsquo;analyses sur la <a href=\"https:\/\/www.africa-press.net\/gabon\">Gabon<\/a>, suivez <a href=\"https:\/\/www.africa-press.net\/\">Africa-Press<\/a><\/strong><\/p>\n","protected":false},"excerpt":{"rendered":"<p>Africa-Press &#8211; Gabon. Parti de\u0301mocratique gabonais : de conseils en congre\u0300s, comme tous les cinq ans ! Le 12e\u0300me congre\u0300s national ordinaire du parti au pouvoir au Gabon est pre\u0301vu pour les 23 et 24 de\u0301cembre prochains, faisant ainsi suite aux 11e\u0300mes assises du genre tenues les 10, 11 et 12 de\u0301cembre 2017. Dans cette [&hellip;]<\/p>\n","protected":false},"author":82,"featured_media":13553,"comment_status":"open","ping_status":"closed","sticky":false,"template":"","format":"standard","meta":{"footnotes":""},"categories":[2,10],"tags":[36,50,49],"class_list":["post-13554","post","type-post","status-publish","format-standard","has-post-thumbnail","hentry","category-politique","category-toutes-les-actualites","tag-africa-press","tag-africa-press-gabon","tag-gabon"],"yoast_head":"<!-- This site is optimized with the Yoast SEO Premium plugin v26.1 (Yoast SEO v27.0) - https:\/\/yoast.com\/product\/yoast-seo-premium-wordpress\/ -->\n<title>En pr\u00e9lude au congr\u00e8s national de No\u00ebl, des conseils provinciaux du PDG ce week-end - Gabon<\/title>\n<meta name=\"robots\" content=\"index, follow, max-snippet:-1, max-image-preview:large, max-video-preview:-1\" \/>\n<link rel=\"canonical\" href=\"https:\/\/www.africa-press.net\/gabon\/politique\/en-prelude-au-congres-national-de-noel-des-conseils-provinciaux-du-pdg-ce-week-end\" \/>\n<meta property=\"og:locale\" content=\"fr_FR\" \/>\n<meta property=\"og:type\" content=\"article\" \/>\n<meta property=\"og:title\" content=\"En pr\u00e9lude au congr\u00e8s national de No\u00ebl, des conseils provinciaux du PDG ce week-end\" \/>\n<meta property=\"og:description\" content=\"Africa-Press &#8211; Gabon. Parti de\u0301mocratique gabonais : de conseils en congre\u0300s, comme tous les cinq ans ! Le 12e\u0300me congre\u0300s national ordinaire du parti au pouvoir au Gabon est pre\u0301vu pour les 23 et 24 de\u0301cembre prochains, faisant ainsi suite aux 11e\u0300mes assises du genre tenues les 10, 11 et 12 de\u0301cembre 2017. Dans cette [&hellip;]\" \/>\n<meta property=\"og:url\" content=\"https:\/\/www.africa-press.net\/gabon\/politique\/en-prelude-au-congres-national-de-noel-des-conseils-provinciaux-du-pdg-ce-week-end\" \/>\n<meta property=\"og:site_name\" content=\"Gabon\" \/>\n<meta property=\"article:published_time\" content=\"2022-12-04T20:42:24+00:00\" \/>\n<meta name=\"author\" content=\"cfeditorfr\" \/>\n<meta name=\"twitter:card\" content=\"summary_large_image\" \/>\n<meta name=\"twitter:label1\" content=\"\u00c9crit par\" \/>\n\t<meta name=\"twitter:data1\" content=\"cfeditorfr\" \/>\n\t<meta name=\"twitter:label2\" content=\"Dur\u00e9e de lecture estim\u00e9e\" \/>\n\t<meta name=\"twitter:data2\" content=\"3 minutes\" \/>\n<script type=\"application\/ld+json\" class=\"yoast-schema-graph\">{\"@context\":\"https:\/\/schema.org\",\"@graph\":[{\"@type\":\"Article\",\"@id\":\"https:\/\/www.africa-press.net\/gabon\/politique\/en-prelude-au-congres-national-de-noel-des-conseils-provinciaux-du-pdg-ce-week-end#article\",\"isPartOf\":{\"@id\":\"https:\/\/www.africa-press.net\/gabon\/politique\/en-prelude-au-congres-national-de-noel-des-conseils-provinciaux-du-pdg-ce-week-end\"},\"author\":{\"name\":\"cfeditorfr\",\"@id\":\"https:\/\/www.africa-press.net\/gabon\/#\/schema\/person\/2b1cf3cd81a31e3cd26889ca66d677f1\"},\"headline\":\"En pr\u00e9lude au congr\u00e8s national de No\u00ebl, des conseils provinciaux du PDG ce week-end\",\"datePublished\":\"2022-12-04T20:42:24+00:00\",\"mainEntityOfPage\":{\"@id\":\"https:\/\/www.africa-press.net\/gabon\/politique\/en-prelude-au-congres-national-de-noel-des-conseils-provinciaux-du-pdg-ce-week-end\"},\"wordCount\":676,\"commentCount\":0,\"image\":{\"@id\":\"https:\/\/www.africa-press.net\/gabon\/politique\/en-prelude-au-congres-national-de-noel-des-conseils-provinciaux-du-pdg-ce-week-end#primaryimage\"},\"thumbnailUrl\":\"https:\/\/static.africa-press.net\/gabon\/sites\/54\/2022\/12\/postQueueImg_1670173954.68.jpg\",\"keywords\":[\"Africa Press\",\"Africa Press-Gabon\",\"Gabon\"],\"articleSection\":[\"Politique\",\"Toutes les actualit\u00e9s\"],\"inLanguage\":\"fr-FR\",\"potentialAction\":[{\"@type\":\"CommentAction\",\"name\":\"Comment\",\"target\":[\"https:\/\/www.africa-press.net\/gabon\/politique\/en-prelude-au-congres-national-de-noel-des-conseils-provinciaux-du-pdg-ce-week-end#respond\"]}]},{\"@type\":\"WebPage\",\"@id\":\"https:\/\/www.africa-press.net\/gabon\/politique\/en-prelude-au-congres-national-de-noel-des-conseils-provinciaux-du-pdg-ce-week-end\",\"url\":\"https:\/\/www.africa-press.net\/gabon\/politique\/en-prelude-au-congres-national-de-noel-des-conseils-provinciaux-du-pdg-ce-week-end\",\"name\":\"En pr\u00e9lude au congr\u00e8s national de No\u00ebl, des conseils provinciaux du PDG ce week-end - Gabon\",\"isPartOf\":{\"@id\":\"https:\/\/www.africa-press.net\/gabon\/#website\"},\"primaryImageOfPage\":{\"@id\":\"https:\/\/www.africa-press.net\/gabon\/politique\/en-prelude-au-congres-national-de-noel-des-conseils-provinciaux-du-pdg-ce-week-end#primaryimage\"},\"image\":{\"@id\":\"https:\/\/www.africa-press.net\/gabon\/politique\/en-prelude-au-congres-national-de-noel-des-conseils-provinciaux-du-pdg-ce-week-end#primaryimage\"},\"thumbnailUrl\":\"https:\/\/static.africa-press.net\/gabon\/sites\/54\/2022\/12\/postQueueImg_1670173954.68.jpg\",\"datePublished\":\"2022-12-04T20:42:24+00:00\",\"author\":{\"@id\":\"https:\/\/www.africa-press.net\/gabon\/#\/schema\/person\/2b1cf3cd81a31e3cd26889ca66d677f1\"},\"breadcrumb\":{\"@id\":\"https:\/\/www.africa-press.net\/gabon\/politique\/en-prelude-au-congres-national-de-noel-des-conseils-provinciaux-du-pdg-ce-week-end#breadcrumb\"},\"inLanguage\":\"fr-FR\",\"potentialAction\":[{\"@type\":\"ReadAction\",\"target\":[\"https:\/\/www.africa-press.net\/gabon\/politique\/en-prelude-au-congres-national-de-noel-des-conseils-provinciaux-du-pdg-ce-week-end\"]}]},{\"@type\":\"ImageObject\",\"inLanguage\":\"fr-FR\",\"@id\":\"https:\/\/www.africa-press.net\/gabon\/politique\/en-prelude-au-congres-national-de-noel-des-conseils-provinciaux-du-pdg-ce-week-end#primaryimage\",\"url\":\"https:\/\/static.africa-press.net\/gabon\/sites\/54\/2022\/12\/postQueueImg_1670173954.68.jpg\",\"contentUrl\":\"https:\/\/static.africa-press.net\/gabon\/sites\/54\/2022\/12\/postQueueImg_1670173954.68.jpg\",\"width\":720,\"height\":349,\"caption\":\"En pr\u00e9lude au congr\u00e8s national de No\u00ebl, des conseils provinciaux du PDG ce week-end\"},{\"@type\":\"BreadcrumbList\",\"@id\":\"https:\/\/www.africa-press.net\/gabon\/politique\/en-prelude-au-congres-national-de-noel-des-conseils-provinciaux-du-pdg-ce-week-end#breadcrumb\",\"itemListElement\":[{\"@type\":\"ListItem\",\"position\":1,\"name\":\"Accueil\",\"item\":\"https:\/\/www.africa-press.net\/gabon\/\"},{\"@type\":\"ListItem\",\"position\":2,\"name\":\"En pr\u00e9lude au congr\u00e8s national de No\u00ebl, des conseils provinciaux du PDG ce week-end\"}]},{\"@type\":\"WebSite\",\"@id\":\"https:\/\/www.africa-press.net\/gabon\/#website\",\"url\":\"https:\/\/www.africa-press.net\/gabon\/\",\"name\":\"Gabon\",\"description\":\"Just another Africa News Agency Sites site\",\"potentialAction\":[{\"@type\":\"SearchAction\",\"target\":{\"@type\":\"EntryPoint\",\"urlTemplate\":\"https:\/\/www.africa-press.net\/gabon\/?s={search_term_string}\"},\"query-input\":{\"@type\":\"PropertyValueSpecification\",\"valueRequired\":true,\"valueName\":\"search_term_string\"}}],\"inLanguage\":\"fr-FR\"},{\"@type\":\"Person\",\"@id\":\"https:\/\/www.africa-press.net\/gabon\/#\/schema\/person\/2b1cf3cd81a31e3cd26889ca66d677f1\",\"name\":\"cfeditorfr\"}]}<\/script>\n<!-- \/ Yoast SEO Premium plugin. -->","yoast_head_json":{"title":"En pr\u00e9lude au congr\u00e8s national de No\u00ebl, des conseils provinciaux du PDG ce week-end - Gabon","robots":{"index":"index","follow":"follow","max-snippet":"max-snippet:-1","max-image-preview":"max-image-preview:large","max-video-preview":"max-video-preview:-1"},"canonical":"https:\/\/www.africa-press.net\/gabon\/politique\/en-prelude-au-congres-national-de-noel-des-conseils-provinciaux-du-pdg-ce-week-end","og_locale":"fr_FR","og_type":"article","og_title":"En pr\u00e9lude au congr\u00e8s national de No\u00ebl, des conseils provinciaux du PDG ce week-end","og_description":"Africa-Press &#8211; Gabon. Parti de\u0301mocratique gabonais : de conseils en congre\u0300s, comme tous les cinq ans ! Le 12e\u0300me congre\u0300s national ordinaire du parti au pouvoir au Gabon est pre\u0301vu pour les 23 et 24 de\u0301cembre prochains, faisant ainsi suite aux 11e\u0300mes assises du genre tenues les 10, 11 et 12 de\u0301cembre 2017. Dans cette [&hellip;]","og_url":"https:\/\/www.africa-press.net\/gabon\/politique\/en-prelude-au-congres-national-de-noel-des-conseils-provinciaux-du-pdg-ce-week-end","og_site_name":"Gabon","article_published_time":"2022-12-04T20:42:24+00:00","author":"cfeditorfr","twitter_card":"summary_large_image","twitter_misc":{"\u00c9crit par":"cfeditorfr","Dur\u00e9e de lecture estim\u00e9e":"3 minutes"},"schema":{"@context":"https:\/\/schema.org","@graph":[{"@type":"Article","@id":"https:\/\/www.africa-press.net\/gabon\/politique\/en-prelude-au-congres-national-de-noel-des-conseils-provinciaux-du-pdg-ce-week-end#article","isPartOf":{"@id":"https:\/\/www.africa-press.net\/gabon\/politique\/en-prelude-au-congres-national-de-noel-des-conseils-provinciaux-du-pdg-ce-week-end"},"author":{"name":"cfeditorfr","@id":"https:\/\/www.africa-press.net\/gabon\/#\/schema\/person\/2b1cf3cd81a31e3cd26889ca66d677f1"},"headline":"En pr\u00e9lude au congr\u00e8s national de No\u00ebl, des conseils provinciaux du PDG ce week-end","datePublished":"2022-12-04T20:42:24+00:00","mainEntityOfPage":{"@id":"https:\/\/www.africa-press.net\/gabon\/politique\/en-prelude-au-congres-national-de-noel-des-conseils-provinciaux-du-pdg-ce-week-end"},"wordCount":676,"commentCount":0,"image":{"@id":"https:\/\/www.africa-press.net\/gabon\/politique\/en-prelude-au-congres-national-de-noel-des-conseils-provinciaux-du-pdg-ce-week-end#primaryimage"},"thumbnailUrl":"https:\/\/static.africa-press.net\/gabon\/sites\/54\/2022\/12\/postQueueImg_1670173954.68.jpg","keywords":["Africa Press","Africa Press-Gabon","Gabon"],"articleSection":["Politique","Toutes les actualit\u00e9s"],"inLanguage":"fr-FR","potentialAction":[{"@type":"CommentAction","name":"Comment","target":["https:\/\/www.africa-press.net\/gabon\/politique\/en-prelude-au-congres-national-de-noel-des-conseils-provinciaux-du-pdg-ce-week-end#respond"]}]},{"@type":"WebPage","@id":"https:\/\/www.africa-press.net\/gabon\/politique\/en-prelude-au-congres-national-de-noel-des-conseils-provinciaux-du-pdg-ce-week-end","url":"https:\/\/www.africa-press.net\/gabon\/politique\/en-prelude-au-congres-national-de-noel-des-conseils-provinciaux-du-pdg-ce-week-end","name":"En pr\u00e9lude au congr\u00e8s national de No\u00ebl, des conseils provinciaux du PDG ce week-end - Gabon","isPartOf":{"@id":"https:\/\/www.africa-press.net\/gabon\/#website"},"primaryImageOfPage":{"@id":"https:\/\/www.africa-press.net\/gabon\/politique\/en-prelude-au-congres-national-de-noel-des-conseils-provinciaux-du-pdg-ce-week-end#primaryimage"},"image":{"@id":"https:\/\/www.africa-press.net\/gabon\/politique\/en-prelude-au-congres-national-de-noel-des-conseils-provinciaux-du-pdg-ce-week-end#primaryimage"},"thumbnailUrl":"https:\/\/static.africa-press.net\/gabon\/sites\/54\/2022\/12\/postQueueImg_1670173954.68.jpg","datePublished":"2022-12-04T20:42:24+00:00","author":{"@id":"https:\/\/www.africa-press.net\/gabon\/#\/schema\/person\/2b1cf3cd81a31e3cd26889ca66d677f1"},"breadcrumb":{"@id":"https:\/\/www.africa-press.net\/gabon\/politique\/en-prelude-au-congres-national-de-noel-des-conseils-provinciaux-du-pdg-ce-week-end#breadcrumb"},"inLanguage":"fr-FR","potentialAction":[{"@type":"ReadAction","target":["https:\/\/www.africa-press.net\/gabon\/politique\/en-prelude-au-congres-national-de-noel-des-conseils-provinciaux-du-pdg-ce-week-end"]}]},{"@type":"ImageObject","inLanguage":"fr-FR","@id":"https:\/\/www.africa-press.net\/gabon\/politique\/en-prelude-au-congres-national-de-noel-des-conseils-provinciaux-du-pdg-ce-week-end#primaryimage","url":"https:\/\/static.africa-press.net\/gabon\/sites\/54\/2022\/12\/postQueueImg_1670173954.68.jpg","contentUrl":"https:\/\/static.africa-press.net\/gabon\/sites\/54\/2022\/12\/postQueueImg_1670173954.68.jpg","width":720,"height":349,"caption":"En pr\u00e9lude au congr\u00e8s national de No\u00ebl, des conseils provinciaux du PDG ce week-end"},{"@type":"BreadcrumbList","@id":"https:\/\/www.africa-press.net\/gabon\/politique\/en-prelude-au-congres-national-de-noel-des-conseils-provinciaux-du-pdg-ce-week-end#breadcrumb","itemListElement":[{"@type":"ListItem","position":1,"name":"Accueil","item":"https:\/\/www.africa-press.net\/gabon\/"},{"@type":"ListItem","position":2,"name":"En pr\u00e9lude au congr\u00e8s national de No\u00ebl, des conseils provinciaux du PDG ce week-end"}]},{"@type":"WebSite","@id":"https:\/\/www.africa-press.net\/gabon\/#website","url":"https:\/\/www.africa-press.net\/gabon\/","name":"Gabon","description":"Just another Africa News Agency Sites site","potentialAction":[{"@type":"SearchAction","target":{"@type":"EntryPoint","urlTemplate":"https:\/\/www.africa-press.net\/gabon\/?s={search_term_string}"},"query-input":{"@type":"PropertyValueSpecification","valueRequired":true,"valueName":"search_term_string"}}],"inLanguage":"fr-FR"},{"@type":"Person","@id":"https:\/\/www.africa-press.net\/gabon\/#\/schema\/person\/2b1cf3cd81a31e3cd26889ca66d677f1","name":"cfeditorfr"}]}},"_links":{"self":[{"href":"https:\/\/www.africa-press.net\/gabon\/wp-json\/wp\/v2\/posts\/13554","targetHints":{"allow":["GET"]}}],"collection":[{"href":"https:\/\/www.africa-press.net\/gabon\/wp-json\/wp\/v2\/posts"}],"about":[{"href":"https:\/\/www.africa-press.net\/gabon\/wp-json\/wp\/v2\/types\/post"}],"author":[{"embeddable":true,"href":"https:\/\/www.africa-press.net\/gabon\/wp-json\/wp\/v2\/users\/82"}],"replies":[{"embeddable":true,"href":"https:\/\/www.africa-press.net\/gabon\/wp-json\/wp\/v2\/comments?post=13554"}],"version-history":[{"count":0,"href":"https:\/\/www.africa-press.net\/gabon\/wp-json\/wp\/v2\/posts\/13554\/revisions"}],"wp:featuredmedia":[{"embeddable":true,"href":"https:\/\/www.africa-press.net\/gabon\/wp-json\/wp\/v2\/media\/13553"}],"wp:attachment":[{"href":"https:\/\/www.africa-press.net\/gabon\/wp-json\/wp\/v2\/media?parent=13554"}],"wp:term":[{"taxonomy":"category","embeddable":true,"href":"https:\/\/www.africa-press.net\/gabon\/wp-json\/wp\/v2\/categories?post=13554"},{"taxonomy":"post_tag","embeddable":true,"href":"https:\/\/www.africa-press.net\/gabon\/wp-json\/wp\/v2\/tags?post=13554"}],"curies":[{"name":"wp","href":"https:\/\/api.w.org\/{rel}","templated":true}]}}