{"id":13558,"date":"2022-12-04T20:49:30","date_gmt":"2022-12-04T20:49:30","guid":{"rendered":"https:\/\/www.africa-press.net\/gabon\/politique\/cdm-france-mbappe-sort-enfin-du-silence"},"modified":"2022-12-04T20:49:30","modified_gmt":"2022-12-04T20:49:30","slug":"cdm-france-mbappe-sort-enfin-du-silence","status":"publish","type":"post","link":"https:\/\/www.africa-press.net\/gabon\/sports\/cdm-france-mbappe-sort-enfin-du-silence","title":{"rendered":"CdM\/ France : Mbapp\u00e9 sort enfin du silence"},"content":{"rendered":"<p><span style=\"color: #ff6600\"><strong>Africa-Press &#8211; Gabon. <\/strong><\/span>Alors qu\u2019il a fait le choix de ne pas s\u2019exprimer devant les me\u0301dias depuis le de\u0301but de la Coupe du monde, Kylian Mbappe\u0301 a accepte\u0301 pour la premie\u0300re fois de se plier a\u0300 ses obligations me\u0301diatiques ce dimanche apre\u0300s le quart de finale remporte\u0301 face a\u0300 la Pologne.<\/p>\n<p>\u00ab Je voulais m\u2019exprimer. Je sais qu\u2019il y a eu pas mal de questions sur pourquoi je ne parlais pas. De\u0301ja\u0300, pour tous les journalistes qui sont la\u0300, ce n\u2019e\u0301tait rien de personnel contre les journalistes, rien contre les gens. C\u2019e\u0301tait juste que j\u2019ai toujours ce besoin de me concentrer sur ma compe\u0301tition et quand je veux me concentrer sur quelque chose, j\u2019ai besoin de le faire a\u0300 100% et de ne pas perdre d\u2019e\u0301nergie a\u0300 autre chose.<\/p>\n<p><strong>Pour plus d&rsquo;informations et d&rsquo;analyses sur la <a href=\"https:\/\/www.africa-press.net\/gabon\">Gabon<\/a>, suivez <a href=\"https:\/\/www.africa-press.net\/\">Africa-Press<\/a><\/strong><\/p>\n","protected":false},"excerpt":{"rendered":"<p>Africa-Press &#8211; Gabon. Alors qu\u2019il a fait le choix de ne pas s\u2019exprimer devant les me\u0301dias depuis le de\u0301but de la Coupe du monde, Kylian Mbappe\u0301 a accepte\u0301 pour la premie\u0300re fois de se plier a\u0300 ses obligations me\u0301diatiques ce dimanche apre\u0300s le quart de finale remporte\u0301 face a\u0300 la Pologne. \u00ab Je voulais m\u2019exprimer. [&hellip;]<\/p>\n","protected":false},"author":82,"featured_media":13557,"comment_status":"open","ping_status":"closed","sticky":false,"template":"","format":"standard","meta":{"footnotes":""},"categories":[6,10],"tags":[36,50,49],"class_list":["post-13558","post","type-post","status-publish","format-standard","has-post-thumbnail","hentry","category-sports","category-toutes-les-actualites","tag-africa-press","tag-africa-press-gabon","tag-gabon"],"yoast_head":"<!-- This site is optimized with the Yoast SEO Premium plugin v26.1 (Yoast SEO v27.0) - https:\/\/yoast.com\/product\/yoast-seo-premium-wordpress\/ -->\n<title>CdM\/ France : Mbapp\u00e9 sort enfin du silence - Gabon<\/title>\n<meta name=\"robots\" content=\"index, follow, max-snippet:-1, max-image-preview:large, max-video-preview:-1\" \/>\n<link rel=\"canonical\" href=\"https:\/\/www.africa-press.net\/gabon\/politique\/cdm-france-mbappe-sort-enfin-du-silence\" \/>\n<meta property=\"og:locale\" content=\"fr_FR\" \/>\n<meta property=\"og:type\" content=\"article\" \/>\n<meta property=\"og:title\" content=\"CdM\/ France : Mbapp\u00e9 sort enfin du silence\" \/>\n<meta property=\"og:description\" content=\"Africa-Press &#8211; Gabon. Alors qu\u2019il a fait le choix de ne pas s\u2019exprimer devant les me\u0301dias depuis le de\u0301but de la Coupe du monde, Kylian Mbappe\u0301 a accepte\u0301 pour la premie\u0300re fois de se plier a\u0300 ses obligations me\u0301diatiques ce dimanche apre\u0300s le quart de finale remporte\u0301 face a\u0300 la Pologne. \u00ab Je voulais m\u2019exprimer. [&hellip;]\" \/>\n<meta property=\"og:url\" content=\"https:\/\/www.africa-press.net\/gabon\/politique\/cdm-france-mbappe-sort-enfin-du-silence\" \/>\n<meta property=\"og:site_name\" content=\"Gabon\" \/>\n<meta property=\"article:published_time\" content=\"2022-12-04T20:49:30+00:00\" \/>\n<meta name=\"author\" content=\"cfeditorfr\" \/>\n<meta name=\"twitter:card\" content=\"summary_large_image\" \/>\n<meta name=\"twitter:label1\" content=\"\u00c9crit par\" \/>\n\t<meta name=\"twitter:data1\" content=\"cfeditorfr\" \/>\n\t<meta name=\"twitter:label2\" content=\"Dur\u00e9e de lecture estim\u00e9e\" \/>\n\t<meta name=\"twitter:data2\" content=\"1 minute\" \/>\n<script type=\"application\/ld+json\" class=\"yoast-schema-graph\">{\"@context\":\"https:\/\/schema.org\",\"@graph\":[{\"@type\":\"Article\",\"@id\":\"https:\/\/www.africa-press.net\/gabon\/politique\/cdm-france-mbappe-sort-enfin-du-silence#article\",\"isPartOf\":{\"@id\":\"https:\/\/www.africa-press.net\/gabon\/politique\/cdm-france-mbappe-sort-enfin-du-silence\"},\"author\":{\"name\":\"cfeditorfr\",\"@id\":\"https:\/\/www.africa-press.net\/gabon\/#\/schema\/person\/2b1cf3cd81a31e3cd26889ca66d677f1\"},\"headline\":\"CdM\/ France : Mbapp\u00e9 sort enfin du silence\",\"datePublished\":\"2022-12-04T20:49:30+00:00\",\"mainEntityOfPage\":{\"@id\":\"https:\/\/www.africa-press.net\/gabon\/politique\/cdm-france-mbappe-sort-enfin-du-silence\"},\"wordCount\":165,\"commentCount\":0,\"image\":{\"@id\":\"https:\/\/www.africa-press.net\/gabon\/politique\/cdm-france-mbappe-sort-enfin-du-silence#primaryimage\"},\"thumbnailUrl\":\"https:\/\/static.africa-press.net\/gabon\/sites\/54\/2022\/12\/postQueueImg_1670174470.82.jpg\",\"keywords\":[\"Africa Press\",\"Africa Press-Gabon\",\"Gabon\"],\"articleSection\":[\"Sports\",\"Toutes les actualit\u00e9s\"],\"inLanguage\":\"fr-FR\",\"potentialAction\":[{\"@type\":\"CommentAction\",\"name\":\"Comment\",\"target\":[\"https:\/\/www.africa-press.net\/gabon\/politique\/cdm-france-mbappe-sort-enfin-du-silence#respond\"]}]},{\"@type\":\"WebPage\",\"@id\":\"https:\/\/www.africa-press.net\/gabon\/politique\/cdm-france-mbappe-sort-enfin-du-silence\",\"url\":\"https:\/\/www.africa-press.net\/gabon\/politique\/cdm-france-mbappe-sort-enfin-du-silence\",\"name\":\"CdM\/ France : Mbapp\u00e9 sort enfin du silence - Gabon\",\"isPartOf\":{\"@id\":\"https:\/\/www.africa-press.net\/gabon\/#website\"},\"primaryImageOfPage\":{\"@id\":\"https:\/\/www.africa-press.net\/gabon\/politique\/cdm-france-mbappe-sort-enfin-du-silence#primaryimage\"},\"image\":{\"@id\":\"https:\/\/www.africa-press.net\/gabon\/politique\/cdm-france-mbappe-sort-enfin-du-silence#primaryimage\"},\"thumbnailUrl\":\"https:\/\/static.africa-press.net\/gabon\/sites\/54\/2022\/12\/postQueueImg_1670174470.82.jpg\",\"datePublished\":\"2022-12-04T20:49:30+00:00\",\"author\":{\"@id\":\"https:\/\/www.africa-press.net\/gabon\/#\/schema\/person\/2b1cf3cd81a31e3cd26889ca66d677f1\"},\"breadcrumb\":{\"@id\":\"https:\/\/www.africa-press.net\/gabon\/politique\/cdm-france-mbappe-sort-enfin-du-silence#breadcrumb\"},\"inLanguage\":\"fr-FR\",\"potentialAction\":[{\"@type\":\"ReadAction\",\"target\":[\"https:\/\/www.africa-press.net\/gabon\/politique\/cdm-france-mbappe-sort-enfin-du-silence\"]}]},{\"@type\":\"ImageObject\",\"inLanguage\":\"fr-FR\",\"@id\":\"https:\/\/www.africa-press.net\/gabon\/politique\/cdm-france-mbappe-sort-enfin-du-silence#primaryimage\",\"url\":\"https:\/\/static.africa-press.net\/gabon\/sites\/54\/2022\/12\/postQueueImg_1670174470.82.jpg\",\"contentUrl\":\"https:\/\/static.africa-press.net\/gabon\/sites\/54\/2022\/12\/postQueueImg_1670174470.82.jpg\",\"width\":1621,\"height\":1102,\"caption\":\"CdM\/ France : Mbapp\u00e9 sort enfin du silence\"},{\"@type\":\"BreadcrumbList\",\"@id\":\"https:\/\/www.africa-press.net\/gabon\/politique\/cdm-france-mbappe-sort-enfin-du-silence#breadcrumb\",\"itemListElement\":[{\"@type\":\"ListItem\",\"position\":1,\"name\":\"Accueil\",\"item\":\"https:\/\/www.africa-press.net\/gabon\/\"},{\"@type\":\"ListItem\",\"position\":2,\"name\":\"CdM\/ France : Mbapp\u00e9 sort enfin du silence\"}]},{\"@type\":\"WebSite\",\"@id\":\"https:\/\/www.africa-press.net\/gabon\/#website\",\"url\":\"https:\/\/www.africa-press.net\/gabon\/\",\"name\":\"Gabon\",\"description\":\"Just another Africa News Agency Sites site\",\"potentialAction\":[{\"@type\":\"SearchAction\",\"target\":{\"@type\":\"EntryPoint\",\"urlTemplate\":\"https:\/\/www.africa-press.net\/gabon\/?s={search_term_string}\"},\"query-input\":{\"@type\":\"PropertyValueSpecification\",\"valueRequired\":true,\"valueName\":\"search_term_string\"}}],\"inLanguage\":\"fr-FR\"},{\"@type\":\"Person\",\"@id\":\"https:\/\/www.africa-press.net\/gabon\/#\/schema\/person\/2b1cf3cd81a31e3cd26889ca66d677f1\",\"name\":\"cfeditorfr\"}]}<\/script>\n<!-- \/ Yoast SEO Premium plugin. -->","yoast_head_json":{"title":"CdM\/ France : Mbapp\u00e9 sort enfin du silence - Gabon","robots":{"index":"index","follow":"follow","max-snippet":"max-snippet:-1","max-image-preview":"max-image-preview:large","max-video-preview":"max-video-preview:-1"},"canonical":"https:\/\/www.africa-press.net\/gabon\/politique\/cdm-france-mbappe-sort-enfin-du-silence","og_locale":"fr_FR","og_type":"article","og_title":"CdM\/ France : Mbapp\u00e9 sort enfin du silence","og_description":"Africa-Press &#8211; Gabon. Alors qu\u2019il a fait le choix de ne pas s\u2019exprimer devant les me\u0301dias depuis le de\u0301but de la Coupe du monde, Kylian Mbappe\u0301 a accepte\u0301 pour la premie\u0300re fois de se plier a\u0300 ses obligations me\u0301diatiques ce dimanche apre\u0300s le quart de finale remporte\u0301 face a\u0300 la Pologne. \u00ab Je voulais m\u2019exprimer. [&hellip;]","og_url":"https:\/\/www.africa-press.net\/gabon\/politique\/cdm-france-mbappe-sort-enfin-du-silence","og_site_name":"Gabon","article_published_time":"2022-12-04T20:49:30+00:00","author":"cfeditorfr","twitter_card":"summary_large_image","twitter_misc":{"\u00c9crit par":"cfeditorfr","Dur\u00e9e de lecture estim\u00e9e":"1 minute"},"schema":{"@context":"https:\/\/schema.org","@graph":[{"@type":"Article","@id":"https:\/\/www.africa-press.net\/gabon\/politique\/cdm-france-mbappe-sort-enfin-du-silence#article","isPartOf":{"@id":"https:\/\/www.africa-press.net\/gabon\/politique\/cdm-france-mbappe-sort-enfin-du-silence"},"author":{"name":"cfeditorfr","@id":"https:\/\/www.africa-press.net\/gabon\/#\/schema\/person\/2b1cf3cd81a31e3cd26889ca66d677f1"},"headline":"CdM\/ France : Mbapp\u00e9 sort enfin du silence","datePublished":"2022-12-04T20:49:30+00:00","mainEntityOfPage":{"@id":"https:\/\/www.africa-press.net\/gabon\/politique\/cdm-france-mbappe-sort-enfin-du-silence"},"wordCount":165,"commentCount":0,"image":{"@id":"https:\/\/www.africa-press.net\/gabon\/politique\/cdm-france-mbappe-sort-enfin-du-silence#primaryimage"},"thumbnailUrl":"https:\/\/static.africa-press.net\/gabon\/sites\/54\/2022\/12\/postQueueImg_1670174470.82.jpg","keywords":["Africa Press","Africa Press-Gabon","Gabon"],"articleSection":["Sports","Toutes les actualit\u00e9s"],"inLanguage":"fr-FR","potentialAction":[{"@type":"CommentAction","name":"Comment","target":["https:\/\/www.africa-press.net\/gabon\/politique\/cdm-france-mbappe-sort-enfin-du-silence#respond"]}]},{"@type":"WebPage","@id":"https:\/\/www.africa-press.net\/gabon\/politique\/cdm-france-mbappe-sort-enfin-du-silence","url":"https:\/\/www.africa-press.net\/gabon\/politique\/cdm-france-mbappe-sort-enfin-du-silence","name":"CdM\/ France : Mbapp\u00e9 sort enfin du silence - Gabon","isPartOf":{"@id":"https:\/\/www.africa-press.net\/gabon\/#website"},"primaryImageOfPage":{"@id":"https:\/\/www.africa-press.net\/gabon\/politique\/cdm-france-mbappe-sort-enfin-du-silence#primaryimage"},"image":{"@id":"https:\/\/www.africa-press.net\/gabon\/politique\/cdm-france-mbappe-sort-enfin-du-silence#primaryimage"},"thumbnailUrl":"https:\/\/static.africa-press.net\/gabon\/sites\/54\/2022\/12\/postQueueImg_1670174470.82.jpg","datePublished":"2022-12-04T20:49:30+00:00","author":{"@id":"https:\/\/www.africa-press.net\/gabon\/#\/schema\/person\/2b1cf3cd81a31e3cd26889ca66d677f1"},"breadcrumb":{"@id":"https:\/\/www.africa-press.net\/gabon\/politique\/cdm-france-mbappe-sort-enfin-du-silence#breadcrumb"},"inLanguage":"fr-FR","potentialAction":[{"@type":"ReadAction","target":["https:\/\/www.africa-press.net\/gabon\/politique\/cdm-france-mbappe-sort-enfin-du-silence"]}]},{"@type":"ImageObject","inLanguage":"fr-FR","@id":"https:\/\/www.africa-press.net\/gabon\/politique\/cdm-france-mbappe-sort-enfin-du-silence#primaryimage","url":"https:\/\/static.africa-press.net\/gabon\/sites\/54\/2022\/12\/postQueueImg_1670174470.82.jpg","contentUrl":"https:\/\/static.africa-press.net\/gabon\/sites\/54\/2022\/12\/postQueueImg_1670174470.82.jpg","width":1621,"height":1102,"caption":"CdM\/ France : Mbapp\u00e9 sort enfin du silence"},{"@type":"BreadcrumbList","@id":"https:\/\/www.africa-press.net\/gabon\/politique\/cdm-france-mbappe-sort-enfin-du-silence#breadcrumb","itemListElement":[{"@type":"ListItem","position":1,"name":"Accueil","item":"https:\/\/www.africa-press.net\/gabon\/"},{"@type":"ListItem","position":2,"name":"CdM\/ France : Mbapp\u00e9 sort enfin du silence"}]},{"@type":"WebSite","@id":"https:\/\/www.africa-press.net\/gabon\/#website","url":"https:\/\/www.africa-press.net\/gabon\/","name":"Gabon","description":"Just another Africa News Agency Sites site","potentialAction":[{"@type":"SearchAction","target":{"@type":"EntryPoint","urlTemplate":"https:\/\/www.africa-press.net\/gabon\/?s={search_term_string}"},"query-input":{"@type":"PropertyValueSpecification","valueRequired":true,"valueName":"search_term_string"}}],"inLanguage":"fr-FR"},{"@type":"Person","@id":"https:\/\/www.africa-press.net\/gabon\/#\/schema\/person\/2b1cf3cd81a31e3cd26889ca66d677f1","name":"cfeditorfr"}]}},"_links":{"self":[{"href":"https:\/\/www.africa-press.net\/gabon\/wp-json\/wp\/v2\/posts\/13558","targetHints":{"allow":["GET"]}}],"collection":[{"href":"https:\/\/www.africa-press.net\/gabon\/wp-json\/wp\/v2\/posts"}],"about":[{"href":"https:\/\/www.africa-press.net\/gabon\/wp-json\/wp\/v2\/types\/post"}],"author":[{"embeddable":true,"href":"https:\/\/www.africa-press.net\/gabon\/wp-json\/wp\/v2\/users\/82"}],"replies":[{"embeddable":true,"href":"https:\/\/www.africa-press.net\/gabon\/wp-json\/wp\/v2\/comments?post=13558"}],"version-history":[{"count":0,"href":"https:\/\/www.africa-press.net\/gabon\/wp-json\/wp\/v2\/posts\/13558\/revisions"}],"wp:featuredmedia":[{"embeddable":true,"href":"https:\/\/www.africa-press.net\/gabon\/wp-json\/wp\/v2\/media\/13557"}],"wp:attachment":[{"href":"https:\/\/www.africa-press.net\/gabon\/wp-json\/wp\/v2\/media?parent=13558"}],"wp:term":[{"taxonomy":"category","embeddable":true,"href":"https:\/\/www.africa-press.net\/gabon\/wp-json\/wp\/v2\/categories?post=13558"},{"taxonomy":"post_tag","embeddable":true,"href":"https:\/\/www.africa-press.net\/gabon\/wp-json\/wp\/v2\/tags?post=13558"}],"curies":[{"name":"wp","href":"https:\/\/api.w.org\/{rel}","templated":true}]}}