{"id":13560,"date":"2022-12-05T18:56:53","date_gmt":"2022-12-05T18:56:53","guid":{"rendered":"https:\/\/www.africa-press.net\/gabon\/politique\/le-groupe-foberd-gabon-a-lheure-du-pat-sur-ladequation-formation-emploi-voulue-par-les-plus-hautes-autorites"},"modified":"2022-12-05T18:56:53","modified_gmt":"2022-12-05T18:56:53","slug":"le-groupe-foberd-gabon-a-lheure-du-pat-sur-ladequation-formation-emploi-voulue-par-les-plus-hautes-autorites","status":"publish","type":"post","link":"https:\/\/www.africa-press.net\/gabon\/toutes-les-actualites\/le-groupe-foberd-gabon-a-lheure-du-pat-sur-ladequation-formation-emploi-voulue-par-les-plus-hautes-autorites","title":{"rendered":"Le groupe Foberd Gabon \u00e0 l\u2019heure du PAT sur l\u2019ad\u00e9quation formation emploi voulue par les plus hautes autorit\u00e9s"},"content":{"rendered":"<p><span style=\"color: #ff6600\"><strong>Africa-Press &#8211; Gabon. <\/strong><\/span><b>Le groupe multisectoriel encadre en immersion dans ses diffe\u0301rentes unite\u0301s 53 apprenants du centre multisectoriel de formation et d\u2019enseignement professionnel (CIMFEP) de Nkok.<\/b><\/p>\n<p>\u00ab Ce partenariat aujourd\u2019hui est primordial car il permet de pre\u0301parer les jeunes apprenants a\u0300 leur milieu professionnel. Nous pensons que d\u2019autres ope\u0301rateurs e\u0301conomiques doivent suivent la dynamique enclenche\u0301e par le groupe Foberd, qui a accepte\u0301 d\u2019encadrer ces apprenants \u00bb, s\u2019est re\u0301joui Ce\u0301lestine Ba Oguewa, responsable de la task force ope\u0301rationnalisation des centres de formation professionnelle<\/p>\n<p>Pour le conseiller strate\u0301gique de Foberd Gabon, Herbeland Mayombo, dans le contexte de post crise Covid-19, il est impe\u0301ratif d\u2019accompagner le gouvernement dans son Plan de relance e\u0301conomique en misant sur la formation pratique des jeunes apprenants *qui sont appele\u0301s a\u0300 contribuer a\u0300 la cre\u0301ation dans les secteurs de diversification et de croissances *<\/p>\n<p>\u00ab Le groupe Foberd se positionne comme un acteur de l\u2019industrialisation du Gabon qui passe notamment par l\u2019employabilite\u0301 des jeunes. L\u2019immersion de ces 53 apprenants dans nos filiales est aussi l\u2019application des dispositions du nouveau Code du travail qui engage les entreprises a\u0300 accueillir des jeunes et a\u0300 les former pour assurer leur employabilite\u0301 et lutter contre le cho\u0302mage \u00bb, a-t-il souligne\u0301.<\/p>\n<p>Durant ce stage, qui doit permettre aux apprenants d\u2019acque\u0301rir les outils ne\u0301cessaires pour leur formation, ces derniers auront la possibilite\u0301 de toucher du doigt les re\u0301alite\u0301s du monde profesionnel. En clair, le but de groupe industriel est de soutenir la politique d\u2019employabilite\u0301 des jeunes gabonais.<\/p>\n<p><strong>Pour plus d&rsquo;informations et d&rsquo;analyses sur la <a href=\"https:\/\/www.africa-press.net\/gabon\">Gabon<\/a>, suivez <a href=\"https:\/\/www.africa-press.net\/\">Africa-Press<\/a><\/strong><\/p>\n","protected":false},"excerpt":{"rendered":"<p>Africa-Press &#8211; Gabon. Le groupe multisectoriel encadre en immersion dans ses diffe\u0301rentes unite\u0301s 53 apprenants du centre multisectoriel de formation et d\u2019enseignement professionnel (CIMFEP) de Nkok. \u00ab Ce partenariat aujourd\u2019hui est primordial car il permet de pre\u0301parer les jeunes apprenants a\u0300 leur milieu professionnel. Nous pensons que d\u2019autres ope\u0301rateurs e\u0301conomiques doivent suivent la dynamique enclenche\u0301e [&hellip;]<\/p>\n","protected":false},"author":82,"featured_media":13559,"comment_status":"open","ping_status":"closed","sticky":false,"template":"","format":"standard","meta":{"footnotes":""},"categories":[21,10],"tags":[36,50,49],"class_list":["post-13560","post","type-post","status-publish","format-standard","has-post-thumbnail","hentry","category-communaute","category-toutes-les-actualites","tag-africa-press","tag-africa-press-gabon","tag-gabon"],"yoast_head":"<!-- This site is optimized with the Yoast SEO Premium plugin v26.1 (Yoast SEO v27.0) - https:\/\/yoast.com\/product\/yoast-seo-premium-wordpress\/ -->\n<title>Le groupe Foberd Gabon \u00e0 l\u2019heure du PAT sur l\u2019ad\u00e9quation formation emploi voulue par les plus hautes autorit\u00e9s - Gabon<\/title>\n<meta name=\"robots\" content=\"index, follow, max-snippet:-1, max-image-preview:large, max-video-preview:-1\" \/>\n<link rel=\"canonical\" href=\"https:\/\/www.africa-press.net\/gabon\/politique\/le-groupe-foberd-gabon-a-lheure-du-pat-sur-ladequation-formation-emploi-voulue-par-les-plus-hautes-autorites\" \/>\n<meta property=\"og:locale\" content=\"fr_FR\" \/>\n<meta property=\"og:type\" content=\"article\" \/>\n<meta property=\"og:title\" content=\"Le groupe Foberd Gabon \u00e0 l\u2019heure du PAT sur l\u2019ad\u00e9quation formation emploi voulue par les plus hautes autorit\u00e9s\" \/>\n<meta property=\"og:description\" content=\"Africa-Press &#8211; Gabon. Le groupe multisectoriel encadre en immersion dans ses diffe\u0301rentes unite\u0301s 53 apprenants du centre multisectoriel de formation et d\u2019enseignement professionnel (CIMFEP) de Nkok. \u00ab Ce partenariat aujourd\u2019hui est primordial car il permet de pre\u0301parer les jeunes apprenants a\u0300 leur milieu professionnel. Nous pensons que d\u2019autres ope\u0301rateurs e\u0301conomiques doivent suivent la dynamique enclenche\u0301e [&hellip;]\" \/>\n<meta property=\"og:url\" content=\"https:\/\/www.africa-press.net\/gabon\/politique\/le-groupe-foberd-gabon-a-lheure-du-pat-sur-ladequation-formation-emploi-voulue-par-les-plus-hautes-autorites\" \/>\n<meta property=\"og:site_name\" content=\"Gabon\" \/>\n<meta property=\"article:published_time\" content=\"2022-12-05T18:56:53+00:00\" \/>\n<meta name=\"author\" content=\"cfeditorfr\" \/>\n<meta name=\"twitter:card\" content=\"summary_large_image\" \/>\n<meta name=\"twitter:label1\" content=\"\u00c9crit par\" \/>\n\t<meta name=\"twitter:data1\" content=\"cfeditorfr\" \/>\n\t<meta name=\"twitter:label2\" content=\"Dur\u00e9e de lecture estim\u00e9e\" \/>\n\t<meta name=\"twitter:data2\" content=\"1 minute\" \/>\n<script type=\"application\/ld+json\" class=\"yoast-schema-graph\">{\"@context\":\"https:\/\/schema.org\",\"@graph\":[{\"@type\":\"Article\",\"@id\":\"https:\/\/www.africa-press.net\/gabon\/politique\/le-groupe-foberd-gabon-a-lheure-du-pat-sur-ladequation-formation-emploi-voulue-par-les-plus-hautes-autorites#article\",\"isPartOf\":{\"@id\":\"https:\/\/www.africa-press.net\/gabon\/politique\/le-groupe-foberd-gabon-a-lheure-du-pat-sur-ladequation-formation-emploi-voulue-par-les-plus-hautes-autorites\"},\"author\":{\"name\":\"cfeditorfr\",\"@id\":\"https:\/\/www.africa-press.net\/gabon\/#\/schema\/person\/2b1cf3cd81a31e3cd26889ca66d677f1\"},\"headline\":\"Le groupe Foberd Gabon \u00e0 l\u2019heure du PAT sur l\u2019ad\u00e9quation formation emploi voulue par les plus hautes autorit\u00e9s\",\"datePublished\":\"2022-12-05T18:56:53+00:00\",\"mainEntityOfPage\":{\"@id\":\"https:\/\/www.africa-press.net\/gabon\/politique\/le-groupe-foberd-gabon-a-lheure-du-pat-sur-ladequation-formation-emploi-voulue-par-les-plus-hautes-autorites\"},\"wordCount\":300,\"commentCount\":0,\"image\":{\"@id\":\"https:\/\/www.africa-press.net\/gabon\/politique\/le-groupe-foberd-gabon-a-lheure-du-pat-sur-ladequation-formation-emploi-voulue-par-les-plus-hautes-autorites#primaryimage\"},\"thumbnailUrl\":\"https:\/\/static.africa-press.net\/gabon\/sites\/54\/2022\/12\/postQueueImg_1670254020.59.jpg\",\"keywords\":[\"Africa Press\",\"Africa Press-Gabon\",\"Gabon\"],\"articleSection\":[\"Communaut\u00e9\",\"Toutes les actualit\u00e9s\"],\"inLanguage\":\"fr-FR\",\"potentialAction\":[{\"@type\":\"CommentAction\",\"name\":\"Comment\",\"target\":[\"https:\/\/www.africa-press.net\/gabon\/politique\/le-groupe-foberd-gabon-a-lheure-du-pat-sur-ladequation-formation-emploi-voulue-par-les-plus-hautes-autorites#respond\"]}]},{\"@type\":\"WebPage\",\"@id\":\"https:\/\/www.africa-press.net\/gabon\/politique\/le-groupe-foberd-gabon-a-lheure-du-pat-sur-ladequation-formation-emploi-voulue-par-les-plus-hautes-autorites\",\"url\":\"https:\/\/www.africa-press.net\/gabon\/politique\/le-groupe-foberd-gabon-a-lheure-du-pat-sur-ladequation-formation-emploi-voulue-par-les-plus-hautes-autorites\",\"name\":\"Le groupe Foberd Gabon \u00e0 l\u2019heure du PAT sur l\u2019ad\u00e9quation formation emploi voulue par les plus hautes autorit\u00e9s - Gabon\",\"isPartOf\":{\"@id\":\"https:\/\/www.africa-press.net\/gabon\/#website\"},\"primaryImageOfPage\":{\"@id\":\"https:\/\/www.africa-press.net\/gabon\/politique\/le-groupe-foberd-gabon-a-lheure-du-pat-sur-ladequation-formation-emploi-voulue-par-les-plus-hautes-autorites#primaryimage\"},\"image\":{\"@id\":\"https:\/\/www.africa-press.net\/gabon\/politique\/le-groupe-foberd-gabon-a-lheure-du-pat-sur-ladequation-formation-emploi-voulue-par-les-plus-hautes-autorites#primaryimage\"},\"thumbnailUrl\":\"https:\/\/static.africa-press.net\/gabon\/sites\/54\/2022\/12\/postQueueImg_1670254020.59.jpg\",\"datePublished\":\"2022-12-05T18:56:53+00:00\",\"author\":{\"@id\":\"https:\/\/www.africa-press.net\/gabon\/#\/schema\/person\/2b1cf3cd81a31e3cd26889ca66d677f1\"},\"breadcrumb\":{\"@id\":\"https:\/\/www.africa-press.net\/gabon\/politique\/le-groupe-foberd-gabon-a-lheure-du-pat-sur-ladequation-formation-emploi-voulue-par-les-plus-hautes-autorites#breadcrumb\"},\"inLanguage\":\"fr-FR\",\"potentialAction\":[{\"@type\":\"ReadAction\",\"target\":[\"https:\/\/www.africa-press.net\/gabon\/politique\/le-groupe-foberd-gabon-a-lheure-du-pat-sur-ladequation-formation-emploi-voulue-par-les-plus-hautes-autorites\"]}]},{\"@type\":\"ImageObject\",\"inLanguage\":\"fr-FR\",\"@id\":\"https:\/\/www.africa-press.net\/gabon\/politique\/le-groupe-foberd-gabon-a-lheure-du-pat-sur-ladequation-formation-emploi-voulue-par-les-plus-hautes-autorites#primaryimage\",\"url\":\"https:\/\/static.africa-press.net\/gabon\/sites\/54\/2022\/12\/postQueueImg_1670254020.59.jpg\",\"contentUrl\":\"https:\/\/static.africa-press.net\/gabon\/sites\/54\/2022\/12\/postQueueImg_1670254020.59.jpg\",\"width\":720,\"height\":427,\"caption\":\"Le groupe Foberd Gabon \u00e0 l\u2019heure du PAT sur l\u2019ad\u00e9quation formation emploi voulue par les plus hautes autorit\u00e9s\"},{\"@type\":\"BreadcrumbList\",\"@id\":\"https:\/\/www.africa-press.net\/gabon\/politique\/le-groupe-foberd-gabon-a-lheure-du-pat-sur-ladequation-formation-emploi-voulue-par-les-plus-hautes-autorites#breadcrumb\",\"itemListElement\":[{\"@type\":\"ListItem\",\"position\":1,\"name\":\"Accueil\",\"item\":\"https:\/\/www.africa-press.net\/gabon\/\"},{\"@type\":\"ListItem\",\"position\":2,\"name\":\"Le groupe Foberd Gabon \u00e0 l\u2019heure du PAT sur l\u2019ad\u00e9quation formation emploi voulue par les plus hautes autorit\u00e9s\"}]},{\"@type\":\"WebSite\",\"@id\":\"https:\/\/www.africa-press.net\/gabon\/#website\",\"url\":\"https:\/\/www.africa-press.net\/gabon\/\",\"name\":\"Gabon\",\"description\":\"Just another Africa News Agency Sites site\",\"potentialAction\":[{\"@type\":\"SearchAction\",\"target\":{\"@type\":\"EntryPoint\",\"urlTemplate\":\"https:\/\/www.africa-press.net\/gabon\/?s={search_term_string}\"},\"query-input\":{\"@type\":\"PropertyValueSpecification\",\"valueRequired\":true,\"valueName\":\"search_term_string\"}}],\"inLanguage\":\"fr-FR\"},{\"@type\":\"Person\",\"@id\":\"https:\/\/www.africa-press.net\/gabon\/#\/schema\/person\/2b1cf3cd81a31e3cd26889ca66d677f1\",\"name\":\"cfeditorfr\"}]}<\/script>\n<!-- \/ Yoast SEO Premium plugin. -->","yoast_head_json":{"title":"Le groupe Foberd Gabon \u00e0 l\u2019heure du PAT sur l\u2019ad\u00e9quation formation emploi voulue par les plus hautes autorit\u00e9s - Gabon","robots":{"index":"index","follow":"follow","max-snippet":"max-snippet:-1","max-image-preview":"max-image-preview:large","max-video-preview":"max-video-preview:-1"},"canonical":"https:\/\/www.africa-press.net\/gabon\/politique\/le-groupe-foberd-gabon-a-lheure-du-pat-sur-ladequation-formation-emploi-voulue-par-les-plus-hautes-autorites","og_locale":"fr_FR","og_type":"article","og_title":"Le groupe Foberd Gabon \u00e0 l\u2019heure du PAT sur l\u2019ad\u00e9quation formation emploi voulue par les plus hautes autorit\u00e9s","og_description":"Africa-Press &#8211; Gabon. Le groupe multisectoriel encadre en immersion dans ses diffe\u0301rentes unite\u0301s 53 apprenants du centre multisectoriel de formation et d\u2019enseignement professionnel (CIMFEP) de Nkok. \u00ab Ce partenariat aujourd\u2019hui est primordial car il permet de pre\u0301parer les jeunes apprenants a\u0300 leur milieu professionnel. Nous pensons que d\u2019autres ope\u0301rateurs e\u0301conomiques doivent suivent la dynamique enclenche\u0301e [&hellip;]","og_url":"https:\/\/www.africa-press.net\/gabon\/politique\/le-groupe-foberd-gabon-a-lheure-du-pat-sur-ladequation-formation-emploi-voulue-par-les-plus-hautes-autorites","og_site_name":"Gabon","article_published_time":"2022-12-05T18:56:53+00:00","author":"cfeditorfr","twitter_card":"summary_large_image","twitter_misc":{"\u00c9crit par":"cfeditorfr","Dur\u00e9e de lecture estim\u00e9e":"1 minute"},"schema":{"@context":"https:\/\/schema.org","@graph":[{"@type":"Article","@id":"https:\/\/www.africa-press.net\/gabon\/politique\/le-groupe-foberd-gabon-a-lheure-du-pat-sur-ladequation-formation-emploi-voulue-par-les-plus-hautes-autorites#article","isPartOf":{"@id":"https:\/\/www.africa-press.net\/gabon\/politique\/le-groupe-foberd-gabon-a-lheure-du-pat-sur-ladequation-formation-emploi-voulue-par-les-plus-hautes-autorites"},"author":{"name":"cfeditorfr","@id":"https:\/\/www.africa-press.net\/gabon\/#\/schema\/person\/2b1cf3cd81a31e3cd26889ca66d677f1"},"headline":"Le groupe Foberd Gabon \u00e0 l\u2019heure du PAT sur l\u2019ad\u00e9quation formation emploi voulue par les plus hautes autorit\u00e9s","datePublished":"2022-12-05T18:56:53+00:00","mainEntityOfPage":{"@id":"https:\/\/www.africa-press.net\/gabon\/politique\/le-groupe-foberd-gabon-a-lheure-du-pat-sur-ladequation-formation-emploi-voulue-par-les-plus-hautes-autorites"},"wordCount":300,"commentCount":0,"image":{"@id":"https:\/\/www.africa-press.net\/gabon\/politique\/le-groupe-foberd-gabon-a-lheure-du-pat-sur-ladequation-formation-emploi-voulue-par-les-plus-hautes-autorites#primaryimage"},"thumbnailUrl":"https:\/\/static.africa-press.net\/gabon\/sites\/54\/2022\/12\/postQueueImg_1670254020.59.jpg","keywords":["Africa Press","Africa Press-Gabon","Gabon"],"articleSection":["Communaut\u00e9","Toutes les actualit\u00e9s"],"inLanguage":"fr-FR","potentialAction":[{"@type":"CommentAction","name":"Comment","target":["https:\/\/www.africa-press.net\/gabon\/politique\/le-groupe-foberd-gabon-a-lheure-du-pat-sur-ladequation-formation-emploi-voulue-par-les-plus-hautes-autorites#respond"]}]},{"@type":"WebPage","@id":"https:\/\/www.africa-press.net\/gabon\/politique\/le-groupe-foberd-gabon-a-lheure-du-pat-sur-ladequation-formation-emploi-voulue-par-les-plus-hautes-autorites","url":"https:\/\/www.africa-press.net\/gabon\/politique\/le-groupe-foberd-gabon-a-lheure-du-pat-sur-ladequation-formation-emploi-voulue-par-les-plus-hautes-autorites","name":"Le groupe Foberd Gabon \u00e0 l\u2019heure du PAT sur l\u2019ad\u00e9quation formation emploi voulue par les plus hautes autorit\u00e9s - Gabon","isPartOf":{"@id":"https:\/\/www.africa-press.net\/gabon\/#website"},"primaryImageOfPage":{"@id":"https:\/\/www.africa-press.net\/gabon\/politique\/le-groupe-foberd-gabon-a-lheure-du-pat-sur-ladequation-formation-emploi-voulue-par-les-plus-hautes-autorites#primaryimage"},"image":{"@id":"https:\/\/www.africa-press.net\/gabon\/politique\/le-groupe-foberd-gabon-a-lheure-du-pat-sur-ladequation-formation-emploi-voulue-par-les-plus-hautes-autorites#primaryimage"},"thumbnailUrl":"https:\/\/static.africa-press.net\/gabon\/sites\/54\/2022\/12\/postQueueImg_1670254020.59.jpg","datePublished":"2022-12-05T18:56:53+00:00","author":{"@id":"https:\/\/www.africa-press.net\/gabon\/#\/schema\/person\/2b1cf3cd81a31e3cd26889ca66d677f1"},"breadcrumb":{"@id":"https:\/\/www.africa-press.net\/gabon\/politique\/le-groupe-foberd-gabon-a-lheure-du-pat-sur-ladequation-formation-emploi-voulue-par-les-plus-hautes-autorites#breadcrumb"},"inLanguage":"fr-FR","potentialAction":[{"@type":"ReadAction","target":["https:\/\/www.africa-press.net\/gabon\/politique\/le-groupe-foberd-gabon-a-lheure-du-pat-sur-ladequation-formation-emploi-voulue-par-les-plus-hautes-autorites"]}]},{"@type":"ImageObject","inLanguage":"fr-FR","@id":"https:\/\/www.africa-press.net\/gabon\/politique\/le-groupe-foberd-gabon-a-lheure-du-pat-sur-ladequation-formation-emploi-voulue-par-les-plus-hautes-autorites#primaryimage","url":"https:\/\/static.africa-press.net\/gabon\/sites\/54\/2022\/12\/postQueueImg_1670254020.59.jpg","contentUrl":"https:\/\/static.africa-press.net\/gabon\/sites\/54\/2022\/12\/postQueueImg_1670254020.59.jpg","width":720,"height":427,"caption":"Le groupe Foberd Gabon \u00e0 l\u2019heure du PAT sur l\u2019ad\u00e9quation formation emploi voulue par les plus hautes autorit\u00e9s"},{"@type":"BreadcrumbList","@id":"https:\/\/www.africa-press.net\/gabon\/politique\/le-groupe-foberd-gabon-a-lheure-du-pat-sur-ladequation-formation-emploi-voulue-par-les-plus-hautes-autorites#breadcrumb","itemListElement":[{"@type":"ListItem","position":1,"name":"Accueil","item":"https:\/\/www.africa-press.net\/gabon\/"},{"@type":"ListItem","position":2,"name":"Le groupe Foberd Gabon \u00e0 l\u2019heure du PAT sur l\u2019ad\u00e9quation formation emploi voulue par les plus hautes autorit\u00e9s"}]},{"@type":"WebSite","@id":"https:\/\/www.africa-press.net\/gabon\/#website","url":"https:\/\/www.africa-press.net\/gabon\/","name":"Gabon","description":"Just another Africa News Agency Sites site","potentialAction":[{"@type":"SearchAction","target":{"@type":"EntryPoint","urlTemplate":"https:\/\/www.africa-press.net\/gabon\/?s={search_term_string}"},"query-input":{"@type":"PropertyValueSpecification","valueRequired":true,"valueName":"search_term_string"}}],"inLanguage":"fr-FR"},{"@type":"Person","@id":"https:\/\/www.africa-press.net\/gabon\/#\/schema\/person\/2b1cf3cd81a31e3cd26889ca66d677f1","name":"cfeditorfr"}]}},"_links":{"self":[{"href":"https:\/\/www.africa-press.net\/gabon\/wp-json\/wp\/v2\/posts\/13560","targetHints":{"allow":["GET"]}}],"collection":[{"href":"https:\/\/www.africa-press.net\/gabon\/wp-json\/wp\/v2\/posts"}],"about":[{"href":"https:\/\/www.africa-press.net\/gabon\/wp-json\/wp\/v2\/types\/post"}],"author":[{"embeddable":true,"href":"https:\/\/www.africa-press.net\/gabon\/wp-json\/wp\/v2\/users\/82"}],"replies":[{"embeddable":true,"href":"https:\/\/www.africa-press.net\/gabon\/wp-json\/wp\/v2\/comments?post=13560"}],"version-history":[{"count":0,"href":"https:\/\/www.africa-press.net\/gabon\/wp-json\/wp\/v2\/posts\/13560\/revisions"}],"wp:featuredmedia":[{"embeddable":true,"href":"https:\/\/www.africa-press.net\/gabon\/wp-json\/wp\/v2\/media\/13559"}],"wp:attachment":[{"href":"https:\/\/www.africa-press.net\/gabon\/wp-json\/wp\/v2\/media?parent=13560"}],"wp:term":[{"taxonomy":"category","embeddable":true,"href":"https:\/\/www.africa-press.net\/gabon\/wp-json\/wp\/v2\/categories?post=13560"},{"taxonomy":"post_tag","embeddable":true,"href":"https:\/\/www.africa-press.net\/gabon\/wp-json\/wp\/v2\/tags?post=13560"}],"curies":[{"name":"wp","href":"https:\/\/api.w.org\/{rel}","templated":true}]}}