{"id":13562,"date":"2022-12-05T18:57:08","date_gmt":"2022-12-05T18:57:08","guid":{"rendered":"https:\/\/www.africa-press.net\/gabon\/politique\/barro-chambrier-reelu-president-du-rpm-pour-5-ans"},"modified":"2022-12-05T18:57:08","modified_gmt":"2022-12-05T18:57:08","slug":"barro-chambrier-reelu-president-du-rpm-pour-5-ans","status":"publish","type":"post","link":"https:\/\/www.africa-press.net\/gabon\/politique\/barro-chambrier-reelu-president-du-rpm-pour-5-ans","title":{"rendered":"Barro Chambrier r\u00e9\u00e9lu pr\u00e9sident du RPM pour 5 ans"},"content":{"rendered":"<p><span style=\"color: #ff6600\"><strong>Africa-Press &#8211; Gabon. <\/strong><\/span><b>Le pre\u0301sident sortant du Rassemblement pour la patrie et la modernite\u0301 (RPM), Alexandre Barro Chambrier a e\u0301te\u0301 e\u0301lu de\u0301bout et par acclamation par les de\u0301le\u0301gue\u0301s de son parti pour un nouveau mandat de 5 ans.<\/b><\/p>\n<p>L\u2019e\u0301lection a eu lieu le dernier jour du 1er congre\u0300s ordinaire du parti tenu dans la salle de l\u2019Arche de l\u2019Alliance au quartier Ambowe\u0301 du 2 au 4 de\u0301cembre.<\/p>\n<p>\u00ab Notre parti est en ordre de bataille \u00bb, a lance\u0301 avec fierte\u0301 et assurance M. Barro Chambrier au millier de congressistes venus de Libreville et de l\u2019inte\u0301rieur du pays.<\/p>\n<p>Le RPM a renouvele\u0301 a\u0300 l\u2019occasion de toutes ses structures. Faustin Bilie By Essone, autrefois Secre\u0301taire exe\u0301cutif du parti est de\u0301sormais devenu un des six Vice-Pre\u0301sidents du parti. Ce\u0301lestin Boundzanga devient le nouveau Secre\u0301taire exe\u0301cutif de ce parti de l\u2019opposition qui avait tenu son congre\u0300s constitutif en 2019.<\/p>\n<p>\u00ab Il faudra compter avec le RPM pour e\u0301crire une nouvelle page de l\u2019histoire glorieuse du Gabon \u00bb, a clame\u0301 son pre\u0301sident dans son discours de clo\u0302ture.<\/p>\n<p>En l\u2019e\u0301lisant a\u0300 la pre\u0301sidence du parti, les militants ont aussi donne\u0301 mandat a\u0300 Alexandre Barro Chambrier de ne\u0301gocier avec les autres partis de l\u2019opposition pour parvenir a\u0300 une candidature unique de l\u2019opposition lors de la prochaine e\u0301lection pre\u0301sidentielle pre\u0301vue en 2023.<\/p>\n<p>Quelques mois avant l\u2019e\u0301lection pre\u0301sidentielle de 2016, Alexandre Barro Chambrier, pre\u0301sident a\u0300 l\u2019e\u0301poque du Rassemblement he\u0301ritage et modernite\u0301 (RHM), l\u2019ance\u0302tre du RPM, avait mis en sourdine ses ambitions personnelles pour jeter son de\u0301volu sur l\u2019ancien pre\u0301sident de l\u2019Assemble\u0301e nationale, Guy Nzouba Ndama qui lui-me\u0302me avait de\u0301siste\u0301 en faveur de Jean Ping.<\/p>\n<p>\u00ab Au-dessus de tout, c\u2019est l\u2019inte\u0301re\u0302t du Gabon qui nous inte\u0301resse \u00bb, a re\u0301pe\u0301te\u0301 Barro Chambrier dans une interview en marge du congre\u0300s.<\/p>\n<p>Malgre\u0301 l\u2019unite\u0301 de l\u2019opposition tant souhaite\u0301e, le pre\u0301sident du RPM est convaincu que l\u2019alternance au pouvoir ne pourrait pas e\u0302tre possible sans la transparence e\u0301lectorale. Il a vivement recommande\u0301 aux autorite\u0301s du pays de garantir la transparence e\u0301lectorale en acceptant tous les points soumis par l\u2019opposition afin de parvenir a\u0300 des e\u0301lections politiques apaise\u0301es et sans contestation.<\/p>\n<p><b>Antoine Relaxe<\/b><\/p>\n<p><strong>Pour plus d&rsquo;informations et d&rsquo;analyses sur la <a href=\"https:\/\/www.africa-press.net\/gabon\">Gabon<\/a>, suivez <a href=\"https:\/\/www.africa-press.net\/\">Africa-Press<\/a><\/strong><\/p>\n","protected":false},"excerpt":{"rendered":"<p>Africa-Press &#8211; Gabon. Le pre\u0301sident sortant du Rassemblement pour la patrie et la modernite\u0301 (RPM), Alexandre Barro Chambrier a e\u0301te\u0301 e\u0301lu de\u0301bout et par acclamation par les de\u0301le\u0301gue\u0301s de son parti pour un nouveau mandat de 5 ans. L\u2019e\u0301lection a eu lieu le dernier jour du 1er congre\u0300s ordinaire du parti tenu dans la salle [&hellip;]<\/p>\n","protected":false},"author":82,"featured_media":13561,"comment_status":"open","ping_status":"closed","sticky":false,"template":"","format":"standard","meta":{"footnotes":""},"categories":[2,10],"tags":[36,50,49],"class_list":["post-13562","post","type-post","status-publish","format-standard","has-post-thumbnail","hentry","category-politique","category-toutes-les-actualites","tag-africa-press","tag-africa-press-gabon","tag-gabon"],"yoast_head":"<!-- This site is optimized with the Yoast SEO Premium plugin v26.1 (Yoast SEO v27.0) - https:\/\/yoast.com\/product\/yoast-seo-premium-wordpress\/ -->\n<title>Barro Chambrier r\u00e9\u00e9lu pr\u00e9sident du RPM pour 5 ans - Gabon<\/title>\n<meta name=\"robots\" content=\"index, follow, max-snippet:-1, max-image-preview:large, max-video-preview:-1\" \/>\n<link rel=\"canonical\" href=\"https:\/\/www.africa-press.net\/gabon\/politique\/barro-chambrier-reelu-president-du-rpm-pour-5-ans\" \/>\n<meta property=\"og:locale\" content=\"fr_FR\" \/>\n<meta property=\"og:type\" content=\"article\" \/>\n<meta property=\"og:title\" content=\"Barro Chambrier r\u00e9\u00e9lu pr\u00e9sident du RPM pour 5 ans\" \/>\n<meta property=\"og:description\" content=\"Africa-Press &#8211; Gabon. Le pre\u0301sident sortant du Rassemblement pour la patrie et la modernite\u0301 (RPM), Alexandre Barro Chambrier a e\u0301te\u0301 e\u0301lu de\u0301bout et par acclamation par les de\u0301le\u0301gue\u0301s de son parti pour un nouveau mandat de 5 ans. L\u2019e\u0301lection a eu lieu le dernier jour du 1er congre\u0300s ordinaire du parti tenu dans la salle [&hellip;]\" \/>\n<meta property=\"og:url\" content=\"https:\/\/www.africa-press.net\/gabon\/politique\/barro-chambrier-reelu-president-du-rpm-pour-5-ans\" \/>\n<meta property=\"og:site_name\" content=\"Gabon\" \/>\n<meta property=\"article:published_time\" content=\"2022-12-05T18:57:08+00:00\" \/>\n<meta name=\"author\" content=\"cfeditorfr\" \/>\n<meta name=\"twitter:card\" content=\"summary_large_image\" \/>\n<meta name=\"twitter:label1\" content=\"\u00c9crit par\" \/>\n\t<meta name=\"twitter:data1\" content=\"cfeditorfr\" \/>\n\t<meta name=\"twitter:label2\" content=\"Dur\u00e9e de lecture estim\u00e9e\" \/>\n\t<meta name=\"twitter:data2\" content=\"2 minutes\" \/>\n<script type=\"application\/ld+json\" class=\"yoast-schema-graph\">{\"@context\":\"https:\/\/schema.org\",\"@graph\":[{\"@type\":\"Article\",\"@id\":\"https:\/\/www.africa-press.net\/gabon\/politique\/barro-chambrier-reelu-president-du-rpm-pour-5-ans#article\",\"isPartOf\":{\"@id\":\"https:\/\/www.africa-press.net\/gabon\/politique\/barro-chambrier-reelu-president-du-rpm-pour-5-ans\"},\"author\":{\"name\":\"cfeditorfr\",\"@id\":\"https:\/\/www.africa-press.net\/gabon\/#\/schema\/person\/2b1cf3cd81a31e3cd26889ca66d677f1\"},\"headline\":\"Barro Chambrier r\u00e9\u00e9lu pr\u00e9sident du RPM pour 5 ans\",\"datePublished\":\"2022-12-05T18:57:08+00:00\",\"mainEntityOfPage\":{\"@id\":\"https:\/\/www.africa-press.net\/gabon\/politique\/barro-chambrier-reelu-president-du-rpm-pour-5-ans\"},\"wordCount\":431,\"commentCount\":0,\"image\":{\"@id\":\"https:\/\/www.africa-press.net\/gabon\/politique\/barro-chambrier-reelu-president-du-rpm-pour-5-ans#primaryimage\"},\"thumbnailUrl\":\"https:\/\/static.africa-press.net\/gabon\/sites\/54\/2022\/12\/postQueueImg_1670254046.79.jpg\",\"keywords\":[\"Africa Press\",\"Africa Press-Gabon\",\"Gabon\"],\"articleSection\":[\"Politique\",\"Toutes les actualit\u00e9s\"],\"inLanguage\":\"fr-FR\",\"potentialAction\":[{\"@type\":\"CommentAction\",\"name\":\"Comment\",\"target\":[\"https:\/\/www.africa-press.net\/gabon\/politique\/barro-chambrier-reelu-president-du-rpm-pour-5-ans#respond\"]}]},{\"@type\":\"WebPage\",\"@id\":\"https:\/\/www.africa-press.net\/gabon\/politique\/barro-chambrier-reelu-president-du-rpm-pour-5-ans\",\"url\":\"https:\/\/www.africa-press.net\/gabon\/politique\/barro-chambrier-reelu-president-du-rpm-pour-5-ans\",\"name\":\"Barro Chambrier r\u00e9\u00e9lu pr\u00e9sident du RPM pour 5 ans - Gabon\",\"isPartOf\":{\"@id\":\"https:\/\/www.africa-press.net\/gabon\/#website\"},\"primaryImageOfPage\":{\"@id\":\"https:\/\/www.africa-press.net\/gabon\/politique\/barro-chambrier-reelu-president-du-rpm-pour-5-ans#primaryimage\"},\"image\":{\"@id\":\"https:\/\/www.africa-press.net\/gabon\/politique\/barro-chambrier-reelu-president-du-rpm-pour-5-ans#primaryimage\"},\"thumbnailUrl\":\"https:\/\/static.africa-press.net\/gabon\/sites\/54\/2022\/12\/postQueueImg_1670254046.79.jpg\",\"datePublished\":\"2022-12-05T18:57:08+00:00\",\"author\":{\"@id\":\"https:\/\/www.africa-press.net\/gabon\/#\/schema\/person\/2b1cf3cd81a31e3cd26889ca66d677f1\"},\"breadcrumb\":{\"@id\":\"https:\/\/www.africa-press.net\/gabon\/politique\/barro-chambrier-reelu-president-du-rpm-pour-5-ans#breadcrumb\"},\"inLanguage\":\"fr-FR\",\"potentialAction\":[{\"@type\":\"ReadAction\",\"target\":[\"https:\/\/www.africa-press.net\/gabon\/politique\/barro-chambrier-reelu-president-du-rpm-pour-5-ans\"]}]},{\"@type\":\"ImageObject\",\"inLanguage\":\"fr-FR\",\"@id\":\"https:\/\/www.africa-press.net\/gabon\/politique\/barro-chambrier-reelu-president-du-rpm-pour-5-ans#primaryimage\",\"url\":\"https:\/\/static.africa-press.net\/gabon\/sites\/54\/2022\/12\/postQueueImg_1670254046.79.jpg\",\"contentUrl\":\"https:\/\/static.africa-press.net\/gabon\/sites\/54\/2022\/12\/postQueueImg_1670254046.79.jpg\",\"width\":1156,\"height\":651,\"caption\":\"Barro Chambrier r\u00e9\u00e9lu pr\u00e9sident du RPM pour 5 ans\"},{\"@type\":\"BreadcrumbList\",\"@id\":\"https:\/\/www.africa-press.net\/gabon\/politique\/barro-chambrier-reelu-president-du-rpm-pour-5-ans#breadcrumb\",\"itemListElement\":[{\"@type\":\"ListItem\",\"position\":1,\"name\":\"Accueil\",\"item\":\"https:\/\/www.africa-press.net\/gabon\/\"},{\"@type\":\"ListItem\",\"position\":2,\"name\":\"Barro Chambrier r\u00e9\u00e9lu pr\u00e9sident du RPM pour 5 ans\"}]},{\"@type\":\"WebSite\",\"@id\":\"https:\/\/www.africa-press.net\/gabon\/#website\",\"url\":\"https:\/\/www.africa-press.net\/gabon\/\",\"name\":\"Gabon\",\"description\":\"Just another Africa News Agency Sites site\",\"potentialAction\":[{\"@type\":\"SearchAction\",\"target\":{\"@type\":\"EntryPoint\",\"urlTemplate\":\"https:\/\/www.africa-press.net\/gabon\/?s={search_term_string}\"},\"query-input\":{\"@type\":\"PropertyValueSpecification\",\"valueRequired\":true,\"valueName\":\"search_term_string\"}}],\"inLanguage\":\"fr-FR\"},{\"@type\":\"Person\",\"@id\":\"https:\/\/www.africa-press.net\/gabon\/#\/schema\/person\/2b1cf3cd81a31e3cd26889ca66d677f1\",\"name\":\"cfeditorfr\"}]}<\/script>\n<!-- \/ Yoast SEO Premium plugin. -->","yoast_head_json":{"title":"Barro Chambrier r\u00e9\u00e9lu pr\u00e9sident du RPM pour 5 ans - Gabon","robots":{"index":"index","follow":"follow","max-snippet":"max-snippet:-1","max-image-preview":"max-image-preview:large","max-video-preview":"max-video-preview:-1"},"canonical":"https:\/\/www.africa-press.net\/gabon\/politique\/barro-chambrier-reelu-president-du-rpm-pour-5-ans","og_locale":"fr_FR","og_type":"article","og_title":"Barro Chambrier r\u00e9\u00e9lu pr\u00e9sident du RPM pour 5 ans","og_description":"Africa-Press &#8211; Gabon. Le pre\u0301sident sortant du Rassemblement pour la patrie et la modernite\u0301 (RPM), Alexandre Barro Chambrier a e\u0301te\u0301 e\u0301lu de\u0301bout et par acclamation par les de\u0301le\u0301gue\u0301s de son parti pour un nouveau mandat de 5 ans. L\u2019e\u0301lection a eu lieu le dernier jour du 1er congre\u0300s ordinaire du parti tenu dans la salle [&hellip;]","og_url":"https:\/\/www.africa-press.net\/gabon\/politique\/barro-chambrier-reelu-president-du-rpm-pour-5-ans","og_site_name":"Gabon","article_published_time":"2022-12-05T18:57:08+00:00","author":"cfeditorfr","twitter_card":"summary_large_image","twitter_misc":{"\u00c9crit par":"cfeditorfr","Dur\u00e9e de lecture estim\u00e9e":"2 minutes"},"schema":{"@context":"https:\/\/schema.org","@graph":[{"@type":"Article","@id":"https:\/\/www.africa-press.net\/gabon\/politique\/barro-chambrier-reelu-president-du-rpm-pour-5-ans#article","isPartOf":{"@id":"https:\/\/www.africa-press.net\/gabon\/politique\/barro-chambrier-reelu-president-du-rpm-pour-5-ans"},"author":{"name":"cfeditorfr","@id":"https:\/\/www.africa-press.net\/gabon\/#\/schema\/person\/2b1cf3cd81a31e3cd26889ca66d677f1"},"headline":"Barro Chambrier r\u00e9\u00e9lu pr\u00e9sident du RPM pour 5 ans","datePublished":"2022-12-05T18:57:08+00:00","mainEntityOfPage":{"@id":"https:\/\/www.africa-press.net\/gabon\/politique\/barro-chambrier-reelu-president-du-rpm-pour-5-ans"},"wordCount":431,"commentCount":0,"image":{"@id":"https:\/\/www.africa-press.net\/gabon\/politique\/barro-chambrier-reelu-president-du-rpm-pour-5-ans#primaryimage"},"thumbnailUrl":"https:\/\/static.africa-press.net\/gabon\/sites\/54\/2022\/12\/postQueueImg_1670254046.79.jpg","keywords":["Africa Press","Africa Press-Gabon","Gabon"],"articleSection":["Politique","Toutes les actualit\u00e9s"],"inLanguage":"fr-FR","potentialAction":[{"@type":"CommentAction","name":"Comment","target":["https:\/\/www.africa-press.net\/gabon\/politique\/barro-chambrier-reelu-president-du-rpm-pour-5-ans#respond"]}]},{"@type":"WebPage","@id":"https:\/\/www.africa-press.net\/gabon\/politique\/barro-chambrier-reelu-president-du-rpm-pour-5-ans","url":"https:\/\/www.africa-press.net\/gabon\/politique\/barro-chambrier-reelu-president-du-rpm-pour-5-ans","name":"Barro Chambrier r\u00e9\u00e9lu pr\u00e9sident du RPM pour 5 ans - Gabon","isPartOf":{"@id":"https:\/\/www.africa-press.net\/gabon\/#website"},"primaryImageOfPage":{"@id":"https:\/\/www.africa-press.net\/gabon\/politique\/barro-chambrier-reelu-president-du-rpm-pour-5-ans#primaryimage"},"image":{"@id":"https:\/\/www.africa-press.net\/gabon\/politique\/barro-chambrier-reelu-president-du-rpm-pour-5-ans#primaryimage"},"thumbnailUrl":"https:\/\/static.africa-press.net\/gabon\/sites\/54\/2022\/12\/postQueueImg_1670254046.79.jpg","datePublished":"2022-12-05T18:57:08+00:00","author":{"@id":"https:\/\/www.africa-press.net\/gabon\/#\/schema\/person\/2b1cf3cd81a31e3cd26889ca66d677f1"},"breadcrumb":{"@id":"https:\/\/www.africa-press.net\/gabon\/politique\/barro-chambrier-reelu-president-du-rpm-pour-5-ans#breadcrumb"},"inLanguage":"fr-FR","potentialAction":[{"@type":"ReadAction","target":["https:\/\/www.africa-press.net\/gabon\/politique\/barro-chambrier-reelu-president-du-rpm-pour-5-ans"]}]},{"@type":"ImageObject","inLanguage":"fr-FR","@id":"https:\/\/www.africa-press.net\/gabon\/politique\/barro-chambrier-reelu-president-du-rpm-pour-5-ans#primaryimage","url":"https:\/\/static.africa-press.net\/gabon\/sites\/54\/2022\/12\/postQueueImg_1670254046.79.jpg","contentUrl":"https:\/\/static.africa-press.net\/gabon\/sites\/54\/2022\/12\/postQueueImg_1670254046.79.jpg","width":1156,"height":651,"caption":"Barro Chambrier r\u00e9\u00e9lu pr\u00e9sident du RPM pour 5 ans"},{"@type":"BreadcrumbList","@id":"https:\/\/www.africa-press.net\/gabon\/politique\/barro-chambrier-reelu-president-du-rpm-pour-5-ans#breadcrumb","itemListElement":[{"@type":"ListItem","position":1,"name":"Accueil","item":"https:\/\/www.africa-press.net\/gabon\/"},{"@type":"ListItem","position":2,"name":"Barro Chambrier r\u00e9\u00e9lu pr\u00e9sident du RPM pour 5 ans"}]},{"@type":"WebSite","@id":"https:\/\/www.africa-press.net\/gabon\/#website","url":"https:\/\/www.africa-press.net\/gabon\/","name":"Gabon","description":"Just another Africa News Agency Sites site","potentialAction":[{"@type":"SearchAction","target":{"@type":"EntryPoint","urlTemplate":"https:\/\/www.africa-press.net\/gabon\/?s={search_term_string}"},"query-input":{"@type":"PropertyValueSpecification","valueRequired":true,"valueName":"search_term_string"}}],"inLanguage":"fr-FR"},{"@type":"Person","@id":"https:\/\/www.africa-press.net\/gabon\/#\/schema\/person\/2b1cf3cd81a31e3cd26889ca66d677f1","name":"cfeditorfr"}]}},"_links":{"self":[{"href":"https:\/\/www.africa-press.net\/gabon\/wp-json\/wp\/v2\/posts\/13562","targetHints":{"allow":["GET"]}}],"collection":[{"href":"https:\/\/www.africa-press.net\/gabon\/wp-json\/wp\/v2\/posts"}],"about":[{"href":"https:\/\/www.africa-press.net\/gabon\/wp-json\/wp\/v2\/types\/post"}],"author":[{"embeddable":true,"href":"https:\/\/www.africa-press.net\/gabon\/wp-json\/wp\/v2\/users\/82"}],"replies":[{"embeddable":true,"href":"https:\/\/www.africa-press.net\/gabon\/wp-json\/wp\/v2\/comments?post=13562"}],"version-history":[{"count":0,"href":"https:\/\/www.africa-press.net\/gabon\/wp-json\/wp\/v2\/posts\/13562\/revisions"}],"wp:featuredmedia":[{"embeddable":true,"href":"https:\/\/www.africa-press.net\/gabon\/wp-json\/wp\/v2\/media\/13561"}],"wp:attachment":[{"href":"https:\/\/www.africa-press.net\/gabon\/wp-json\/wp\/v2\/media?parent=13562"}],"wp:term":[{"taxonomy":"category","embeddable":true,"href":"https:\/\/www.africa-press.net\/gabon\/wp-json\/wp\/v2\/categories?post=13562"},{"taxonomy":"post_tag","embeddable":true,"href":"https:\/\/www.africa-press.net\/gabon\/wp-json\/wp\/v2\/tags?post=13562"}],"curies":[{"name":"wp","href":"https:\/\/api.w.org\/{rel}","templated":true}]}}