{"id":13568,"date":"2022-12-05T18:58:21","date_gmt":"2022-12-05T18:58:21","guid":{"rendered":"https:\/\/www.africa-press.net\/gabon\/politique\/programme-cafi-les-referents-locaux-installes-au-woleu-ntem"},"modified":"2022-12-05T18:58:21","modified_gmt":"2022-12-05T18:58:21","slug":"programme-cafi-les-referents-locaux-installes-au-woleu-ntem","status":"publish","type":"post","link":"https:\/\/www.africa-press.net\/gabon\/toutes-les-actualites\/programme-cafi-les-referents-locaux-installes-au-woleu-ntem","title":{"rendered":"Programme CAFI : Les r\u00e9f\u00e9rents locaux install\u00e9s au Woleu-Ntem"},"content":{"rendered":"<p><span style=\"color: #ff6600\"><strong>Africa-Press &#8211; Gabon. <\/strong><\/span>Dans le cadre de la mise en \u0153uvre du programme CAFI (Initiative pour les fore\u0302ts d\u2019Afrique centrale), le Conseil national climat (CNC) a mene\u0301 re\u0301cemment une mission d\u2019installation des re\u0301fe\u0301rents locaux dans les cinq de\u0301partements de la province du Woleu-Ntem, au nord du Gabon.<\/p>\n<p>Inscrite dans le cadre des activite\u0301s lie\u0301es au Plan national d\u2019affectation des terres (PNAT), a\u0300 l\u2019instar de la cre\u0301ation des centres d\u2019information dans tous les de\u0301partements du territoire national, une mission d\u2019installation des re\u0301fe\u0301rents locaux a e\u0301te\u0301 mene\u0301e il y a quelques jours dans le septentrion. Il s\u2019agit d\u2019une premie\u0300re phase qui a eu lieu pre\u0301cise\u0301ment dans les de\u0301partements du Woleu (Oyem), de l\u2019Okano (Mitzic), du Haut-Komo (Medouneu), du Haut-Ntem (Minvoul) et du Ntem (Bitam).<\/p>\n<p>Installe\u0301s et place\u0301s sous l\u2019autorite\u0301 des pre\u0301fets, ces re\u0301fe\u0301rents locaux auront pour principale mission la gestion et l\u2019animation des centres d\u2019information PNAT. Leur ro\u0302le consistera a\u0300 informer et a\u0300 sensibiliser les diffe\u0301rents acteurs (administrations publiques, secteur prive\u0301, populations locales et OSC) sur ledit Plan, en vue d\u2019une meilleure appropriation. Ils mettront ainsi a\u0300 la disposition du public des informations lie\u0301es au PNAT et remonteront a\u0300 la Commission nationale d\u2019affectation des terres (CNAT) les avis et les pre\u0301occupations des populations. Les re\u0301fe\u0301rents locaux seront de ce fait l\u2019interface entre le public de l\u2019inte\u0301rieur du pays et la CNAT, a explique\u0301 Jerry Bibang, re\u0301fe\u0301rent national en communication pour le Programme CAFI.<\/p>\n<p>\u00abApre\u0300s plusieurs mois d\u2019attente, nous sommes heureux de voir que cette e\u0301tape intervient finalement. Nous mesurons la responsabilite\u0301 qui est la no\u0302tre et ta\u0302cherons d\u2019e\u0302tre a\u0300 la hauteur des attentes\u00bb, a de\u0301clare\u0301 Nick Christopher Ntougou, re\u0301fe\u0301rent local a\u0300 Bitam. \u00abNous avons encore besoin de renforcement de capacite\u0301s en de\u0301pit de l\u2019atelier qui a e\u0301te\u0301 organise\u0301 ici. Par ailleurs, il faudrait mettre a\u0300 notre disposition les moyens ne\u0301cessaires au travail de terrain afin que le re\u0301sultat soit optimal, notamment pour la collecte des donne\u0301es\u00bb, a ajoute\u0301 Paul Henri Mouyebissi, re\u0301fe\u0301rent local a\u0300 Medouneu, par ailleurs chef de cantonnement des Eaux et Fore\u0302ts.<\/p>\n<p>En marge de l\u2019installation officielle, les re\u0301fe\u0301rents locaux ont e\u0301galement rec\u0327u des e\u0301quipements de travail, notamment des bureaux, des chaises, des ordinateurs et des accessoires. Apre\u0300s la province du Woleu-Ntem, l\u2019Ogooue\u0301-Lolo sera la prochaine e\u0301tape de cette phase d\u2019installation des re\u0301fe\u0301rents locaux dans le cadre du Programme CAFI.<\/p>\n<p><strong>Pour plus d&rsquo;informations et d&rsquo;analyses sur la <a href=\"https:\/\/www.africa-press.net\/gabon\">Gabon<\/a>, suivez <a href=\"https:\/\/www.africa-press.net\/\">Africa-Press<\/a><\/strong><\/p>\n","protected":false},"excerpt":{"rendered":"<p>Africa-Press &#8211; Gabon. Dans le cadre de la mise en \u0153uvre du programme CAFI (Initiative pour les fore\u0302ts d\u2019Afrique centrale), le Conseil national climat (CNC) a mene\u0301 re\u0301cemment une mission d\u2019installation des re\u0301fe\u0301rents locaux dans les cinq de\u0301partements de la province du Woleu-Ntem, au nord du Gabon. Inscrite dans le cadre des activite\u0301s lie\u0301es au [&hellip;]<\/p>\n","protected":false},"author":82,"featured_media":13567,"comment_status":"open","ping_status":"closed","sticky":false,"template":"","format":"standard","meta":{"footnotes":""},"categories":[21,10],"tags":[36,50,49],"class_list":["post-13568","post","type-post","status-publish","format-standard","has-post-thumbnail","hentry","category-communaute","category-toutes-les-actualites","tag-africa-press","tag-africa-press-gabon","tag-gabon"],"yoast_head":"<!-- This site is optimized with the Yoast SEO Premium plugin v26.1 (Yoast SEO v27.0) - https:\/\/yoast.com\/product\/yoast-seo-premium-wordpress\/ -->\n<title>Programme CAFI : Les r\u00e9f\u00e9rents locaux install\u00e9s au Woleu-Ntem - Gabon<\/title>\n<meta name=\"robots\" content=\"index, follow, max-snippet:-1, max-image-preview:large, max-video-preview:-1\" \/>\n<link rel=\"canonical\" href=\"https:\/\/www.africa-press.net\/gabon\/politique\/programme-cafi-les-referents-locaux-installes-au-woleu-ntem\" \/>\n<meta property=\"og:locale\" content=\"fr_FR\" \/>\n<meta property=\"og:type\" content=\"article\" \/>\n<meta property=\"og:title\" content=\"Programme CAFI : Les r\u00e9f\u00e9rents locaux install\u00e9s au Woleu-Ntem\" \/>\n<meta property=\"og:description\" content=\"Africa-Press &#8211; Gabon. Dans le cadre de la mise en \u0153uvre du programme CAFI (Initiative pour les fore\u0302ts d\u2019Afrique centrale), le Conseil national climat (CNC) a mene\u0301 re\u0301cemment une mission d\u2019installation des re\u0301fe\u0301rents locaux dans les cinq de\u0301partements de la province du Woleu-Ntem, au nord du Gabon. Inscrite dans le cadre des activite\u0301s lie\u0301es au [&hellip;]\" \/>\n<meta property=\"og:url\" content=\"https:\/\/www.africa-press.net\/gabon\/politique\/programme-cafi-les-referents-locaux-installes-au-woleu-ntem\" \/>\n<meta property=\"og:site_name\" content=\"Gabon\" \/>\n<meta property=\"article:published_time\" content=\"2022-12-05T18:58:21+00:00\" \/>\n<meta name=\"author\" content=\"cfeditorfr\" \/>\n<meta name=\"twitter:card\" content=\"summary_large_image\" \/>\n<meta name=\"twitter:label1\" content=\"\u00c9crit par\" \/>\n\t<meta name=\"twitter:data1\" content=\"cfeditorfr\" \/>\n\t<meta name=\"twitter:label2\" content=\"Dur\u00e9e de lecture estim\u00e9e\" \/>\n\t<meta name=\"twitter:data2\" content=\"2 minutes\" \/>\n<script type=\"application\/ld+json\" class=\"yoast-schema-graph\">{\"@context\":\"https:\/\/schema.org\",\"@graph\":[{\"@type\":\"Article\",\"@id\":\"https:\/\/www.africa-press.net\/gabon\/politique\/programme-cafi-les-referents-locaux-installes-au-woleu-ntem#article\",\"isPartOf\":{\"@id\":\"https:\/\/www.africa-press.net\/gabon\/politique\/programme-cafi-les-referents-locaux-installes-au-woleu-ntem\"},\"author\":{\"name\":\"cfeditorfr\",\"@id\":\"https:\/\/www.africa-press.net\/gabon\/#\/schema\/person\/2b1cf3cd81a31e3cd26889ca66d677f1\"},\"headline\":\"Programme CAFI : Les r\u00e9f\u00e9rents locaux install\u00e9s au Woleu-Ntem\",\"datePublished\":\"2022-12-05T18:58:21+00:00\",\"mainEntityOfPage\":{\"@id\":\"https:\/\/www.africa-press.net\/gabon\/politique\/programme-cafi-les-referents-locaux-installes-au-woleu-ntem\"},\"wordCount\":483,\"commentCount\":0,\"image\":{\"@id\":\"https:\/\/www.africa-press.net\/gabon\/politique\/programme-cafi-les-referents-locaux-installes-au-woleu-ntem#primaryimage\"},\"thumbnailUrl\":\"https:\/\/static.africa-press.net\/gabon\/sites\/54\/2022\/12\/postQueueImg_1670254131.39.jpg\",\"keywords\":[\"Africa Press\",\"Africa Press-Gabon\",\"Gabon\"],\"articleSection\":[\"Communaut\u00e9\",\"Toutes les actualit\u00e9s\"],\"inLanguage\":\"fr-FR\",\"potentialAction\":[{\"@type\":\"CommentAction\",\"name\":\"Comment\",\"target\":[\"https:\/\/www.africa-press.net\/gabon\/politique\/programme-cafi-les-referents-locaux-installes-au-woleu-ntem#respond\"]}]},{\"@type\":\"WebPage\",\"@id\":\"https:\/\/www.africa-press.net\/gabon\/politique\/programme-cafi-les-referents-locaux-installes-au-woleu-ntem\",\"url\":\"https:\/\/www.africa-press.net\/gabon\/politique\/programme-cafi-les-referents-locaux-installes-au-woleu-ntem\",\"name\":\"Programme CAFI : Les r\u00e9f\u00e9rents locaux install\u00e9s au Woleu-Ntem - Gabon\",\"isPartOf\":{\"@id\":\"https:\/\/www.africa-press.net\/gabon\/#website\"},\"primaryImageOfPage\":{\"@id\":\"https:\/\/www.africa-press.net\/gabon\/politique\/programme-cafi-les-referents-locaux-installes-au-woleu-ntem#primaryimage\"},\"image\":{\"@id\":\"https:\/\/www.africa-press.net\/gabon\/politique\/programme-cafi-les-referents-locaux-installes-au-woleu-ntem#primaryimage\"},\"thumbnailUrl\":\"https:\/\/static.africa-press.net\/gabon\/sites\/54\/2022\/12\/postQueueImg_1670254131.39.jpg\",\"datePublished\":\"2022-12-05T18:58:21+00:00\",\"author\":{\"@id\":\"https:\/\/www.africa-press.net\/gabon\/#\/schema\/person\/2b1cf3cd81a31e3cd26889ca66d677f1\"},\"breadcrumb\":{\"@id\":\"https:\/\/www.africa-press.net\/gabon\/politique\/programme-cafi-les-referents-locaux-installes-au-woleu-ntem#breadcrumb\"},\"inLanguage\":\"fr-FR\",\"potentialAction\":[{\"@type\":\"ReadAction\",\"target\":[\"https:\/\/www.africa-press.net\/gabon\/politique\/programme-cafi-les-referents-locaux-installes-au-woleu-ntem\"]}]},{\"@type\":\"ImageObject\",\"inLanguage\":\"fr-FR\",\"@id\":\"https:\/\/www.africa-press.net\/gabon\/politique\/programme-cafi-les-referents-locaux-installes-au-woleu-ntem#primaryimage\",\"url\":\"https:\/\/static.africa-press.net\/gabon\/sites\/54\/2022\/12\/postQueueImg_1670254131.39.jpg\",\"contentUrl\":\"https:\/\/static.africa-press.net\/gabon\/sites\/54\/2022\/12\/postQueueImg_1670254131.39.jpg\",\"width\":720,\"height\":491,\"caption\":\"Programme CAFI : Les r\u00e9f\u00e9rents locaux install\u00e9s au Woleu-Ntem\"},{\"@type\":\"BreadcrumbList\",\"@id\":\"https:\/\/www.africa-press.net\/gabon\/politique\/programme-cafi-les-referents-locaux-installes-au-woleu-ntem#breadcrumb\",\"itemListElement\":[{\"@type\":\"ListItem\",\"position\":1,\"name\":\"Accueil\",\"item\":\"https:\/\/www.africa-press.net\/gabon\/\"},{\"@type\":\"ListItem\",\"position\":2,\"name\":\"Programme CAFI : Les r\u00e9f\u00e9rents locaux install\u00e9s au Woleu-Ntem\"}]},{\"@type\":\"WebSite\",\"@id\":\"https:\/\/www.africa-press.net\/gabon\/#website\",\"url\":\"https:\/\/www.africa-press.net\/gabon\/\",\"name\":\"Gabon\",\"description\":\"Just another Africa News Agency Sites site\",\"potentialAction\":[{\"@type\":\"SearchAction\",\"target\":{\"@type\":\"EntryPoint\",\"urlTemplate\":\"https:\/\/www.africa-press.net\/gabon\/?s={search_term_string}\"},\"query-input\":{\"@type\":\"PropertyValueSpecification\",\"valueRequired\":true,\"valueName\":\"search_term_string\"}}],\"inLanguage\":\"fr-FR\"},{\"@type\":\"Person\",\"@id\":\"https:\/\/www.africa-press.net\/gabon\/#\/schema\/person\/2b1cf3cd81a31e3cd26889ca66d677f1\",\"name\":\"cfeditorfr\"}]}<\/script>\n<!-- \/ Yoast SEO Premium plugin. -->","yoast_head_json":{"title":"Programme CAFI : Les r\u00e9f\u00e9rents locaux install\u00e9s au Woleu-Ntem - Gabon","robots":{"index":"index","follow":"follow","max-snippet":"max-snippet:-1","max-image-preview":"max-image-preview:large","max-video-preview":"max-video-preview:-1"},"canonical":"https:\/\/www.africa-press.net\/gabon\/politique\/programme-cafi-les-referents-locaux-installes-au-woleu-ntem","og_locale":"fr_FR","og_type":"article","og_title":"Programme CAFI : Les r\u00e9f\u00e9rents locaux install\u00e9s au Woleu-Ntem","og_description":"Africa-Press &#8211; Gabon. Dans le cadre de la mise en \u0153uvre du programme CAFI (Initiative pour les fore\u0302ts d\u2019Afrique centrale), le Conseil national climat (CNC) a mene\u0301 re\u0301cemment une mission d\u2019installation des re\u0301fe\u0301rents locaux dans les cinq de\u0301partements de la province du Woleu-Ntem, au nord du Gabon. Inscrite dans le cadre des activite\u0301s lie\u0301es au [&hellip;]","og_url":"https:\/\/www.africa-press.net\/gabon\/politique\/programme-cafi-les-referents-locaux-installes-au-woleu-ntem","og_site_name":"Gabon","article_published_time":"2022-12-05T18:58:21+00:00","author":"cfeditorfr","twitter_card":"summary_large_image","twitter_misc":{"\u00c9crit par":"cfeditorfr","Dur\u00e9e de lecture estim\u00e9e":"2 minutes"},"schema":{"@context":"https:\/\/schema.org","@graph":[{"@type":"Article","@id":"https:\/\/www.africa-press.net\/gabon\/politique\/programme-cafi-les-referents-locaux-installes-au-woleu-ntem#article","isPartOf":{"@id":"https:\/\/www.africa-press.net\/gabon\/politique\/programme-cafi-les-referents-locaux-installes-au-woleu-ntem"},"author":{"name":"cfeditorfr","@id":"https:\/\/www.africa-press.net\/gabon\/#\/schema\/person\/2b1cf3cd81a31e3cd26889ca66d677f1"},"headline":"Programme CAFI : Les r\u00e9f\u00e9rents locaux install\u00e9s au Woleu-Ntem","datePublished":"2022-12-05T18:58:21+00:00","mainEntityOfPage":{"@id":"https:\/\/www.africa-press.net\/gabon\/politique\/programme-cafi-les-referents-locaux-installes-au-woleu-ntem"},"wordCount":483,"commentCount":0,"image":{"@id":"https:\/\/www.africa-press.net\/gabon\/politique\/programme-cafi-les-referents-locaux-installes-au-woleu-ntem#primaryimage"},"thumbnailUrl":"https:\/\/static.africa-press.net\/gabon\/sites\/54\/2022\/12\/postQueueImg_1670254131.39.jpg","keywords":["Africa Press","Africa Press-Gabon","Gabon"],"articleSection":["Communaut\u00e9","Toutes les actualit\u00e9s"],"inLanguage":"fr-FR","potentialAction":[{"@type":"CommentAction","name":"Comment","target":["https:\/\/www.africa-press.net\/gabon\/politique\/programme-cafi-les-referents-locaux-installes-au-woleu-ntem#respond"]}]},{"@type":"WebPage","@id":"https:\/\/www.africa-press.net\/gabon\/politique\/programme-cafi-les-referents-locaux-installes-au-woleu-ntem","url":"https:\/\/www.africa-press.net\/gabon\/politique\/programme-cafi-les-referents-locaux-installes-au-woleu-ntem","name":"Programme CAFI : Les r\u00e9f\u00e9rents locaux install\u00e9s au Woleu-Ntem - Gabon","isPartOf":{"@id":"https:\/\/www.africa-press.net\/gabon\/#website"},"primaryImageOfPage":{"@id":"https:\/\/www.africa-press.net\/gabon\/politique\/programme-cafi-les-referents-locaux-installes-au-woleu-ntem#primaryimage"},"image":{"@id":"https:\/\/www.africa-press.net\/gabon\/politique\/programme-cafi-les-referents-locaux-installes-au-woleu-ntem#primaryimage"},"thumbnailUrl":"https:\/\/static.africa-press.net\/gabon\/sites\/54\/2022\/12\/postQueueImg_1670254131.39.jpg","datePublished":"2022-12-05T18:58:21+00:00","author":{"@id":"https:\/\/www.africa-press.net\/gabon\/#\/schema\/person\/2b1cf3cd81a31e3cd26889ca66d677f1"},"breadcrumb":{"@id":"https:\/\/www.africa-press.net\/gabon\/politique\/programme-cafi-les-referents-locaux-installes-au-woleu-ntem#breadcrumb"},"inLanguage":"fr-FR","potentialAction":[{"@type":"ReadAction","target":["https:\/\/www.africa-press.net\/gabon\/politique\/programme-cafi-les-referents-locaux-installes-au-woleu-ntem"]}]},{"@type":"ImageObject","inLanguage":"fr-FR","@id":"https:\/\/www.africa-press.net\/gabon\/politique\/programme-cafi-les-referents-locaux-installes-au-woleu-ntem#primaryimage","url":"https:\/\/static.africa-press.net\/gabon\/sites\/54\/2022\/12\/postQueueImg_1670254131.39.jpg","contentUrl":"https:\/\/static.africa-press.net\/gabon\/sites\/54\/2022\/12\/postQueueImg_1670254131.39.jpg","width":720,"height":491,"caption":"Programme CAFI : Les r\u00e9f\u00e9rents locaux install\u00e9s au Woleu-Ntem"},{"@type":"BreadcrumbList","@id":"https:\/\/www.africa-press.net\/gabon\/politique\/programme-cafi-les-referents-locaux-installes-au-woleu-ntem#breadcrumb","itemListElement":[{"@type":"ListItem","position":1,"name":"Accueil","item":"https:\/\/www.africa-press.net\/gabon\/"},{"@type":"ListItem","position":2,"name":"Programme CAFI : Les r\u00e9f\u00e9rents locaux install\u00e9s au Woleu-Ntem"}]},{"@type":"WebSite","@id":"https:\/\/www.africa-press.net\/gabon\/#website","url":"https:\/\/www.africa-press.net\/gabon\/","name":"Gabon","description":"Just another Africa News Agency Sites site","potentialAction":[{"@type":"SearchAction","target":{"@type":"EntryPoint","urlTemplate":"https:\/\/www.africa-press.net\/gabon\/?s={search_term_string}"},"query-input":{"@type":"PropertyValueSpecification","valueRequired":true,"valueName":"search_term_string"}}],"inLanguage":"fr-FR"},{"@type":"Person","@id":"https:\/\/www.africa-press.net\/gabon\/#\/schema\/person\/2b1cf3cd81a31e3cd26889ca66d677f1","name":"cfeditorfr"}]}},"_links":{"self":[{"href":"https:\/\/www.africa-press.net\/gabon\/wp-json\/wp\/v2\/posts\/13568","targetHints":{"allow":["GET"]}}],"collection":[{"href":"https:\/\/www.africa-press.net\/gabon\/wp-json\/wp\/v2\/posts"}],"about":[{"href":"https:\/\/www.africa-press.net\/gabon\/wp-json\/wp\/v2\/types\/post"}],"author":[{"embeddable":true,"href":"https:\/\/www.africa-press.net\/gabon\/wp-json\/wp\/v2\/users\/82"}],"replies":[{"embeddable":true,"href":"https:\/\/www.africa-press.net\/gabon\/wp-json\/wp\/v2\/comments?post=13568"}],"version-history":[{"count":0,"href":"https:\/\/www.africa-press.net\/gabon\/wp-json\/wp\/v2\/posts\/13568\/revisions"}],"wp:featuredmedia":[{"embeddable":true,"href":"https:\/\/www.africa-press.net\/gabon\/wp-json\/wp\/v2\/media\/13567"}],"wp:attachment":[{"href":"https:\/\/www.africa-press.net\/gabon\/wp-json\/wp\/v2\/media?parent=13568"}],"wp:term":[{"taxonomy":"category","embeddable":true,"href":"https:\/\/www.africa-press.net\/gabon\/wp-json\/wp\/v2\/categories?post=13568"},{"taxonomy":"post_tag","embeddable":true,"href":"https:\/\/www.africa-press.net\/gabon\/wp-json\/wp\/v2\/tags?post=13568"}],"curies":[{"name":"wp","href":"https:\/\/api.w.org\/{rel}","templated":true}]}}