{"id":13574,"date":"2022-12-05T18:59:31","date_gmt":"2022-12-05T18:59:31","guid":{"rendered":"https:\/\/www.africa-press.net\/gabon\/politique\/jiv-2022-les-volontaires-du-gabon-invites-a-agir-ensemble"},"modified":"2022-12-05T18:59:31","modified_gmt":"2022-12-05T18:59:31","slug":"jiv-2022-les-volontaires-du-gabon-invites-a-agir-ensemble","status":"publish","type":"post","link":"https:\/\/www.africa-press.net\/gabon\/toutes-les-actualites\/jiv-2022-les-volontaires-du-gabon-invites-a-agir-ensemble","title":{"rendered":"JIV 2022 : les Volontaires du Gabon invit\u00e9s \u00e0 agir ensemble"},"content":{"rendered":"<p><span style=\"color: #ff6600\"><strong>Africa-Press &#8211; Gabon. <\/strong><\/span>Ensemble, agissons maintenant.\u00bb C\u2019est le slogan et le the\u0300me choisis par les Nations Unies pour la Journe\u0301e internationale des volontaires (JIV) qui a e\u0301te\u0301 ce\u0301le\u0301bre\u0301e ce lundi 5 de\u0301cembre a\u0300 l\u2019Universite\u0301 Omar Bongo (UOB), a\u0300 Libreville, a\u0300 travers un e\u0301change entre les jeunes et des responsables du PNUD, de la CEEAC et de la Jica au Gabon ainsi que des repre\u0301sentants du secteur prive\u0301.<\/p>\n<p>109 192 500. C\u2019est le nombre mensuel de volontaires a\u0302ge\u0301s de 15 ans ou plus que compte le continent africain, selon le Rapport sur la situation du volontariat dans le monde 2022, qui estime a\u0300 862 378 600 ce nombre au niveau mondial. Sur le plan national, le chiffre exact reste a\u0300 de\u0301finir, mais au sein du Syste\u0300me des Nations Unies au Gabon, l\u2019on assure qu\u2019il y en a plusieurs centaines, me\u0302me si Francis James estime qu\u2019il en faut beaucoup plus. D\u2019autant plus que, selon lui, \u00able volontariat permet aux jeunes de s\u2019impliquer dans le de\u0301veloppement du monde\u00bb.<\/p>\n<p>Ce lundi a\u0300 la bibliothe\u0300que de l\u2019UOB ou\u0300 e\u0301tait ce\u0301le\u0301bre\u0301e la Journe\u0301e internationale des volontaires, le repre\u0301sentant du Programme des Nations Unies pour le de\u0301veloppement (PNUD) a d\u2019ailleurs fait valoir, pour encourager le plus grand nombre a\u0300 se lancer, que \u00able programme des Volontaires des Nations Unies (VNU) est une porte d\u2019entre\u0301e pour les jeunes dans le Syste\u0300me des Nations Unies\u00bb, au Gabon et ailleurs. Promettant l\u2019acquisition d\u2019expe\u0301rience dans divers domaines pour les jeunes qui he\u0301sitent, Francis James assure : \u00abNous a\u0300 l\u2019ONU, nous valorisons les compe\u0301tences et nous ne faisons pas de diffe\u0301rence entre le staff des Nations Unies et celui des VNU\u00bb.<\/p>\n<p>Une ambiance que la repre\u0301sentation de la CEEAC au Gabon aimerait e\u0301galement offrir aux jeunes, mais l\u2019institution e\u0301conomique sous-re\u0301gionale n\u2019a lance\u0301 les activite\u0301s de son Conseil national des jeunes qu\u2019en octobre dernier, soit sept ans apre\u0300s la cre\u0301ation de ces organes. La repre\u0301sentation du Gabon ne compte a\u0300 ce jour que 2 volontaires, mais ses responsables envisagent de recourir a\u0300 un appel a\u0300 volontaires en 2023.<\/p>\n<p>A\u0300 la Jica (Agence japonaise de coope\u0301ration intercommunale), c\u2019est tre\u0300s diffe\u0301rent. L\u2019organisation re\u0301clame des centaines de volontaires envoye\u0301s sur le terrain partout dans le Gabon pour intervenir dans les domaines de la sante\u0301 et de l\u2019e\u0301ducation. Le seul proble\u0300me est lie\u0301 a\u0300 la langue qui est \u00abassez difficile\u00bb. Mais le repre\u0301sentant de l\u2019Agence soutient que ce n\u2019est pas une barrie\u0300re au regard du succe\u0300s des missions confie\u0301es aux volontaires.<\/p>\n<p><strong>Pour plus d&rsquo;informations et d&rsquo;analyses sur la <a href=\"https:\/\/www.africa-press.net\/gabon\">Gabon<\/a>, suivez <a href=\"https:\/\/www.africa-press.net\/\">Africa-Press<\/a><\/strong><\/p>\n","protected":false},"excerpt":{"rendered":"<p>Africa-Press &#8211; Gabon. Ensemble, agissons maintenant.\u00bb C\u2019est le slogan et le the\u0300me choisis par les Nations Unies pour la Journe\u0301e internationale des volontaires (JIV) qui a e\u0301te\u0301 ce\u0301le\u0301bre\u0301e ce lundi 5 de\u0301cembre a\u0300 l\u2019Universite\u0301 Omar Bongo (UOB), a\u0300 Libreville, a\u0300 travers un e\u0301change entre les jeunes et des responsables du PNUD, de la CEEAC et [&hellip;]<\/p>\n","protected":false},"author":82,"featured_media":13573,"comment_status":"open","ping_status":"closed","sticky":false,"template":"","format":"standard","meta":{"footnotes":""},"categories":[21,10],"tags":[36,50,49],"class_list":["post-13574","post","type-post","status-publish","format-standard","has-post-thumbnail","hentry","category-communaute","category-toutes-les-actualites","tag-africa-press","tag-africa-press-gabon","tag-gabon"],"yoast_head":"<!-- This site is optimized with the Yoast SEO Premium plugin v26.1 (Yoast SEO v27.0) - https:\/\/yoast.com\/product\/yoast-seo-premium-wordpress\/ -->\n<title>JIV 2022 : les Volontaires du Gabon invit\u00e9s \u00e0 agir ensemble - Gabon<\/title>\n<meta name=\"robots\" content=\"index, follow, max-snippet:-1, max-image-preview:large, max-video-preview:-1\" \/>\n<link rel=\"canonical\" href=\"https:\/\/www.africa-press.net\/gabon\/politique\/jiv-2022-les-volontaires-du-gabon-invites-a-agir-ensemble\" \/>\n<meta property=\"og:locale\" content=\"fr_FR\" \/>\n<meta property=\"og:type\" content=\"article\" \/>\n<meta property=\"og:title\" content=\"JIV 2022 : les Volontaires du Gabon invit\u00e9s \u00e0 agir ensemble\" \/>\n<meta property=\"og:description\" content=\"Africa-Press &#8211; Gabon. Ensemble, agissons maintenant.\u00bb C\u2019est le slogan et le the\u0300me choisis par les Nations Unies pour la Journe\u0301e internationale des volontaires (JIV) qui a e\u0301te\u0301 ce\u0301le\u0301bre\u0301e ce lundi 5 de\u0301cembre a\u0300 l\u2019Universite\u0301 Omar Bongo (UOB), a\u0300 Libreville, a\u0300 travers un e\u0301change entre les jeunes et des responsables du PNUD, de la CEEAC et [&hellip;]\" \/>\n<meta property=\"og:url\" content=\"https:\/\/www.africa-press.net\/gabon\/politique\/jiv-2022-les-volontaires-du-gabon-invites-a-agir-ensemble\" \/>\n<meta property=\"og:site_name\" content=\"Gabon\" \/>\n<meta property=\"article:published_time\" content=\"2022-12-05T18:59:31+00:00\" \/>\n<meta name=\"author\" content=\"cfeditorfr\" \/>\n<meta name=\"twitter:card\" content=\"summary_large_image\" \/>\n<meta name=\"twitter:label1\" content=\"\u00c9crit par\" \/>\n\t<meta name=\"twitter:data1\" content=\"cfeditorfr\" \/>\n\t<meta name=\"twitter:label2\" content=\"Dur\u00e9e de lecture estim\u00e9e\" \/>\n\t<meta name=\"twitter:data2\" content=\"2 minutes\" \/>\n<script type=\"application\/ld+json\" class=\"yoast-schema-graph\">{\"@context\":\"https:\/\/schema.org\",\"@graph\":[{\"@type\":\"Article\",\"@id\":\"https:\/\/www.africa-press.net\/gabon\/politique\/jiv-2022-les-volontaires-du-gabon-invites-a-agir-ensemble#article\",\"isPartOf\":{\"@id\":\"https:\/\/www.africa-press.net\/gabon\/politique\/jiv-2022-les-volontaires-du-gabon-invites-a-agir-ensemble\"},\"author\":{\"name\":\"cfeditorfr\",\"@id\":\"https:\/\/www.africa-press.net\/gabon\/#\/schema\/person\/2b1cf3cd81a31e3cd26889ca66d677f1\"},\"headline\":\"JIV 2022 : les Volontaires du Gabon invit\u00e9s \u00e0 agir ensemble\",\"datePublished\":\"2022-12-05T18:59:31+00:00\",\"mainEntityOfPage\":{\"@id\":\"https:\/\/www.africa-press.net\/gabon\/politique\/jiv-2022-les-volontaires-du-gabon-invites-a-agir-ensemble\"},\"wordCount\":483,\"commentCount\":0,\"image\":{\"@id\":\"https:\/\/www.africa-press.net\/gabon\/politique\/jiv-2022-les-volontaires-du-gabon-invites-a-agir-ensemble#primaryimage\"},\"thumbnailUrl\":\"https:\/\/static.africa-press.net\/gabon\/sites\/54\/2022\/12\/postQueueImg_1670254175.15.jpg\",\"keywords\":[\"Africa Press\",\"Africa Press-Gabon\",\"Gabon\"],\"articleSection\":[\"Communaut\u00e9\",\"Toutes les actualit\u00e9s\"],\"inLanguage\":\"fr-FR\",\"potentialAction\":[{\"@type\":\"CommentAction\",\"name\":\"Comment\",\"target\":[\"https:\/\/www.africa-press.net\/gabon\/politique\/jiv-2022-les-volontaires-du-gabon-invites-a-agir-ensemble#respond\"]}]},{\"@type\":\"WebPage\",\"@id\":\"https:\/\/www.africa-press.net\/gabon\/politique\/jiv-2022-les-volontaires-du-gabon-invites-a-agir-ensemble\",\"url\":\"https:\/\/www.africa-press.net\/gabon\/politique\/jiv-2022-les-volontaires-du-gabon-invites-a-agir-ensemble\",\"name\":\"JIV 2022 : les Volontaires du Gabon invit\u00e9s \u00e0 agir ensemble - Gabon\",\"isPartOf\":{\"@id\":\"https:\/\/www.africa-press.net\/gabon\/#website\"},\"primaryImageOfPage\":{\"@id\":\"https:\/\/www.africa-press.net\/gabon\/politique\/jiv-2022-les-volontaires-du-gabon-invites-a-agir-ensemble#primaryimage\"},\"image\":{\"@id\":\"https:\/\/www.africa-press.net\/gabon\/politique\/jiv-2022-les-volontaires-du-gabon-invites-a-agir-ensemble#primaryimage\"},\"thumbnailUrl\":\"https:\/\/static.africa-press.net\/gabon\/sites\/54\/2022\/12\/postQueueImg_1670254175.15.jpg\",\"datePublished\":\"2022-12-05T18:59:31+00:00\",\"author\":{\"@id\":\"https:\/\/www.africa-press.net\/gabon\/#\/schema\/person\/2b1cf3cd81a31e3cd26889ca66d677f1\"},\"breadcrumb\":{\"@id\":\"https:\/\/www.africa-press.net\/gabon\/politique\/jiv-2022-les-volontaires-du-gabon-invites-a-agir-ensemble#breadcrumb\"},\"inLanguage\":\"fr-FR\",\"potentialAction\":[{\"@type\":\"ReadAction\",\"target\":[\"https:\/\/www.africa-press.net\/gabon\/politique\/jiv-2022-les-volontaires-du-gabon-invites-a-agir-ensemble\"]}]},{\"@type\":\"ImageObject\",\"inLanguage\":\"fr-FR\",\"@id\":\"https:\/\/www.africa-press.net\/gabon\/politique\/jiv-2022-les-volontaires-du-gabon-invites-a-agir-ensemble#primaryimage\",\"url\":\"https:\/\/static.africa-press.net\/gabon\/sites\/54\/2022\/12\/postQueueImg_1670254175.15.jpg\",\"contentUrl\":\"https:\/\/static.africa-press.net\/gabon\/sites\/54\/2022\/12\/postQueueImg_1670254175.15.jpg\",\"width\":720,\"height\":488,\"caption\":\"JIV 2022 : les Volontaires du Gabon invit\u00e9s \u00e0 agir ensemble\"},{\"@type\":\"BreadcrumbList\",\"@id\":\"https:\/\/www.africa-press.net\/gabon\/politique\/jiv-2022-les-volontaires-du-gabon-invites-a-agir-ensemble#breadcrumb\",\"itemListElement\":[{\"@type\":\"ListItem\",\"position\":1,\"name\":\"Accueil\",\"item\":\"https:\/\/www.africa-press.net\/gabon\/\"},{\"@type\":\"ListItem\",\"position\":2,\"name\":\"JIV 2022 : les Volontaires du Gabon invit\u00e9s \u00e0 agir ensemble\"}]},{\"@type\":\"WebSite\",\"@id\":\"https:\/\/www.africa-press.net\/gabon\/#website\",\"url\":\"https:\/\/www.africa-press.net\/gabon\/\",\"name\":\"Gabon\",\"description\":\"Just another Africa News Agency Sites site\",\"potentialAction\":[{\"@type\":\"SearchAction\",\"target\":{\"@type\":\"EntryPoint\",\"urlTemplate\":\"https:\/\/www.africa-press.net\/gabon\/?s={search_term_string}\"},\"query-input\":{\"@type\":\"PropertyValueSpecification\",\"valueRequired\":true,\"valueName\":\"search_term_string\"}}],\"inLanguage\":\"fr-FR\"},{\"@type\":\"Person\",\"@id\":\"https:\/\/www.africa-press.net\/gabon\/#\/schema\/person\/2b1cf3cd81a31e3cd26889ca66d677f1\",\"name\":\"cfeditorfr\"}]}<\/script>\n<!-- \/ Yoast SEO Premium plugin. -->","yoast_head_json":{"title":"JIV 2022 : les Volontaires du Gabon invit\u00e9s \u00e0 agir ensemble - Gabon","robots":{"index":"index","follow":"follow","max-snippet":"max-snippet:-1","max-image-preview":"max-image-preview:large","max-video-preview":"max-video-preview:-1"},"canonical":"https:\/\/www.africa-press.net\/gabon\/politique\/jiv-2022-les-volontaires-du-gabon-invites-a-agir-ensemble","og_locale":"fr_FR","og_type":"article","og_title":"JIV 2022 : les Volontaires du Gabon invit\u00e9s \u00e0 agir ensemble","og_description":"Africa-Press &#8211; Gabon. Ensemble, agissons maintenant.\u00bb C\u2019est le slogan et le the\u0300me choisis par les Nations Unies pour la Journe\u0301e internationale des volontaires (JIV) qui a e\u0301te\u0301 ce\u0301le\u0301bre\u0301e ce lundi 5 de\u0301cembre a\u0300 l\u2019Universite\u0301 Omar Bongo (UOB), a\u0300 Libreville, a\u0300 travers un e\u0301change entre les jeunes et des responsables du PNUD, de la CEEAC et [&hellip;]","og_url":"https:\/\/www.africa-press.net\/gabon\/politique\/jiv-2022-les-volontaires-du-gabon-invites-a-agir-ensemble","og_site_name":"Gabon","article_published_time":"2022-12-05T18:59:31+00:00","author":"cfeditorfr","twitter_card":"summary_large_image","twitter_misc":{"\u00c9crit par":"cfeditorfr","Dur\u00e9e de lecture estim\u00e9e":"2 minutes"},"schema":{"@context":"https:\/\/schema.org","@graph":[{"@type":"Article","@id":"https:\/\/www.africa-press.net\/gabon\/politique\/jiv-2022-les-volontaires-du-gabon-invites-a-agir-ensemble#article","isPartOf":{"@id":"https:\/\/www.africa-press.net\/gabon\/politique\/jiv-2022-les-volontaires-du-gabon-invites-a-agir-ensemble"},"author":{"name":"cfeditorfr","@id":"https:\/\/www.africa-press.net\/gabon\/#\/schema\/person\/2b1cf3cd81a31e3cd26889ca66d677f1"},"headline":"JIV 2022 : les Volontaires du Gabon invit\u00e9s \u00e0 agir ensemble","datePublished":"2022-12-05T18:59:31+00:00","mainEntityOfPage":{"@id":"https:\/\/www.africa-press.net\/gabon\/politique\/jiv-2022-les-volontaires-du-gabon-invites-a-agir-ensemble"},"wordCount":483,"commentCount":0,"image":{"@id":"https:\/\/www.africa-press.net\/gabon\/politique\/jiv-2022-les-volontaires-du-gabon-invites-a-agir-ensemble#primaryimage"},"thumbnailUrl":"https:\/\/static.africa-press.net\/gabon\/sites\/54\/2022\/12\/postQueueImg_1670254175.15.jpg","keywords":["Africa Press","Africa Press-Gabon","Gabon"],"articleSection":["Communaut\u00e9","Toutes les actualit\u00e9s"],"inLanguage":"fr-FR","potentialAction":[{"@type":"CommentAction","name":"Comment","target":["https:\/\/www.africa-press.net\/gabon\/politique\/jiv-2022-les-volontaires-du-gabon-invites-a-agir-ensemble#respond"]}]},{"@type":"WebPage","@id":"https:\/\/www.africa-press.net\/gabon\/politique\/jiv-2022-les-volontaires-du-gabon-invites-a-agir-ensemble","url":"https:\/\/www.africa-press.net\/gabon\/politique\/jiv-2022-les-volontaires-du-gabon-invites-a-agir-ensemble","name":"JIV 2022 : les Volontaires du Gabon invit\u00e9s \u00e0 agir ensemble - Gabon","isPartOf":{"@id":"https:\/\/www.africa-press.net\/gabon\/#website"},"primaryImageOfPage":{"@id":"https:\/\/www.africa-press.net\/gabon\/politique\/jiv-2022-les-volontaires-du-gabon-invites-a-agir-ensemble#primaryimage"},"image":{"@id":"https:\/\/www.africa-press.net\/gabon\/politique\/jiv-2022-les-volontaires-du-gabon-invites-a-agir-ensemble#primaryimage"},"thumbnailUrl":"https:\/\/static.africa-press.net\/gabon\/sites\/54\/2022\/12\/postQueueImg_1670254175.15.jpg","datePublished":"2022-12-05T18:59:31+00:00","author":{"@id":"https:\/\/www.africa-press.net\/gabon\/#\/schema\/person\/2b1cf3cd81a31e3cd26889ca66d677f1"},"breadcrumb":{"@id":"https:\/\/www.africa-press.net\/gabon\/politique\/jiv-2022-les-volontaires-du-gabon-invites-a-agir-ensemble#breadcrumb"},"inLanguage":"fr-FR","potentialAction":[{"@type":"ReadAction","target":["https:\/\/www.africa-press.net\/gabon\/politique\/jiv-2022-les-volontaires-du-gabon-invites-a-agir-ensemble"]}]},{"@type":"ImageObject","inLanguage":"fr-FR","@id":"https:\/\/www.africa-press.net\/gabon\/politique\/jiv-2022-les-volontaires-du-gabon-invites-a-agir-ensemble#primaryimage","url":"https:\/\/static.africa-press.net\/gabon\/sites\/54\/2022\/12\/postQueueImg_1670254175.15.jpg","contentUrl":"https:\/\/static.africa-press.net\/gabon\/sites\/54\/2022\/12\/postQueueImg_1670254175.15.jpg","width":720,"height":488,"caption":"JIV 2022 : les Volontaires du Gabon invit\u00e9s \u00e0 agir ensemble"},{"@type":"BreadcrumbList","@id":"https:\/\/www.africa-press.net\/gabon\/politique\/jiv-2022-les-volontaires-du-gabon-invites-a-agir-ensemble#breadcrumb","itemListElement":[{"@type":"ListItem","position":1,"name":"Accueil","item":"https:\/\/www.africa-press.net\/gabon\/"},{"@type":"ListItem","position":2,"name":"JIV 2022 : les Volontaires du Gabon invit\u00e9s \u00e0 agir ensemble"}]},{"@type":"WebSite","@id":"https:\/\/www.africa-press.net\/gabon\/#website","url":"https:\/\/www.africa-press.net\/gabon\/","name":"Gabon","description":"Just another Africa News Agency Sites site","potentialAction":[{"@type":"SearchAction","target":{"@type":"EntryPoint","urlTemplate":"https:\/\/www.africa-press.net\/gabon\/?s={search_term_string}"},"query-input":{"@type":"PropertyValueSpecification","valueRequired":true,"valueName":"search_term_string"}}],"inLanguage":"fr-FR"},{"@type":"Person","@id":"https:\/\/www.africa-press.net\/gabon\/#\/schema\/person\/2b1cf3cd81a31e3cd26889ca66d677f1","name":"cfeditorfr"}]}},"_links":{"self":[{"href":"https:\/\/www.africa-press.net\/gabon\/wp-json\/wp\/v2\/posts\/13574","targetHints":{"allow":["GET"]}}],"collection":[{"href":"https:\/\/www.africa-press.net\/gabon\/wp-json\/wp\/v2\/posts"}],"about":[{"href":"https:\/\/www.africa-press.net\/gabon\/wp-json\/wp\/v2\/types\/post"}],"author":[{"embeddable":true,"href":"https:\/\/www.africa-press.net\/gabon\/wp-json\/wp\/v2\/users\/82"}],"replies":[{"embeddable":true,"href":"https:\/\/www.africa-press.net\/gabon\/wp-json\/wp\/v2\/comments?post=13574"}],"version-history":[{"count":0,"href":"https:\/\/www.africa-press.net\/gabon\/wp-json\/wp\/v2\/posts\/13574\/revisions"}],"wp:featuredmedia":[{"embeddable":true,"href":"https:\/\/www.africa-press.net\/gabon\/wp-json\/wp\/v2\/media\/13573"}],"wp:attachment":[{"href":"https:\/\/www.africa-press.net\/gabon\/wp-json\/wp\/v2\/media?parent=13574"}],"wp:term":[{"taxonomy":"category","embeddable":true,"href":"https:\/\/www.africa-press.net\/gabon\/wp-json\/wp\/v2\/categories?post=13574"},{"taxonomy":"post_tag","embeddable":true,"href":"https:\/\/www.africa-press.net\/gabon\/wp-json\/wp\/v2\/tags?post=13574"}],"curies":[{"name":"wp","href":"https:\/\/api.w.org\/{rel}","templated":true}]}}