{"id":13578,"date":"2022-12-05T18:59:54","date_gmt":"2022-12-05T18:59:54","guid":{"rendered":"https:\/\/www.africa-press.net\/gabon\/politique\/gabon-barro-chambrier-rempile-pour-5-ans-a-la-tete-du-rpm"},"modified":"2022-12-05T18:59:54","modified_gmt":"2022-12-05T18:59:54","slug":"gabon-barro-chambrier-rempile-pour-5-ans-a-la-tete-du-rpm","status":"publish","type":"post","link":"https:\/\/www.africa-press.net\/gabon\/politique\/gabon-barro-chambrier-rempile-pour-5-ans-a-la-tete-du-rpm","title":{"rendered":"Gabon\u00a0: Barro Chambrier rempile pour 5 ans \u00e0 la t\u00eate du RPM"},"content":{"rendered":"<p><span style=\"color: #ff6600\"><strong>Africa-Press &#8211; Gabon. <\/strong><\/span><b>Re\u0301unis a\u0300 Libreville du 2 au 4 de\u0301cembre dernier, dans le cadre du premier congre\u0300s ordinaire du Rassemblement pour la patrie et la modernite\u0301 (RPM), les Patriotes des neuf provinces du Gabon ont e\u0301lu a\u0300 la pre\u0301sidence de leur parti, par acclamation et a\u0300 l\u2019unanimite\u0301, Alexandre Barro Chambrier pour les cinq prochaines anne\u0301es.<\/b><\/p>\n<p>Apre\u0300s trois jours de discussions et de de\u0301bats, les travaux du premier congre\u0300s ordinaire du Rassemblement pour la patrie et la modernite\u0301 (RPM) ont de\u0301bouche\u0301, le 4 de\u0301cembre, sur le renouvellement des instances de\u0301cisionnelles du parti, avec en prime l\u2019e\u0301lection d\u2019Alexandre Barro Chambrier a\u0300 la te\u0302te de cette structure politique de l\u2019opposition pour le prochain quinquennat.<\/p>\n<p>\u00ab Les changements d\u2019aujourd\u2019hui ne s\u2019expliquent que par le besoin, dans le contexte actuel, d\u2019amorcer une nouvelle e\u0301tape de la vie de notre organisation et de rede\u0301ployer diffe\u0301remment ses cadres pour tenir compte de la nature des nouveaux combats a\u0300 livrer&#8230; Vous avez bien voulu me renouveler votre confiance en me portant a\u0300 la te\u0302te de notre parti, pour un nouveau mandat de cinq ans. Je vous remercie de m\u2019avoir de\u0301signe\u0301 a\u0300 l\u2019unanimite\u0301 et par acclamation a\u0300 cette importante fonction. Je voudrais, en retour, vous assurer que je ne me\u0301nagerai aucun effort pour me montrer a\u0300 la hauteur de vos attentes. J\u2019ai conscience de l\u2019importance des de\u0301fis a\u0300 relever. Mais, fort de votre soutien, et en m\u2019appuyant constamment sur la justesse de notre ligne politique et organisationnelle, je suis su\u0302r que nous saurons, ensemble, faire face aux vastes enjeux actuels et futurs \u00bb, a de\u0301clare\u0301 Alexandre Barro Chambrier, a\u0300 l\u2019endroit des militants venus nombreux.<\/p>\n<p>Le renouvellement des organes dirigeant du parti a conduit aux nominations de : sept nouveaux vice-pre\u0301sidents, des membres du bureau politique dans chacune des neuf provinces du pays, des membres du cabinet du pre\u0301sident ; du secre\u0301taire exe\u0301cutif en la personne de Ce\u0301lestin Boudzanga ; des secre\u0301taires exe\u0301cutifs adjoints et des secre\u0301taires nationaux.<\/p>\n<p>De l\u2019avis du pre\u0301sident re\u0301e\u0301lu du RPM, le congre\u0300s a fait du bon travail, a\u0300 travers de nombreuses questions importantes souleve\u0301es, et ayant permis des e\u0301changes francs, directs et constructifs dans un esprit empreint de militantisme. Ces moments d\u2019e\u0301changes ont e\u0301galement permis un approfondissement de la ligne politique du parti en rede\u0301finissant, au regard de la situation actuelle du pays, les priorite\u0301s et les cibles de la lutte pour l\u2019alternance et le changement. \u00ab Dans cet exercice, un accent particulier a e\u0301te\u0301 mis, a\u0300 juste titre, sur l\u2019exigence d\u2019unite\u0301 de l\u2019opposition et nous allons, dans les prochains jours, nous re\u0301unir a\u0300 l\u2019initiative de l\u2019Union nationale, pour examiner les principes et les modalite\u0301s a\u0300 mettre en \u0153uvre pour atteindre cet objectif \u00bb.<\/p>\n<p>De me\u0302me, plusieurs dispositions des statuts et du re\u0300glement inte\u0301rieur ont e\u0301te\u0301 re\u0301vise\u0301es, allant dans le sens d\u2019une plus grande de\u0301mocratie interne, d\u2019une juste clarification des compe\u0301tences des diffe\u0301rents organes et d\u2019une ne\u0301cessaire simplification des proce\u0301dures. \u00abLe but de toutes ces re\u0301formes e\u0301tant d\u2019accroi\u0302tre l\u2019efficacite\u0301 du parti sur le terrain et de faciliter son travail de conscientisation des populations. Le congre\u0300s a, en outre, adopte\u0301 des pertinentes motions et re\u0301solutions qui traduisent notre engagement a\u0300 faire triompher nos ide\u0301aux de liberte\u0301, de justice et de progre\u0300s. C\u2019est donc avec plus de de\u0301termination et un parti en ordre de bataille que se terminent ces assises, que je qualifierai d\u2019historiques\u00bb, s\u2019est-il satisfait.<\/p>\n<p><strong>Pour plus d&rsquo;informations et d&rsquo;analyses sur la <a href=\"https:\/\/www.africa-press.net\/gabon\">Gabon<\/a>, suivez <a href=\"https:\/\/www.africa-press.net\/\">Africa-Press<\/a><\/strong><\/p>\n","protected":false},"excerpt":{"rendered":"<p>Africa-Press &#8211; Gabon. Re\u0301unis a\u0300 Libreville du 2 au 4 de\u0301cembre dernier, dans le cadre du premier congre\u0300s ordinaire du Rassemblement pour la patrie et la modernite\u0301 (RPM), les Patriotes des neuf provinces du Gabon ont e\u0301lu a\u0300 la pre\u0301sidence de leur parti, par acclamation et a\u0300 l\u2019unanimite\u0301, Alexandre Barro Chambrier pour les cinq prochaines [&hellip;]<\/p>\n","protected":false},"author":82,"featured_media":13577,"comment_status":"open","ping_status":"closed","sticky":false,"template":"","format":"standard","meta":{"footnotes":""},"categories":[2,10],"tags":[36,50,49],"class_list":["post-13578","post","type-post","status-publish","format-standard","has-post-thumbnail","hentry","category-politique","category-toutes-les-actualites","tag-africa-press","tag-africa-press-gabon","tag-gabon"],"yoast_head":"<!-- This site is optimized with the Yoast SEO Premium plugin v26.1 (Yoast SEO v27.0) - https:\/\/yoast.com\/product\/yoast-seo-premium-wordpress\/ -->\n<title>Gabon\u00a0: Barro Chambrier rempile pour 5 ans \u00e0 la t\u00eate du RPM - Gabon<\/title>\n<meta name=\"robots\" content=\"index, follow, max-snippet:-1, max-image-preview:large, max-video-preview:-1\" \/>\n<link rel=\"canonical\" href=\"https:\/\/www.africa-press.net\/gabon\/politique\/gabon-barro-chambrier-rempile-pour-5-ans-a-la-tete-du-rpm\" \/>\n<meta property=\"og:locale\" content=\"fr_FR\" \/>\n<meta property=\"og:type\" content=\"article\" \/>\n<meta property=\"og:title\" content=\"Gabon\u00a0: Barro Chambrier rempile pour 5 ans \u00e0 la t\u00eate du RPM\" \/>\n<meta property=\"og:description\" content=\"Africa-Press &#8211; Gabon. Re\u0301unis a\u0300 Libreville du 2 au 4 de\u0301cembre dernier, dans le cadre du premier congre\u0300s ordinaire du Rassemblement pour la patrie et la modernite\u0301 (RPM), les Patriotes des neuf provinces du Gabon ont e\u0301lu a\u0300 la pre\u0301sidence de leur parti, par acclamation et a\u0300 l\u2019unanimite\u0301, Alexandre Barro Chambrier pour les cinq prochaines [&hellip;]\" \/>\n<meta property=\"og:url\" content=\"https:\/\/www.africa-press.net\/gabon\/politique\/gabon-barro-chambrier-rempile-pour-5-ans-a-la-tete-du-rpm\" \/>\n<meta property=\"og:site_name\" content=\"Gabon\" \/>\n<meta property=\"article:published_time\" content=\"2022-12-05T18:59:54+00:00\" \/>\n<meta name=\"author\" content=\"cfeditorfr\" \/>\n<meta name=\"twitter:card\" content=\"summary_large_image\" \/>\n<meta name=\"twitter:label1\" content=\"\u00c9crit par\" \/>\n\t<meta name=\"twitter:data1\" content=\"cfeditorfr\" \/>\n\t<meta name=\"twitter:label2\" content=\"Dur\u00e9e de lecture estim\u00e9e\" \/>\n\t<meta name=\"twitter:data2\" content=\"3 minutes\" \/>\n<script type=\"application\/ld+json\" class=\"yoast-schema-graph\">{\"@context\":\"https:\/\/schema.org\",\"@graph\":[{\"@type\":\"Article\",\"@id\":\"https:\/\/www.africa-press.net\/gabon\/politique\/gabon-barro-chambrier-rempile-pour-5-ans-a-la-tete-du-rpm#article\",\"isPartOf\":{\"@id\":\"https:\/\/www.africa-press.net\/gabon\/politique\/gabon-barro-chambrier-rempile-pour-5-ans-a-la-tete-du-rpm\"},\"author\":{\"name\":\"cfeditorfr\",\"@id\":\"https:\/\/www.africa-press.net\/gabon\/#\/schema\/person\/2b1cf3cd81a31e3cd26889ca66d677f1\"},\"headline\":\"Gabon\u00a0: Barro Chambrier rempile pour 5 ans \u00e0 la t\u00eate du RPM\",\"datePublished\":\"2022-12-05T18:59:54+00:00\",\"mainEntityOfPage\":{\"@id\":\"https:\/\/www.africa-press.net\/gabon\/politique\/gabon-barro-chambrier-rempile-pour-5-ans-a-la-tete-du-rpm\"},\"wordCount\":656,\"commentCount\":0,\"image\":{\"@id\":\"https:\/\/www.africa-press.net\/gabon\/politique\/gabon-barro-chambrier-rempile-pour-5-ans-a-la-tete-du-rpm#primaryimage\"},\"thumbnailUrl\":\"https:\/\/static.africa-press.net\/gabon\/sites\/54\/2022\/12\/postQueueImg_1670254200.43.jpg\",\"keywords\":[\"Africa Press\",\"Africa Press-Gabon\",\"Gabon\"],\"articleSection\":[\"Politique\",\"Toutes les actualit\u00e9s\"],\"inLanguage\":\"fr-FR\",\"potentialAction\":[{\"@type\":\"CommentAction\",\"name\":\"Comment\",\"target\":[\"https:\/\/www.africa-press.net\/gabon\/politique\/gabon-barro-chambrier-rempile-pour-5-ans-a-la-tete-du-rpm#respond\"]}]},{\"@type\":\"WebPage\",\"@id\":\"https:\/\/www.africa-press.net\/gabon\/politique\/gabon-barro-chambrier-rempile-pour-5-ans-a-la-tete-du-rpm\",\"url\":\"https:\/\/www.africa-press.net\/gabon\/politique\/gabon-barro-chambrier-rempile-pour-5-ans-a-la-tete-du-rpm\",\"name\":\"Gabon\u00a0: Barro Chambrier rempile pour 5 ans \u00e0 la t\u00eate du RPM - Gabon\",\"isPartOf\":{\"@id\":\"https:\/\/www.africa-press.net\/gabon\/#website\"},\"primaryImageOfPage\":{\"@id\":\"https:\/\/www.africa-press.net\/gabon\/politique\/gabon-barro-chambrier-rempile-pour-5-ans-a-la-tete-du-rpm#primaryimage\"},\"image\":{\"@id\":\"https:\/\/www.africa-press.net\/gabon\/politique\/gabon-barro-chambrier-rempile-pour-5-ans-a-la-tete-du-rpm#primaryimage\"},\"thumbnailUrl\":\"https:\/\/static.africa-press.net\/gabon\/sites\/54\/2022\/12\/postQueueImg_1670254200.43.jpg\",\"datePublished\":\"2022-12-05T18:59:54+00:00\",\"author\":{\"@id\":\"https:\/\/www.africa-press.net\/gabon\/#\/schema\/person\/2b1cf3cd81a31e3cd26889ca66d677f1\"},\"breadcrumb\":{\"@id\":\"https:\/\/www.africa-press.net\/gabon\/politique\/gabon-barro-chambrier-rempile-pour-5-ans-a-la-tete-du-rpm#breadcrumb\"},\"inLanguage\":\"fr-FR\",\"potentialAction\":[{\"@type\":\"ReadAction\",\"target\":[\"https:\/\/www.africa-press.net\/gabon\/politique\/gabon-barro-chambrier-rempile-pour-5-ans-a-la-tete-du-rpm\"]}]},{\"@type\":\"ImageObject\",\"inLanguage\":\"fr-FR\",\"@id\":\"https:\/\/www.africa-press.net\/gabon\/politique\/gabon-barro-chambrier-rempile-pour-5-ans-a-la-tete-du-rpm#primaryimage\",\"url\":\"https:\/\/static.africa-press.net\/gabon\/sites\/54\/2022\/12\/postQueueImg_1670254200.43.jpg\",\"contentUrl\":\"https:\/\/static.africa-press.net\/gabon\/sites\/54\/2022\/12\/postQueueImg_1670254200.43.jpg\",\"width\":720,\"height\":480,\"caption\":\"Gabon\u00a0: Barro Chambrier rempile pour 5 ans \u00e0 la t\u00eate du RPM\"},{\"@type\":\"BreadcrumbList\",\"@id\":\"https:\/\/www.africa-press.net\/gabon\/politique\/gabon-barro-chambrier-rempile-pour-5-ans-a-la-tete-du-rpm#breadcrumb\",\"itemListElement\":[{\"@type\":\"ListItem\",\"position\":1,\"name\":\"Accueil\",\"item\":\"https:\/\/www.africa-press.net\/gabon\/\"},{\"@type\":\"ListItem\",\"position\":2,\"name\":\"Gabon\u00a0: Barro Chambrier rempile pour 5 ans \u00e0 la t\u00eate du RPM\"}]},{\"@type\":\"WebSite\",\"@id\":\"https:\/\/www.africa-press.net\/gabon\/#website\",\"url\":\"https:\/\/www.africa-press.net\/gabon\/\",\"name\":\"Gabon\",\"description\":\"Just another Africa News Agency Sites site\",\"potentialAction\":[{\"@type\":\"SearchAction\",\"target\":{\"@type\":\"EntryPoint\",\"urlTemplate\":\"https:\/\/www.africa-press.net\/gabon\/?s={search_term_string}\"},\"query-input\":{\"@type\":\"PropertyValueSpecification\",\"valueRequired\":true,\"valueName\":\"search_term_string\"}}],\"inLanguage\":\"fr-FR\"},{\"@type\":\"Person\",\"@id\":\"https:\/\/www.africa-press.net\/gabon\/#\/schema\/person\/2b1cf3cd81a31e3cd26889ca66d677f1\",\"name\":\"cfeditorfr\"}]}<\/script>\n<!-- \/ Yoast SEO Premium plugin. -->","yoast_head_json":{"title":"Gabon\u00a0: Barro Chambrier rempile pour 5 ans \u00e0 la t\u00eate du RPM - Gabon","robots":{"index":"index","follow":"follow","max-snippet":"max-snippet:-1","max-image-preview":"max-image-preview:large","max-video-preview":"max-video-preview:-1"},"canonical":"https:\/\/www.africa-press.net\/gabon\/politique\/gabon-barro-chambrier-rempile-pour-5-ans-a-la-tete-du-rpm","og_locale":"fr_FR","og_type":"article","og_title":"Gabon\u00a0: Barro Chambrier rempile pour 5 ans \u00e0 la t\u00eate du RPM","og_description":"Africa-Press &#8211; Gabon. Re\u0301unis a\u0300 Libreville du 2 au 4 de\u0301cembre dernier, dans le cadre du premier congre\u0300s ordinaire du Rassemblement pour la patrie et la modernite\u0301 (RPM), les Patriotes des neuf provinces du Gabon ont e\u0301lu a\u0300 la pre\u0301sidence de leur parti, par acclamation et a\u0300 l\u2019unanimite\u0301, Alexandre Barro Chambrier pour les cinq prochaines [&hellip;]","og_url":"https:\/\/www.africa-press.net\/gabon\/politique\/gabon-barro-chambrier-rempile-pour-5-ans-a-la-tete-du-rpm","og_site_name":"Gabon","article_published_time":"2022-12-05T18:59:54+00:00","author":"cfeditorfr","twitter_card":"summary_large_image","twitter_misc":{"\u00c9crit par":"cfeditorfr","Dur\u00e9e de lecture estim\u00e9e":"3 minutes"},"schema":{"@context":"https:\/\/schema.org","@graph":[{"@type":"Article","@id":"https:\/\/www.africa-press.net\/gabon\/politique\/gabon-barro-chambrier-rempile-pour-5-ans-a-la-tete-du-rpm#article","isPartOf":{"@id":"https:\/\/www.africa-press.net\/gabon\/politique\/gabon-barro-chambrier-rempile-pour-5-ans-a-la-tete-du-rpm"},"author":{"name":"cfeditorfr","@id":"https:\/\/www.africa-press.net\/gabon\/#\/schema\/person\/2b1cf3cd81a31e3cd26889ca66d677f1"},"headline":"Gabon\u00a0: Barro Chambrier rempile pour 5 ans \u00e0 la t\u00eate du RPM","datePublished":"2022-12-05T18:59:54+00:00","mainEntityOfPage":{"@id":"https:\/\/www.africa-press.net\/gabon\/politique\/gabon-barro-chambrier-rempile-pour-5-ans-a-la-tete-du-rpm"},"wordCount":656,"commentCount":0,"image":{"@id":"https:\/\/www.africa-press.net\/gabon\/politique\/gabon-barro-chambrier-rempile-pour-5-ans-a-la-tete-du-rpm#primaryimage"},"thumbnailUrl":"https:\/\/static.africa-press.net\/gabon\/sites\/54\/2022\/12\/postQueueImg_1670254200.43.jpg","keywords":["Africa Press","Africa Press-Gabon","Gabon"],"articleSection":["Politique","Toutes les actualit\u00e9s"],"inLanguage":"fr-FR","potentialAction":[{"@type":"CommentAction","name":"Comment","target":["https:\/\/www.africa-press.net\/gabon\/politique\/gabon-barro-chambrier-rempile-pour-5-ans-a-la-tete-du-rpm#respond"]}]},{"@type":"WebPage","@id":"https:\/\/www.africa-press.net\/gabon\/politique\/gabon-barro-chambrier-rempile-pour-5-ans-a-la-tete-du-rpm","url":"https:\/\/www.africa-press.net\/gabon\/politique\/gabon-barro-chambrier-rempile-pour-5-ans-a-la-tete-du-rpm","name":"Gabon\u00a0: Barro Chambrier rempile pour 5 ans \u00e0 la t\u00eate du RPM - Gabon","isPartOf":{"@id":"https:\/\/www.africa-press.net\/gabon\/#website"},"primaryImageOfPage":{"@id":"https:\/\/www.africa-press.net\/gabon\/politique\/gabon-barro-chambrier-rempile-pour-5-ans-a-la-tete-du-rpm#primaryimage"},"image":{"@id":"https:\/\/www.africa-press.net\/gabon\/politique\/gabon-barro-chambrier-rempile-pour-5-ans-a-la-tete-du-rpm#primaryimage"},"thumbnailUrl":"https:\/\/static.africa-press.net\/gabon\/sites\/54\/2022\/12\/postQueueImg_1670254200.43.jpg","datePublished":"2022-12-05T18:59:54+00:00","author":{"@id":"https:\/\/www.africa-press.net\/gabon\/#\/schema\/person\/2b1cf3cd81a31e3cd26889ca66d677f1"},"breadcrumb":{"@id":"https:\/\/www.africa-press.net\/gabon\/politique\/gabon-barro-chambrier-rempile-pour-5-ans-a-la-tete-du-rpm#breadcrumb"},"inLanguage":"fr-FR","potentialAction":[{"@type":"ReadAction","target":["https:\/\/www.africa-press.net\/gabon\/politique\/gabon-barro-chambrier-rempile-pour-5-ans-a-la-tete-du-rpm"]}]},{"@type":"ImageObject","inLanguage":"fr-FR","@id":"https:\/\/www.africa-press.net\/gabon\/politique\/gabon-barro-chambrier-rempile-pour-5-ans-a-la-tete-du-rpm#primaryimage","url":"https:\/\/static.africa-press.net\/gabon\/sites\/54\/2022\/12\/postQueueImg_1670254200.43.jpg","contentUrl":"https:\/\/static.africa-press.net\/gabon\/sites\/54\/2022\/12\/postQueueImg_1670254200.43.jpg","width":720,"height":480,"caption":"Gabon\u00a0: Barro Chambrier rempile pour 5 ans \u00e0 la t\u00eate du RPM"},{"@type":"BreadcrumbList","@id":"https:\/\/www.africa-press.net\/gabon\/politique\/gabon-barro-chambrier-rempile-pour-5-ans-a-la-tete-du-rpm#breadcrumb","itemListElement":[{"@type":"ListItem","position":1,"name":"Accueil","item":"https:\/\/www.africa-press.net\/gabon\/"},{"@type":"ListItem","position":2,"name":"Gabon\u00a0: Barro Chambrier rempile pour 5 ans \u00e0 la t\u00eate du RPM"}]},{"@type":"WebSite","@id":"https:\/\/www.africa-press.net\/gabon\/#website","url":"https:\/\/www.africa-press.net\/gabon\/","name":"Gabon","description":"Just another Africa News Agency Sites site","potentialAction":[{"@type":"SearchAction","target":{"@type":"EntryPoint","urlTemplate":"https:\/\/www.africa-press.net\/gabon\/?s={search_term_string}"},"query-input":{"@type":"PropertyValueSpecification","valueRequired":true,"valueName":"search_term_string"}}],"inLanguage":"fr-FR"},{"@type":"Person","@id":"https:\/\/www.africa-press.net\/gabon\/#\/schema\/person\/2b1cf3cd81a31e3cd26889ca66d677f1","name":"cfeditorfr"}]}},"_links":{"self":[{"href":"https:\/\/www.africa-press.net\/gabon\/wp-json\/wp\/v2\/posts\/13578","targetHints":{"allow":["GET"]}}],"collection":[{"href":"https:\/\/www.africa-press.net\/gabon\/wp-json\/wp\/v2\/posts"}],"about":[{"href":"https:\/\/www.africa-press.net\/gabon\/wp-json\/wp\/v2\/types\/post"}],"author":[{"embeddable":true,"href":"https:\/\/www.africa-press.net\/gabon\/wp-json\/wp\/v2\/users\/82"}],"replies":[{"embeddable":true,"href":"https:\/\/www.africa-press.net\/gabon\/wp-json\/wp\/v2\/comments?post=13578"}],"version-history":[{"count":0,"href":"https:\/\/www.africa-press.net\/gabon\/wp-json\/wp\/v2\/posts\/13578\/revisions"}],"wp:featuredmedia":[{"embeddable":true,"href":"https:\/\/www.africa-press.net\/gabon\/wp-json\/wp\/v2\/media\/13577"}],"wp:attachment":[{"href":"https:\/\/www.africa-press.net\/gabon\/wp-json\/wp\/v2\/media?parent=13578"}],"wp:term":[{"taxonomy":"category","embeddable":true,"href":"https:\/\/www.africa-press.net\/gabon\/wp-json\/wp\/v2\/categories?post=13578"},{"taxonomy":"post_tag","embeddable":true,"href":"https:\/\/www.africa-press.net\/gabon\/wp-json\/wp\/v2\/tags?post=13578"}],"curies":[{"name":"wp","href":"https:\/\/api.w.org\/{rel}","templated":true}]}}