{"id":13590,"date":"2022-12-06T17:32:46","date_gmt":"2022-12-06T17:32:46","guid":{"rendered":"https:\/\/www.africa-press.net\/gabon\/politique\/un-eleve-de-3eme-tue-par-un-tonnerre-a-mandji"},"modified":"2022-12-06T17:32:46","modified_gmt":"2022-12-06T17:32:46","slug":"un-eleve-de-3eme-tue-par-un-tonnerre-a-mandji","status":"publish","type":"post","link":"https:\/\/www.africa-press.net\/gabon\/toutes-les-actualites\/un-eleve-de-3eme-tue-par-un-tonnerre-a-mandji","title":{"rendered":"Un \u00e9l\u00e8ve de 3\u00e8me tu\u00e9 par un \u00ab\u00a0tonnerre\u00a0\u00bb \u00e0 Mandji"},"content":{"rendered":"<p><span style=\"color: #ff6600\"><strong>Africa-Press &#8211; Gabon. <\/strong><\/span><b>Prince, e\u0301le\u0300ve en classe de 3e\u0300me a\u0300 Mandji aurait e\u0301te\u0301 tue\u0301 dimanche dernier par un tonnerre qui l\u2019aurait foudroye\u0301 a\u0300 la poitrine et sur la te\u0302te, selon une the\u0300se cre\u0301dite\u0301e par les habitants de cette petite cite\u0301 tranquille de la Ngounie\u0301.<\/b><\/p>\n<p>C\u2019e\u0301tait donc un dimanche noir a\u0300 Mandji. Les populations venaient de proce\u0301der a\u0300 l\u2019inhumation de la me\u0300re du journaliste Jonas Moulenda lorsque brusquement le ciel s\u2019est assombri. Le vent est violent. Il y a aussi des e\u0301clairs et des tonnerres.<\/p>\n<p>Prince vient de quitter son groupe de travail. Il a tre\u0300s faim. Il se rend chez la be\u0301ninoise du coin mais ne trouve rien a\u0300 manger. Il rentre chez lui ou\u0300 il n\u2019y a personne alors qu\u2019un orage souffle dans la ville.<\/p>\n<p>Il est assis devant la maison chez lui au quartier Sievanou derrie\u0300re la Station. Brusquement un tonnerre de\u0301chire le ciel et s\u2019abat sur le jeune homme touche\u0301 a\u0300 la poitrine et sur la te\u0302te. Personne n\u2019est pre\u0301sent pour le secourir. C\u2019est un autre petit du quartier qui le trouve allonge\u0301 au sol. Le petit alerte le quartier. Prince est conduit d\u2019urgence a\u0300 l\u2019ho\u0302pital. Trop tard. Son de\u0301ce\u0300s est constate\u0301 par le me\u0301decin.<\/p>\n<p>La poitrine de Prince est bru\u0302le\u0301e comme si une huile de cuisine tre\u0300s chaude lui avait e\u0301te\u0301 verse\u0301e. Ses cheveux ont brusquement change\u0301 de teinture. Le petit Prince est me\u0301connaissable. Il a vite e\u0301te\u0301 inhume\u0301 lundi.<\/p>\n<p>Les circonstances exactes de son de\u0301ce\u0300s ne sont pas encore entie\u0300rement e\u0301lucide\u0301es. D\u2019aucuns pensent que le jeune homme portait un te\u0301le\u0301phone portable qui aurait attire\u0301 la foudre sur lui. D\u2019autres soupc\u0327onnent une e\u0301lectrocution.<\/p>\n<p><b>Antoine Relaxe<\/b><\/p>\n<p><strong>Pour plus d&rsquo;informations et d&rsquo;analyses sur la <a href=\"https:\/\/www.africa-press.net\/gabon\">Gabon<\/a>, suivez <a href=\"https:\/\/www.africa-press.net\/\">Africa-Press<\/a><\/strong><\/p>\n","protected":false},"excerpt":{"rendered":"<p>Africa-Press &#8211; Gabon. Prince, e\u0301le\u0300ve en classe de 3e\u0300me a\u0300 Mandji aurait e\u0301te\u0301 tue\u0301 dimanche dernier par un tonnerre qui l\u2019aurait foudroye\u0301 a\u0300 la poitrine et sur la te\u0302te, selon une the\u0300se cre\u0301dite\u0301e par les habitants de cette petite cite\u0301 tranquille de la Ngounie\u0301. C\u2019e\u0301tait donc un dimanche noir a\u0300 Mandji. Les populations venaient de [&hellip;]<\/p>\n","protected":false},"author":82,"featured_media":13589,"comment_status":"open","ping_status":"closed","sticky":false,"template":"","format":"standard","meta":{"footnotes":""},"categories":[21,10],"tags":[36,50,49],"class_list":["post-13590","post","type-post","status-publish","format-standard","has-post-thumbnail","hentry","category-communaute","category-toutes-les-actualites","tag-africa-press","tag-africa-press-gabon","tag-gabon"],"yoast_head":"<!-- This site is optimized with the Yoast SEO Premium plugin v26.1 (Yoast SEO v27.0) - https:\/\/yoast.com\/product\/yoast-seo-premium-wordpress\/ -->\n<title>Un \u00e9l\u00e8ve de 3\u00e8me tu\u00e9 par un \u00ab\u00a0tonnerre\u00a0\u00bb \u00e0 Mandji - Gabon<\/title>\n<meta name=\"robots\" content=\"index, follow, max-snippet:-1, max-image-preview:large, max-video-preview:-1\" \/>\n<link rel=\"canonical\" href=\"https:\/\/www.africa-press.net\/gabon\/politique\/un-eleve-de-3eme-tue-par-un-tonnerre-a-mandji\" \/>\n<meta property=\"og:locale\" content=\"fr_FR\" \/>\n<meta property=\"og:type\" content=\"article\" \/>\n<meta property=\"og:title\" content=\"Un \u00e9l\u00e8ve de 3\u00e8me tu\u00e9 par un \u00ab\u00a0tonnerre\u00a0\u00bb \u00e0 Mandji\" \/>\n<meta property=\"og:description\" content=\"Africa-Press &#8211; Gabon. Prince, e\u0301le\u0300ve en classe de 3e\u0300me a\u0300 Mandji aurait e\u0301te\u0301 tue\u0301 dimanche dernier par un tonnerre qui l\u2019aurait foudroye\u0301 a\u0300 la poitrine et sur la te\u0302te, selon une the\u0300se cre\u0301dite\u0301e par les habitants de cette petite cite\u0301 tranquille de la Ngounie\u0301. C\u2019e\u0301tait donc un dimanche noir a\u0300 Mandji. Les populations venaient de [&hellip;]\" \/>\n<meta property=\"og:url\" content=\"https:\/\/www.africa-press.net\/gabon\/politique\/un-eleve-de-3eme-tue-par-un-tonnerre-a-mandji\" \/>\n<meta property=\"og:site_name\" content=\"Gabon\" \/>\n<meta property=\"article:published_time\" content=\"2022-12-06T17:32:46+00:00\" \/>\n<meta name=\"author\" content=\"cfeditorfr\" \/>\n<meta name=\"twitter:card\" content=\"summary_large_image\" \/>\n<meta name=\"twitter:label1\" content=\"\u00c9crit par\" \/>\n\t<meta name=\"twitter:data1\" content=\"cfeditorfr\" \/>\n\t<meta name=\"twitter:label2\" content=\"Dur\u00e9e de lecture estim\u00e9e\" \/>\n\t<meta name=\"twitter:data2\" content=\"2 minutes\" \/>\n<script type=\"application\/ld+json\" class=\"yoast-schema-graph\">{\"@context\":\"https:\/\/schema.org\",\"@graph\":[{\"@type\":\"Article\",\"@id\":\"https:\/\/www.africa-press.net\/gabon\/politique\/un-eleve-de-3eme-tue-par-un-tonnerre-a-mandji#article\",\"isPartOf\":{\"@id\":\"https:\/\/www.africa-press.net\/gabon\/politique\/un-eleve-de-3eme-tue-par-un-tonnerre-a-mandji\"},\"author\":{\"name\":\"cfeditorfr\",\"@id\":\"https:\/\/www.africa-press.net\/gabon\/#\/schema\/person\/2b1cf3cd81a31e3cd26889ca66d677f1\"},\"headline\":\"Un \u00e9l\u00e8ve de 3\u00e8me tu\u00e9 par un \u00ab\u00a0tonnerre\u00a0\u00bb \u00e0 Mandji\",\"datePublished\":\"2022-12-06T17:32:46+00:00\",\"mainEntityOfPage\":{\"@id\":\"https:\/\/www.africa-press.net\/gabon\/politique\/un-eleve-de-3eme-tue-par-un-tonnerre-a-mandji\"},\"wordCount\":342,\"commentCount\":0,\"image\":{\"@id\":\"https:\/\/www.africa-press.net\/gabon\/politique\/un-eleve-de-3eme-tue-par-un-tonnerre-a-mandji#primaryimage\"},\"thumbnailUrl\":\"https:\/\/static.africa-press.net\/gabon\/sites\/54\/2022\/12\/postQueueImg_1670335368.98.jpg\",\"keywords\":[\"Africa Press\",\"Africa Press-Gabon\",\"Gabon\"],\"articleSection\":[\"Communaut\u00e9\",\"Toutes les actualit\u00e9s\"],\"inLanguage\":\"fr-FR\",\"potentialAction\":[{\"@type\":\"CommentAction\",\"name\":\"Comment\",\"target\":[\"https:\/\/www.africa-press.net\/gabon\/politique\/un-eleve-de-3eme-tue-par-un-tonnerre-a-mandji#respond\"]}]},{\"@type\":\"WebPage\",\"@id\":\"https:\/\/www.africa-press.net\/gabon\/politique\/un-eleve-de-3eme-tue-par-un-tonnerre-a-mandji\",\"url\":\"https:\/\/www.africa-press.net\/gabon\/politique\/un-eleve-de-3eme-tue-par-un-tonnerre-a-mandji\",\"name\":\"Un \u00e9l\u00e8ve de 3\u00e8me tu\u00e9 par un \u00ab\u00a0tonnerre\u00a0\u00bb \u00e0 Mandji - Gabon\",\"isPartOf\":{\"@id\":\"https:\/\/www.africa-press.net\/gabon\/#website\"},\"primaryImageOfPage\":{\"@id\":\"https:\/\/www.africa-press.net\/gabon\/politique\/un-eleve-de-3eme-tue-par-un-tonnerre-a-mandji#primaryimage\"},\"image\":{\"@id\":\"https:\/\/www.africa-press.net\/gabon\/politique\/un-eleve-de-3eme-tue-par-un-tonnerre-a-mandji#primaryimage\"},\"thumbnailUrl\":\"https:\/\/static.africa-press.net\/gabon\/sites\/54\/2022\/12\/postQueueImg_1670335368.98.jpg\",\"datePublished\":\"2022-12-06T17:32:46+00:00\",\"author\":{\"@id\":\"https:\/\/www.africa-press.net\/gabon\/#\/schema\/person\/2b1cf3cd81a31e3cd26889ca66d677f1\"},\"breadcrumb\":{\"@id\":\"https:\/\/www.africa-press.net\/gabon\/politique\/un-eleve-de-3eme-tue-par-un-tonnerre-a-mandji#breadcrumb\"},\"inLanguage\":\"fr-FR\",\"potentialAction\":[{\"@type\":\"ReadAction\",\"target\":[\"https:\/\/www.africa-press.net\/gabon\/politique\/un-eleve-de-3eme-tue-par-un-tonnerre-a-mandji\"]}]},{\"@type\":\"ImageObject\",\"inLanguage\":\"fr-FR\",\"@id\":\"https:\/\/www.africa-press.net\/gabon\/politique\/un-eleve-de-3eme-tue-par-un-tonnerre-a-mandji#primaryimage\",\"url\":\"https:\/\/static.africa-press.net\/gabon\/sites\/54\/2022\/12\/postQueueImg_1670335368.98.jpg\",\"contentUrl\":\"https:\/\/static.africa-press.net\/gabon\/sites\/54\/2022\/12\/postQueueImg_1670335368.98.jpg\",\"width\":720,\"height\":496,\"caption\":\"Un \u00e9l\u00e8ve de 3\u00e8me tu\u00e9 par un \u00ab\u00a0tonnerre\u00a0\u00bb \u00e0 Mandji\"},{\"@type\":\"BreadcrumbList\",\"@id\":\"https:\/\/www.africa-press.net\/gabon\/politique\/un-eleve-de-3eme-tue-par-un-tonnerre-a-mandji#breadcrumb\",\"itemListElement\":[{\"@type\":\"ListItem\",\"position\":1,\"name\":\"Accueil\",\"item\":\"https:\/\/www.africa-press.net\/gabon\/\"},{\"@type\":\"ListItem\",\"position\":2,\"name\":\"Un \u00e9l\u00e8ve de 3\u00e8me tu\u00e9 par un \u00ab\u00a0tonnerre\u00a0\u00bb \u00e0 Mandji\"}]},{\"@type\":\"WebSite\",\"@id\":\"https:\/\/www.africa-press.net\/gabon\/#website\",\"url\":\"https:\/\/www.africa-press.net\/gabon\/\",\"name\":\"Gabon\",\"description\":\"Just another Africa News Agency Sites site\",\"potentialAction\":[{\"@type\":\"SearchAction\",\"target\":{\"@type\":\"EntryPoint\",\"urlTemplate\":\"https:\/\/www.africa-press.net\/gabon\/?s={search_term_string}\"},\"query-input\":{\"@type\":\"PropertyValueSpecification\",\"valueRequired\":true,\"valueName\":\"search_term_string\"}}],\"inLanguage\":\"fr-FR\"},{\"@type\":\"Person\",\"@id\":\"https:\/\/www.africa-press.net\/gabon\/#\/schema\/person\/2b1cf3cd81a31e3cd26889ca66d677f1\",\"name\":\"cfeditorfr\"}]}<\/script>\n<!-- \/ Yoast SEO Premium plugin. -->","yoast_head_json":{"title":"Un \u00e9l\u00e8ve de 3\u00e8me tu\u00e9 par un \u00ab\u00a0tonnerre\u00a0\u00bb \u00e0 Mandji - Gabon","robots":{"index":"index","follow":"follow","max-snippet":"max-snippet:-1","max-image-preview":"max-image-preview:large","max-video-preview":"max-video-preview:-1"},"canonical":"https:\/\/www.africa-press.net\/gabon\/politique\/un-eleve-de-3eme-tue-par-un-tonnerre-a-mandji","og_locale":"fr_FR","og_type":"article","og_title":"Un \u00e9l\u00e8ve de 3\u00e8me tu\u00e9 par un \u00ab\u00a0tonnerre\u00a0\u00bb \u00e0 Mandji","og_description":"Africa-Press &#8211; Gabon. Prince, e\u0301le\u0300ve en classe de 3e\u0300me a\u0300 Mandji aurait e\u0301te\u0301 tue\u0301 dimanche dernier par un tonnerre qui l\u2019aurait foudroye\u0301 a\u0300 la poitrine et sur la te\u0302te, selon une the\u0300se cre\u0301dite\u0301e par les habitants de cette petite cite\u0301 tranquille de la Ngounie\u0301. C\u2019e\u0301tait donc un dimanche noir a\u0300 Mandji. Les populations venaient de [&hellip;]","og_url":"https:\/\/www.africa-press.net\/gabon\/politique\/un-eleve-de-3eme-tue-par-un-tonnerre-a-mandji","og_site_name":"Gabon","article_published_time":"2022-12-06T17:32:46+00:00","author":"cfeditorfr","twitter_card":"summary_large_image","twitter_misc":{"\u00c9crit par":"cfeditorfr","Dur\u00e9e de lecture estim\u00e9e":"2 minutes"},"schema":{"@context":"https:\/\/schema.org","@graph":[{"@type":"Article","@id":"https:\/\/www.africa-press.net\/gabon\/politique\/un-eleve-de-3eme-tue-par-un-tonnerre-a-mandji#article","isPartOf":{"@id":"https:\/\/www.africa-press.net\/gabon\/politique\/un-eleve-de-3eme-tue-par-un-tonnerre-a-mandji"},"author":{"name":"cfeditorfr","@id":"https:\/\/www.africa-press.net\/gabon\/#\/schema\/person\/2b1cf3cd81a31e3cd26889ca66d677f1"},"headline":"Un \u00e9l\u00e8ve de 3\u00e8me tu\u00e9 par un \u00ab\u00a0tonnerre\u00a0\u00bb \u00e0 Mandji","datePublished":"2022-12-06T17:32:46+00:00","mainEntityOfPage":{"@id":"https:\/\/www.africa-press.net\/gabon\/politique\/un-eleve-de-3eme-tue-par-un-tonnerre-a-mandji"},"wordCount":342,"commentCount":0,"image":{"@id":"https:\/\/www.africa-press.net\/gabon\/politique\/un-eleve-de-3eme-tue-par-un-tonnerre-a-mandji#primaryimage"},"thumbnailUrl":"https:\/\/static.africa-press.net\/gabon\/sites\/54\/2022\/12\/postQueueImg_1670335368.98.jpg","keywords":["Africa Press","Africa Press-Gabon","Gabon"],"articleSection":["Communaut\u00e9","Toutes les actualit\u00e9s"],"inLanguage":"fr-FR","potentialAction":[{"@type":"CommentAction","name":"Comment","target":["https:\/\/www.africa-press.net\/gabon\/politique\/un-eleve-de-3eme-tue-par-un-tonnerre-a-mandji#respond"]}]},{"@type":"WebPage","@id":"https:\/\/www.africa-press.net\/gabon\/politique\/un-eleve-de-3eme-tue-par-un-tonnerre-a-mandji","url":"https:\/\/www.africa-press.net\/gabon\/politique\/un-eleve-de-3eme-tue-par-un-tonnerre-a-mandji","name":"Un \u00e9l\u00e8ve de 3\u00e8me tu\u00e9 par un \u00ab\u00a0tonnerre\u00a0\u00bb \u00e0 Mandji - Gabon","isPartOf":{"@id":"https:\/\/www.africa-press.net\/gabon\/#website"},"primaryImageOfPage":{"@id":"https:\/\/www.africa-press.net\/gabon\/politique\/un-eleve-de-3eme-tue-par-un-tonnerre-a-mandji#primaryimage"},"image":{"@id":"https:\/\/www.africa-press.net\/gabon\/politique\/un-eleve-de-3eme-tue-par-un-tonnerre-a-mandji#primaryimage"},"thumbnailUrl":"https:\/\/static.africa-press.net\/gabon\/sites\/54\/2022\/12\/postQueueImg_1670335368.98.jpg","datePublished":"2022-12-06T17:32:46+00:00","author":{"@id":"https:\/\/www.africa-press.net\/gabon\/#\/schema\/person\/2b1cf3cd81a31e3cd26889ca66d677f1"},"breadcrumb":{"@id":"https:\/\/www.africa-press.net\/gabon\/politique\/un-eleve-de-3eme-tue-par-un-tonnerre-a-mandji#breadcrumb"},"inLanguage":"fr-FR","potentialAction":[{"@type":"ReadAction","target":["https:\/\/www.africa-press.net\/gabon\/politique\/un-eleve-de-3eme-tue-par-un-tonnerre-a-mandji"]}]},{"@type":"ImageObject","inLanguage":"fr-FR","@id":"https:\/\/www.africa-press.net\/gabon\/politique\/un-eleve-de-3eme-tue-par-un-tonnerre-a-mandji#primaryimage","url":"https:\/\/static.africa-press.net\/gabon\/sites\/54\/2022\/12\/postQueueImg_1670335368.98.jpg","contentUrl":"https:\/\/static.africa-press.net\/gabon\/sites\/54\/2022\/12\/postQueueImg_1670335368.98.jpg","width":720,"height":496,"caption":"Un \u00e9l\u00e8ve de 3\u00e8me tu\u00e9 par un \u00ab\u00a0tonnerre\u00a0\u00bb \u00e0 Mandji"},{"@type":"BreadcrumbList","@id":"https:\/\/www.africa-press.net\/gabon\/politique\/un-eleve-de-3eme-tue-par-un-tonnerre-a-mandji#breadcrumb","itemListElement":[{"@type":"ListItem","position":1,"name":"Accueil","item":"https:\/\/www.africa-press.net\/gabon\/"},{"@type":"ListItem","position":2,"name":"Un \u00e9l\u00e8ve de 3\u00e8me tu\u00e9 par un \u00ab\u00a0tonnerre\u00a0\u00bb \u00e0 Mandji"}]},{"@type":"WebSite","@id":"https:\/\/www.africa-press.net\/gabon\/#website","url":"https:\/\/www.africa-press.net\/gabon\/","name":"Gabon","description":"Just another Africa News Agency Sites site","potentialAction":[{"@type":"SearchAction","target":{"@type":"EntryPoint","urlTemplate":"https:\/\/www.africa-press.net\/gabon\/?s={search_term_string}"},"query-input":{"@type":"PropertyValueSpecification","valueRequired":true,"valueName":"search_term_string"}}],"inLanguage":"fr-FR"},{"@type":"Person","@id":"https:\/\/www.africa-press.net\/gabon\/#\/schema\/person\/2b1cf3cd81a31e3cd26889ca66d677f1","name":"cfeditorfr"}]}},"_links":{"self":[{"href":"https:\/\/www.africa-press.net\/gabon\/wp-json\/wp\/v2\/posts\/13590","targetHints":{"allow":["GET"]}}],"collection":[{"href":"https:\/\/www.africa-press.net\/gabon\/wp-json\/wp\/v2\/posts"}],"about":[{"href":"https:\/\/www.africa-press.net\/gabon\/wp-json\/wp\/v2\/types\/post"}],"author":[{"embeddable":true,"href":"https:\/\/www.africa-press.net\/gabon\/wp-json\/wp\/v2\/users\/82"}],"replies":[{"embeddable":true,"href":"https:\/\/www.africa-press.net\/gabon\/wp-json\/wp\/v2\/comments?post=13590"}],"version-history":[{"count":0,"href":"https:\/\/www.africa-press.net\/gabon\/wp-json\/wp\/v2\/posts\/13590\/revisions"}],"wp:featuredmedia":[{"embeddable":true,"href":"https:\/\/www.africa-press.net\/gabon\/wp-json\/wp\/v2\/media\/13589"}],"wp:attachment":[{"href":"https:\/\/www.africa-press.net\/gabon\/wp-json\/wp\/v2\/media?parent=13590"}],"wp:term":[{"taxonomy":"category","embeddable":true,"href":"https:\/\/www.africa-press.net\/gabon\/wp-json\/wp\/v2\/categories?post=13590"},{"taxonomy":"post_tag","embeddable":true,"href":"https:\/\/www.africa-press.net\/gabon\/wp-json\/wp\/v2\/tags?post=13590"}],"curies":[{"name":"wp","href":"https:\/\/api.w.org\/{rel}","templated":true}]}}