{"id":13592,"date":"2022-12-06T17:32:52","date_gmt":"2022-12-06T17:32:52","guid":{"rendered":"https:\/\/www.africa-press.net\/gabon\/politique\/pdg-les-pedegistes-de-logooue-ivindo-en-rangs-serres-pour-les-echeances-electorales-de-2023"},"modified":"2022-12-06T17:32:52","modified_gmt":"2022-12-06T17:32:52","slug":"pdg-les-pedegistes-de-logooue-ivindo-en-rangs-serres-pour-les-echeances-electorales-de-2023","status":"publish","type":"post","link":"https:\/\/www.africa-press.net\/gabon\/politique\/pdg-les-pedegistes-de-logooue-ivindo-en-rangs-serres-pour-les-echeances-electorales-de-2023","title":{"rendered":"PDG : les \u00ab\u00a0p\u00e9d\u00e9gistes\u00a0\u00bb de l\u2019Ogoou\u00e9-Ivindo en rangs serr\u00e9s pour les \u00e9ch\u00e9ances \u00e9lectorales de 2023"},"content":{"rendered":"<p><span style=\"color: #ff6600\"><strong>Africa-Press &#8211; Gabon. <\/strong><\/span><b>La capitale provinciale de l\u2019Ogooue\u0301 Ivindo (Makokou) a accueilli du 3 au 4 de\u0301cembre dernier les travaux du Conseil provincial du Parti de\u0301mocratique gabonais ( PDG), place\u0301 sous le the\u0300me \u00ab Renaissance pour un PDG Uni et solidaire \u00bb.<\/b><\/p>\n<p>Les militants et militantes de ce parti dit des masses venus tre\u0300s nombreux ont de\u0301battu sur plusieurs proble\u0301matiques tels que la vie du parti, la situation des gabonais mais aussi sur les strate\u0301gies pour assurer une victoire a\u0300 leur candidat Ali Bongo Ondimba lors de l\u2019e\u0301lection pre\u0301sidentielle pre\u0301vue en 2023.<\/p>\n<p>Ces assises se sont tenues sous la supervision ge\u0301ne\u0301rale de la camarade Ange\u0301lique Ngoma (repre\u0301sentant le secre\u0301taire ge\u0301ne\u0301ral du PDG) et pre\u0301side\u0301es par le membre du conseil provincial de ladite province, Pascal De\u0301sire\u0301 Missongo en pre\u0301sence des membres du gouvernement natifs de la province dont le Vice-Premier ministre, Alain Claude Bilie By Nze.<\/p>\n<p>La rencontre a permis de pre\u0301parer les recommandations des ressortissants de la province a\u0300 soumettre au 12e\u0300me congre\u0300s ordinaire du parti pre\u0301vu les 23 et 24 de\u0301cembre a\u0300 Libreville.<\/p>\n<p>Pour le repre\u0301sentant du secre\u0301taire ge\u0301ne\u0301ral du PDG Ange\u0301lique Ngoma, \u00ab l\u2019enjeu ultime de ces assises, c\u2019est de pouvoir re\u0301unir les conditions optimales pour aborder l\u2019e\u0301lection pre\u0301sidentielle de 2023 avec le maximum de se\u0301re\u0301nite\u0301 et de confiance \u00bb.<\/p>\n<p>Le 12e\u0300me congre\u0300s ordinaire du PDG pourrait investir Ali Bongo Ondimba comme candidat a\u0300 3e\u0300me mandat de 7 ans a\u0300 la te\u0302te de l\u2019Etat gabonais. La constitution re\u0301vise\u0301e en 2017 a mis fin a\u0300 la limitation des mandats pre\u0301sidentiels.<\/p>\n<p><b>Be\u0301tines Makosso<\/b><\/p>\n<p><strong>Pour plus d&rsquo;informations et d&rsquo;analyses sur la <a href=\"https:\/\/www.africa-press.net\/gabon\">Gabon<\/a>, suivez <a href=\"https:\/\/www.africa-press.net\/\">Africa-Press<\/a><\/strong><\/p>\n","protected":false},"excerpt":{"rendered":"<p>Africa-Press &#8211; Gabon. La capitale provinciale de l\u2019Ogooue\u0301 Ivindo (Makokou) a accueilli du 3 au 4 de\u0301cembre dernier les travaux du Conseil provincial du Parti de\u0301mocratique gabonais ( PDG), place\u0301 sous le the\u0300me \u00ab Renaissance pour un PDG Uni et solidaire \u00bb. Les militants et militantes de ce parti dit des masses venus tre\u0300s nombreux [&hellip;]<\/p>\n","protected":false},"author":82,"featured_media":13591,"comment_status":"open","ping_status":"closed","sticky":false,"template":"","format":"standard","meta":{"footnotes":""},"categories":[2,10],"tags":[36,50,49],"class_list":["post-13592","post","type-post","status-publish","format-standard","has-post-thumbnail","hentry","category-politique","category-toutes-les-actualites","tag-africa-press","tag-africa-press-gabon","tag-gabon"],"yoast_head":"<!-- This site is optimized with the Yoast SEO Premium plugin v26.1 (Yoast SEO v27.0) - https:\/\/yoast.com\/product\/yoast-seo-premium-wordpress\/ -->\n<title>PDG : les \u00ab\u00a0p\u00e9d\u00e9gistes\u00a0\u00bb de l\u2019Ogoou\u00e9-Ivindo en rangs serr\u00e9s pour les \u00e9ch\u00e9ances \u00e9lectorales de 2023 - Gabon<\/title>\n<meta name=\"robots\" content=\"index, follow, max-snippet:-1, max-image-preview:large, max-video-preview:-1\" \/>\n<link rel=\"canonical\" href=\"https:\/\/www.africa-press.net\/gabon\/politique\/pdg-les-pedegistes-de-logooue-ivindo-en-rangs-serres-pour-les-echeances-electorales-de-2023\" \/>\n<meta property=\"og:locale\" content=\"fr_FR\" \/>\n<meta property=\"og:type\" content=\"article\" \/>\n<meta property=\"og:title\" content=\"PDG : les \u00ab\u00a0p\u00e9d\u00e9gistes\u00a0\u00bb de l\u2019Ogoou\u00e9-Ivindo en rangs serr\u00e9s pour les \u00e9ch\u00e9ances \u00e9lectorales de 2023\" \/>\n<meta property=\"og:description\" content=\"Africa-Press &#8211; Gabon. La capitale provinciale de l\u2019Ogooue\u0301 Ivindo (Makokou) a accueilli du 3 au 4 de\u0301cembre dernier les travaux du Conseil provincial du Parti de\u0301mocratique gabonais ( PDG), place\u0301 sous le the\u0300me \u00ab Renaissance pour un PDG Uni et solidaire \u00bb. Les militants et militantes de ce parti dit des masses venus tre\u0300s nombreux [&hellip;]\" \/>\n<meta property=\"og:url\" content=\"https:\/\/www.africa-press.net\/gabon\/politique\/pdg-les-pedegistes-de-logooue-ivindo-en-rangs-serres-pour-les-echeances-electorales-de-2023\" \/>\n<meta property=\"og:site_name\" content=\"Gabon\" \/>\n<meta property=\"article:published_time\" content=\"2022-12-06T17:32:52+00:00\" \/>\n<meta name=\"author\" content=\"cfeditorfr\" \/>\n<meta name=\"twitter:card\" content=\"summary_large_image\" \/>\n<meta name=\"twitter:label1\" content=\"\u00c9crit par\" \/>\n\t<meta name=\"twitter:data1\" content=\"cfeditorfr\" \/>\n\t<meta name=\"twitter:label2\" content=\"Dur\u00e9e de lecture estim\u00e9e\" \/>\n\t<meta name=\"twitter:data2\" content=\"2 minutes\" \/>\n<script type=\"application\/ld+json\" class=\"yoast-schema-graph\">{\"@context\":\"https:\/\/schema.org\",\"@graph\":[{\"@type\":\"Article\",\"@id\":\"https:\/\/www.africa-press.net\/gabon\/politique\/pdg-les-pedegistes-de-logooue-ivindo-en-rangs-serres-pour-les-echeances-electorales-de-2023#article\",\"isPartOf\":{\"@id\":\"https:\/\/www.africa-press.net\/gabon\/politique\/pdg-les-pedegistes-de-logooue-ivindo-en-rangs-serres-pour-les-echeances-electorales-de-2023\"},\"author\":{\"name\":\"cfeditorfr\",\"@id\":\"https:\/\/www.africa-press.net\/gabon\/#\/schema\/person\/2b1cf3cd81a31e3cd26889ca66d677f1\"},\"headline\":\"PDG : les \u00ab\u00a0p\u00e9d\u00e9gistes\u00a0\u00bb de l\u2019Ogoou\u00e9-Ivindo en rangs serr\u00e9s pour les \u00e9ch\u00e9ances \u00e9lectorales de 2023\",\"datePublished\":\"2022-12-06T17:32:52+00:00\",\"mainEntityOfPage\":{\"@id\":\"https:\/\/www.africa-press.net\/gabon\/politique\/pdg-les-pedegistes-de-logooue-ivindo-en-rangs-serres-pour-les-echeances-electorales-de-2023\"},\"wordCount\":321,\"commentCount\":0,\"image\":{\"@id\":\"https:\/\/www.africa-press.net\/gabon\/politique\/pdg-les-pedegistes-de-logooue-ivindo-en-rangs-serres-pour-les-echeances-electorales-de-2023#primaryimage\"},\"thumbnailUrl\":\"https:\/\/static.africa-press.net\/gabon\/sites\/54\/2022\/12\/postQueueImg_1670335384.75.jpg\",\"keywords\":[\"Africa Press\",\"Africa Press-Gabon\",\"Gabon\"],\"articleSection\":[\"Politique\",\"Toutes les actualit\u00e9s\"],\"inLanguage\":\"fr-FR\",\"potentialAction\":[{\"@type\":\"CommentAction\",\"name\":\"Comment\",\"target\":[\"https:\/\/www.africa-press.net\/gabon\/politique\/pdg-les-pedegistes-de-logooue-ivindo-en-rangs-serres-pour-les-echeances-electorales-de-2023#respond\"]}]},{\"@type\":\"WebPage\",\"@id\":\"https:\/\/www.africa-press.net\/gabon\/politique\/pdg-les-pedegistes-de-logooue-ivindo-en-rangs-serres-pour-les-echeances-electorales-de-2023\",\"url\":\"https:\/\/www.africa-press.net\/gabon\/politique\/pdg-les-pedegistes-de-logooue-ivindo-en-rangs-serres-pour-les-echeances-electorales-de-2023\",\"name\":\"PDG : les \u00ab\u00a0p\u00e9d\u00e9gistes\u00a0\u00bb de l\u2019Ogoou\u00e9-Ivindo en rangs serr\u00e9s pour les \u00e9ch\u00e9ances \u00e9lectorales de 2023 - Gabon\",\"isPartOf\":{\"@id\":\"https:\/\/www.africa-press.net\/gabon\/#website\"},\"primaryImageOfPage\":{\"@id\":\"https:\/\/www.africa-press.net\/gabon\/politique\/pdg-les-pedegistes-de-logooue-ivindo-en-rangs-serres-pour-les-echeances-electorales-de-2023#primaryimage\"},\"image\":{\"@id\":\"https:\/\/www.africa-press.net\/gabon\/politique\/pdg-les-pedegistes-de-logooue-ivindo-en-rangs-serres-pour-les-echeances-electorales-de-2023#primaryimage\"},\"thumbnailUrl\":\"https:\/\/static.africa-press.net\/gabon\/sites\/54\/2022\/12\/postQueueImg_1670335384.75.jpg\",\"datePublished\":\"2022-12-06T17:32:52+00:00\",\"author\":{\"@id\":\"https:\/\/www.africa-press.net\/gabon\/#\/schema\/person\/2b1cf3cd81a31e3cd26889ca66d677f1\"},\"breadcrumb\":{\"@id\":\"https:\/\/www.africa-press.net\/gabon\/politique\/pdg-les-pedegistes-de-logooue-ivindo-en-rangs-serres-pour-les-echeances-electorales-de-2023#breadcrumb\"},\"inLanguage\":\"fr-FR\",\"potentialAction\":[{\"@type\":\"ReadAction\",\"target\":[\"https:\/\/www.africa-press.net\/gabon\/politique\/pdg-les-pedegistes-de-logooue-ivindo-en-rangs-serres-pour-les-echeances-electorales-de-2023\"]}]},{\"@type\":\"ImageObject\",\"inLanguage\":\"fr-FR\",\"@id\":\"https:\/\/www.africa-press.net\/gabon\/politique\/pdg-les-pedegistes-de-logooue-ivindo-en-rangs-serres-pour-les-echeances-electorales-de-2023#primaryimage\",\"url\":\"https:\/\/static.africa-press.net\/gabon\/sites\/54\/2022\/12\/postQueueImg_1670335384.75.jpg\",\"contentUrl\":\"https:\/\/static.africa-press.net\/gabon\/sites\/54\/2022\/12\/postQueueImg_1670335384.75.jpg\",\"width\":1232,\"height\":816,\"caption\":\"PDG : les \u00ab\u00a0p\u00e9d\u00e9gistes\u00a0\u00bb de l\u2019Ogoou\u00e9-Ivindo en rangs serr\u00e9s pour les \u00e9ch\u00e9ances \u00e9lectorales de 2023\"},{\"@type\":\"BreadcrumbList\",\"@id\":\"https:\/\/www.africa-press.net\/gabon\/politique\/pdg-les-pedegistes-de-logooue-ivindo-en-rangs-serres-pour-les-echeances-electorales-de-2023#breadcrumb\",\"itemListElement\":[{\"@type\":\"ListItem\",\"position\":1,\"name\":\"Accueil\",\"item\":\"https:\/\/www.africa-press.net\/gabon\/\"},{\"@type\":\"ListItem\",\"position\":2,\"name\":\"PDG : les \u00ab\u00a0p\u00e9d\u00e9gistes\u00a0\u00bb de l\u2019Ogoou\u00e9-Ivindo en rangs serr\u00e9s pour les \u00e9ch\u00e9ances \u00e9lectorales de 2023\"}]},{\"@type\":\"WebSite\",\"@id\":\"https:\/\/www.africa-press.net\/gabon\/#website\",\"url\":\"https:\/\/www.africa-press.net\/gabon\/\",\"name\":\"Gabon\",\"description\":\"Just another Africa News Agency Sites site\",\"potentialAction\":[{\"@type\":\"SearchAction\",\"target\":{\"@type\":\"EntryPoint\",\"urlTemplate\":\"https:\/\/www.africa-press.net\/gabon\/?s={search_term_string}\"},\"query-input\":{\"@type\":\"PropertyValueSpecification\",\"valueRequired\":true,\"valueName\":\"search_term_string\"}}],\"inLanguage\":\"fr-FR\"},{\"@type\":\"Person\",\"@id\":\"https:\/\/www.africa-press.net\/gabon\/#\/schema\/person\/2b1cf3cd81a31e3cd26889ca66d677f1\",\"name\":\"cfeditorfr\"}]}<\/script>\n<!-- \/ Yoast SEO Premium plugin. -->","yoast_head_json":{"title":"PDG : les \u00ab\u00a0p\u00e9d\u00e9gistes\u00a0\u00bb de l\u2019Ogoou\u00e9-Ivindo en rangs serr\u00e9s pour les \u00e9ch\u00e9ances \u00e9lectorales de 2023 - Gabon","robots":{"index":"index","follow":"follow","max-snippet":"max-snippet:-1","max-image-preview":"max-image-preview:large","max-video-preview":"max-video-preview:-1"},"canonical":"https:\/\/www.africa-press.net\/gabon\/politique\/pdg-les-pedegistes-de-logooue-ivindo-en-rangs-serres-pour-les-echeances-electorales-de-2023","og_locale":"fr_FR","og_type":"article","og_title":"PDG : les \u00ab\u00a0p\u00e9d\u00e9gistes\u00a0\u00bb de l\u2019Ogoou\u00e9-Ivindo en rangs serr\u00e9s pour les \u00e9ch\u00e9ances \u00e9lectorales de 2023","og_description":"Africa-Press &#8211; Gabon. La capitale provinciale de l\u2019Ogooue\u0301 Ivindo (Makokou) a accueilli du 3 au 4 de\u0301cembre dernier les travaux du Conseil provincial du Parti de\u0301mocratique gabonais ( PDG), place\u0301 sous le the\u0300me \u00ab Renaissance pour un PDG Uni et solidaire \u00bb. Les militants et militantes de ce parti dit des masses venus tre\u0300s nombreux [&hellip;]","og_url":"https:\/\/www.africa-press.net\/gabon\/politique\/pdg-les-pedegistes-de-logooue-ivindo-en-rangs-serres-pour-les-echeances-electorales-de-2023","og_site_name":"Gabon","article_published_time":"2022-12-06T17:32:52+00:00","author":"cfeditorfr","twitter_card":"summary_large_image","twitter_misc":{"\u00c9crit par":"cfeditorfr","Dur\u00e9e de lecture estim\u00e9e":"2 minutes"},"schema":{"@context":"https:\/\/schema.org","@graph":[{"@type":"Article","@id":"https:\/\/www.africa-press.net\/gabon\/politique\/pdg-les-pedegistes-de-logooue-ivindo-en-rangs-serres-pour-les-echeances-electorales-de-2023#article","isPartOf":{"@id":"https:\/\/www.africa-press.net\/gabon\/politique\/pdg-les-pedegistes-de-logooue-ivindo-en-rangs-serres-pour-les-echeances-electorales-de-2023"},"author":{"name":"cfeditorfr","@id":"https:\/\/www.africa-press.net\/gabon\/#\/schema\/person\/2b1cf3cd81a31e3cd26889ca66d677f1"},"headline":"PDG : les \u00ab\u00a0p\u00e9d\u00e9gistes\u00a0\u00bb de l\u2019Ogoou\u00e9-Ivindo en rangs serr\u00e9s pour les \u00e9ch\u00e9ances \u00e9lectorales de 2023","datePublished":"2022-12-06T17:32:52+00:00","mainEntityOfPage":{"@id":"https:\/\/www.africa-press.net\/gabon\/politique\/pdg-les-pedegistes-de-logooue-ivindo-en-rangs-serres-pour-les-echeances-electorales-de-2023"},"wordCount":321,"commentCount":0,"image":{"@id":"https:\/\/www.africa-press.net\/gabon\/politique\/pdg-les-pedegistes-de-logooue-ivindo-en-rangs-serres-pour-les-echeances-electorales-de-2023#primaryimage"},"thumbnailUrl":"https:\/\/static.africa-press.net\/gabon\/sites\/54\/2022\/12\/postQueueImg_1670335384.75.jpg","keywords":["Africa Press","Africa Press-Gabon","Gabon"],"articleSection":["Politique","Toutes les actualit\u00e9s"],"inLanguage":"fr-FR","potentialAction":[{"@type":"CommentAction","name":"Comment","target":["https:\/\/www.africa-press.net\/gabon\/politique\/pdg-les-pedegistes-de-logooue-ivindo-en-rangs-serres-pour-les-echeances-electorales-de-2023#respond"]}]},{"@type":"WebPage","@id":"https:\/\/www.africa-press.net\/gabon\/politique\/pdg-les-pedegistes-de-logooue-ivindo-en-rangs-serres-pour-les-echeances-electorales-de-2023","url":"https:\/\/www.africa-press.net\/gabon\/politique\/pdg-les-pedegistes-de-logooue-ivindo-en-rangs-serres-pour-les-echeances-electorales-de-2023","name":"PDG : les \u00ab\u00a0p\u00e9d\u00e9gistes\u00a0\u00bb de l\u2019Ogoou\u00e9-Ivindo en rangs serr\u00e9s pour les \u00e9ch\u00e9ances \u00e9lectorales de 2023 - Gabon","isPartOf":{"@id":"https:\/\/www.africa-press.net\/gabon\/#website"},"primaryImageOfPage":{"@id":"https:\/\/www.africa-press.net\/gabon\/politique\/pdg-les-pedegistes-de-logooue-ivindo-en-rangs-serres-pour-les-echeances-electorales-de-2023#primaryimage"},"image":{"@id":"https:\/\/www.africa-press.net\/gabon\/politique\/pdg-les-pedegistes-de-logooue-ivindo-en-rangs-serres-pour-les-echeances-electorales-de-2023#primaryimage"},"thumbnailUrl":"https:\/\/static.africa-press.net\/gabon\/sites\/54\/2022\/12\/postQueueImg_1670335384.75.jpg","datePublished":"2022-12-06T17:32:52+00:00","author":{"@id":"https:\/\/www.africa-press.net\/gabon\/#\/schema\/person\/2b1cf3cd81a31e3cd26889ca66d677f1"},"breadcrumb":{"@id":"https:\/\/www.africa-press.net\/gabon\/politique\/pdg-les-pedegistes-de-logooue-ivindo-en-rangs-serres-pour-les-echeances-electorales-de-2023#breadcrumb"},"inLanguage":"fr-FR","potentialAction":[{"@type":"ReadAction","target":["https:\/\/www.africa-press.net\/gabon\/politique\/pdg-les-pedegistes-de-logooue-ivindo-en-rangs-serres-pour-les-echeances-electorales-de-2023"]}]},{"@type":"ImageObject","inLanguage":"fr-FR","@id":"https:\/\/www.africa-press.net\/gabon\/politique\/pdg-les-pedegistes-de-logooue-ivindo-en-rangs-serres-pour-les-echeances-electorales-de-2023#primaryimage","url":"https:\/\/static.africa-press.net\/gabon\/sites\/54\/2022\/12\/postQueueImg_1670335384.75.jpg","contentUrl":"https:\/\/static.africa-press.net\/gabon\/sites\/54\/2022\/12\/postQueueImg_1670335384.75.jpg","width":1232,"height":816,"caption":"PDG : les \u00ab\u00a0p\u00e9d\u00e9gistes\u00a0\u00bb de l\u2019Ogoou\u00e9-Ivindo en rangs serr\u00e9s pour les \u00e9ch\u00e9ances \u00e9lectorales de 2023"},{"@type":"BreadcrumbList","@id":"https:\/\/www.africa-press.net\/gabon\/politique\/pdg-les-pedegistes-de-logooue-ivindo-en-rangs-serres-pour-les-echeances-electorales-de-2023#breadcrumb","itemListElement":[{"@type":"ListItem","position":1,"name":"Accueil","item":"https:\/\/www.africa-press.net\/gabon\/"},{"@type":"ListItem","position":2,"name":"PDG : les \u00ab\u00a0p\u00e9d\u00e9gistes\u00a0\u00bb de l\u2019Ogoou\u00e9-Ivindo en rangs serr\u00e9s pour les \u00e9ch\u00e9ances \u00e9lectorales de 2023"}]},{"@type":"WebSite","@id":"https:\/\/www.africa-press.net\/gabon\/#website","url":"https:\/\/www.africa-press.net\/gabon\/","name":"Gabon","description":"Just another Africa News Agency Sites site","potentialAction":[{"@type":"SearchAction","target":{"@type":"EntryPoint","urlTemplate":"https:\/\/www.africa-press.net\/gabon\/?s={search_term_string}"},"query-input":{"@type":"PropertyValueSpecification","valueRequired":true,"valueName":"search_term_string"}}],"inLanguage":"fr-FR"},{"@type":"Person","@id":"https:\/\/www.africa-press.net\/gabon\/#\/schema\/person\/2b1cf3cd81a31e3cd26889ca66d677f1","name":"cfeditorfr"}]}},"_links":{"self":[{"href":"https:\/\/www.africa-press.net\/gabon\/wp-json\/wp\/v2\/posts\/13592","targetHints":{"allow":["GET"]}}],"collection":[{"href":"https:\/\/www.africa-press.net\/gabon\/wp-json\/wp\/v2\/posts"}],"about":[{"href":"https:\/\/www.africa-press.net\/gabon\/wp-json\/wp\/v2\/types\/post"}],"author":[{"embeddable":true,"href":"https:\/\/www.africa-press.net\/gabon\/wp-json\/wp\/v2\/users\/82"}],"replies":[{"embeddable":true,"href":"https:\/\/www.africa-press.net\/gabon\/wp-json\/wp\/v2\/comments?post=13592"}],"version-history":[{"count":0,"href":"https:\/\/www.africa-press.net\/gabon\/wp-json\/wp\/v2\/posts\/13592\/revisions"}],"wp:featuredmedia":[{"embeddable":true,"href":"https:\/\/www.africa-press.net\/gabon\/wp-json\/wp\/v2\/media\/13591"}],"wp:attachment":[{"href":"https:\/\/www.africa-press.net\/gabon\/wp-json\/wp\/v2\/media?parent=13592"}],"wp:term":[{"taxonomy":"category","embeddable":true,"href":"https:\/\/www.africa-press.net\/gabon\/wp-json\/wp\/v2\/categories?post=13592"},{"taxonomy":"post_tag","embeddable":true,"href":"https:\/\/www.africa-press.net\/gabon\/wp-json\/wp\/v2\/tags?post=13592"}],"curies":[{"name":"wp","href":"https:\/\/api.w.org\/{rel}","templated":true}]}}