{"id":13594,"date":"2022-12-06T17:33:08","date_gmt":"2022-12-06T17:33:08","guid":{"rendered":"https:\/\/www.africa-press.net\/gabon\/politique\/un-gabonais-tue-par-un-buffle-dans-une-savane-a-ndende"},"modified":"2022-12-06T17:33:08","modified_gmt":"2022-12-06T17:33:08","slug":"un-gabonais-tue-par-un-buffle-dans-une-savane-a-ndende","status":"publish","type":"post","link":"https:\/\/www.africa-press.net\/gabon\/toutes-les-actualites\/un-gabonais-tue-par-un-buffle-dans-une-savane-a-ndende","title":{"rendered":"Un gabonais tu\u00e9 par un buffle dans une savane \u00e0 Nd\u00e9nd\u00e9"},"content":{"rendered":"<p><span style=\"color: #ff6600\"><strong>Africa-Press &#8211; Gabon. <\/strong><\/span><b>Serge Mbina, connu comme un chasseur dans la ville de Nde\u0301nde\u0301 a e\u0301te\u0301 retrouve\u0301 mort dans une savane apparemment tue\u0301 par un buffle, rapportent mardi des habitants de la localite\u0301.<\/b><\/p>\n<p>Le quadrage\u0301naire serait parti a\u0300 la chasse comme d\u2019habitude. Il aurait e\u0301te\u0301 charge\u0301 par un buffle qu\u2019il aurait pre\u0301alablement blesse\u0301.<\/p>\n<p>Les circonstances exactes du drame qui endeuille le de\u0301partement de la Dola ne sont pas encore connues. Les accidents du genre sont le\u0301gions dans la zone ou\u0300 a\u0300 cause du cho\u0302mage ende\u0301mique, la chasse est l\u2019une des principales sources de revenus d\u2019une cate\u0301gorie de citoyens.<\/p>\n<p><b>Antoine Relaxe<\/b><\/p>\n<p><strong>Pour plus d&rsquo;informations et d&rsquo;analyses sur la <a href=\"https:\/\/www.africa-press.net\/gabon\">Gabon<\/a>, suivez <a href=\"https:\/\/www.africa-press.net\/\">Africa-Press<\/a><\/strong><\/p>\n","protected":false},"excerpt":{"rendered":"<p>Africa-Press &#8211; Gabon. Serge Mbina, connu comme un chasseur dans la ville de Nde\u0301nde\u0301 a e\u0301te\u0301 retrouve\u0301 mort dans une savane apparemment tue\u0301 par un buffle, rapportent mardi des habitants de la localite\u0301. Le quadrage\u0301naire serait parti a\u0300 la chasse comme d\u2019habitude. Il aurait e\u0301te\u0301 charge\u0301 par un buffle qu\u2019il aurait pre\u0301alablement blesse\u0301. Les circonstances [&hellip;]<\/p>\n","protected":false},"author":82,"featured_media":13593,"comment_status":"open","ping_status":"closed","sticky":false,"template":"","format":"standard","meta":{"footnotes":""},"categories":[21,10],"tags":[36,50,49],"class_list":["post-13594","post","type-post","status-publish","format-standard","has-post-thumbnail","hentry","category-communaute","category-toutes-les-actualites","tag-africa-press","tag-africa-press-gabon","tag-gabon"],"yoast_head":"<!-- This site is optimized with the Yoast SEO Premium plugin v26.1 (Yoast SEO v27.0) - https:\/\/yoast.com\/product\/yoast-seo-premium-wordpress\/ -->\n<title>Un gabonais tu\u00e9 par un buffle dans une savane \u00e0 Nd\u00e9nd\u00e9 - Gabon<\/title>\n<meta name=\"robots\" content=\"index, follow, max-snippet:-1, max-image-preview:large, max-video-preview:-1\" \/>\n<link rel=\"canonical\" href=\"https:\/\/www.africa-press.net\/gabon\/politique\/un-gabonais-tue-par-un-buffle-dans-une-savane-a-ndende\" \/>\n<meta property=\"og:locale\" content=\"fr_FR\" \/>\n<meta property=\"og:type\" content=\"article\" \/>\n<meta property=\"og:title\" content=\"Un gabonais tu\u00e9 par un buffle dans une savane \u00e0 Nd\u00e9nd\u00e9\" \/>\n<meta property=\"og:description\" content=\"Africa-Press &#8211; Gabon. Serge Mbina, connu comme un chasseur dans la ville de Nde\u0301nde\u0301 a e\u0301te\u0301 retrouve\u0301 mort dans une savane apparemment tue\u0301 par un buffle, rapportent mardi des habitants de la localite\u0301. Le quadrage\u0301naire serait parti a\u0300 la chasse comme d\u2019habitude. Il aurait e\u0301te\u0301 charge\u0301 par un buffle qu\u2019il aurait pre\u0301alablement blesse\u0301. Les circonstances [&hellip;]\" \/>\n<meta property=\"og:url\" content=\"https:\/\/www.africa-press.net\/gabon\/politique\/un-gabonais-tue-par-un-buffle-dans-une-savane-a-ndende\" \/>\n<meta property=\"og:site_name\" content=\"Gabon\" \/>\n<meta property=\"article:published_time\" content=\"2022-12-06T17:33:08+00:00\" \/>\n<meta name=\"author\" content=\"cfeditorfr\" \/>\n<meta name=\"twitter:card\" content=\"summary_large_image\" \/>\n<meta name=\"twitter:label1\" content=\"\u00c9crit par\" \/>\n\t<meta name=\"twitter:data1\" content=\"cfeditorfr\" \/>\n\t<meta name=\"twitter:label2\" content=\"Dur\u00e9e de lecture estim\u00e9e\" \/>\n\t<meta name=\"twitter:data2\" content=\"1 minute\" \/>\n<script type=\"application\/ld+json\" class=\"yoast-schema-graph\">{\"@context\":\"https:\/\/schema.org\",\"@graph\":[{\"@type\":\"Article\",\"@id\":\"https:\/\/www.africa-press.net\/gabon\/politique\/un-gabonais-tue-par-un-buffle-dans-une-savane-a-ndende#article\",\"isPartOf\":{\"@id\":\"https:\/\/www.africa-press.net\/gabon\/politique\/un-gabonais-tue-par-un-buffle-dans-une-savane-a-ndende\"},\"author\":{\"name\":\"cfeditorfr\",\"@id\":\"https:\/\/www.africa-press.net\/gabon\/#\/schema\/person\/2b1cf3cd81a31e3cd26889ca66d677f1\"},\"headline\":\"Un gabonais tu\u00e9 par un buffle dans une savane \u00e0 Nd\u00e9nd\u00e9\",\"datePublished\":\"2022-12-06T17:33:08+00:00\",\"mainEntityOfPage\":{\"@id\":\"https:\/\/www.africa-press.net\/gabon\/politique\/un-gabonais-tue-par-un-buffle-dans-une-savane-a-ndende\"},\"wordCount\":137,\"commentCount\":0,\"image\":{\"@id\":\"https:\/\/www.africa-press.net\/gabon\/politique\/un-gabonais-tue-par-un-buffle-dans-une-savane-a-ndende#primaryimage\"},\"thumbnailUrl\":\"https:\/\/static.africa-press.net\/gabon\/sites\/54\/2022\/12\/postQueueImg_1670335400.36.jpg\",\"keywords\":[\"Africa Press\",\"Africa Press-Gabon\",\"Gabon\"],\"articleSection\":[\"Communaut\u00e9\",\"Toutes les actualit\u00e9s\"],\"inLanguage\":\"fr-FR\",\"potentialAction\":[{\"@type\":\"CommentAction\",\"name\":\"Comment\",\"target\":[\"https:\/\/www.africa-press.net\/gabon\/politique\/un-gabonais-tue-par-un-buffle-dans-une-savane-a-ndende#respond\"]}]},{\"@type\":\"WebPage\",\"@id\":\"https:\/\/www.africa-press.net\/gabon\/politique\/un-gabonais-tue-par-un-buffle-dans-une-savane-a-ndende\",\"url\":\"https:\/\/www.africa-press.net\/gabon\/politique\/un-gabonais-tue-par-un-buffle-dans-une-savane-a-ndende\",\"name\":\"Un gabonais tu\u00e9 par un buffle dans une savane \u00e0 Nd\u00e9nd\u00e9 - Gabon\",\"isPartOf\":{\"@id\":\"https:\/\/www.africa-press.net\/gabon\/#website\"},\"primaryImageOfPage\":{\"@id\":\"https:\/\/www.africa-press.net\/gabon\/politique\/un-gabonais-tue-par-un-buffle-dans-une-savane-a-ndende#primaryimage\"},\"image\":{\"@id\":\"https:\/\/www.africa-press.net\/gabon\/politique\/un-gabonais-tue-par-un-buffle-dans-une-savane-a-ndende#primaryimage\"},\"thumbnailUrl\":\"https:\/\/static.africa-press.net\/gabon\/sites\/54\/2022\/12\/postQueueImg_1670335400.36.jpg\",\"datePublished\":\"2022-12-06T17:33:08+00:00\",\"author\":{\"@id\":\"https:\/\/www.africa-press.net\/gabon\/#\/schema\/person\/2b1cf3cd81a31e3cd26889ca66d677f1\"},\"breadcrumb\":{\"@id\":\"https:\/\/www.africa-press.net\/gabon\/politique\/un-gabonais-tue-par-un-buffle-dans-une-savane-a-ndende#breadcrumb\"},\"inLanguage\":\"fr-FR\",\"potentialAction\":[{\"@type\":\"ReadAction\",\"target\":[\"https:\/\/www.africa-press.net\/gabon\/politique\/un-gabonais-tue-par-un-buffle-dans-une-savane-a-ndende\"]}]},{\"@type\":\"ImageObject\",\"inLanguage\":\"fr-FR\",\"@id\":\"https:\/\/www.africa-press.net\/gabon\/politique\/un-gabonais-tue-par-un-buffle-dans-une-savane-a-ndende#primaryimage\",\"url\":\"https:\/\/static.africa-press.net\/gabon\/sites\/54\/2022\/12\/postQueueImg_1670335400.36.jpg\",\"contentUrl\":\"https:\/\/static.africa-press.net\/gabon\/sites\/54\/2022\/12\/postQueueImg_1670335400.36.jpg\",\"width\":1280,\"height\":720,\"caption\":\"Un gabonais tu\u00e9 par un buffle dans une savane \u00e0 Nd\u00e9nd\u00e9\"},{\"@type\":\"BreadcrumbList\",\"@id\":\"https:\/\/www.africa-press.net\/gabon\/politique\/un-gabonais-tue-par-un-buffle-dans-une-savane-a-ndende#breadcrumb\",\"itemListElement\":[{\"@type\":\"ListItem\",\"position\":1,\"name\":\"Accueil\",\"item\":\"https:\/\/www.africa-press.net\/gabon\/\"},{\"@type\":\"ListItem\",\"position\":2,\"name\":\"Un gabonais tu\u00e9 par un buffle dans une savane \u00e0 Nd\u00e9nd\u00e9\"}]},{\"@type\":\"WebSite\",\"@id\":\"https:\/\/www.africa-press.net\/gabon\/#website\",\"url\":\"https:\/\/www.africa-press.net\/gabon\/\",\"name\":\"Gabon\",\"description\":\"Just another Africa News Agency Sites site\",\"potentialAction\":[{\"@type\":\"SearchAction\",\"target\":{\"@type\":\"EntryPoint\",\"urlTemplate\":\"https:\/\/www.africa-press.net\/gabon\/?s={search_term_string}\"},\"query-input\":{\"@type\":\"PropertyValueSpecification\",\"valueRequired\":true,\"valueName\":\"search_term_string\"}}],\"inLanguage\":\"fr-FR\"},{\"@type\":\"Person\",\"@id\":\"https:\/\/www.africa-press.net\/gabon\/#\/schema\/person\/2b1cf3cd81a31e3cd26889ca66d677f1\",\"name\":\"cfeditorfr\"}]}<\/script>\n<!-- \/ Yoast SEO Premium plugin. -->","yoast_head_json":{"title":"Un gabonais tu\u00e9 par un buffle dans une savane \u00e0 Nd\u00e9nd\u00e9 - Gabon","robots":{"index":"index","follow":"follow","max-snippet":"max-snippet:-1","max-image-preview":"max-image-preview:large","max-video-preview":"max-video-preview:-1"},"canonical":"https:\/\/www.africa-press.net\/gabon\/politique\/un-gabonais-tue-par-un-buffle-dans-une-savane-a-ndende","og_locale":"fr_FR","og_type":"article","og_title":"Un gabonais tu\u00e9 par un buffle dans une savane \u00e0 Nd\u00e9nd\u00e9","og_description":"Africa-Press &#8211; Gabon. Serge Mbina, connu comme un chasseur dans la ville de Nde\u0301nde\u0301 a e\u0301te\u0301 retrouve\u0301 mort dans une savane apparemment tue\u0301 par un buffle, rapportent mardi des habitants de la localite\u0301. Le quadrage\u0301naire serait parti a\u0300 la chasse comme d\u2019habitude. Il aurait e\u0301te\u0301 charge\u0301 par un buffle qu\u2019il aurait pre\u0301alablement blesse\u0301. Les circonstances [&hellip;]","og_url":"https:\/\/www.africa-press.net\/gabon\/politique\/un-gabonais-tue-par-un-buffle-dans-une-savane-a-ndende","og_site_name":"Gabon","article_published_time":"2022-12-06T17:33:08+00:00","author":"cfeditorfr","twitter_card":"summary_large_image","twitter_misc":{"\u00c9crit par":"cfeditorfr","Dur\u00e9e de lecture estim\u00e9e":"1 minute"},"schema":{"@context":"https:\/\/schema.org","@graph":[{"@type":"Article","@id":"https:\/\/www.africa-press.net\/gabon\/politique\/un-gabonais-tue-par-un-buffle-dans-une-savane-a-ndende#article","isPartOf":{"@id":"https:\/\/www.africa-press.net\/gabon\/politique\/un-gabonais-tue-par-un-buffle-dans-une-savane-a-ndende"},"author":{"name":"cfeditorfr","@id":"https:\/\/www.africa-press.net\/gabon\/#\/schema\/person\/2b1cf3cd81a31e3cd26889ca66d677f1"},"headline":"Un gabonais tu\u00e9 par un buffle dans une savane \u00e0 Nd\u00e9nd\u00e9","datePublished":"2022-12-06T17:33:08+00:00","mainEntityOfPage":{"@id":"https:\/\/www.africa-press.net\/gabon\/politique\/un-gabonais-tue-par-un-buffle-dans-une-savane-a-ndende"},"wordCount":137,"commentCount":0,"image":{"@id":"https:\/\/www.africa-press.net\/gabon\/politique\/un-gabonais-tue-par-un-buffle-dans-une-savane-a-ndende#primaryimage"},"thumbnailUrl":"https:\/\/static.africa-press.net\/gabon\/sites\/54\/2022\/12\/postQueueImg_1670335400.36.jpg","keywords":["Africa Press","Africa Press-Gabon","Gabon"],"articleSection":["Communaut\u00e9","Toutes les actualit\u00e9s"],"inLanguage":"fr-FR","potentialAction":[{"@type":"CommentAction","name":"Comment","target":["https:\/\/www.africa-press.net\/gabon\/politique\/un-gabonais-tue-par-un-buffle-dans-une-savane-a-ndende#respond"]}]},{"@type":"WebPage","@id":"https:\/\/www.africa-press.net\/gabon\/politique\/un-gabonais-tue-par-un-buffle-dans-une-savane-a-ndende","url":"https:\/\/www.africa-press.net\/gabon\/politique\/un-gabonais-tue-par-un-buffle-dans-une-savane-a-ndende","name":"Un gabonais tu\u00e9 par un buffle dans une savane \u00e0 Nd\u00e9nd\u00e9 - Gabon","isPartOf":{"@id":"https:\/\/www.africa-press.net\/gabon\/#website"},"primaryImageOfPage":{"@id":"https:\/\/www.africa-press.net\/gabon\/politique\/un-gabonais-tue-par-un-buffle-dans-une-savane-a-ndende#primaryimage"},"image":{"@id":"https:\/\/www.africa-press.net\/gabon\/politique\/un-gabonais-tue-par-un-buffle-dans-une-savane-a-ndende#primaryimage"},"thumbnailUrl":"https:\/\/static.africa-press.net\/gabon\/sites\/54\/2022\/12\/postQueueImg_1670335400.36.jpg","datePublished":"2022-12-06T17:33:08+00:00","author":{"@id":"https:\/\/www.africa-press.net\/gabon\/#\/schema\/person\/2b1cf3cd81a31e3cd26889ca66d677f1"},"breadcrumb":{"@id":"https:\/\/www.africa-press.net\/gabon\/politique\/un-gabonais-tue-par-un-buffle-dans-une-savane-a-ndende#breadcrumb"},"inLanguage":"fr-FR","potentialAction":[{"@type":"ReadAction","target":["https:\/\/www.africa-press.net\/gabon\/politique\/un-gabonais-tue-par-un-buffle-dans-une-savane-a-ndende"]}]},{"@type":"ImageObject","inLanguage":"fr-FR","@id":"https:\/\/www.africa-press.net\/gabon\/politique\/un-gabonais-tue-par-un-buffle-dans-une-savane-a-ndende#primaryimage","url":"https:\/\/static.africa-press.net\/gabon\/sites\/54\/2022\/12\/postQueueImg_1670335400.36.jpg","contentUrl":"https:\/\/static.africa-press.net\/gabon\/sites\/54\/2022\/12\/postQueueImg_1670335400.36.jpg","width":1280,"height":720,"caption":"Un gabonais tu\u00e9 par un buffle dans une savane \u00e0 Nd\u00e9nd\u00e9"},{"@type":"BreadcrumbList","@id":"https:\/\/www.africa-press.net\/gabon\/politique\/un-gabonais-tue-par-un-buffle-dans-une-savane-a-ndende#breadcrumb","itemListElement":[{"@type":"ListItem","position":1,"name":"Accueil","item":"https:\/\/www.africa-press.net\/gabon\/"},{"@type":"ListItem","position":2,"name":"Un gabonais tu\u00e9 par un buffle dans une savane \u00e0 Nd\u00e9nd\u00e9"}]},{"@type":"WebSite","@id":"https:\/\/www.africa-press.net\/gabon\/#website","url":"https:\/\/www.africa-press.net\/gabon\/","name":"Gabon","description":"Just another Africa News Agency Sites site","potentialAction":[{"@type":"SearchAction","target":{"@type":"EntryPoint","urlTemplate":"https:\/\/www.africa-press.net\/gabon\/?s={search_term_string}"},"query-input":{"@type":"PropertyValueSpecification","valueRequired":true,"valueName":"search_term_string"}}],"inLanguage":"fr-FR"},{"@type":"Person","@id":"https:\/\/www.africa-press.net\/gabon\/#\/schema\/person\/2b1cf3cd81a31e3cd26889ca66d677f1","name":"cfeditorfr"}]}},"_links":{"self":[{"href":"https:\/\/www.africa-press.net\/gabon\/wp-json\/wp\/v2\/posts\/13594","targetHints":{"allow":["GET"]}}],"collection":[{"href":"https:\/\/www.africa-press.net\/gabon\/wp-json\/wp\/v2\/posts"}],"about":[{"href":"https:\/\/www.africa-press.net\/gabon\/wp-json\/wp\/v2\/types\/post"}],"author":[{"embeddable":true,"href":"https:\/\/www.africa-press.net\/gabon\/wp-json\/wp\/v2\/users\/82"}],"replies":[{"embeddable":true,"href":"https:\/\/www.africa-press.net\/gabon\/wp-json\/wp\/v2\/comments?post=13594"}],"version-history":[{"count":0,"href":"https:\/\/www.africa-press.net\/gabon\/wp-json\/wp\/v2\/posts\/13594\/revisions"}],"wp:featuredmedia":[{"embeddable":true,"href":"https:\/\/www.africa-press.net\/gabon\/wp-json\/wp\/v2\/media\/13593"}],"wp:attachment":[{"href":"https:\/\/www.africa-press.net\/gabon\/wp-json\/wp\/v2\/media?parent=13594"}],"wp:term":[{"taxonomy":"category","embeddable":true,"href":"https:\/\/www.africa-press.net\/gabon\/wp-json\/wp\/v2\/categories?post=13594"},{"taxonomy":"post_tag","embeddable":true,"href":"https:\/\/www.africa-press.net\/gabon\/wp-json\/wp\/v2\/tags?post=13594"}],"curies":[{"name":"wp","href":"https:\/\/api.w.org\/{rel}","templated":true}]}}