{"id":13598,"date":"2022-12-06T17:36:07","date_gmt":"2022-12-06T17:36:07","guid":{"rendered":"https:\/\/www.africa-press.net\/gabon\/politique\/covid-19-le-gabon-va-t-il-reprendre-les-depistages-a-laeroport"},"modified":"2022-12-06T17:36:07","modified_gmt":"2022-12-06T17:36:07","slug":"covid-19-le-gabon-va-t-il-reprendre-les-depistages-a-laeroport","status":"publish","type":"post","link":"https:\/\/www.africa-press.net\/gabon\/toutes-les-actualites\/covid-19-le-gabon-va-t-il-reprendre-les-depistages-a-laeroport","title":{"rendered":"Covid-19 : le Gabon va-t-il reprendre les d\u00e9pistages \u00e0 l\u2019a\u00e9roport ?"},"content":{"rendered":"<p><span style=\"color: #ff6600\"><strong>Africa-Press &#8211; Gabon. <\/strong><\/span>Alors que tous les indicateurs sont en forte hausse en France ou\u0300 la 9e vague est effective depuis quelques jours, les autorite\u0301s sanitaires du Gabon vont-elles se re\u0301soudre a\u0300 re\u0301server un traitement particulier aux voyageurs en provenance de ce pays qui pourrait biento\u0302t a\u0300 nouveau imposer le port du masque ?<\/p>\n<p>Pre\u0300s de 55 000 cas positifs en moyenne recense\u0301s chaque jour, taux d\u2019incidence a\u0300 20% dans presque tous les de\u0301partements (outre-mer y compris), plus de 1 000 hospitalisations quotidiennes, soit une hausse de 25% sur une semaine&#8230; les donne\u0301es de Sante\u0301 publique France ne laissent plus aucun doute sur l\u2019entre\u0301e du pays dans la 9e vague de l\u2019e\u0301pide\u0301mie de Covid-19. Et ces chiffres, bien que de\u0301ja\u0300 alarmants, sont force\u0301ment sous-estime\u0301s, d\u2019autant que \u00abcertaines personnes contamine\u0301es se contentent d\u2019autotest a\u0300 la maison sans le de\u0301clarer ou ne se font me\u0302me pas tester\u00bb, soupc\u0327onne Le Parisien.<\/p>\n<p>Au Gabon, les chiffres officiels sont beaucoup moins inquie\u0301tants. Au 23 novembre, seuls 85 cas actifs e\u0301taient compte\u0301s dans tout le pays. Pour e\u0301viter un nouveau de\u0301part de l\u2019e\u0301pide\u0301mie, et sachant qu\u2019une grande majorite\u0301 des voyageurs viennent de la France, les autorite\u0301s gabonaises pre\u0301voient-elles le retour des contro\u0302les sanitaires a\u0300 l\u2019ae\u0301roport international de Libreville ? Pour sa part, bien que cela ne soit pas encore envisage\u0301, Franc\u0327ois Braun, ministre franc\u0327ais de la Sante\u0301, a re\u0301cemment de\u0301clare\u0301 que \u00ab(son) bras ne tremblera pas s\u2019il faut de\u0301cider l\u2019obligation du masque\u00bb. Libreville va-t-il se re\u0301soudre a\u0300 traiter diffe\u0301remment les voyageurs en provenance de France en les soumettant a\u0300 un test a\u0300 l\u2019arrive\u0301e ? Tout reste a\u0300 voir.<\/p>\n<p>Dans le cadre de la leve\u0301e de toutes les mesures restrictives de\u0301cide\u0301e par Ali Bongo, le 9 mars 2022, \u00abaucun test de de\u0301pistage a\u0300 l\u2019arrive\u0301e n\u2019est fait aux portes d\u2019entre\u0301e, y compris les tests re\u0301alise\u0301s a\u0300 tous les voyageurs venant de l\u2019exte\u0301rieur\u00bb, assurait encore le 1er de\u0301cembre dernier le Copil Coronavirus dans son Rapport de situation. La structure place\u0301e sous l\u2019autorite\u0301 de la Primature notait cependant que, \u00abdurant la 46e semaine e\u0301pide\u0301miologique, la porte d\u2019entre\u0301e principale (ae\u0301rienne) a connu une le\u0301ge\u0300re augmentation du flux des passagers de pre\u0300s de 6% par rapport a\u0300 la semaine pre\u0301ce\u0301dente\u00bb, soit 4 194 passagers en semaine 46 contre 3 952 pour la 45e semaine.<\/p>\n<p><strong>Pour plus d&rsquo;informations et d&rsquo;analyses sur la <a href=\"https:\/\/www.africa-press.net\/gabon\">Gabon<\/a>, suivez <a href=\"https:\/\/www.africa-press.net\/\">Africa-Press<\/a><\/strong><\/p>\n","protected":false},"excerpt":{"rendered":"<p>Africa-Press &#8211; Gabon. Alors que tous les indicateurs sont en forte hausse en France ou\u0300 la 9e vague est effective depuis quelques jours, les autorite\u0301s sanitaires du Gabon vont-elles se re\u0301soudre a\u0300 re\u0301server un traitement particulier aux voyageurs en provenance de ce pays qui pourrait biento\u0302t a\u0300 nouveau imposer le port du masque ? Pre\u0300s [&hellip;]<\/p>\n","protected":false},"author":82,"featured_media":13597,"comment_status":"open","ping_status":"closed","sticky":false,"template":"","format":"standard","meta":{"footnotes":""},"categories":[21,10],"tags":[36,50,49],"class_list":["post-13598","post","type-post","status-publish","format-standard","has-post-thumbnail","hentry","category-communaute","category-toutes-les-actualites","tag-africa-press","tag-africa-press-gabon","tag-gabon"],"yoast_head":"<!-- This site is optimized with the Yoast SEO Premium plugin v26.1 (Yoast SEO v27.0) - https:\/\/yoast.com\/product\/yoast-seo-premium-wordpress\/ -->\n<title>Covid-19 : le Gabon va-t-il reprendre les d\u00e9pistages \u00e0 l\u2019a\u00e9roport ? - Gabon<\/title>\n<meta name=\"robots\" content=\"index, follow, max-snippet:-1, max-image-preview:large, max-video-preview:-1\" \/>\n<link rel=\"canonical\" href=\"https:\/\/www.africa-press.net\/gabon\/politique\/covid-19-le-gabon-va-t-il-reprendre-les-depistages-a-laeroport\" \/>\n<meta property=\"og:locale\" content=\"fr_FR\" \/>\n<meta property=\"og:type\" content=\"article\" \/>\n<meta property=\"og:title\" content=\"Covid-19 : le Gabon va-t-il reprendre les d\u00e9pistages \u00e0 l\u2019a\u00e9roport ?\" \/>\n<meta property=\"og:description\" content=\"Africa-Press &#8211; Gabon. Alors que tous les indicateurs sont en forte hausse en France ou\u0300 la 9e vague est effective depuis quelques jours, les autorite\u0301s sanitaires du Gabon vont-elles se re\u0301soudre a\u0300 re\u0301server un traitement particulier aux voyageurs en provenance de ce pays qui pourrait biento\u0302t a\u0300 nouveau imposer le port du masque ? Pre\u0300s [&hellip;]\" \/>\n<meta property=\"og:url\" content=\"https:\/\/www.africa-press.net\/gabon\/politique\/covid-19-le-gabon-va-t-il-reprendre-les-depistages-a-laeroport\" \/>\n<meta property=\"og:site_name\" content=\"Gabon\" \/>\n<meta property=\"article:published_time\" content=\"2022-12-06T17:36:07+00:00\" \/>\n<meta name=\"author\" content=\"cfeditorfr\" \/>\n<meta name=\"twitter:card\" content=\"summary_large_image\" \/>\n<meta name=\"twitter:label1\" content=\"\u00c9crit par\" \/>\n\t<meta name=\"twitter:data1\" content=\"cfeditorfr\" \/>\n\t<meta name=\"twitter:label2\" content=\"Dur\u00e9e de lecture estim\u00e9e\" \/>\n\t<meta name=\"twitter:data2\" content=\"2 minutes\" \/>\n<script type=\"application\/ld+json\" class=\"yoast-schema-graph\">{\"@context\":\"https:\/\/schema.org\",\"@graph\":[{\"@type\":\"Article\",\"@id\":\"https:\/\/www.africa-press.net\/gabon\/politique\/covid-19-le-gabon-va-t-il-reprendre-les-depistages-a-laeroport#article\",\"isPartOf\":{\"@id\":\"https:\/\/www.africa-press.net\/gabon\/politique\/covid-19-le-gabon-va-t-il-reprendre-les-depistages-a-laeroport\"},\"author\":{\"name\":\"cfeditorfr\",\"@id\":\"https:\/\/www.africa-press.net\/gabon\/#\/schema\/person\/2b1cf3cd81a31e3cd26889ca66d677f1\"},\"headline\":\"Covid-19 : le Gabon va-t-il reprendre les d\u00e9pistages \u00e0 l\u2019a\u00e9roport ?\",\"datePublished\":\"2022-12-06T17:36:07+00:00\",\"mainEntityOfPage\":{\"@id\":\"https:\/\/www.africa-press.net\/gabon\/politique\/covid-19-le-gabon-va-t-il-reprendre-les-depistages-a-laeroport\"},\"wordCount\":450,\"commentCount\":0,\"image\":{\"@id\":\"https:\/\/www.africa-press.net\/gabon\/politique\/covid-19-le-gabon-va-t-il-reprendre-les-depistages-a-laeroport#primaryimage\"},\"thumbnailUrl\":\"https:\/\/static.africa-press.net\/gabon\/sites\/54\/2022\/12\/postQueueImg_1670335570.07.jpg\",\"keywords\":[\"Africa Press\",\"Africa Press-Gabon\",\"Gabon\"],\"articleSection\":[\"Communaut\u00e9\",\"Toutes les actualit\u00e9s\"],\"inLanguage\":\"fr-FR\",\"potentialAction\":[{\"@type\":\"CommentAction\",\"name\":\"Comment\",\"target\":[\"https:\/\/www.africa-press.net\/gabon\/politique\/covid-19-le-gabon-va-t-il-reprendre-les-depistages-a-laeroport#respond\"]}]},{\"@type\":\"WebPage\",\"@id\":\"https:\/\/www.africa-press.net\/gabon\/politique\/covid-19-le-gabon-va-t-il-reprendre-les-depistages-a-laeroport\",\"url\":\"https:\/\/www.africa-press.net\/gabon\/politique\/covid-19-le-gabon-va-t-il-reprendre-les-depistages-a-laeroport\",\"name\":\"Covid-19 : le Gabon va-t-il reprendre les d\u00e9pistages \u00e0 l\u2019a\u00e9roport ? - Gabon\",\"isPartOf\":{\"@id\":\"https:\/\/www.africa-press.net\/gabon\/#website\"},\"primaryImageOfPage\":{\"@id\":\"https:\/\/www.africa-press.net\/gabon\/politique\/covid-19-le-gabon-va-t-il-reprendre-les-depistages-a-laeroport#primaryimage\"},\"image\":{\"@id\":\"https:\/\/www.africa-press.net\/gabon\/politique\/covid-19-le-gabon-va-t-il-reprendre-les-depistages-a-laeroport#primaryimage\"},\"thumbnailUrl\":\"https:\/\/static.africa-press.net\/gabon\/sites\/54\/2022\/12\/postQueueImg_1670335570.07.jpg\",\"datePublished\":\"2022-12-06T17:36:07+00:00\",\"author\":{\"@id\":\"https:\/\/www.africa-press.net\/gabon\/#\/schema\/person\/2b1cf3cd81a31e3cd26889ca66d677f1\"},\"breadcrumb\":{\"@id\":\"https:\/\/www.africa-press.net\/gabon\/politique\/covid-19-le-gabon-va-t-il-reprendre-les-depistages-a-laeroport#breadcrumb\"},\"inLanguage\":\"fr-FR\",\"potentialAction\":[{\"@type\":\"ReadAction\",\"target\":[\"https:\/\/www.africa-press.net\/gabon\/politique\/covid-19-le-gabon-va-t-il-reprendre-les-depistages-a-laeroport\"]}]},{\"@type\":\"ImageObject\",\"inLanguage\":\"fr-FR\",\"@id\":\"https:\/\/www.africa-press.net\/gabon\/politique\/covid-19-le-gabon-va-t-il-reprendre-les-depistages-a-laeroport#primaryimage\",\"url\":\"https:\/\/static.africa-press.net\/gabon\/sites\/54\/2022\/12\/postQueueImg_1670335570.07.jpg\",\"contentUrl\":\"https:\/\/static.africa-press.net\/gabon\/sites\/54\/2022\/12\/postQueueImg_1670335570.07.jpg\",\"width\":720,\"height\":483,\"caption\":\"Covid-19 : le Gabon va-t-il reprendre les d\u00e9pistages \u00e0 l\u2019a\u00e9roport ?\"},{\"@type\":\"BreadcrumbList\",\"@id\":\"https:\/\/www.africa-press.net\/gabon\/politique\/covid-19-le-gabon-va-t-il-reprendre-les-depistages-a-laeroport#breadcrumb\",\"itemListElement\":[{\"@type\":\"ListItem\",\"position\":1,\"name\":\"Accueil\",\"item\":\"https:\/\/www.africa-press.net\/gabon\/\"},{\"@type\":\"ListItem\",\"position\":2,\"name\":\"Covid-19 : le Gabon va-t-il reprendre les d\u00e9pistages \u00e0 l\u2019a\u00e9roport ?\"}]},{\"@type\":\"WebSite\",\"@id\":\"https:\/\/www.africa-press.net\/gabon\/#website\",\"url\":\"https:\/\/www.africa-press.net\/gabon\/\",\"name\":\"Gabon\",\"description\":\"Just another Africa News Agency Sites site\",\"potentialAction\":[{\"@type\":\"SearchAction\",\"target\":{\"@type\":\"EntryPoint\",\"urlTemplate\":\"https:\/\/www.africa-press.net\/gabon\/?s={search_term_string}\"},\"query-input\":{\"@type\":\"PropertyValueSpecification\",\"valueRequired\":true,\"valueName\":\"search_term_string\"}}],\"inLanguage\":\"fr-FR\"},{\"@type\":\"Person\",\"@id\":\"https:\/\/www.africa-press.net\/gabon\/#\/schema\/person\/2b1cf3cd81a31e3cd26889ca66d677f1\",\"name\":\"cfeditorfr\"}]}<\/script>\n<!-- \/ Yoast SEO Premium plugin. -->","yoast_head_json":{"title":"Covid-19 : le Gabon va-t-il reprendre les d\u00e9pistages \u00e0 l\u2019a\u00e9roport ? - Gabon","robots":{"index":"index","follow":"follow","max-snippet":"max-snippet:-1","max-image-preview":"max-image-preview:large","max-video-preview":"max-video-preview:-1"},"canonical":"https:\/\/www.africa-press.net\/gabon\/politique\/covid-19-le-gabon-va-t-il-reprendre-les-depistages-a-laeroport","og_locale":"fr_FR","og_type":"article","og_title":"Covid-19 : le Gabon va-t-il reprendre les d\u00e9pistages \u00e0 l\u2019a\u00e9roport ?","og_description":"Africa-Press &#8211; Gabon. Alors que tous les indicateurs sont en forte hausse en France ou\u0300 la 9e vague est effective depuis quelques jours, les autorite\u0301s sanitaires du Gabon vont-elles se re\u0301soudre a\u0300 re\u0301server un traitement particulier aux voyageurs en provenance de ce pays qui pourrait biento\u0302t a\u0300 nouveau imposer le port du masque ? Pre\u0300s [&hellip;]","og_url":"https:\/\/www.africa-press.net\/gabon\/politique\/covid-19-le-gabon-va-t-il-reprendre-les-depistages-a-laeroport","og_site_name":"Gabon","article_published_time":"2022-12-06T17:36:07+00:00","author":"cfeditorfr","twitter_card":"summary_large_image","twitter_misc":{"\u00c9crit par":"cfeditorfr","Dur\u00e9e de lecture estim\u00e9e":"2 minutes"},"schema":{"@context":"https:\/\/schema.org","@graph":[{"@type":"Article","@id":"https:\/\/www.africa-press.net\/gabon\/politique\/covid-19-le-gabon-va-t-il-reprendre-les-depistages-a-laeroport#article","isPartOf":{"@id":"https:\/\/www.africa-press.net\/gabon\/politique\/covid-19-le-gabon-va-t-il-reprendre-les-depistages-a-laeroport"},"author":{"name":"cfeditorfr","@id":"https:\/\/www.africa-press.net\/gabon\/#\/schema\/person\/2b1cf3cd81a31e3cd26889ca66d677f1"},"headline":"Covid-19 : le Gabon va-t-il reprendre les d\u00e9pistages \u00e0 l\u2019a\u00e9roport ?","datePublished":"2022-12-06T17:36:07+00:00","mainEntityOfPage":{"@id":"https:\/\/www.africa-press.net\/gabon\/politique\/covid-19-le-gabon-va-t-il-reprendre-les-depistages-a-laeroport"},"wordCount":450,"commentCount":0,"image":{"@id":"https:\/\/www.africa-press.net\/gabon\/politique\/covid-19-le-gabon-va-t-il-reprendre-les-depistages-a-laeroport#primaryimage"},"thumbnailUrl":"https:\/\/static.africa-press.net\/gabon\/sites\/54\/2022\/12\/postQueueImg_1670335570.07.jpg","keywords":["Africa Press","Africa Press-Gabon","Gabon"],"articleSection":["Communaut\u00e9","Toutes les actualit\u00e9s"],"inLanguage":"fr-FR","potentialAction":[{"@type":"CommentAction","name":"Comment","target":["https:\/\/www.africa-press.net\/gabon\/politique\/covid-19-le-gabon-va-t-il-reprendre-les-depistages-a-laeroport#respond"]}]},{"@type":"WebPage","@id":"https:\/\/www.africa-press.net\/gabon\/politique\/covid-19-le-gabon-va-t-il-reprendre-les-depistages-a-laeroport","url":"https:\/\/www.africa-press.net\/gabon\/politique\/covid-19-le-gabon-va-t-il-reprendre-les-depistages-a-laeroport","name":"Covid-19 : le Gabon va-t-il reprendre les d\u00e9pistages \u00e0 l\u2019a\u00e9roport ? - Gabon","isPartOf":{"@id":"https:\/\/www.africa-press.net\/gabon\/#website"},"primaryImageOfPage":{"@id":"https:\/\/www.africa-press.net\/gabon\/politique\/covid-19-le-gabon-va-t-il-reprendre-les-depistages-a-laeroport#primaryimage"},"image":{"@id":"https:\/\/www.africa-press.net\/gabon\/politique\/covid-19-le-gabon-va-t-il-reprendre-les-depistages-a-laeroport#primaryimage"},"thumbnailUrl":"https:\/\/static.africa-press.net\/gabon\/sites\/54\/2022\/12\/postQueueImg_1670335570.07.jpg","datePublished":"2022-12-06T17:36:07+00:00","author":{"@id":"https:\/\/www.africa-press.net\/gabon\/#\/schema\/person\/2b1cf3cd81a31e3cd26889ca66d677f1"},"breadcrumb":{"@id":"https:\/\/www.africa-press.net\/gabon\/politique\/covid-19-le-gabon-va-t-il-reprendre-les-depistages-a-laeroport#breadcrumb"},"inLanguage":"fr-FR","potentialAction":[{"@type":"ReadAction","target":["https:\/\/www.africa-press.net\/gabon\/politique\/covid-19-le-gabon-va-t-il-reprendre-les-depistages-a-laeroport"]}]},{"@type":"ImageObject","inLanguage":"fr-FR","@id":"https:\/\/www.africa-press.net\/gabon\/politique\/covid-19-le-gabon-va-t-il-reprendre-les-depistages-a-laeroport#primaryimage","url":"https:\/\/static.africa-press.net\/gabon\/sites\/54\/2022\/12\/postQueueImg_1670335570.07.jpg","contentUrl":"https:\/\/static.africa-press.net\/gabon\/sites\/54\/2022\/12\/postQueueImg_1670335570.07.jpg","width":720,"height":483,"caption":"Covid-19 : le Gabon va-t-il reprendre les d\u00e9pistages \u00e0 l\u2019a\u00e9roport ?"},{"@type":"BreadcrumbList","@id":"https:\/\/www.africa-press.net\/gabon\/politique\/covid-19-le-gabon-va-t-il-reprendre-les-depistages-a-laeroport#breadcrumb","itemListElement":[{"@type":"ListItem","position":1,"name":"Accueil","item":"https:\/\/www.africa-press.net\/gabon\/"},{"@type":"ListItem","position":2,"name":"Covid-19 : le Gabon va-t-il reprendre les d\u00e9pistages \u00e0 l\u2019a\u00e9roport ?"}]},{"@type":"WebSite","@id":"https:\/\/www.africa-press.net\/gabon\/#website","url":"https:\/\/www.africa-press.net\/gabon\/","name":"Gabon","description":"Just another Africa News Agency Sites site","potentialAction":[{"@type":"SearchAction","target":{"@type":"EntryPoint","urlTemplate":"https:\/\/www.africa-press.net\/gabon\/?s={search_term_string}"},"query-input":{"@type":"PropertyValueSpecification","valueRequired":true,"valueName":"search_term_string"}}],"inLanguage":"fr-FR"},{"@type":"Person","@id":"https:\/\/www.africa-press.net\/gabon\/#\/schema\/person\/2b1cf3cd81a31e3cd26889ca66d677f1","name":"cfeditorfr"}]}},"_links":{"self":[{"href":"https:\/\/www.africa-press.net\/gabon\/wp-json\/wp\/v2\/posts\/13598","targetHints":{"allow":["GET"]}}],"collection":[{"href":"https:\/\/www.africa-press.net\/gabon\/wp-json\/wp\/v2\/posts"}],"about":[{"href":"https:\/\/www.africa-press.net\/gabon\/wp-json\/wp\/v2\/types\/post"}],"author":[{"embeddable":true,"href":"https:\/\/www.africa-press.net\/gabon\/wp-json\/wp\/v2\/users\/82"}],"replies":[{"embeddable":true,"href":"https:\/\/www.africa-press.net\/gabon\/wp-json\/wp\/v2\/comments?post=13598"}],"version-history":[{"count":0,"href":"https:\/\/www.africa-press.net\/gabon\/wp-json\/wp\/v2\/posts\/13598\/revisions"}],"wp:featuredmedia":[{"embeddable":true,"href":"https:\/\/www.africa-press.net\/gabon\/wp-json\/wp\/v2\/media\/13597"}],"wp:attachment":[{"href":"https:\/\/www.africa-press.net\/gabon\/wp-json\/wp\/v2\/media?parent=13598"}],"wp:term":[{"taxonomy":"category","embeddable":true,"href":"https:\/\/www.africa-press.net\/gabon\/wp-json\/wp\/v2\/categories?post=13598"},{"taxonomy":"post_tag","embeddable":true,"href":"https:\/\/www.africa-press.net\/gabon\/wp-json\/wp\/v2\/tags?post=13598"}],"curies":[{"name":"wp","href":"https:\/\/api.w.org\/{rel}","templated":true}]}}