{"id":13602,"date":"2022-12-06T17:36:24","date_gmt":"2022-12-06T17:36:24","guid":{"rendered":"https:\/\/www.africa-press.net\/gabon\/politique\/gabon-le-medef-international-en-prospection-a-libreville"},"modified":"2022-12-06T17:36:24","modified_gmt":"2022-12-06T17:36:24","slug":"gabon-le-medef-international-en-prospection-a-libreville","status":"publish","type":"post","link":"https:\/\/www.africa-press.net\/gabon\/economie\/gabon-le-medef-international-en-prospection-a-libreville","title":{"rendered":"Gabon : Le Medef international en prospection \u00e0 Libreville"},"content":{"rendered":"<p><span style=\"color: #ff6600\"><strong>Africa-Press &#8211; Gabon. <\/strong><\/span><b>Le Mouvement des entreprises de France international (Medef) se\u0301journe depuis le 5 de\u0301cembre dans la capitale gabonaise ou\u0300 il est en mission de prospection, en collaboration avec l\u2019ambassade de France. La de\u0301le\u0301gation, compose\u0301e de pre\u0300s d\u2019une trentaine de socie\u0301te\u0301s franc\u0327aises, de grandes entreprises et des PME-PMI, est conduite par Jean-Michel Guelaud, pre\u0301sident du Conseil d\u2019entreprises France-Afrique centrale du Medef International et pre\u0301sident de Sogea-Satom.<\/b><\/p>\n<p>Du 5 au 6 de\u0301cembre, en collaboration avec l\u2019ambassade de France, une de\u0301le\u0301gation du Mouvement des entreprises de France International (Medef) participe a\u0300 Libreville diffe\u0301rents e\u0301changes autour du marche\u0301 gabonais et des opportunite\u0301s d\u2019investissements dans ce pays. Dans la capitale gabonaise, les hommes d\u2019affaires franc\u0327ais ont rencontre\u0301, le 5 de\u0301cembre, les membres de la Fe\u0301de\u0301ration des entreprises du Gabon (FEG) et e\u0301change\u0301 avec le ministre de la Promotion des investissements, Hugues Mbadinga Madiya.<\/p>\n<p>Compose\u0301e de pre\u0300s d\u2019une trentaine de socie\u0301te\u0301s franc\u0327aises, de grandes entreprises et PME-PMI, cette mission conduite le pre\u0301sident du Conseil d\u2019entreprises France-Afrique centrale de Medef international et pre\u0301sident de Sogea-Satom, Jean-Michel Guelaud, entend rencontrer les institutions gouvernementales gabonaises, les acteurs du secteur prive\u0301. L\u2019enjeu e\u0301tant d\u2019identifier les opportunite\u0301s d\u2019investissement et de partenariats dans les secteurs de l\u2019e\u0301nergie, des infrastructures, de l\u2019agriculture, de l\u2019environnement et du nume\u0301rique.<\/p>\n<p>Dans ce cadre, une session \u00abInvest In Gabon\u00bb a e\u0301te\u0301 organise\u0301e le 5 de\u0301cembre a\u0300 Libreville, avec la participation des principaux ve\u0301hicules de l\u2019E\u0301tat tels que le Fonds gabonais d\u2019investissements strate\u0301giques (FGIS), la Caisse des de\u0301po\u0302ts et consignation du Gabon (CDC) et le Secre\u0301tariat exe\u0301cutif du Conseil national du Plan d\u2019acce\u0301le\u0301ration de la transformation (PAT).<\/p>\n<p>A\u0300 noter que la visite du Medef International fait suite a\u0300 une re\u0301cente rencontre entre le ministre de la Promotion des investissements, accompagne\u0301 du directeur ge\u0301ne\u0301ral de l\u2019Agence nationale de la promotion des investissements (ANPI-Gabon), Ghislain Moandza Mboma, et le directeur ge\u0301ne\u0301ral du Medef, Philippe Gauthier. Cette se\u0301ance de travail pre\u0301liminaire avait permis d\u2019asseoir les bases qui faciliteraient les investissements des entreprises membres du Medef au Gabon, dans la perspective de de\u0301velopper les chai\u0302nes de valeurs, essentielles a\u0300 la substitution des importations.<\/p>\n<p>Les rencontres se de\u0301roulent avec l\u2019appui de l\u2019ANPI-Gabon qui a pour mission la cre\u0301ation d\u2019entreprises, la promotion des investissements et des exportations, la facilitation du dialogue public-prive\u0301, tout en assurant le Secre\u0301tariat permanent du Haut conseil des investissements (HCI). L\u2019Agence joue un ro\u0302le primordial dans le de\u0301veloppement de ces secteurs prioritaires conforme\u0301ment a\u0300 la strate\u0301gie de diversification de l\u2019e\u0301conomie contenue dans le Plan de relance e\u0301conomique.<\/p>\n<p><strong>Pour plus d&rsquo;informations et d&rsquo;analyses sur la <a href=\"https:\/\/www.africa-press.net\/gabon\">Gabon<\/a>, suivez <a href=\"https:\/\/www.africa-press.net\/\">Africa-Press<\/a><\/strong><\/p>\n","protected":false},"excerpt":{"rendered":"<p>Africa-Press &#8211; Gabon. Le Mouvement des entreprises de France international (Medef) se\u0301journe depuis le 5 de\u0301cembre dans la capitale gabonaise ou\u0300 il est en mission de prospection, en collaboration avec l\u2019ambassade de France. La de\u0301le\u0301gation, compose\u0301e de pre\u0300s d\u2019une trentaine de socie\u0301te\u0301s franc\u0327aises, de grandes entreprises et des PME-PMI, est conduite par Jean-Michel Guelaud, pre\u0301sident [&hellip;]<\/p>\n","protected":false},"author":82,"featured_media":13601,"comment_status":"open","ping_status":"closed","sticky":false,"template":"","format":"standard","meta":{"footnotes":""},"categories":[3,10],"tags":[36,50,49],"class_list":["post-13602","post","type-post","status-publish","format-standard","has-post-thumbnail","hentry","category-economie","category-toutes-les-actualites","tag-africa-press","tag-africa-press-gabon","tag-gabon"],"yoast_head":"<!-- This site is optimized with the Yoast SEO Premium plugin v26.1 (Yoast SEO v27.0) - https:\/\/yoast.com\/product\/yoast-seo-premium-wordpress\/ -->\n<title>Gabon : Le Medef international en prospection \u00e0 Libreville - Gabon<\/title>\n<meta name=\"robots\" content=\"index, follow, max-snippet:-1, max-image-preview:large, max-video-preview:-1\" \/>\n<link rel=\"canonical\" href=\"https:\/\/www.africa-press.net\/gabon\/politique\/gabon-le-medef-international-en-prospection-a-libreville\" \/>\n<meta property=\"og:locale\" content=\"fr_FR\" \/>\n<meta property=\"og:type\" content=\"article\" \/>\n<meta property=\"og:title\" content=\"Gabon : Le Medef international en prospection \u00e0 Libreville\" \/>\n<meta property=\"og:description\" content=\"Africa-Press &#8211; Gabon. Le Mouvement des entreprises de France international (Medef) se\u0301journe depuis le 5 de\u0301cembre dans la capitale gabonaise ou\u0300 il est en mission de prospection, en collaboration avec l\u2019ambassade de France. La de\u0301le\u0301gation, compose\u0301e de pre\u0300s d\u2019une trentaine de socie\u0301te\u0301s franc\u0327aises, de grandes entreprises et des PME-PMI, est conduite par Jean-Michel Guelaud, pre\u0301sident [&hellip;]\" \/>\n<meta property=\"og:url\" content=\"https:\/\/www.africa-press.net\/gabon\/politique\/gabon-le-medef-international-en-prospection-a-libreville\" \/>\n<meta property=\"og:site_name\" content=\"Gabon\" \/>\n<meta property=\"article:published_time\" content=\"2022-12-06T17:36:24+00:00\" \/>\n<meta name=\"author\" content=\"cfeditorfr\" \/>\n<meta name=\"twitter:card\" content=\"summary_large_image\" \/>\n<meta name=\"twitter:label1\" content=\"\u00c9crit par\" \/>\n\t<meta name=\"twitter:data1\" content=\"cfeditorfr\" \/>\n\t<meta name=\"twitter:label2\" content=\"Dur\u00e9e de lecture estim\u00e9e\" \/>\n\t<meta name=\"twitter:data2\" content=\"3 minutes\" \/>\n<script type=\"application\/ld+json\" class=\"yoast-schema-graph\">{\"@context\":\"https:\/\/schema.org\",\"@graph\":[{\"@type\":\"Article\",\"@id\":\"https:\/\/www.africa-press.net\/gabon\/politique\/gabon-le-medef-international-en-prospection-a-libreville#article\",\"isPartOf\":{\"@id\":\"https:\/\/www.africa-press.net\/gabon\/politique\/gabon-le-medef-international-en-prospection-a-libreville\"},\"author\":{\"name\":\"cfeditorfr\",\"@id\":\"https:\/\/www.africa-press.net\/gabon\/#\/schema\/person\/2b1cf3cd81a31e3cd26889ca66d677f1\"},\"headline\":\"Gabon : Le Medef international en prospection \u00e0 Libreville\",\"datePublished\":\"2022-12-06T17:36:24+00:00\",\"mainEntityOfPage\":{\"@id\":\"https:\/\/www.africa-press.net\/gabon\/politique\/gabon-le-medef-international-en-prospection-a-libreville\"},\"wordCount\":510,\"commentCount\":0,\"image\":{\"@id\":\"https:\/\/www.africa-press.net\/gabon\/politique\/gabon-le-medef-international-en-prospection-a-libreville#primaryimage\"},\"thumbnailUrl\":\"https:\/\/static.africa-press.net\/gabon\/sites\/54\/2022\/12\/postQueueImg_1670335590.11.jpg\",\"keywords\":[\"Africa Press\",\"Africa Press-Gabon\",\"Gabon\"],\"articleSection\":[\"\u00c9conomie\",\"Toutes les actualit\u00e9s\"],\"inLanguage\":\"fr-FR\",\"potentialAction\":[{\"@type\":\"CommentAction\",\"name\":\"Comment\",\"target\":[\"https:\/\/www.africa-press.net\/gabon\/politique\/gabon-le-medef-international-en-prospection-a-libreville#respond\"]}]},{\"@type\":\"WebPage\",\"@id\":\"https:\/\/www.africa-press.net\/gabon\/politique\/gabon-le-medef-international-en-prospection-a-libreville\",\"url\":\"https:\/\/www.africa-press.net\/gabon\/politique\/gabon-le-medef-international-en-prospection-a-libreville\",\"name\":\"Gabon : Le Medef international en prospection \u00e0 Libreville - Gabon\",\"isPartOf\":{\"@id\":\"https:\/\/www.africa-press.net\/gabon\/#website\"},\"primaryImageOfPage\":{\"@id\":\"https:\/\/www.africa-press.net\/gabon\/politique\/gabon-le-medef-international-en-prospection-a-libreville#primaryimage\"},\"image\":{\"@id\":\"https:\/\/www.africa-press.net\/gabon\/politique\/gabon-le-medef-international-en-prospection-a-libreville#primaryimage\"},\"thumbnailUrl\":\"https:\/\/static.africa-press.net\/gabon\/sites\/54\/2022\/12\/postQueueImg_1670335590.11.jpg\",\"datePublished\":\"2022-12-06T17:36:24+00:00\",\"author\":{\"@id\":\"https:\/\/www.africa-press.net\/gabon\/#\/schema\/person\/2b1cf3cd81a31e3cd26889ca66d677f1\"},\"breadcrumb\":{\"@id\":\"https:\/\/www.africa-press.net\/gabon\/politique\/gabon-le-medef-international-en-prospection-a-libreville#breadcrumb\"},\"inLanguage\":\"fr-FR\",\"potentialAction\":[{\"@type\":\"ReadAction\",\"target\":[\"https:\/\/www.africa-press.net\/gabon\/politique\/gabon-le-medef-international-en-prospection-a-libreville\"]}]},{\"@type\":\"ImageObject\",\"inLanguage\":\"fr-FR\",\"@id\":\"https:\/\/www.africa-press.net\/gabon\/politique\/gabon-le-medef-international-en-prospection-a-libreville#primaryimage\",\"url\":\"https:\/\/static.africa-press.net\/gabon\/sites\/54\/2022\/12\/postQueueImg_1670335590.11.jpg\",\"contentUrl\":\"https:\/\/static.africa-press.net\/gabon\/sites\/54\/2022\/12\/postQueueImg_1670335590.11.jpg\",\"width\":720,\"height\":346,\"caption\":\"Gabon : Le Medef international en prospection \u00e0 Libreville\"},{\"@type\":\"BreadcrumbList\",\"@id\":\"https:\/\/www.africa-press.net\/gabon\/politique\/gabon-le-medef-international-en-prospection-a-libreville#breadcrumb\",\"itemListElement\":[{\"@type\":\"ListItem\",\"position\":1,\"name\":\"Accueil\",\"item\":\"https:\/\/www.africa-press.net\/gabon\/\"},{\"@type\":\"ListItem\",\"position\":2,\"name\":\"Gabon : Le Medef international en prospection \u00e0 Libreville\"}]},{\"@type\":\"WebSite\",\"@id\":\"https:\/\/www.africa-press.net\/gabon\/#website\",\"url\":\"https:\/\/www.africa-press.net\/gabon\/\",\"name\":\"Gabon\",\"description\":\"Just another Africa News Agency Sites site\",\"potentialAction\":[{\"@type\":\"SearchAction\",\"target\":{\"@type\":\"EntryPoint\",\"urlTemplate\":\"https:\/\/www.africa-press.net\/gabon\/?s={search_term_string}\"},\"query-input\":{\"@type\":\"PropertyValueSpecification\",\"valueRequired\":true,\"valueName\":\"search_term_string\"}}],\"inLanguage\":\"fr-FR\"},{\"@type\":\"Person\",\"@id\":\"https:\/\/www.africa-press.net\/gabon\/#\/schema\/person\/2b1cf3cd81a31e3cd26889ca66d677f1\",\"name\":\"cfeditorfr\"}]}<\/script>\n<!-- \/ Yoast SEO Premium plugin. -->","yoast_head_json":{"title":"Gabon : Le Medef international en prospection \u00e0 Libreville - Gabon","robots":{"index":"index","follow":"follow","max-snippet":"max-snippet:-1","max-image-preview":"max-image-preview:large","max-video-preview":"max-video-preview:-1"},"canonical":"https:\/\/www.africa-press.net\/gabon\/politique\/gabon-le-medef-international-en-prospection-a-libreville","og_locale":"fr_FR","og_type":"article","og_title":"Gabon : Le Medef international en prospection \u00e0 Libreville","og_description":"Africa-Press &#8211; Gabon. Le Mouvement des entreprises de France international (Medef) se\u0301journe depuis le 5 de\u0301cembre dans la capitale gabonaise ou\u0300 il est en mission de prospection, en collaboration avec l\u2019ambassade de France. La de\u0301le\u0301gation, compose\u0301e de pre\u0300s d\u2019une trentaine de socie\u0301te\u0301s franc\u0327aises, de grandes entreprises et des PME-PMI, est conduite par Jean-Michel Guelaud, pre\u0301sident [&hellip;]","og_url":"https:\/\/www.africa-press.net\/gabon\/politique\/gabon-le-medef-international-en-prospection-a-libreville","og_site_name":"Gabon","article_published_time":"2022-12-06T17:36:24+00:00","author":"cfeditorfr","twitter_card":"summary_large_image","twitter_misc":{"\u00c9crit par":"cfeditorfr","Dur\u00e9e de lecture estim\u00e9e":"3 minutes"},"schema":{"@context":"https:\/\/schema.org","@graph":[{"@type":"Article","@id":"https:\/\/www.africa-press.net\/gabon\/politique\/gabon-le-medef-international-en-prospection-a-libreville#article","isPartOf":{"@id":"https:\/\/www.africa-press.net\/gabon\/politique\/gabon-le-medef-international-en-prospection-a-libreville"},"author":{"name":"cfeditorfr","@id":"https:\/\/www.africa-press.net\/gabon\/#\/schema\/person\/2b1cf3cd81a31e3cd26889ca66d677f1"},"headline":"Gabon : Le Medef international en prospection \u00e0 Libreville","datePublished":"2022-12-06T17:36:24+00:00","mainEntityOfPage":{"@id":"https:\/\/www.africa-press.net\/gabon\/politique\/gabon-le-medef-international-en-prospection-a-libreville"},"wordCount":510,"commentCount":0,"image":{"@id":"https:\/\/www.africa-press.net\/gabon\/politique\/gabon-le-medef-international-en-prospection-a-libreville#primaryimage"},"thumbnailUrl":"https:\/\/static.africa-press.net\/gabon\/sites\/54\/2022\/12\/postQueueImg_1670335590.11.jpg","keywords":["Africa Press","Africa Press-Gabon","Gabon"],"articleSection":["\u00c9conomie","Toutes les actualit\u00e9s"],"inLanguage":"fr-FR","potentialAction":[{"@type":"CommentAction","name":"Comment","target":["https:\/\/www.africa-press.net\/gabon\/politique\/gabon-le-medef-international-en-prospection-a-libreville#respond"]}]},{"@type":"WebPage","@id":"https:\/\/www.africa-press.net\/gabon\/politique\/gabon-le-medef-international-en-prospection-a-libreville","url":"https:\/\/www.africa-press.net\/gabon\/politique\/gabon-le-medef-international-en-prospection-a-libreville","name":"Gabon : Le Medef international en prospection \u00e0 Libreville - Gabon","isPartOf":{"@id":"https:\/\/www.africa-press.net\/gabon\/#website"},"primaryImageOfPage":{"@id":"https:\/\/www.africa-press.net\/gabon\/politique\/gabon-le-medef-international-en-prospection-a-libreville#primaryimage"},"image":{"@id":"https:\/\/www.africa-press.net\/gabon\/politique\/gabon-le-medef-international-en-prospection-a-libreville#primaryimage"},"thumbnailUrl":"https:\/\/static.africa-press.net\/gabon\/sites\/54\/2022\/12\/postQueueImg_1670335590.11.jpg","datePublished":"2022-12-06T17:36:24+00:00","author":{"@id":"https:\/\/www.africa-press.net\/gabon\/#\/schema\/person\/2b1cf3cd81a31e3cd26889ca66d677f1"},"breadcrumb":{"@id":"https:\/\/www.africa-press.net\/gabon\/politique\/gabon-le-medef-international-en-prospection-a-libreville#breadcrumb"},"inLanguage":"fr-FR","potentialAction":[{"@type":"ReadAction","target":["https:\/\/www.africa-press.net\/gabon\/politique\/gabon-le-medef-international-en-prospection-a-libreville"]}]},{"@type":"ImageObject","inLanguage":"fr-FR","@id":"https:\/\/www.africa-press.net\/gabon\/politique\/gabon-le-medef-international-en-prospection-a-libreville#primaryimage","url":"https:\/\/static.africa-press.net\/gabon\/sites\/54\/2022\/12\/postQueueImg_1670335590.11.jpg","contentUrl":"https:\/\/static.africa-press.net\/gabon\/sites\/54\/2022\/12\/postQueueImg_1670335590.11.jpg","width":720,"height":346,"caption":"Gabon : Le Medef international en prospection \u00e0 Libreville"},{"@type":"BreadcrumbList","@id":"https:\/\/www.africa-press.net\/gabon\/politique\/gabon-le-medef-international-en-prospection-a-libreville#breadcrumb","itemListElement":[{"@type":"ListItem","position":1,"name":"Accueil","item":"https:\/\/www.africa-press.net\/gabon\/"},{"@type":"ListItem","position":2,"name":"Gabon : Le Medef international en prospection \u00e0 Libreville"}]},{"@type":"WebSite","@id":"https:\/\/www.africa-press.net\/gabon\/#website","url":"https:\/\/www.africa-press.net\/gabon\/","name":"Gabon","description":"Just another Africa News Agency Sites site","potentialAction":[{"@type":"SearchAction","target":{"@type":"EntryPoint","urlTemplate":"https:\/\/www.africa-press.net\/gabon\/?s={search_term_string}"},"query-input":{"@type":"PropertyValueSpecification","valueRequired":true,"valueName":"search_term_string"}}],"inLanguage":"fr-FR"},{"@type":"Person","@id":"https:\/\/www.africa-press.net\/gabon\/#\/schema\/person\/2b1cf3cd81a31e3cd26889ca66d677f1","name":"cfeditorfr"}]}},"_links":{"self":[{"href":"https:\/\/www.africa-press.net\/gabon\/wp-json\/wp\/v2\/posts\/13602","targetHints":{"allow":["GET"]}}],"collection":[{"href":"https:\/\/www.africa-press.net\/gabon\/wp-json\/wp\/v2\/posts"}],"about":[{"href":"https:\/\/www.africa-press.net\/gabon\/wp-json\/wp\/v2\/types\/post"}],"author":[{"embeddable":true,"href":"https:\/\/www.africa-press.net\/gabon\/wp-json\/wp\/v2\/users\/82"}],"replies":[{"embeddable":true,"href":"https:\/\/www.africa-press.net\/gabon\/wp-json\/wp\/v2\/comments?post=13602"}],"version-history":[{"count":0,"href":"https:\/\/www.africa-press.net\/gabon\/wp-json\/wp\/v2\/posts\/13602\/revisions"}],"wp:featuredmedia":[{"embeddable":true,"href":"https:\/\/www.africa-press.net\/gabon\/wp-json\/wp\/v2\/media\/13601"}],"wp:attachment":[{"href":"https:\/\/www.africa-press.net\/gabon\/wp-json\/wp\/v2\/media?parent=13602"}],"wp:term":[{"taxonomy":"category","embeddable":true,"href":"https:\/\/www.africa-press.net\/gabon\/wp-json\/wp\/v2\/categories?post=13602"},{"taxonomy":"post_tag","embeddable":true,"href":"https:\/\/www.africa-press.net\/gabon\/wp-json\/wp\/v2\/tags?post=13602"}],"curies":[{"name":"wp","href":"https:\/\/api.w.org\/{rel}","templated":true}]}}