{"id":13606,"date":"2022-12-06T17:37:01","date_gmt":"2022-12-06T17:37:01","guid":{"rendered":"https:\/\/www.africa-press.net\/gabon\/politique\/sommet-etats-unis-afrique-ali-bongo-a-washington-du-13-au-15-decembre"},"modified":"2022-12-06T17:37:01","modified_gmt":"2022-12-06T17:37:01","slug":"sommet-etats-unis-afrique-ali-bongo-a-washington-du-13-au-15-decembre","status":"publish","type":"post","link":"https:\/\/www.africa-press.net\/gabon\/politique\/sommet-etats-unis-afrique-ali-bongo-a-washington-du-13-au-15-decembre","title":{"rendered":"Sommet \u00c9tats-Unis-Afrique\u00a0: Ali Bongo \u00e0 Washington du 13 au 15 d\u00e9cembre"},"content":{"rendered":"<p><span style=\"color: #ff6600\"><strong>Africa-Press &#8211; Gabon. <\/strong><\/span>Du 13 au 15 de\u0301cembre, le pre\u0301sident ame\u0301ricain Joe Biden recevra les dirigeants africains dans le cadre du sommet E\u0301tats-Unis-Afrique. Le pre\u0301sident gabonais, Ali Bongo Ondimba, fait partie des chefs d\u2019E\u0301tat attendus dans la capitale ame\u0301ricaine pour prendre part a\u0300 ces assises de trois jours qui re\u0301uniront des personnalite\u0301s de tout le continent pour discuter des moyens audacieux et concrets permettant de renforcer les liens et de faire progresser les priorite\u0301s communes.<\/p>\n<p>L\u2019anne\u0301e 2022 qui s\u2019ache\u0300ve a e\u0301te\u0301 particulie\u0300rement riche en mouvements et e\u0301ve\u0301nements pour le pre\u0301sident gabonais, Ali Bongo Ondimba. Apre\u0300s ses dernie\u0300res apparitions remontant a\u0300 la Confe\u0301rence de Charm el-Cheikh sur les changements climatiques, dite Cop27, de\u0301but novembre et le Sommet de Djerba en Tunisie consacre\u0301 a\u0300 la Francophonie mi-novembre, le chef de l\u2019E\u0301tat est attendu Washington DC. Il participera du 13 au 15 de\u0301cembre, a\u0300 l\u2019invitation du chef de l\u2019Exe\u0301cutif ame\u0301ricain, au sommet E\u0301tats-Unis-Afrique.<\/p>\n<p>Ce \u00absommet avec les responsables ame\u0301ricains et africains pour mener une politique diplomatique de haut niveau (&#8230;) qui permettra de transformer les relations\u00bb aura e\u0301galement un U.S.-Africa Business Forum. Les chefs d\u2019E\u0301tat et les responsables ame\u0301ricains et africains des milieux d\u2019affaires et des pouvoirs publics discuteront des moyens de faire progresser des partenariats mutuellement be\u0301ne\u0301fiques pour cre\u0301er des emplois et stimuler une croissance inclusive et durable.<\/p>\n<p>Joe Biden fera la promotion des partenariats et des investissements stables et fiables que les E\u0301tats-Unis ont a\u0300 offrir et qui permettent aux entreprises d\u2019Afrique et des E\u0301tats-Unis de prospe\u0301rer. A\u0300 Washington, Ali Bongo Ondimba, son homologue ame\u0301ricain et d\u2019autres dirigeants africains e\u0301voqueront l\u2019apport des E\u0301tats-Unis dans le de\u0301veloppement de l\u2019Afrique, particulie\u0300rement au moment ou\u0300 la pande\u0301mie de Covid-19 et la crise russo-ukrainienne impactent les e\u0301conomies africaines.<\/p>\n<p>Il sera donc question de promouvoir une croissance et un de\u0301veloppement e\u0301conomiques inclusifs et durables sur tout le continent, d\u2019accroi\u0302tre les flux de capitaux et d\u2019encourager l\u2019esprit dynamique d\u2019entrepreneuriat et d\u2019innovation qui pre\u0301vaut dans toute l\u2019Afrique.<\/p>\n<p><strong>Pour plus d&rsquo;informations et d&rsquo;analyses sur la <a href=\"https:\/\/www.africa-press.net\/gabon\">Gabon<\/a>, suivez <a href=\"https:\/\/www.africa-press.net\/\">Africa-Press<\/a><\/strong><\/p>\n","protected":false},"excerpt":{"rendered":"<p>Africa-Press &#8211; Gabon. Du 13 au 15 de\u0301cembre, le pre\u0301sident ame\u0301ricain Joe Biden recevra les dirigeants africains dans le cadre du sommet E\u0301tats-Unis-Afrique. Le pre\u0301sident gabonais, Ali Bongo Ondimba, fait partie des chefs d\u2019E\u0301tat attendus dans la capitale ame\u0301ricaine pour prendre part a\u0300 ces assises de trois jours qui re\u0301uniront des personnalite\u0301s de tout le [&hellip;]<\/p>\n","protected":false},"author":82,"featured_media":13605,"comment_status":"open","ping_status":"closed","sticky":false,"template":"","format":"standard","meta":{"footnotes":""},"categories":[2,20,10],"tags":[36,50,49],"class_list":["post-13606","post","type-post","status-publish","format-standard","has-post-thumbnail","hentry","category-politique","category-top-nouvelles","category-toutes-les-actualites","tag-africa-press","tag-africa-press-gabon","tag-gabon"],"yoast_head":"<!-- This site is optimized with the Yoast SEO Premium plugin v26.1 (Yoast SEO v27.0) - https:\/\/yoast.com\/product\/yoast-seo-premium-wordpress\/ -->\n<title>Sommet \u00c9tats-Unis-Afrique\u00a0: Ali Bongo \u00e0 Washington du 13 au 15 d\u00e9cembre - Gabon<\/title>\n<meta name=\"robots\" content=\"index, follow, max-snippet:-1, max-image-preview:large, max-video-preview:-1\" \/>\n<link rel=\"canonical\" href=\"https:\/\/www.africa-press.net\/gabon\/politique\/sommet-etats-unis-afrique-ali-bongo-a-washington-du-13-au-15-decembre\" \/>\n<meta property=\"og:locale\" content=\"fr_FR\" \/>\n<meta property=\"og:type\" content=\"article\" \/>\n<meta property=\"og:title\" content=\"Sommet \u00c9tats-Unis-Afrique\u00a0: Ali Bongo \u00e0 Washington du 13 au 15 d\u00e9cembre\" \/>\n<meta property=\"og:description\" content=\"Africa-Press &#8211; Gabon. Du 13 au 15 de\u0301cembre, le pre\u0301sident ame\u0301ricain Joe Biden recevra les dirigeants africains dans le cadre du sommet E\u0301tats-Unis-Afrique. Le pre\u0301sident gabonais, Ali Bongo Ondimba, fait partie des chefs d\u2019E\u0301tat attendus dans la capitale ame\u0301ricaine pour prendre part a\u0300 ces assises de trois jours qui re\u0301uniront des personnalite\u0301s de tout le [&hellip;]\" \/>\n<meta property=\"og:url\" content=\"https:\/\/www.africa-press.net\/gabon\/politique\/sommet-etats-unis-afrique-ali-bongo-a-washington-du-13-au-15-decembre\" \/>\n<meta property=\"og:site_name\" content=\"Gabon\" \/>\n<meta property=\"article:published_time\" content=\"2022-12-06T17:37:01+00:00\" \/>\n<meta name=\"author\" content=\"cfeditorfr\" \/>\n<meta name=\"twitter:card\" content=\"summary_large_image\" \/>\n<meta name=\"twitter:label1\" content=\"\u00c9crit par\" \/>\n\t<meta name=\"twitter:data1\" content=\"cfeditorfr\" \/>\n\t<meta name=\"twitter:label2\" content=\"Dur\u00e9e de lecture estim\u00e9e\" \/>\n\t<meta name=\"twitter:data2\" content=\"2 minutes\" \/>\n<script type=\"application\/ld+json\" class=\"yoast-schema-graph\">{\"@context\":\"https:\/\/schema.org\",\"@graph\":[{\"@type\":\"Article\",\"@id\":\"https:\/\/www.africa-press.net\/gabon\/politique\/sommet-etats-unis-afrique-ali-bongo-a-washington-du-13-au-15-decembre#article\",\"isPartOf\":{\"@id\":\"https:\/\/www.africa-press.net\/gabon\/politique\/sommet-etats-unis-afrique-ali-bongo-a-washington-du-13-au-15-decembre\"},\"author\":{\"name\":\"cfeditorfr\",\"@id\":\"https:\/\/www.africa-press.net\/gabon\/#\/schema\/person\/2b1cf3cd81a31e3cd26889ca66d677f1\"},\"headline\":\"Sommet \u00c9tats-Unis-Afrique\u00a0: Ali Bongo \u00e0 Washington du 13 au 15 d\u00e9cembre\",\"datePublished\":\"2022-12-06T17:37:01+00:00\",\"mainEntityOfPage\":{\"@id\":\"https:\/\/www.africa-press.net\/gabon\/politique\/sommet-etats-unis-afrique-ali-bongo-a-washington-du-13-au-15-decembre\"},\"wordCount\":401,\"commentCount\":0,\"image\":{\"@id\":\"https:\/\/www.africa-press.net\/gabon\/politique\/sommet-etats-unis-afrique-ali-bongo-a-washington-du-13-au-15-decembre#primaryimage\"},\"thumbnailUrl\":\"https:\/\/static.africa-press.net\/gabon\/sites\/54\/2022\/12\/postQueueImg_1670335627.45.jpg\",\"keywords\":[\"Africa Press\",\"Africa Press-Gabon\",\"Gabon\"],\"articleSection\":[\"Politique\",\"Top Nouvelles\",\"Toutes les actualit\u00e9s\"],\"inLanguage\":\"fr-FR\",\"potentialAction\":[{\"@type\":\"CommentAction\",\"name\":\"Comment\",\"target\":[\"https:\/\/www.africa-press.net\/gabon\/politique\/sommet-etats-unis-afrique-ali-bongo-a-washington-du-13-au-15-decembre#respond\"]}]},{\"@type\":\"WebPage\",\"@id\":\"https:\/\/www.africa-press.net\/gabon\/politique\/sommet-etats-unis-afrique-ali-bongo-a-washington-du-13-au-15-decembre\",\"url\":\"https:\/\/www.africa-press.net\/gabon\/politique\/sommet-etats-unis-afrique-ali-bongo-a-washington-du-13-au-15-decembre\",\"name\":\"Sommet \u00c9tats-Unis-Afrique\u00a0: Ali Bongo \u00e0 Washington du 13 au 15 d\u00e9cembre - Gabon\",\"isPartOf\":{\"@id\":\"https:\/\/www.africa-press.net\/gabon\/#website\"},\"primaryImageOfPage\":{\"@id\":\"https:\/\/www.africa-press.net\/gabon\/politique\/sommet-etats-unis-afrique-ali-bongo-a-washington-du-13-au-15-decembre#primaryimage\"},\"image\":{\"@id\":\"https:\/\/www.africa-press.net\/gabon\/politique\/sommet-etats-unis-afrique-ali-bongo-a-washington-du-13-au-15-decembre#primaryimage\"},\"thumbnailUrl\":\"https:\/\/static.africa-press.net\/gabon\/sites\/54\/2022\/12\/postQueueImg_1670335627.45.jpg\",\"datePublished\":\"2022-12-06T17:37:01+00:00\",\"author\":{\"@id\":\"https:\/\/www.africa-press.net\/gabon\/#\/schema\/person\/2b1cf3cd81a31e3cd26889ca66d677f1\"},\"breadcrumb\":{\"@id\":\"https:\/\/www.africa-press.net\/gabon\/politique\/sommet-etats-unis-afrique-ali-bongo-a-washington-du-13-au-15-decembre#breadcrumb\"},\"inLanguage\":\"fr-FR\",\"potentialAction\":[{\"@type\":\"ReadAction\",\"target\":[\"https:\/\/www.africa-press.net\/gabon\/politique\/sommet-etats-unis-afrique-ali-bongo-a-washington-du-13-au-15-decembre\"]}]},{\"@type\":\"ImageObject\",\"inLanguage\":\"fr-FR\",\"@id\":\"https:\/\/www.africa-press.net\/gabon\/politique\/sommet-etats-unis-afrique-ali-bongo-a-washington-du-13-au-15-decembre#primaryimage\",\"url\":\"https:\/\/static.africa-press.net\/gabon\/sites\/54\/2022\/12\/postQueueImg_1670335627.45.jpg\",\"contentUrl\":\"https:\/\/static.africa-press.net\/gabon\/sites\/54\/2022\/12\/postQueueImg_1670335627.45.jpg\",\"width\":720,\"height\":437,\"caption\":\"Sommet \u00c9tats-Unis-Afrique\u00a0: Ali Bongo \u00e0 Washington du 13 au 15 d\u00e9cembre\"},{\"@type\":\"BreadcrumbList\",\"@id\":\"https:\/\/www.africa-press.net\/gabon\/politique\/sommet-etats-unis-afrique-ali-bongo-a-washington-du-13-au-15-decembre#breadcrumb\",\"itemListElement\":[{\"@type\":\"ListItem\",\"position\":1,\"name\":\"Accueil\",\"item\":\"https:\/\/www.africa-press.net\/gabon\/\"},{\"@type\":\"ListItem\",\"position\":2,\"name\":\"Sommet \u00c9tats-Unis-Afrique\u00a0: Ali Bongo \u00e0 Washington du 13 au 15 d\u00e9cembre\"}]},{\"@type\":\"WebSite\",\"@id\":\"https:\/\/www.africa-press.net\/gabon\/#website\",\"url\":\"https:\/\/www.africa-press.net\/gabon\/\",\"name\":\"Gabon\",\"description\":\"Just another Africa News Agency Sites site\",\"potentialAction\":[{\"@type\":\"SearchAction\",\"target\":{\"@type\":\"EntryPoint\",\"urlTemplate\":\"https:\/\/www.africa-press.net\/gabon\/?s={search_term_string}\"},\"query-input\":{\"@type\":\"PropertyValueSpecification\",\"valueRequired\":true,\"valueName\":\"search_term_string\"}}],\"inLanguage\":\"fr-FR\"},{\"@type\":\"Person\",\"@id\":\"https:\/\/www.africa-press.net\/gabon\/#\/schema\/person\/2b1cf3cd81a31e3cd26889ca66d677f1\",\"name\":\"cfeditorfr\"}]}<\/script>\n<!-- \/ Yoast SEO Premium plugin. -->","yoast_head_json":{"title":"Sommet \u00c9tats-Unis-Afrique\u00a0: Ali Bongo \u00e0 Washington du 13 au 15 d\u00e9cembre - Gabon","robots":{"index":"index","follow":"follow","max-snippet":"max-snippet:-1","max-image-preview":"max-image-preview:large","max-video-preview":"max-video-preview:-1"},"canonical":"https:\/\/www.africa-press.net\/gabon\/politique\/sommet-etats-unis-afrique-ali-bongo-a-washington-du-13-au-15-decembre","og_locale":"fr_FR","og_type":"article","og_title":"Sommet \u00c9tats-Unis-Afrique\u00a0: Ali Bongo \u00e0 Washington du 13 au 15 d\u00e9cembre","og_description":"Africa-Press &#8211; Gabon. Du 13 au 15 de\u0301cembre, le pre\u0301sident ame\u0301ricain Joe Biden recevra les dirigeants africains dans le cadre du sommet E\u0301tats-Unis-Afrique. Le pre\u0301sident gabonais, Ali Bongo Ondimba, fait partie des chefs d\u2019E\u0301tat attendus dans la capitale ame\u0301ricaine pour prendre part a\u0300 ces assises de trois jours qui re\u0301uniront des personnalite\u0301s de tout le [&hellip;]","og_url":"https:\/\/www.africa-press.net\/gabon\/politique\/sommet-etats-unis-afrique-ali-bongo-a-washington-du-13-au-15-decembre","og_site_name":"Gabon","article_published_time":"2022-12-06T17:37:01+00:00","author":"cfeditorfr","twitter_card":"summary_large_image","twitter_misc":{"\u00c9crit par":"cfeditorfr","Dur\u00e9e de lecture estim\u00e9e":"2 minutes"},"schema":{"@context":"https:\/\/schema.org","@graph":[{"@type":"Article","@id":"https:\/\/www.africa-press.net\/gabon\/politique\/sommet-etats-unis-afrique-ali-bongo-a-washington-du-13-au-15-decembre#article","isPartOf":{"@id":"https:\/\/www.africa-press.net\/gabon\/politique\/sommet-etats-unis-afrique-ali-bongo-a-washington-du-13-au-15-decembre"},"author":{"name":"cfeditorfr","@id":"https:\/\/www.africa-press.net\/gabon\/#\/schema\/person\/2b1cf3cd81a31e3cd26889ca66d677f1"},"headline":"Sommet \u00c9tats-Unis-Afrique\u00a0: Ali Bongo \u00e0 Washington du 13 au 15 d\u00e9cembre","datePublished":"2022-12-06T17:37:01+00:00","mainEntityOfPage":{"@id":"https:\/\/www.africa-press.net\/gabon\/politique\/sommet-etats-unis-afrique-ali-bongo-a-washington-du-13-au-15-decembre"},"wordCount":401,"commentCount":0,"image":{"@id":"https:\/\/www.africa-press.net\/gabon\/politique\/sommet-etats-unis-afrique-ali-bongo-a-washington-du-13-au-15-decembre#primaryimage"},"thumbnailUrl":"https:\/\/static.africa-press.net\/gabon\/sites\/54\/2022\/12\/postQueueImg_1670335627.45.jpg","keywords":["Africa Press","Africa Press-Gabon","Gabon"],"articleSection":["Politique","Top Nouvelles","Toutes les actualit\u00e9s"],"inLanguage":"fr-FR","potentialAction":[{"@type":"CommentAction","name":"Comment","target":["https:\/\/www.africa-press.net\/gabon\/politique\/sommet-etats-unis-afrique-ali-bongo-a-washington-du-13-au-15-decembre#respond"]}]},{"@type":"WebPage","@id":"https:\/\/www.africa-press.net\/gabon\/politique\/sommet-etats-unis-afrique-ali-bongo-a-washington-du-13-au-15-decembre","url":"https:\/\/www.africa-press.net\/gabon\/politique\/sommet-etats-unis-afrique-ali-bongo-a-washington-du-13-au-15-decembre","name":"Sommet \u00c9tats-Unis-Afrique\u00a0: Ali Bongo \u00e0 Washington du 13 au 15 d\u00e9cembre - Gabon","isPartOf":{"@id":"https:\/\/www.africa-press.net\/gabon\/#website"},"primaryImageOfPage":{"@id":"https:\/\/www.africa-press.net\/gabon\/politique\/sommet-etats-unis-afrique-ali-bongo-a-washington-du-13-au-15-decembre#primaryimage"},"image":{"@id":"https:\/\/www.africa-press.net\/gabon\/politique\/sommet-etats-unis-afrique-ali-bongo-a-washington-du-13-au-15-decembre#primaryimage"},"thumbnailUrl":"https:\/\/static.africa-press.net\/gabon\/sites\/54\/2022\/12\/postQueueImg_1670335627.45.jpg","datePublished":"2022-12-06T17:37:01+00:00","author":{"@id":"https:\/\/www.africa-press.net\/gabon\/#\/schema\/person\/2b1cf3cd81a31e3cd26889ca66d677f1"},"breadcrumb":{"@id":"https:\/\/www.africa-press.net\/gabon\/politique\/sommet-etats-unis-afrique-ali-bongo-a-washington-du-13-au-15-decembre#breadcrumb"},"inLanguage":"fr-FR","potentialAction":[{"@type":"ReadAction","target":["https:\/\/www.africa-press.net\/gabon\/politique\/sommet-etats-unis-afrique-ali-bongo-a-washington-du-13-au-15-decembre"]}]},{"@type":"ImageObject","inLanguage":"fr-FR","@id":"https:\/\/www.africa-press.net\/gabon\/politique\/sommet-etats-unis-afrique-ali-bongo-a-washington-du-13-au-15-decembre#primaryimage","url":"https:\/\/static.africa-press.net\/gabon\/sites\/54\/2022\/12\/postQueueImg_1670335627.45.jpg","contentUrl":"https:\/\/static.africa-press.net\/gabon\/sites\/54\/2022\/12\/postQueueImg_1670335627.45.jpg","width":720,"height":437,"caption":"Sommet \u00c9tats-Unis-Afrique\u00a0: Ali Bongo \u00e0 Washington du 13 au 15 d\u00e9cembre"},{"@type":"BreadcrumbList","@id":"https:\/\/www.africa-press.net\/gabon\/politique\/sommet-etats-unis-afrique-ali-bongo-a-washington-du-13-au-15-decembre#breadcrumb","itemListElement":[{"@type":"ListItem","position":1,"name":"Accueil","item":"https:\/\/www.africa-press.net\/gabon\/"},{"@type":"ListItem","position":2,"name":"Sommet \u00c9tats-Unis-Afrique\u00a0: Ali Bongo \u00e0 Washington du 13 au 15 d\u00e9cembre"}]},{"@type":"WebSite","@id":"https:\/\/www.africa-press.net\/gabon\/#website","url":"https:\/\/www.africa-press.net\/gabon\/","name":"Gabon","description":"Just another Africa News Agency Sites site","potentialAction":[{"@type":"SearchAction","target":{"@type":"EntryPoint","urlTemplate":"https:\/\/www.africa-press.net\/gabon\/?s={search_term_string}"},"query-input":{"@type":"PropertyValueSpecification","valueRequired":true,"valueName":"search_term_string"}}],"inLanguage":"fr-FR"},{"@type":"Person","@id":"https:\/\/www.africa-press.net\/gabon\/#\/schema\/person\/2b1cf3cd81a31e3cd26889ca66d677f1","name":"cfeditorfr"}]}},"_links":{"self":[{"href":"https:\/\/www.africa-press.net\/gabon\/wp-json\/wp\/v2\/posts\/13606","targetHints":{"allow":["GET"]}}],"collection":[{"href":"https:\/\/www.africa-press.net\/gabon\/wp-json\/wp\/v2\/posts"}],"about":[{"href":"https:\/\/www.africa-press.net\/gabon\/wp-json\/wp\/v2\/types\/post"}],"author":[{"embeddable":true,"href":"https:\/\/www.africa-press.net\/gabon\/wp-json\/wp\/v2\/users\/82"}],"replies":[{"embeddable":true,"href":"https:\/\/www.africa-press.net\/gabon\/wp-json\/wp\/v2\/comments?post=13606"}],"version-history":[{"count":0,"href":"https:\/\/www.africa-press.net\/gabon\/wp-json\/wp\/v2\/posts\/13606\/revisions"}],"wp:featuredmedia":[{"embeddable":true,"href":"https:\/\/www.africa-press.net\/gabon\/wp-json\/wp\/v2\/media\/13605"}],"wp:attachment":[{"href":"https:\/\/www.africa-press.net\/gabon\/wp-json\/wp\/v2\/media?parent=13606"}],"wp:term":[{"taxonomy":"category","embeddable":true,"href":"https:\/\/www.africa-press.net\/gabon\/wp-json\/wp\/v2\/categories?post=13606"},{"taxonomy":"post_tag","embeddable":true,"href":"https:\/\/www.africa-press.net\/gabon\/wp-json\/wp\/v2\/tags?post=13606"}],"curies":[{"name":"wp","href":"https:\/\/api.w.org\/{rel}","templated":true}]}}