{"id":13612,"date":"2022-12-06T17:37:29","date_gmt":"2022-12-06T17:37:29","guid":{"rendered":"https:\/\/www.africa-press.net\/gabon\/politique\/12e-congres-du-pdg-eloi-nzondo-en-maitre-dorchestre"},"modified":"2022-12-06T17:37:29","modified_gmt":"2022-12-06T17:37:29","slug":"12e-congres-du-pdg-eloi-nzondo-en-maitre-dorchestre","status":"publish","type":"post","link":"https:\/\/www.africa-press.net\/gabon\/politique\/12e-congres-du-pdg-eloi-nzondo-en-maitre-dorchestre","title":{"rendered":"12e congr\u00e8s du PDG : \u00c9loi Nzondo en ma\u00eetre d\u2019orchestre"},"content":{"rendered":"<p><span style=\"color: #ff6600\"><strong>Africa-Press &#8211; Gabon. <\/strong><\/span>Si l\u2019actuel secre\u0301taire ge\u0301ne\u0301ral est charge\u0301 de coordonner les travaux, c\u2019est E\u0301loi Nzondo, transfuge du CLR, qui a e\u0301te\u0301 choisi ce mardi pour assurer l\u2019organisation du 12e congre\u0300s du parti d\u2019Ali Bongo annonce\u0301 pour les 23 et 24 de\u0301cembre prochains a\u0300 Libreville.<\/p>\n<p>Cinq ans apre\u0300s l\u2019avoir rejoint, E\u0301loi Nzondo n\u2019en finit plus de se voir confier de lourdes responsabilite\u0301s au Parti de\u0301mocratique gabonais (PDG) ou\u0300 il occupe actuellement le poste de secre\u0301taire ge\u0301ne\u0301ral adjoint 2, charge\u0301 des Relations avec les partenaires politiques et associatifs. L\u2019ancien vice-pre\u0301sident du Centre des libe\u0301raux re\u0301formateurs (CLR) a e\u0301te\u0301 choisi ce 6 de\u0301cembre pour pre\u0301sider le comite\u0301 d\u2019organisation du 12e congre\u0300s du parti d\u2019Ali Bongo. Une sacre\u0301e marque de confiance exprime\u0301e a\u0300 celui que l\u2019on pre\u0301sente comme \u00abun homme de terrain\u00bb.<\/p>\n<p>Selon la note signe\u0301e (en P.O.) par le secre\u0301taire ge\u0301ne\u0301ral du parti Steeve Nzegho Dieko, par ailleurs de\u0301signe\u0301 coordonnateur ge\u0301ne\u0301ral de ces assises, E\u0301loi Nzondo et son staff sont de\u0301sormais charge\u0301s d\u2019assurer la pre\u0301paration du congre\u0300s et la supervision ge\u0301ne\u0301rale des activite\u0301s y relatives. La structure \u00abbe\u0301ne\u0301ficie des commodite\u0301s spe\u0301cifiques lie\u0301es a\u0300 son bon fonctionnement\u00bb, pre\u0301cise le pre\u0301sident du PDG, l\u2019actuel chef de l\u2019E\u0301tat.<\/p>\n<p>Si le parti au pouvoir a e\u0301galement cre\u0301e\u0301 les 12 commissions charge\u0301es d\u2019organiser les diffe\u0301rentes activite\u0301s retenues pour ce congre\u0300s, il devrait clore ces assises par la de\u0301signation de son porte-e\u0301tendard pour la pre\u0301sidentielle de 2023. L\u2019actuel pre\u0301sident est ple\u0301biscite\u0301.<\/p>\n<p><strong>Pour plus d&rsquo;informations et d&rsquo;analyses sur la <a href=\"https:\/\/www.africa-press.net\/gabon\">Gabon<\/a>, suivez <a href=\"https:\/\/www.africa-press.net\/\">Africa-Press<\/a><\/strong><\/p>\n","protected":false},"excerpt":{"rendered":"<p>Africa-Press &#8211; Gabon. Si l\u2019actuel secre\u0301taire ge\u0301ne\u0301ral est charge\u0301 de coordonner les travaux, c\u2019est E\u0301loi Nzondo, transfuge du CLR, qui a e\u0301te\u0301 choisi ce mardi pour assurer l\u2019organisation du 12e congre\u0300s du parti d\u2019Ali Bongo annonce\u0301 pour les 23 et 24 de\u0301cembre prochains a\u0300 Libreville. Cinq ans apre\u0300s l\u2019avoir rejoint, E\u0301loi Nzondo n\u2019en finit plus [&hellip;]<\/p>\n","protected":false},"author":82,"featured_media":13611,"comment_status":"open","ping_status":"closed","sticky":false,"template":"","format":"standard","meta":{"footnotes":""},"categories":[2,10],"tags":[36,50,49],"class_list":["post-13612","post","type-post","status-publish","format-standard","has-post-thumbnail","hentry","category-politique","category-toutes-les-actualites","tag-africa-press","tag-africa-press-gabon","tag-gabon"],"yoast_head":"<!-- This site is optimized with the Yoast SEO Premium plugin v26.1 (Yoast SEO v27.0) - https:\/\/yoast.com\/product\/yoast-seo-premium-wordpress\/ -->\n<title>12e congr\u00e8s du PDG : \u00c9loi Nzondo en ma\u00eetre d\u2019orchestre - Gabon<\/title>\n<meta name=\"robots\" content=\"index, follow, max-snippet:-1, max-image-preview:large, max-video-preview:-1\" \/>\n<link rel=\"canonical\" href=\"https:\/\/www.africa-press.net\/gabon\/politique\/12e-congres-du-pdg-eloi-nzondo-en-maitre-dorchestre\" \/>\n<meta property=\"og:locale\" content=\"fr_FR\" \/>\n<meta property=\"og:type\" content=\"article\" \/>\n<meta property=\"og:title\" content=\"12e congr\u00e8s du PDG : \u00c9loi Nzondo en ma\u00eetre d\u2019orchestre\" \/>\n<meta property=\"og:description\" content=\"Africa-Press &#8211; Gabon. Si l\u2019actuel secre\u0301taire ge\u0301ne\u0301ral est charge\u0301 de coordonner les travaux, c\u2019est E\u0301loi Nzondo, transfuge du CLR, qui a e\u0301te\u0301 choisi ce mardi pour assurer l\u2019organisation du 12e congre\u0300s du parti d\u2019Ali Bongo annonce\u0301 pour les 23 et 24 de\u0301cembre prochains a\u0300 Libreville. Cinq ans apre\u0300s l\u2019avoir rejoint, E\u0301loi Nzondo n\u2019en finit plus [&hellip;]\" \/>\n<meta property=\"og:url\" content=\"https:\/\/www.africa-press.net\/gabon\/politique\/12e-congres-du-pdg-eloi-nzondo-en-maitre-dorchestre\" \/>\n<meta property=\"og:site_name\" content=\"Gabon\" \/>\n<meta property=\"article:published_time\" content=\"2022-12-06T17:37:29+00:00\" \/>\n<meta name=\"author\" content=\"cfeditorfr\" \/>\n<meta name=\"twitter:card\" content=\"summary_large_image\" \/>\n<meta name=\"twitter:label1\" content=\"\u00c9crit par\" \/>\n\t<meta name=\"twitter:data1\" content=\"cfeditorfr\" \/>\n\t<meta name=\"twitter:label2\" content=\"Dur\u00e9e de lecture estim\u00e9e\" \/>\n\t<meta name=\"twitter:data2\" content=\"2 minutes\" \/>\n<script type=\"application\/ld+json\" class=\"yoast-schema-graph\">{\"@context\":\"https:\/\/schema.org\",\"@graph\":[{\"@type\":\"Article\",\"@id\":\"https:\/\/www.africa-press.net\/gabon\/politique\/12e-congres-du-pdg-eloi-nzondo-en-maitre-dorchestre#article\",\"isPartOf\":{\"@id\":\"https:\/\/www.africa-press.net\/gabon\/politique\/12e-congres-du-pdg-eloi-nzondo-en-maitre-dorchestre\"},\"author\":{\"name\":\"cfeditorfr\",\"@id\":\"https:\/\/www.africa-press.net\/gabon\/#\/schema\/person\/2b1cf3cd81a31e3cd26889ca66d677f1\"},\"headline\":\"12e congr\u00e8s du PDG : \u00c9loi Nzondo en ma\u00eetre d\u2019orchestre\",\"datePublished\":\"2022-12-06T17:37:29+00:00\",\"mainEntityOfPage\":{\"@id\":\"https:\/\/www.africa-press.net\/gabon\/politique\/12e-congres-du-pdg-eloi-nzondo-en-maitre-dorchestre\"},\"wordCount\":325,\"commentCount\":0,\"image\":{\"@id\":\"https:\/\/www.africa-press.net\/gabon\/politique\/12e-congres-du-pdg-eloi-nzondo-en-maitre-dorchestre#primaryimage\"},\"thumbnailUrl\":\"https:\/\/static.africa-press.net\/gabon\/sites\/54\/2022\/12\/postQueueImg_1670335651.94.jpg\",\"keywords\":[\"Africa Press\",\"Africa Press-Gabon\",\"Gabon\"],\"articleSection\":[\"Politique\",\"Toutes les actualit\u00e9s\"],\"inLanguage\":\"fr-FR\",\"potentialAction\":[{\"@type\":\"CommentAction\",\"name\":\"Comment\",\"target\":[\"https:\/\/www.africa-press.net\/gabon\/politique\/12e-congres-du-pdg-eloi-nzondo-en-maitre-dorchestre#respond\"]}]},{\"@type\":\"WebPage\",\"@id\":\"https:\/\/www.africa-press.net\/gabon\/politique\/12e-congres-du-pdg-eloi-nzondo-en-maitre-dorchestre\",\"url\":\"https:\/\/www.africa-press.net\/gabon\/politique\/12e-congres-du-pdg-eloi-nzondo-en-maitre-dorchestre\",\"name\":\"12e congr\u00e8s du PDG : \u00c9loi Nzondo en ma\u00eetre d\u2019orchestre - Gabon\",\"isPartOf\":{\"@id\":\"https:\/\/www.africa-press.net\/gabon\/#website\"},\"primaryImageOfPage\":{\"@id\":\"https:\/\/www.africa-press.net\/gabon\/politique\/12e-congres-du-pdg-eloi-nzondo-en-maitre-dorchestre#primaryimage\"},\"image\":{\"@id\":\"https:\/\/www.africa-press.net\/gabon\/politique\/12e-congres-du-pdg-eloi-nzondo-en-maitre-dorchestre#primaryimage\"},\"thumbnailUrl\":\"https:\/\/static.africa-press.net\/gabon\/sites\/54\/2022\/12\/postQueueImg_1670335651.94.jpg\",\"datePublished\":\"2022-12-06T17:37:29+00:00\",\"author\":{\"@id\":\"https:\/\/www.africa-press.net\/gabon\/#\/schema\/person\/2b1cf3cd81a31e3cd26889ca66d677f1\"},\"breadcrumb\":{\"@id\":\"https:\/\/www.africa-press.net\/gabon\/politique\/12e-congres-du-pdg-eloi-nzondo-en-maitre-dorchestre#breadcrumb\"},\"inLanguage\":\"fr-FR\",\"potentialAction\":[{\"@type\":\"ReadAction\",\"target\":[\"https:\/\/www.africa-press.net\/gabon\/politique\/12e-congres-du-pdg-eloi-nzondo-en-maitre-dorchestre\"]}]},{\"@type\":\"ImageObject\",\"inLanguage\":\"fr-FR\",\"@id\":\"https:\/\/www.africa-press.net\/gabon\/politique\/12e-congres-du-pdg-eloi-nzondo-en-maitre-dorchestre#primaryimage\",\"url\":\"https:\/\/static.africa-press.net\/gabon\/sites\/54\/2022\/12\/postQueueImg_1670335651.94.jpg\",\"contentUrl\":\"https:\/\/static.africa-press.net\/gabon\/sites\/54\/2022\/12\/postQueueImg_1670335651.94.jpg\",\"width\":720,\"height\":450,\"caption\":\"12e congr\u00e8s du PDG : \u00c9loi Nzondo en ma\u00eetre d\u2019orchestre\"},{\"@type\":\"BreadcrumbList\",\"@id\":\"https:\/\/www.africa-press.net\/gabon\/politique\/12e-congres-du-pdg-eloi-nzondo-en-maitre-dorchestre#breadcrumb\",\"itemListElement\":[{\"@type\":\"ListItem\",\"position\":1,\"name\":\"Accueil\",\"item\":\"https:\/\/www.africa-press.net\/gabon\/\"},{\"@type\":\"ListItem\",\"position\":2,\"name\":\"12e congr\u00e8s du PDG : \u00c9loi Nzondo en ma\u00eetre d\u2019orchestre\"}]},{\"@type\":\"WebSite\",\"@id\":\"https:\/\/www.africa-press.net\/gabon\/#website\",\"url\":\"https:\/\/www.africa-press.net\/gabon\/\",\"name\":\"Gabon\",\"description\":\"Just another Africa News Agency Sites site\",\"potentialAction\":[{\"@type\":\"SearchAction\",\"target\":{\"@type\":\"EntryPoint\",\"urlTemplate\":\"https:\/\/www.africa-press.net\/gabon\/?s={search_term_string}\"},\"query-input\":{\"@type\":\"PropertyValueSpecification\",\"valueRequired\":true,\"valueName\":\"search_term_string\"}}],\"inLanguage\":\"fr-FR\"},{\"@type\":\"Person\",\"@id\":\"https:\/\/www.africa-press.net\/gabon\/#\/schema\/person\/2b1cf3cd81a31e3cd26889ca66d677f1\",\"name\":\"cfeditorfr\"}]}<\/script>\n<!-- \/ Yoast SEO Premium plugin. -->","yoast_head_json":{"title":"12e congr\u00e8s du PDG : \u00c9loi Nzondo en ma\u00eetre d\u2019orchestre - Gabon","robots":{"index":"index","follow":"follow","max-snippet":"max-snippet:-1","max-image-preview":"max-image-preview:large","max-video-preview":"max-video-preview:-1"},"canonical":"https:\/\/www.africa-press.net\/gabon\/politique\/12e-congres-du-pdg-eloi-nzondo-en-maitre-dorchestre","og_locale":"fr_FR","og_type":"article","og_title":"12e congr\u00e8s du PDG : \u00c9loi Nzondo en ma\u00eetre d\u2019orchestre","og_description":"Africa-Press &#8211; Gabon. Si l\u2019actuel secre\u0301taire ge\u0301ne\u0301ral est charge\u0301 de coordonner les travaux, c\u2019est E\u0301loi Nzondo, transfuge du CLR, qui a e\u0301te\u0301 choisi ce mardi pour assurer l\u2019organisation du 12e congre\u0300s du parti d\u2019Ali Bongo annonce\u0301 pour les 23 et 24 de\u0301cembre prochains a\u0300 Libreville. Cinq ans apre\u0300s l\u2019avoir rejoint, E\u0301loi Nzondo n\u2019en finit plus [&hellip;]","og_url":"https:\/\/www.africa-press.net\/gabon\/politique\/12e-congres-du-pdg-eloi-nzondo-en-maitre-dorchestre","og_site_name":"Gabon","article_published_time":"2022-12-06T17:37:29+00:00","author":"cfeditorfr","twitter_card":"summary_large_image","twitter_misc":{"\u00c9crit par":"cfeditorfr","Dur\u00e9e de lecture estim\u00e9e":"2 minutes"},"schema":{"@context":"https:\/\/schema.org","@graph":[{"@type":"Article","@id":"https:\/\/www.africa-press.net\/gabon\/politique\/12e-congres-du-pdg-eloi-nzondo-en-maitre-dorchestre#article","isPartOf":{"@id":"https:\/\/www.africa-press.net\/gabon\/politique\/12e-congres-du-pdg-eloi-nzondo-en-maitre-dorchestre"},"author":{"name":"cfeditorfr","@id":"https:\/\/www.africa-press.net\/gabon\/#\/schema\/person\/2b1cf3cd81a31e3cd26889ca66d677f1"},"headline":"12e congr\u00e8s du PDG : \u00c9loi Nzondo en ma\u00eetre d\u2019orchestre","datePublished":"2022-12-06T17:37:29+00:00","mainEntityOfPage":{"@id":"https:\/\/www.africa-press.net\/gabon\/politique\/12e-congres-du-pdg-eloi-nzondo-en-maitre-dorchestre"},"wordCount":325,"commentCount":0,"image":{"@id":"https:\/\/www.africa-press.net\/gabon\/politique\/12e-congres-du-pdg-eloi-nzondo-en-maitre-dorchestre#primaryimage"},"thumbnailUrl":"https:\/\/static.africa-press.net\/gabon\/sites\/54\/2022\/12\/postQueueImg_1670335651.94.jpg","keywords":["Africa Press","Africa Press-Gabon","Gabon"],"articleSection":["Politique","Toutes les actualit\u00e9s"],"inLanguage":"fr-FR","potentialAction":[{"@type":"CommentAction","name":"Comment","target":["https:\/\/www.africa-press.net\/gabon\/politique\/12e-congres-du-pdg-eloi-nzondo-en-maitre-dorchestre#respond"]}]},{"@type":"WebPage","@id":"https:\/\/www.africa-press.net\/gabon\/politique\/12e-congres-du-pdg-eloi-nzondo-en-maitre-dorchestre","url":"https:\/\/www.africa-press.net\/gabon\/politique\/12e-congres-du-pdg-eloi-nzondo-en-maitre-dorchestre","name":"12e congr\u00e8s du PDG : \u00c9loi Nzondo en ma\u00eetre d\u2019orchestre - Gabon","isPartOf":{"@id":"https:\/\/www.africa-press.net\/gabon\/#website"},"primaryImageOfPage":{"@id":"https:\/\/www.africa-press.net\/gabon\/politique\/12e-congres-du-pdg-eloi-nzondo-en-maitre-dorchestre#primaryimage"},"image":{"@id":"https:\/\/www.africa-press.net\/gabon\/politique\/12e-congres-du-pdg-eloi-nzondo-en-maitre-dorchestre#primaryimage"},"thumbnailUrl":"https:\/\/static.africa-press.net\/gabon\/sites\/54\/2022\/12\/postQueueImg_1670335651.94.jpg","datePublished":"2022-12-06T17:37:29+00:00","author":{"@id":"https:\/\/www.africa-press.net\/gabon\/#\/schema\/person\/2b1cf3cd81a31e3cd26889ca66d677f1"},"breadcrumb":{"@id":"https:\/\/www.africa-press.net\/gabon\/politique\/12e-congres-du-pdg-eloi-nzondo-en-maitre-dorchestre#breadcrumb"},"inLanguage":"fr-FR","potentialAction":[{"@type":"ReadAction","target":["https:\/\/www.africa-press.net\/gabon\/politique\/12e-congres-du-pdg-eloi-nzondo-en-maitre-dorchestre"]}]},{"@type":"ImageObject","inLanguage":"fr-FR","@id":"https:\/\/www.africa-press.net\/gabon\/politique\/12e-congres-du-pdg-eloi-nzondo-en-maitre-dorchestre#primaryimage","url":"https:\/\/static.africa-press.net\/gabon\/sites\/54\/2022\/12\/postQueueImg_1670335651.94.jpg","contentUrl":"https:\/\/static.africa-press.net\/gabon\/sites\/54\/2022\/12\/postQueueImg_1670335651.94.jpg","width":720,"height":450,"caption":"12e congr\u00e8s du PDG : \u00c9loi Nzondo en ma\u00eetre d\u2019orchestre"},{"@type":"BreadcrumbList","@id":"https:\/\/www.africa-press.net\/gabon\/politique\/12e-congres-du-pdg-eloi-nzondo-en-maitre-dorchestre#breadcrumb","itemListElement":[{"@type":"ListItem","position":1,"name":"Accueil","item":"https:\/\/www.africa-press.net\/gabon\/"},{"@type":"ListItem","position":2,"name":"12e congr\u00e8s du PDG : \u00c9loi Nzondo en ma\u00eetre d\u2019orchestre"}]},{"@type":"WebSite","@id":"https:\/\/www.africa-press.net\/gabon\/#website","url":"https:\/\/www.africa-press.net\/gabon\/","name":"Gabon","description":"Just another Africa News Agency Sites site","potentialAction":[{"@type":"SearchAction","target":{"@type":"EntryPoint","urlTemplate":"https:\/\/www.africa-press.net\/gabon\/?s={search_term_string}"},"query-input":{"@type":"PropertyValueSpecification","valueRequired":true,"valueName":"search_term_string"}}],"inLanguage":"fr-FR"},{"@type":"Person","@id":"https:\/\/www.africa-press.net\/gabon\/#\/schema\/person\/2b1cf3cd81a31e3cd26889ca66d677f1","name":"cfeditorfr"}]}},"_links":{"self":[{"href":"https:\/\/www.africa-press.net\/gabon\/wp-json\/wp\/v2\/posts\/13612","targetHints":{"allow":["GET"]}}],"collection":[{"href":"https:\/\/www.africa-press.net\/gabon\/wp-json\/wp\/v2\/posts"}],"about":[{"href":"https:\/\/www.africa-press.net\/gabon\/wp-json\/wp\/v2\/types\/post"}],"author":[{"embeddable":true,"href":"https:\/\/www.africa-press.net\/gabon\/wp-json\/wp\/v2\/users\/82"}],"replies":[{"embeddable":true,"href":"https:\/\/www.africa-press.net\/gabon\/wp-json\/wp\/v2\/comments?post=13612"}],"version-history":[{"count":0,"href":"https:\/\/www.africa-press.net\/gabon\/wp-json\/wp\/v2\/posts\/13612\/revisions"}],"wp:featuredmedia":[{"embeddable":true,"href":"https:\/\/www.africa-press.net\/gabon\/wp-json\/wp\/v2\/media\/13611"}],"wp:attachment":[{"href":"https:\/\/www.africa-press.net\/gabon\/wp-json\/wp\/v2\/media?parent=13612"}],"wp:term":[{"taxonomy":"category","embeddable":true,"href":"https:\/\/www.africa-press.net\/gabon\/wp-json\/wp\/v2\/categories?post=13612"},{"taxonomy":"post_tag","embeddable":true,"href":"https:\/\/www.africa-press.net\/gabon\/wp-json\/wp\/v2\/tags?post=13612"}],"curies":[{"name":"wp","href":"https:\/\/api.w.org\/{rel}","templated":true}]}}