{"id":13634,"date":"2022-12-07T18:44:34","date_gmt":"2022-12-07T18:44:34","guid":{"rendered":"https:\/\/www.africa-press.net\/gabon\/politique\/bien-que-passes-par-la-case-prison-etienne-ngoubou-et-pierre-alain-mounguengui-fideles-au-pdg"},"modified":"2022-12-07T18:44:34","modified_gmt":"2022-12-07T18:44:34","slug":"bien-que-passes-par-la-case-prison-etienne-ngoubou-et-pierre-alain-mounguengui-fideles-au-pdg","status":"publish","type":"post","link":"https:\/\/www.africa-press.net\/gabon\/politique\/bien-que-passes-par-la-case-prison-etienne-ngoubou-et-pierre-alain-mounguengui-fideles-au-pdg","title":{"rendered":"Bien que pass\u00e9s par la case prison, Etienne Ngoubou et Pierre-Alain Moungu\u00e9ngui fid\u00e8les au PDG"},"content":{"rendered":"<p><span style=\"color: #ff6600\"><strong>Africa-Press &#8211; Gabon. <\/strong><\/span><b>Nombreux auraient parie\u0301 1000 sous qu\u2019on ne les reverrait plus sous les couleurs du parti de Louis, mais il y a des fide\u0301lite\u0301s inde\u0301fectibles, des attachements sans fin, des soutiens inalie\u0301nables. C\u2019est le cas du rapprochement liant l\u2019ancien ministre du Pe\u0301trole et l\u2019actuel pre\u0301sident de la Fe\u0301de\u0301ration gabonaise de football au Parti de\u0301mocratique gabonais (PDG). Quand on \u00abs\u2019est fait injustement maltraiter, on doit e\u0302tre plus digne que c\u0327a !\u00bb, estiment toutefois certains militants du cru.<\/b><\/p>\n<p>Se tenant au premier rang et ve\u0302tu d\u2019une chemise sur laquelle il a fait imprimer une image d\u2019Ali Bongo Ondimba, Pierre-Alain Mounguengui qui vient de passer six mois de sa vie derrie\u0300re les geo\u0302les du ce\u0301le\u0300bre pe\u0301nitencier de Gros-Bouquet, est pre\u0301sent au conseil provincial PDG de la Nyanga a\u0300 Tchibanga. De nombreux PDGistes de cette localite\u0301 en ont e\u0301te\u0301 surpris. Certains d\u2019entre eux avaient pense\u0301 qu\u2019il prendrait un peu de recul. Accuse\u0301 d\u2019avoir cautionne\u0301 ou laisse\u0301 faire dans l\u2019affaire de la pe\u0301dophilie dans les milieux du foot, l\u2019ancien arbitre international est revenu sur le devant de la sce\u0300ne de manie\u0300re tonitruante. \u00abIl a sans doute l\u2019amour du maillot PDG\u00bb, affirme un membre du secre\u0301tariat exe\u0301cutif de ce parti pre\u0301sent dans la capitale nynoise. \u00abIl a peut-e\u0302tre voulu instrumentaliser la nostalgie parmi ses fre\u0300res et suscite\u0301 de la compassion ; sinon, on ne comprendrait pas les mobiles qui l\u2019ont emmene\u0301 a\u0300 reprendre ses activite\u0301s politiques\u00bb, analyse un militant du cru.<\/p>\n<p><b>Pas rejete\u0301s, pas accepte\u0301s<\/b><\/p>\n<p>Concernant E\u0301tienne Ngoubou, en prison entre janvier 2017 et octobre 2018 (libe\u0301re\u0301 pour des raisons de sante\u0301) pour des faits de de\u0301tournement de deniers publics, il e\u0301tait en ne\u0301gociations avec certains hie\u0301rarques du parti pour son retour dans les rangs&#8230; qu\u2019il n\u2019avait du reste jamais quitte\u0301s officiellement. Il voulait juste se me\u0301nager une bonne place.<\/p>\n<p>Apre\u0300s s\u2019e\u0302tre terre\u0301 chez lui dans le 1er arrondissement de Libreville, il refait surface. Sera-t-il de nouveau membre du Bureau politique, comme cela se murmure ? \u00abPhysique de pilier de rugby, visage enjoue\u0301, calculateur comme jamais, ce scientifique a du\u0302 se dire que pour jouer des coudes afin de rejouer les premiers ro\u0302les, il lui fallait endosser le maillot PDG\u00bb, pense un ancien de\u0301pute\u0301 de la Basse-Banio. \u00abC\u2019est vrai que nous l\u2019avions de\u0301ja\u0300 vu ici lors de deux ce\u0301re\u0301monies politiques, mais la\u0300 il a tenu a\u0300 se montrer aupre\u0300s de tous\u00bb, ajoute l\u2019ancien de\u0301pute\u0301.<\/p>\n<p><b>Un retour pas force\u0301ment appre\u0301cie\u0301<\/b><\/p>\n<p>\u00abIl souhaite certainement que cette se\u0301quence, te\u0301moignage de sa fide\u0301lite\u0301 au distingue\u0301 camarade, provoque un ouragan me\u0301diatique et rappelle celui-ci a\u0300 son souvenir\u00bb, indique un ancien ministre. \u00abJe suis convaincu que c\u2019est plus par opportunisme que par conviction qu\u2019il est venu\u00bb, veut croire Boussougou -bou-Boussamb, militant du cru.<\/p>\n<p>\u00abUn fils de la Nyanga qui s\u2019est fait injustement maltraiter doit se montrer plus digne que c\u0327a\u00bb, ajoute le militant cite\u0301 plus haut.<\/p>\n<p>En tout cas, cet e\u0301pisode restera l\u2019un des temps forts de ces assises provinciales. Venu renouer avec leurs camarades, Pierre-Alain Mounguengui et E\u0301tienne Ngoubou vont devoir tenir te\u0302te a\u0300 ceux qui ne voient pas d\u2019un bon \u0153il leur pre\u0301sence.<\/p>\n<p><strong>Pour plus d&rsquo;informations et d&rsquo;analyses sur la <a href=\"https:\/\/www.africa-press.net\/gabon\">Gabon<\/a>, suivez <a href=\"https:\/\/www.africa-press.net\/\">Africa-Press<\/a><\/strong><\/p>\n","protected":false},"excerpt":{"rendered":"<p>Africa-Press &#8211; Gabon. Nombreux auraient parie\u0301 1000 sous qu\u2019on ne les reverrait plus sous les couleurs du parti de Louis, mais il y a des fide\u0301lite\u0301s inde\u0301fectibles, des attachements sans fin, des soutiens inalie\u0301nables. C\u2019est le cas du rapprochement liant l\u2019ancien ministre du Pe\u0301trole et l\u2019actuel pre\u0301sident de la Fe\u0301de\u0301ration gabonaise de football au Parti [&hellip;]<\/p>\n","protected":false},"author":82,"featured_media":13633,"comment_status":"open","ping_status":"closed","sticky":false,"template":"","format":"standard","meta":{"footnotes":""},"categories":[2,10],"tags":[36,50,49],"class_list":["post-13634","post","type-post","status-publish","format-standard","has-post-thumbnail","hentry","category-politique","category-toutes-les-actualites","tag-africa-press","tag-africa-press-gabon","tag-gabon"],"yoast_head":"<!-- This site is optimized with the Yoast SEO Premium plugin v26.1 (Yoast SEO v27.0) - https:\/\/yoast.com\/product\/yoast-seo-premium-wordpress\/ -->\n<title>Bien que pass\u00e9s par la case prison, Etienne Ngoubou et Pierre-Alain Moungu\u00e9ngui fid\u00e8les au PDG - Gabon<\/title>\n<meta name=\"robots\" content=\"index, follow, max-snippet:-1, max-image-preview:large, max-video-preview:-1\" \/>\n<link rel=\"canonical\" href=\"https:\/\/www.africa-press.net\/gabon\/politique\/bien-que-passes-par-la-case-prison-etienne-ngoubou-et-pierre-alain-mounguengui-fideles-au-pdg\" \/>\n<meta property=\"og:locale\" content=\"fr_FR\" \/>\n<meta property=\"og:type\" content=\"article\" \/>\n<meta property=\"og:title\" content=\"Bien que pass\u00e9s par la case prison, Etienne Ngoubou et Pierre-Alain Moungu\u00e9ngui fid\u00e8les au PDG\" \/>\n<meta property=\"og:description\" content=\"Africa-Press &#8211; Gabon. Nombreux auraient parie\u0301 1000 sous qu\u2019on ne les reverrait plus sous les couleurs du parti de Louis, mais il y a des fide\u0301lite\u0301s inde\u0301fectibles, des attachements sans fin, des soutiens inalie\u0301nables. C\u2019est le cas du rapprochement liant l\u2019ancien ministre du Pe\u0301trole et l\u2019actuel pre\u0301sident de la Fe\u0301de\u0301ration gabonaise de football au Parti [&hellip;]\" \/>\n<meta property=\"og:url\" content=\"https:\/\/www.africa-press.net\/gabon\/politique\/bien-que-passes-par-la-case-prison-etienne-ngoubou-et-pierre-alain-mounguengui-fideles-au-pdg\" \/>\n<meta property=\"og:site_name\" content=\"Gabon\" \/>\n<meta property=\"article:published_time\" content=\"2022-12-07T18:44:34+00:00\" \/>\n<meta name=\"author\" content=\"cfeditorfr\" \/>\n<meta name=\"twitter:card\" content=\"summary_large_image\" \/>\n<meta name=\"twitter:label1\" content=\"\u00c9crit par\" \/>\n\t<meta name=\"twitter:data1\" content=\"cfeditorfr\" \/>\n\t<meta name=\"twitter:label2\" content=\"Dur\u00e9e de lecture estim\u00e9e\" \/>\n\t<meta name=\"twitter:data2\" content=\"3 minutes\" \/>\n<script type=\"application\/ld+json\" class=\"yoast-schema-graph\">{\"@context\":\"https:\/\/schema.org\",\"@graph\":[{\"@type\":\"Article\",\"@id\":\"https:\/\/www.africa-press.net\/gabon\/politique\/bien-que-passes-par-la-case-prison-etienne-ngoubou-et-pierre-alain-mounguengui-fideles-au-pdg#article\",\"isPartOf\":{\"@id\":\"https:\/\/www.africa-press.net\/gabon\/politique\/bien-que-passes-par-la-case-prison-etienne-ngoubou-et-pierre-alain-mounguengui-fideles-au-pdg\"},\"author\":{\"name\":\"cfeditorfr\",\"@id\":\"https:\/\/www.africa-press.net\/gabon\/#\/schema\/person\/2b1cf3cd81a31e3cd26889ca66d677f1\"},\"headline\":\"Bien que pass\u00e9s par la case prison, Etienne Ngoubou et Pierre-Alain Moungu\u00e9ngui fid\u00e8les au PDG\",\"datePublished\":\"2022-12-07T18:44:34+00:00\",\"mainEntityOfPage\":{\"@id\":\"https:\/\/www.africa-press.net\/gabon\/politique\/bien-que-passes-par-la-case-prison-etienne-ngoubou-et-pierre-alain-mounguengui-fideles-au-pdg\"},\"wordCount\":612,\"commentCount\":0,\"image\":{\"@id\":\"https:\/\/www.africa-press.net\/gabon\/politique\/bien-que-passes-par-la-case-prison-etienne-ngoubou-et-pierre-alain-mounguengui-fideles-au-pdg#primaryimage\"},\"thumbnailUrl\":\"https:\/\/static.africa-press.net\/gabon\/sites\/54\/2022\/12\/postQueueImg_1670426079.67.jpg\",\"keywords\":[\"Africa Press\",\"Africa Press-Gabon\",\"Gabon\"],\"articleSection\":[\"Politique\",\"Toutes les actualit\u00e9s\"],\"inLanguage\":\"fr-FR\",\"potentialAction\":[{\"@type\":\"CommentAction\",\"name\":\"Comment\",\"target\":[\"https:\/\/www.africa-press.net\/gabon\/politique\/bien-que-passes-par-la-case-prison-etienne-ngoubou-et-pierre-alain-mounguengui-fideles-au-pdg#respond\"]}]},{\"@type\":\"WebPage\",\"@id\":\"https:\/\/www.africa-press.net\/gabon\/politique\/bien-que-passes-par-la-case-prison-etienne-ngoubou-et-pierre-alain-mounguengui-fideles-au-pdg\",\"url\":\"https:\/\/www.africa-press.net\/gabon\/politique\/bien-que-passes-par-la-case-prison-etienne-ngoubou-et-pierre-alain-mounguengui-fideles-au-pdg\",\"name\":\"Bien que pass\u00e9s par la case prison, Etienne Ngoubou et Pierre-Alain Moungu\u00e9ngui fid\u00e8les au PDG - Gabon\",\"isPartOf\":{\"@id\":\"https:\/\/www.africa-press.net\/gabon\/#website\"},\"primaryImageOfPage\":{\"@id\":\"https:\/\/www.africa-press.net\/gabon\/politique\/bien-que-passes-par-la-case-prison-etienne-ngoubou-et-pierre-alain-mounguengui-fideles-au-pdg#primaryimage\"},\"image\":{\"@id\":\"https:\/\/www.africa-press.net\/gabon\/politique\/bien-que-passes-par-la-case-prison-etienne-ngoubou-et-pierre-alain-mounguengui-fideles-au-pdg#primaryimage\"},\"thumbnailUrl\":\"https:\/\/static.africa-press.net\/gabon\/sites\/54\/2022\/12\/postQueueImg_1670426079.67.jpg\",\"datePublished\":\"2022-12-07T18:44:34+00:00\",\"author\":{\"@id\":\"https:\/\/www.africa-press.net\/gabon\/#\/schema\/person\/2b1cf3cd81a31e3cd26889ca66d677f1\"},\"breadcrumb\":{\"@id\":\"https:\/\/www.africa-press.net\/gabon\/politique\/bien-que-passes-par-la-case-prison-etienne-ngoubou-et-pierre-alain-mounguengui-fideles-au-pdg#breadcrumb\"},\"inLanguage\":\"fr-FR\",\"potentialAction\":[{\"@type\":\"ReadAction\",\"target\":[\"https:\/\/www.africa-press.net\/gabon\/politique\/bien-que-passes-par-la-case-prison-etienne-ngoubou-et-pierre-alain-mounguengui-fideles-au-pdg\"]}]},{\"@type\":\"ImageObject\",\"inLanguage\":\"fr-FR\",\"@id\":\"https:\/\/www.africa-press.net\/gabon\/politique\/bien-que-passes-par-la-case-prison-etienne-ngoubou-et-pierre-alain-mounguengui-fideles-au-pdg#primaryimage\",\"url\":\"https:\/\/static.africa-press.net\/gabon\/sites\/54\/2022\/12\/postQueueImg_1670426079.67.jpg\",\"contentUrl\":\"https:\/\/static.africa-press.net\/gabon\/sites\/54\/2022\/12\/postQueueImg_1670426079.67.jpg\",\"width\":720,\"height\":540,\"caption\":\"Bien que pass\u00e9s par la case prison, Etienne Ngoubou et Pierre-Alain Moungu\u00e9ngui fid\u00e8les au PDG\"},{\"@type\":\"BreadcrumbList\",\"@id\":\"https:\/\/www.africa-press.net\/gabon\/politique\/bien-que-passes-par-la-case-prison-etienne-ngoubou-et-pierre-alain-mounguengui-fideles-au-pdg#breadcrumb\",\"itemListElement\":[{\"@type\":\"ListItem\",\"position\":1,\"name\":\"Accueil\",\"item\":\"https:\/\/www.africa-press.net\/gabon\/\"},{\"@type\":\"ListItem\",\"position\":2,\"name\":\"Bien que pass\u00e9s par la case prison, Etienne Ngoubou et Pierre-Alain Moungu\u00e9ngui fid\u00e8les au PDG\"}]},{\"@type\":\"WebSite\",\"@id\":\"https:\/\/www.africa-press.net\/gabon\/#website\",\"url\":\"https:\/\/www.africa-press.net\/gabon\/\",\"name\":\"Gabon\",\"description\":\"Just another Africa News Agency Sites site\",\"potentialAction\":[{\"@type\":\"SearchAction\",\"target\":{\"@type\":\"EntryPoint\",\"urlTemplate\":\"https:\/\/www.africa-press.net\/gabon\/?s={search_term_string}\"},\"query-input\":{\"@type\":\"PropertyValueSpecification\",\"valueRequired\":true,\"valueName\":\"search_term_string\"}}],\"inLanguage\":\"fr-FR\"},{\"@type\":\"Person\",\"@id\":\"https:\/\/www.africa-press.net\/gabon\/#\/schema\/person\/2b1cf3cd81a31e3cd26889ca66d677f1\",\"name\":\"cfeditorfr\"}]}<\/script>\n<!-- \/ Yoast SEO Premium plugin. -->","yoast_head_json":{"title":"Bien que pass\u00e9s par la case prison, Etienne Ngoubou et Pierre-Alain Moungu\u00e9ngui fid\u00e8les au PDG - Gabon","robots":{"index":"index","follow":"follow","max-snippet":"max-snippet:-1","max-image-preview":"max-image-preview:large","max-video-preview":"max-video-preview:-1"},"canonical":"https:\/\/www.africa-press.net\/gabon\/politique\/bien-que-passes-par-la-case-prison-etienne-ngoubou-et-pierre-alain-mounguengui-fideles-au-pdg","og_locale":"fr_FR","og_type":"article","og_title":"Bien que pass\u00e9s par la case prison, Etienne Ngoubou et Pierre-Alain Moungu\u00e9ngui fid\u00e8les au PDG","og_description":"Africa-Press &#8211; Gabon. Nombreux auraient parie\u0301 1000 sous qu\u2019on ne les reverrait plus sous les couleurs du parti de Louis, mais il y a des fide\u0301lite\u0301s inde\u0301fectibles, des attachements sans fin, des soutiens inalie\u0301nables. C\u2019est le cas du rapprochement liant l\u2019ancien ministre du Pe\u0301trole et l\u2019actuel pre\u0301sident de la Fe\u0301de\u0301ration gabonaise de football au Parti [&hellip;]","og_url":"https:\/\/www.africa-press.net\/gabon\/politique\/bien-que-passes-par-la-case-prison-etienne-ngoubou-et-pierre-alain-mounguengui-fideles-au-pdg","og_site_name":"Gabon","article_published_time":"2022-12-07T18:44:34+00:00","author":"cfeditorfr","twitter_card":"summary_large_image","twitter_misc":{"\u00c9crit par":"cfeditorfr","Dur\u00e9e de lecture estim\u00e9e":"3 minutes"},"schema":{"@context":"https:\/\/schema.org","@graph":[{"@type":"Article","@id":"https:\/\/www.africa-press.net\/gabon\/politique\/bien-que-passes-par-la-case-prison-etienne-ngoubou-et-pierre-alain-mounguengui-fideles-au-pdg#article","isPartOf":{"@id":"https:\/\/www.africa-press.net\/gabon\/politique\/bien-que-passes-par-la-case-prison-etienne-ngoubou-et-pierre-alain-mounguengui-fideles-au-pdg"},"author":{"name":"cfeditorfr","@id":"https:\/\/www.africa-press.net\/gabon\/#\/schema\/person\/2b1cf3cd81a31e3cd26889ca66d677f1"},"headline":"Bien que pass\u00e9s par la case prison, Etienne Ngoubou et Pierre-Alain Moungu\u00e9ngui fid\u00e8les au PDG","datePublished":"2022-12-07T18:44:34+00:00","mainEntityOfPage":{"@id":"https:\/\/www.africa-press.net\/gabon\/politique\/bien-que-passes-par-la-case-prison-etienne-ngoubou-et-pierre-alain-mounguengui-fideles-au-pdg"},"wordCount":612,"commentCount":0,"image":{"@id":"https:\/\/www.africa-press.net\/gabon\/politique\/bien-que-passes-par-la-case-prison-etienne-ngoubou-et-pierre-alain-mounguengui-fideles-au-pdg#primaryimage"},"thumbnailUrl":"https:\/\/static.africa-press.net\/gabon\/sites\/54\/2022\/12\/postQueueImg_1670426079.67.jpg","keywords":["Africa Press","Africa Press-Gabon","Gabon"],"articleSection":["Politique","Toutes les actualit\u00e9s"],"inLanguage":"fr-FR","potentialAction":[{"@type":"CommentAction","name":"Comment","target":["https:\/\/www.africa-press.net\/gabon\/politique\/bien-que-passes-par-la-case-prison-etienne-ngoubou-et-pierre-alain-mounguengui-fideles-au-pdg#respond"]}]},{"@type":"WebPage","@id":"https:\/\/www.africa-press.net\/gabon\/politique\/bien-que-passes-par-la-case-prison-etienne-ngoubou-et-pierre-alain-mounguengui-fideles-au-pdg","url":"https:\/\/www.africa-press.net\/gabon\/politique\/bien-que-passes-par-la-case-prison-etienne-ngoubou-et-pierre-alain-mounguengui-fideles-au-pdg","name":"Bien que pass\u00e9s par la case prison, Etienne Ngoubou et Pierre-Alain Moungu\u00e9ngui fid\u00e8les au PDG - Gabon","isPartOf":{"@id":"https:\/\/www.africa-press.net\/gabon\/#website"},"primaryImageOfPage":{"@id":"https:\/\/www.africa-press.net\/gabon\/politique\/bien-que-passes-par-la-case-prison-etienne-ngoubou-et-pierre-alain-mounguengui-fideles-au-pdg#primaryimage"},"image":{"@id":"https:\/\/www.africa-press.net\/gabon\/politique\/bien-que-passes-par-la-case-prison-etienne-ngoubou-et-pierre-alain-mounguengui-fideles-au-pdg#primaryimage"},"thumbnailUrl":"https:\/\/static.africa-press.net\/gabon\/sites\/54\/2022\/12\/postQueueImg_1670426079.67.jpg","datePublished":"2022-12-07T18:44:34+00:00","author":{"@id":"https:\/\/www.africa-press.net\/gabon\/#\/schema\/person\/2b1cf3cd81a31e3cd26889ca66d677f1"},"breadcrumb":{"@id":"https:\/\/www.africa-press.net\/gabon\/politique\/bien-que-passes-par-la-case-prison-etienne-ngoubou-et-pierre-alain-mounguengui-fideles-au-pdg#breadcrumb"},"inLanguage":"fr-FR","potentialAction":[{"@type":"ReadAction","target":["https:\/\/www.africa-press.net\/gabon\/politique\/bien-que-passes-par-la-case-prison-etienne-ngoubou-et-pierre-alain-mounguengui-fideles-au-pdg"]}]},{"@type":"ImageObject","inLanguage":"fr-FR","@id":"https:\/\/www.africa-press.net\/gabon\/politique\/bien-que-passes-par-la-case-prison-etienne-ngoubou-et-pierre-alain-mounguengui-fideles-au-pdg#primaryimage","url":"https:\/\/static.africa-press.net\/gabon\/sites\/54\/2022\/12\/postQueueImg_1670426079.67.jpg","contentUrl":"https:\/\/static.africa-press.net\/gabon\/sites\/54\/2022\/12\/postQueueImg_1670426079.67.jpg","width":720,"height":540,"caption":"Bien que pass\u00e9s par la case prison, Etienne Ngoubou et Pierre-Alain Moungu\u00e9ngui fid\u00e8les au PDG"},{"@type":"BreadcrumbList","@id":"https:\/\/www.africa-press.net\/gabon\/politique\/bien-que-passes-par-la-case-prison-etienne-ngoubou-et-pierre-alain-mounguengui-fideles-au-pdg#breadcrumb","itemListElement":[{"@type":"ListItem","position":1,"name":"Accueil","item":"https:\/\/www.africa-press.net\/gabon\/"},{"@type":"ListItem","position":2,"name":"Bien que pass\u00e9s par la case prison, Etienne Ngoubou et Pierre-Alain Moungu\u00e9ngui fid\u00e8les au PDG"}]},{"@type":"WebSite","@id":"https:\/\/www.africa-press.net\/gabon\/#website","url":"https:\/\/www.africa-press.net\/gabon\/","name":"Gabon","description":"Just another Africa News Agency Sites site","potentialAction":[{"@type":"SearchAction","target":{"@type":"EntryPoint","urlTemplate":"https:\/\/www.africa-press.net\/gabon\/?s={search_term_string}"},"query-input":{"@type":"PropertyValueSpecification","valueRequired":true,"valueName":"search_term_string"}}],"inLanguage":"fr-FR"},{"@type":"Person","@id":"https:\/\/www.africa-press.net\/gabon\/#\/schema\/person\/2b1cf3cd81a31e3cd26889ca66d677f1","name":"cfeditorfr"}]}},"_links":{"self":[{"href":"https:\/\/www.africa-press.net\/gabon\/wp-json\/wp\/v2\/posts\/13634","targetHints":{"allow":["GET"]}}],"collection":[{"href":"https:\/\/www.africa-press.net\/gabon\/wp-json\/wp\/v2\/posts"}],"about":[{"href":"https:\/\/www.africa-press.net\/gabon\/wp-json\/wp\/v2\/types\/post"}],"author":[{"embeddable":true,"href":"https:\/\/www.africa-press.net\/gabon\/wp-json\/wp\/v2\/users\/82"}],"replies":[{"embeddable":true,"href":"https:\/\/www.africa-press.net\/gabon\/wp-json\/wp\/v2\/comments?post=13634"}],"version-history":[{"count":0,"href":"https:\/\/www.africa-press.net\/gabon\/wp-json\/wp\/v2\/posts\/13634\/revisions"}],"wp:featuredmedia":[{"embeddable":true,"href":"https:\/\/www.africa-press.net\/gabon\/wp-json\/wp\/v2\/media\/13633"}],"wp:attachment":[{"href":"https:\/\/www.africa-press.net\/gabon\/wp-json\/wp\/v2\/media?parent=13634"}],"wp:term":[{"taxonomy":"category","embeddable":true,"href":"https:\/\/www.africa-press.net\/gabon\/wp-json\/wp\/v2\/categories?post=13634"},{"taxonomy":"post_tag","embeddable":true,"href":"https:\/\/www.africa-press.net\/gabon\/wp-json\/wp\/v2\/tags?post=13634"}],"curies":[{"name":"wp","href":"https:\/\/api.w.org\/{rel}","templated":true}]}}