{"id":13642,"date":"2022-12-07T18:45:42","date_gmt":"2022-12-07T18:45:42","guid":{"rendered":"https:\/\/www.africa-press.net\/gabon\/politique\/changement-climatique-le-gabon-et-la-coree-font-equipe-pour-la-lutte"},"modified":"2022-12-07T18:45:42","modified_gmt":"2022-12-07T18:45:42","slug":"changement-climatique-le-gabon-et-la-coree-font-equipe-pour-la-lutte","status":"publish","type":"post","link":"https:\/\/www.africa-press.net\/gabon\/politique\/changement-climatique-le-gabon-et-la-coree-font-equipe-pour-la-lutte","title":{"rendered":"Changement climatique : le Gabon et la Cor\u00e9e font \u00e9quipe pour la lutte"},"content":{"rendered":"<p><span style=\"color: #ff6600\"><strong>Africa-Press &#8211; Gabon. <\/strong><\/span>Le ministre gabonais en charge du Plan climat, Pr Lee White a paraphe\u0301 ce mercredi 7 de\u0301cembre un accord-cadre avec son homologue core\u0301enne Hyoeun Jenny Kim qui officialise la lutte commune de leurs deux pays contre les changements climatiques.<\/p>\n<p>Alors qu\u2019a de\u0301marre\u0301 ce mercredi au Canada la Confe\u0301rence des Nations Unies sur la biodiversite\u0301 (Cop15), le Gabon et la Core\u0301e ont de\u0301cide\u0301 d\u2019unir leurs forces dans la lutte contre les changements climatiques. Le ministre en charge du Plan climat a en effet informe\u0301 dans un tweet qu\u2019il a paraphe\u0301 avec la vice-ministre des Affaires e\u0301trange\u0300res de Core\u0301e, charge\u0301e du changement climatique, Hyoeun Jenny Kim, un accord-cadre de coope\u0301ration y relatif.<\/p>\n<p>Cette entente, selon le Pr Lee White, \u00abs\u2019appuiera sur 60 ans de relations diplomatiques, alors que nos deux pays travaillent ensemble sur tous les aspects du changement climatique\u00bb.<\/p>\n<p>Le Gabon prend part depuis ce jour a\u0300 la Cop15, a\u0300 Montre\u0301al. \u00abLes gouvernements du monde entier se re\u0301uniront pour convenir d\u2019une nouvelle se\u0301rie d\u2019obligations destine\u0301es a\u0300 guider des actions mondiales pour la protection et la restauration de la nature\u00bb, explique le ministe\u0300re de l\u2019Environnement. La fin des travaux est annonce\u0301e pour le 19 de\u0301cembre prochain.<\/p>\n<p><strong>Pour plus d&rsquo;informations et d&rsquo;analyses sur la <a href=\"https:\/\/www.africa-press.net\/gabon\">Gabon<\/a>, suivez <a href=\"https:\/\/www.africa-press.net\/\">Africa-Press<\/a><\/strong><\/p>\n","protected":false},"excerpt":{"rendered":"<p>Africa-Press &#8211; Gabon. Le ministre gabonais en charge du Plan climat, Pr Lee White a paraphe\u0301 ce mercredi 7 de\u0301cembre un accord-cadre avec son homologue core\u0301enne Hyoeun Jenny Kim qui officialise la lutte commune de leurs deux pays contre les changements climatiques. Alors qu\u2019a de\u0301marre\u0301 ce mercredi au Canada la Confe\u0301rence des Nations Unies sur [&hellip;]<\/p>\n","protected":false},"author":82,"featured_media":13641,"comment_status":"open","ping_status":"closed","sticky":false,"template":"","format":"standard","meta":{"footnotes":""},"categories":[2,10],"tags":[36,50,49],"class_list":["post-13642","post","type-post","status-publish","format-standard","has-post-thumbnail","hentry","category-politique","category-toutes-les-actualites","tag-africa-press","tag-africa-press-gabon","tag-gabon"],"yoast_head":"<!-- This site is optimized with the Yoast SEO Premium plugin v26.1 (Yoast SEO v27.0) - https:\/\/yoast.com\/product\/yoast-seo-premium-wordpress\/ -->\n<title>Changement climatique : le Gabon et la Cor\u00e9e font \u00e9quipe pour la lutte - Gabon<\/title>\n<meta name=\"robots\" content=\"index, follow, max-snippet:-1, max-image-preview:large, max-video-preview:-1\" \/>\n<link rel=\"canonical\" href=\"https:\/\/www.africa-press.net\/gabon\/politique\/changement-climatique-le-gabon-et-la-coree-font-equipe-pour-la-lutte\" \/>\n<meta property=\"og:locale\" content=\"fr_FR\" \/>\n<meta property=\"og:type\" content=\"article\" \/>\n<meta property=\"og:title\" content=\"Changement climatique : le Gabon et la Cor\u00e9e font \u00e9quipe pour la lutte\" \/>\n<meta property=\"og:description\" content=\"Africa-Press &#8211; Gabon. Le ministre gabonais en charge du Plan climat, Pr Lee White a paraphe\u0301 ce mercredi 7 de\u0301cembre un accord-cadre avec son homologue core\u0301enne Hyoeun Jenny Kim qui officialise la lutte commune de leurs deux pays contre les changements climatiques. Alors qu\u2019a de\u0301marre\u0301 ce mercredi au Canada la Confe\u0301rence des Nations Unies sur [&hellip;]\" \/>\n<meta property=\"og:url\" content=\"https:\/\/www.africa-press.net\/gabon\/politique\/changement-climatique-le-gabon-et-la-coree-font-equipe-pour-la-lutte\" \/>\n<meta property=\"og:site_name\" content=\"Gabon\" \/>\n<meta property=\"article:published_time\" content=\"2022-12-07T18:45:42+00:00\" \/>\n<meta name=\"author\" content=\"cfeditorfr\" \/>\n<meta name=\"twitter:card\" content=\"summary_large_image\" \/>\n<meta name=\"twitter:label1\" content=\"\u00c9crit par\" \/>\n\t<meta name=\"twitter:data1\" content=\"cfeditorfr\" \/>\n\t<meta name=\"twitter:label2\" content=\"Dur\u00e9e de lecture estim\u00e9e\" \/>\n\t<meta name=\"twitter:data2\" content=\"1 minute\" \/>\n<script type=\"application\/ld+json\" class=\"yoast-schema-graph\">{\"@context\":\"https:\/\/schema.org\",\"@graph\":[{\"@type\":\"Article\",\"@id\":\"https:\/\/www.africa-press.net\/gabon\/politique\/changement-climatique-le-gabon-et-la-coree-font-equipe-pour-la-lutte#article\",\"isPartOf\":{\"@id\":\"https:\/\/www.africa-press.net\/gabon\/politique\/changement-climatique-le-gabon-et-la-coree-font-equipe-pour-la-lutte\"},\"author\":{\"name\":\"cfeditorfr\",\"@id\":\"https:\/\/www.africa-press.net\/gabon\/#\/schema\/person\/2b1cf3cd81a31e3cd26889ca66d677f1\"},\"headline\":\"Changement climatique : le Gabon et la Cor\u00e9e font \u00e9quipe pour la lutte\",\"datePublished\":\"2022-12-07T18:45:42+00:00\",\"mainEntityOfPage\":{\"@id\":\"https:\/\/www.africa-press.net\/gabon\/politique\/changement-climatique-le-gabon-et-la-coree-font-equipe-pour-la-lutte\"},\"wordCount\":244,\"commentCount\":0,\"image\":{\"@id\":\"https:\/\/www.africa-press.net\/gabon\/politique\/changement-climatique-le-gabon-et-la-coree-font-equipe-pour-la-lutte#primaryimage\"},\"thumbnailUrl\":\"https:\/\/static.africa-press.net\/gabon\/sites\/54\/2022\/12\/postQueueImg_1670426145.78.jpg\",\"keywords\":[\"Africa Press\",\"Africa Press-Gabon\",\"Gabon\"],\"articleSection\":[\"Politique\",\"Toutes les actualit\u00e9s\"],\"inLanguage\":\"fr-FR\",\"potentialAction\":[{\"@type\":\"CommentAction\",\"name\":\"Comment\",\"target\":[\"https:\/\/www.africa-press.net\/gabon\/politique\/changement-climatique-le-gabon-et-la-coree-font-equipe-pour-la-lutte#respond\"]}]},{\"@type\":\"WebPage\",\"@id\":\"https:\/\/www.africa-press.net\/gabon\/politique\/changement-climatique-le-gabon-et-la-coree-font-equipe-pour-la-lutte\",\"url\":\"https:\/\/www.africa-press.net\/gabon\/politique\/changement-climatique-le-gabon-et-la-coree-font-equipe-pour-la-lutte\",\"name\":\"Changement climatique : le Gabon et la Cor\u00e9e font \u00e9quipe pour la lutte - Gabon\",\"isPartOf\":{\"@id\":\"https:\/\/www.africa-press.net\/gabon\/#website\"},\"primaryImageOfPage\":{\"@id\":\"https:\/\/www.africa-press.net\/gabon\/politique\/changement-climatique-le-gabon-et-la-coree-font-equipe-pour-la-lutte#primaryimage\"},\"image\":{\"@id\":\"https:\/\/www.africa-press.net\/gabon\/politique\/changement-climatique-le-gabon-et-la-coree-font-equipe-pour-la-lutte#primaryimage\"},\"thumbnailUrl\":\"https:\/\/static.africa-press.net\/gabon\/sites\/54\/2022\/12\/postQueueImg_1670426145.78.jpg\",\"datePublished\":\"2022-12-07T18:45:42+00:00\",\"author\":{\"@id\":\"https:\/\/www.africa-press.net\/gabon\/#\/schema\/person\/2b1cf3cd81a31e3cd26889ca66d677f1\"},\"breadcrumb\":{\"@id\":\"https:\/\/www.africa-press.net\/gabon\/politique\/changement-climatique-le-gabon-et-la-coree-font-equipe-pour-la-lutte#breadcrumb\"},\"inLanguage\":\"fr-FR\",\"potentialAction\":[{\"@type\":\"ReadAction\",\"target\":[\"https:\/\/www.africa-press.net\/gabon\/politique\/changement-climatique-le-gabon-et-la-coree-font-equipe-pour-la-lutte\"]}]},{\"@type\":\"ImageObject\",\"inLanguage\":\"fr-FR\",\"@id\":\"https:\/\/www.africa-press.net\/gabon\/politique\/changement-climatique-le-gabon-et-la-coree-font-equipe-pour-la-lutte#primaryimage\",\"url\":\"https:\/\/static.africa-press.net\/gabon\/sites\/54\/2022\/12\/postQueueImg_1670426145.78.jpg\",\"contentUrl\":\"https:\/\/static.africa-press.net\/gabon\/sites\/54\/2022\/12\/postQueueImg_1670426145.78.jpg\",\"width\":720,\"height\":481,\"caption\":\"Changement climatique : le Gabon et la Cor\u00e9e font \u00e9quipe pour la lutte\"},{\"@type\":\"BreadcrumbList\",\"@id\":\"https:\/\/www.africa-press.net\/gabon\/politique\/changement-climatique-le-gabon-et-la-coree-font-equipe-pour-la-lutte#breadcrumb\",\"itemListElement\":[{\"@type\":\"ListItem\",\"position\":1,\"name\":\"Accueil\",\"item\":\"https:\/\/www.africa-press.net\/gabon\/\"},{\"@type\":\"ListItem\",\"position\":2,\"name\":\"Changement climatique : le Gabon et la Cor\u00e9e font \u00e9quipe pour la lutte\"}]},{\"@type\":\"WebSite\",\"@id\":\"https:\/\/www.africa-press.net\/gabon\/#website\",\"url\":\"https:\/\/www.africa-press.net\/gabon\/\",\"name\":\"Gabon\",\"description\":\"Just another Africa News Agency Sites site\",\"potentialAction\":[{\"@type\":\"SearchAction\",\"target\":{\"@type\":\"EntryPoint\",\"urlTemplate\":\"https:\/\/www.africa-press.net\/gabon\/?s={search_term_string}\"},\"query-input\":{\"@type\":\"PropertyValueSpecification\",\"valueRequired\":true,\"valueName\":\"search_term_string\"}}],\"inLanguage\":\"fr-FR\"},{\"@type\":\"Person\",\"@id\":\"https:\/\/www.africa-press.net\/gabon\/#\/schema\/person\/2b1cf3cd81a31e3cd26889ca66d677f1\",\"name\":\"cfeditorfr\"}]}<\/script>\n<!-- \/ Yoast SEO Premium plugin. -->","yoast_head_json":{"title":"Changement climatique : le Gabon et la Cor\u00e9e font \u00e9quipe pour la lutte - Gabon","robots":{"index":"index","follow":"follow","max-snippet":"max-snippet:-1","max-image-preview":"max-image-preview:large","max-video-preview":"max-video-preview:-1"},"canonical":"https:\/\/www.africa-press.net\/gabon\/politique\/changement-climatique-le-gabon-et-la-coree-font-equipe-pour-la-lutte","og_locale":"fr_FR","og_type":"article","og_title":"Changement climatique : le Gabon et la Cor\u00e9e font \u00e9quipe pour la lutte","og_description":"Africa-Press &#8211; Gabon. Le ministre gabonais en charge du Plan climat, Pr Lee White a paraphe\u0301 ce mercredi 7 de\u0301cembre un accord-cadre avec son homologue core\u0301enne Hyoeun Jenny Kim qui officialise la lutte commune de leurs deux pays contre les changements climatiques. Alors qu\u2019a de\u0301marre\u0301 ce mercredi au Canada la Confe\u0301rence des Nations Unies sur [&hellip;]","og_url":"https:\/\/www.africa-press.net\/gabon\/politique\/changement-climatique-le-gabon-et-la-coree-font-equipe-pour-la-lutte","og_site_name":"Gabon","article_published_time":"2022-12-07T18:45:42+00:00","author":"cfeditorfr","twitter_card":"summary_large_image","twitter_misc":{"\u00c9crit par":"cfeditorfr","Dur\u00e9e de lecture estim\u00e9e":"1 minute"},"schema":{"@context":"https:\/\/schema.org","@graph":[{"@type":"Article","@id":"https:\/\/www.africa-press.net\/gabon\/politique\/changement-climatique-le-gabon-et-la-coree-font-equipe-pour-la-lutte#article","isPartOf":{"@id":"https:\/\/www.africa-press.net\/gabon\/politique\/changement-climatique-le-gabon-et-la-coree-font-equipe-pour-la-lutte"},"author":{"name":"cfeditorfr","@id":"https:\/\/www.africa-press.net\/gabon\/#\/schema\/person\/2b1cf3cd81a31e3cd26889ca66d677f1"},"headline":"Changement climatique : le Gabon et la Cor\u00e9e font \u00e9quipe pour la lutte","datePublished":"2022-12-07T18:45:42+00:00","mainEntityOfPage":{"@id":"https:\/\/www.africa-press.net\/gabon\/politique\/changement-climatique-le-gabon-et-la-coree-font-equipe-pour-la-lutte"},"wordCount":244,"commentCount":0,"image":{"@id":"https:\/\/www.africa-press.net\/gabon\/politique\/changement-climatique-le-gabon-et-la-coree-font-equipe-pour-la-lutte#primaryimage"},"thumbnailUrl":"https:\/\/static.africa-press.net\/gabon\/sites\/54\/2022\/12\/postQueueImg_1670426145.78.jpg","keywords":["Africa Press","Africa Press-Gabon","Gabon"],"articleSection":["Politique","Toutes les actualit\u00e9s"],"inLanguage":"fr-FR","potentialAction":[{"@type":"CommentAction","name":"Comment","target":["https:\/\/www.africa-press.net\/gabon\/politique\/changement-climatique-le-gabon-et-la-coree-font-equipe-pour-la-lutte#respond"]}]},{"@type":"WebPage","@id":"https:\/\/www.africa-press.net\/gabon\/politique\/changement-climatique-le-gabon-et-la-coree-font-equipe-pour-la-lutte","url":"https:\/\/www.africa-press.net\/gabon\/politique\/changement-climatique-le-gabon-et-la-coree-font-equipe-pour-la-lutte","name":"Changement climatique : le Gabon et la Cor\u00e9e font \u00e9quipe pour la lutte - Gabon","isPartOf":{"@id":"https:\/\/www.africa-press.net\/gabon\/#website"},"primaryImageOfPage":{"@id":"https:\/\/www.africa-press.net\/gabon\/politique\/changement-climatique-le-gabon-et-la-coree-font-equipe-pour-la-lutte#primaryimage"},"image":{"@id":"https:\/\/www.africa-press.net\/gabon\/politique\/changement-climatique-le-gabon-et-la-coree-font-equipe-pour-la-lutte#primaryimage"},"thumbnailUrl":"https:\/\/static.africa-press.net\/gabon\/sites\/54\/2022\/12\/postQueueImg_1670426145.78.jpg","datePublished":"2022-12-07T18:45:42+00:00","author":{"@id":"https:\/\/www.africa-press.net\/gabon\/#\/schema\/person\/2b1cf3cd81a31e3cd26889ca66d677f1"},"breadcrumb":{"@id":"https:\/\/www.africa-press.net\/gabon\/politique\/changement-climatique-le-gabon-et-la-coree-font-equipe-pour-la-lutte#breadcrumb"},"inLanguage":"fr-FR","potentialAction":[{"@type":"ReadAction","target":["https:\/\/www.africa-press.net\/gabon\/politique\/changement-climatique-le-gabon-et-la-coree-font-equipe-pour-la-lutte"]}]},{"@type":"ImageObject","inLanguage":"fr-FR","@id":"https:\/\/www.africa-press.net\/gabon\/politique\/changement-climatique-le-gabon-et-la-coree-font-equipe-pour-la-lutte#primaryimage","url":"https:\/\/static.africa-press.net\/gabon\/sites\/54\/2022\/12\/postQueueImg_1670426145.78.jpg","contentUrl":"https:\/\/static.africa-press.net\/gabon\/sites\/54\/2022\/12\/postQueueImg_1670426145.78.jpg","width":720,"height":481,"caption":"Changement climatique : le Gabon et la Cor\u00e9e font \u00e9quipe pour la lutte"},{"@type":"BreadcrumbList","@id":"https:\/\/www.africa-press.net\/gabon\/politique\/changement-climatique-le-gabon-et-la-coree-font-equipe-pour-la-lutte#breadcrumb","itemListElement":[{"@type":"ListItem","position":1,"name":"Accueil","item":"https:\/\/www.africa-press.net\/gabon\/"},{"@type":"ListItem","position":2,"name":"Changement climatique : le Gabon et la Cor\u00e9e font \u00e9quipe pour la lutte"}]},{"@type":"WebSite","@id":"https:\/\/www.africa-press.net\/gabon\/#website","url":"https:\/\/www.africa-press.net\/gabon\/","name":"Gabon","description":"Just another Africa News Agency Sites site","potentialAction":[{"@type":"SearchAction","target":{"@type":"EntryPoint","urlTemplate":"https:\/\/www.africa-press.net\/gabon\/?s={search_term_string}"},"query-input":{"@type":"PropertyValueSpecification","valueRequired":true,"valueName":"search_term_string"}}],"inLanguage":"fr-FR"},{"@type":"Person","@id":"https:\/\/www.africa-press.net\/gabon\/#\/schema\/person\/2b1cf3cd81a31e3cd26889ca66d677f1","name":"cfeditorfr"}]}},"_links":{"self":[{"href":"https:\/\/www.africa-press.net\/gabon\/wp-json\/wp\/v2\/posts\/13642","targetHints":{"allow":["GET"]}}],"collection":[{"href":"https:\/\/www.africa-press.net\/gabon\/wp-json\/wp\/v2\/posts"}],"about":[{"href":"https:\/\/www.africa-press.net\/gabon\/wp-json\/wp\/v2\/types\/post"}],"author":[{"embeddable":true,"href":"https:\/\/www.africa-press.net\/gabon\/wp-json\/wp\/v2\/users\/82"}],"replies":[{"embeddable":true,"href":"https:\/\/www.africa-press.net\/gabon\/wp-json\/wp\/v2\/comments?post=13642"}],"version-history":[{"count":0,"href":"https:\/\/www.africa-press.net\/gabon\/wp-json\/wp\/v2\/posts\/13642\/revisions"}],"wp:featuredmedia":[{"embeddable":true,"href":"https:\/\/www.africa-press.net\/gabon\/wp-json\/wp\/v2\/media\/13641"}],"wp:attachment":[{"href":"https:\/\/www.africa-press.net\/gabon\/wp-json\/wp\/v2\/media?parent=13642"}],"wp:term":[{"taxonomy":"category","embeddable":true,"href":"https:\/\/www.africa-press.net\/gabon\/wp-json\/wp\/v2\/categories?post=13642"},{"taxonomy":"post_tag","embeddable":true,"href":"https:\/\/www.africa-press.net\/gabon\/wp-json\/wp\/v2\/tags?post=13642"}],"curies":[{"name":"wp","href":"https:\/\/api.w.org\/{rel}","templated":true}]}}