{"id":13652,"date":"2022-12-08T18:15:55","date_gmt":"2022-12-08T18:15:55","guid":{"rendered":"https:\/\/www.africa-press.net\/gabon\/politique\/8eme-session-du-conseil-communautaire-de-la-concurrence-du-07-au-12-decembre-2022-a-libreville"},"modified":"2022-12-08T18:15:55","modified_gmt":"2022-12-08T18:15:55","slug":"8eme-session-du-conseil-communautaire-de-la-concurrence-du-07-au-12-decembre-2022-a-libreville","status":"publish","type":"post","link":"https:\/\/www.africa-press.net\/gabon\/politique\/8eme-session-du-conseil-communautaire-de-la-concurrence-du-07-au-12-decembre-2022-a-libreville","title":{"rendered":"8\u00e8me session du Conseil communautaire de la Concurrence du 07 au 12 d\u00e9cembre 2022 \u00e0 Libreville"},"content":{"rendered":"<p><span style=\"color: #ff6600\"><strong>Africa-Press &#8211; Gabon. <\/strong><\/span><b>Le Gabon accueille pour la premie\u0300re fois une session du conseil communautaire de la Concurrence en zone CEMAC du 07 au 12 de\u0301cembre 2022.<\/b><br \/>\n<b>Le Gabon accueille pour la premie\u0300re fois une session du conseil communautaire de la Concurrence en zone CEMAC du 07 au 12 de\u0301cembre 2022.<\/b><\/p>\n<p>Occasion pour le Directeur Ge\u0301ne\u0301ral de la Concurrence et de la Consommation, Luther Steeven Abouna Yangui d\u2019e\u0301voquer avec ses pairs le fonctionnement de cette organisation.<\/p>\n<p>Ouverts par le Commissaire au Marche\u0301 Commun de la CEMAC, Michel Niama, il sera e\u0301galement question d\u2019e\u0301mettre des avis sur toutes les notifications des ope\u0301rations de concentration e\u0301conomique et de faire le point des ope\u0301rations re\u0301alise\u0301es sans accord pre\u0301alable.<\/p>\n<p>En outre, chaque E\u0301tat membre devra aussi faire un bilan des enque\u0302tes simples sectorielles dans les domaines des te\u0301le\u0301communications, des transports et de l\u2019e\u0301nergie.<\/p>\n<p><b>Antoine Relaxe<\/b><\/p>\n<p><strong>Pour plus d&rsquo;informations et d&rsquo;analyses sur la <a href=\"https:\/\/www.africa-press.net\/gabon\">Gabon<\/a>, suivez <a href=\"https:\/\/www.africa-press.net\/\">Africa-Press<\/a><\/strong><\/p>\n","protected":false},"excerpt":{"rendered":"<p>Africa-Press &#8211; Gabon. Le Gabon accueille pour la premie\u0300re fois une session du conseil communautaire de la Concurrence en zone CEMAC du 07 au 12 de\u0301cembre 2022. Le Gabon accueille pour la premie\u0300re fois une session du conseil communautaire de la Concurrence en zone CEMAC du 07 au 12 de\u0301cembre 2022. Occasion pour le Directeur [&hellip;]<\/p>\n","protected":false},"author":82,"featured_media":13651,"comment_status":"open","ping_status":"closed","sticky":false,"template":"","format":"standard","meta":{"footnotes":""},"categories":[2,10],"tags":[36,50,49],"class_list":["post-13652","post","type-post","status-publish","format-standard","has-post-thumbnail","hentry","category-politique","category-toutes-les-actualites","tag-africa-press","tag-africa-press-gabon","tag-gabon"],"yoast_head":"<!-- This site is optimized with the Yoast SEO Premium plugin v26.1 (Yoast SEO v27.0) - https:\/\/yoast.com\/product\/yoast-seo-premium-wordpress\/ -->\n<title>8\u00e8me session du Conseil communautaire de la Concurrence du 07 au 12 d\u00e9cembre 2022 \u00e0 Libreville - Gabon<\/title>\n<meta name=\"robots\" content=\"index, follow, max-snippet:-1, max-image-preview:large, max-video-preview:-1\" \/>\n<link rel=\"canonical\" href=\"https:\/\/www.africa-press.net\/gabon\/politique\/8eme-session-du-conseil-communautaire-de-la-concurrence-du-07-au-12-decembre-2022-a-libreville\" \/>\n<meta property=\"og:locale\" content=\"fr_FR\" \/>\n<meta property=\"og:type\" content=\"article\" \/>\n<meta property=\"og:title\" content=\"8\u00e8me session du Conseil communautaire de la Concurrence du 07 au 12 d\u00e9cembre 2022 \u00e0 Libreville\" \/>\n<meta property=\"og:description\" content=\"Africa-Press &#8211; Gabon. Le Gabon accueille pour la premie\u0300re fois une session du conseil communautaire de la Concurrence en zone CEMAC du 07 au 12 de\u0301cembre 2022. Le Gabon accueille pour la premie\u0300re fois une session du conseil communautaire de la Concurrence en zone CEMAC du 07 au 12 de\u0301cembre 2022. Occasion pour le Directeur [&hellip;]\" \/>\n<meta property=\"og:url\" content=\"https:\/\/www.africa-press.net\/gabon\/politique\/8eme-session-du-conseil-communautaire-de-la-concurrence-du-07-au-12-decembre-2022-a-libreville\" \/>\n<meta property=\"og:site_name\" content=\"Gabon\" \/>\n<meta property=\"article:published_time\" content=\"2022-12-08T18:15:55+00:00\" \/>\n<meta name=\"author\" content=\"cfeditorfr\" \/>\n<meta name=\"twitter:card\" content=\"summary_large_image\" \/>\n<meta name=\"twitter:label1\" content=\"\u00c9crit par\" \/>\n\t<meta name=\"twitter:data1\" content=\"cfeditorfr\" \/>\n\t<meta name=\"twitter:label2\" content=\"Dur\u00e9e de lecture estim\u00e9e\" \/>\n\t<meta name=\"twitter:data2\" content=\"1 minute\" \/>\n<script type=\"application\/ld+json\" class=\"yoast-schema-graph\">{\"@context\":\"https:\/\/schema.org\",\"@graph\":[{\"@type\":\"Article\",\"@id\":\"https:\/\/www.africa-press.net\/gabon\/politique\/8eme-session-du-conseil-communautaire-de-la-concurrence-du-07-au-12-decembre-2022-a-libreville#article\",\"isPartOf\":{\"@id\":\"https:\/\/www.africa-press.net\/gabon\/politique\/8eme-session-du-conseil-communautaire-de-la-concurrence-du-07-au-12-decembre-2022-a-libreville\"},\"author\":{\"name\":\"cfeditorfr\",\"@id\":\"https:\/\/www.africa-press.net\/gabon\/#\/schema\/person\/2b1cf3cd81a31e3cd26889ca66d677f1\"},\"headline\":\"8\u00e8me session du Conseil communautaire de la Concurrence du 07 au 12 d\u00e9cembre 2022 \u00e0 Libreville\",\"datePublished\":\"2022-12-08T18:15:55+00:00\",\"mainEntityOfPage\":{\"@id\":\"https:\/\/www.africa-press.net\/gabon\/politique\/8eme-session-du-conseil-communautaire-de-la-concurrence-du-07-au-12-decembre-2022-a-libreville\"},\"wordCount\":183,\"commentCount\":0,\"image\":{\"@id\":\"https:\/\/www.africa-press.net\/gabon\/politique\/8eme-session-du-conseil-communautaire-de-la-concurrence-du-07-au-12-decembre-2022-a-libreville#primaryimage\"},\"thumbnailUrl\":\"https:\/\/static.africa-press.net\/gabon\/sites\/54\/2022\/12\/postQueueImg_1670510969.99.jpg\",\"keywords\":[\"Africa Press\",\"Africa Press-Gabon\",\"Gabon\"],\"articleSection\":[\"Politique\",\"Toutes les actualit\u00e9s\"],\"inLanguage\":\"fr-FR\",\"potentialAction\":[{\"@type\":\"CommentAction\",\"name\":\"Comment\",\"target\":[\"https:\/\/www.africa-press.net\/gabon\/politique\/8eme-session-du-conseil-communautaire-de-la-concurrence-du-07-au-12-decembre-2022-a-libreville#respond\"]}]},{\"@type\":\"WebPage\",\"@id\":\"https:\/\/www.africa-press.net\/gabon\/politique\/8eme-session-du-conseil-communautaire-de-la-concurrence-du-07-au-12-decembre-2022-a-libreville\",\"url\":\"https:\/\/www.africa-press.net\/gabon\/politique\/8eme-session-du-conseil-communautaire-de-la-concurrence-du-07-au-12-decembre-2022-a-libreville\",\"name\":\"8\u00e8me session du Conseil communautaire de la Concurrence du 07 au 12 d\u00e9cembre 2022 \u00e0 Libreville - Gabon\",\"isPartOf\":{\"@id\":\"https:\/\/www.africa-press.net\/gabon\/#website\"},\"primaryImageOfPage\":{\"@id\":\"https:\/\/www.africa-press.net\/gabon\/politique\/8eme-session-du-conseil-communautaire-de-la-concurrence-du-07-au-12-decembre-2022-a-libreville#primaryimage\"},\"image\":{\"@id\":\"https:\/\/www.africa-press.net\/gabon\/politique\/8eme-session-du-conseil-communautaire-de-la-concurrence-du-07-au-12-decembre-2022-a-libreville#primaryimage\"},\"thumbnailUrl\":\"https:\/\/static.africa-press.net\/gabon\/sites\/54\/2022\/12\/postQueueImg_1670510969.99.jpg\",\"datePublished\":\"2022-12-08T18:15:55+00:00\",\"author\":{\"@id\":\"https:\/\/www.africa-press.net\/gabon\/#\/schema\/person\/2b1cf3cd81a31e3cd26889ca66d677f1\"},\"breadcrumb\":{\"@id\":\"https:\/\/www.africa-press.net\/gabon\/politique\/8eme-session-du-conseil-communautaire-de-la-concurrence-du-07-au-12-decembre-2022-a-libreville#breadcrumb\"},\"inLanguage\":\"fr-FR\",\"potentialAction\":[{\"@type\":\"ReadAction\",\"target\":[\"https:\/\/www.africa-press.net\/gabon\/politique\/8eme-session-du-conseil-communautaire-de-la-concurrence-du-07-au-12-decembre-2022-a-libreville\"]}]},{\"@type\":\"ImageObject\",\"inLanguage\":\"fr-FR\",\"@id\":\"https:\/\/www.africa-press.net\/gabon\/politique\/8eme-session-du-conseil-communautaire-de-la-concurrence-du-07-au-12-decembre-2022-a-libreville#primaryimage\",\"url\":\"https:\/\/static.africa-press.net\/gabon\/sites\/54\/2022\/12\/postQueueImg_1670510969.99.jpg\",\"contentUrl\":\"https:\/\/static.africa-press.net\/gabon\/sites\/54\/2022\/12\/postQueueImg_1670510969.99.jpg\",\"width\":1080,\"height\":720,\"caption\":\"8\u00e8me session du Conseil communautaire de la Concurrence du 07 au 12 d\u00e9cembre 2022 \u00e0 Libreville\"},{\"@type\":\"BreadcrumbList\",\"@id\":\"https:\/\/www.africa-press.net\/gabon\/politique\/8eme-session-du-conseil-communautaire-de-la-concurrence-du-07-au-12-decembre-2022-a-libreville#breadcrumb\",\"itemListElement\":[{\"@type\":\"ListItem\",\"position\":1,\"name\":\"Accueil\",\"item\":\"https:\/\/www.africa-press.net\/gabon\/\"},{\"@type\":\"ListItem\",\"position\":2,\"name\":\"8\u00e8me session du Conseil communautaire de la Concurrence du 07 au 12 d\u00e9cembre 2022 \u00e0 Libreville\"}]},{\"@type\":\"WebSite\",\"@id\":\"https:\/\/www.africa-press.net\/gabon\/#website\",\"url\":\"https:\/\/www.africa-press.net\/gabon\/\",\"name\":\"Gabon\",\"description\":\"Just another Africa News Agency Sites site\",\"potentialAction\":[{\"@type\":\"SearchAction\",\"target\":{\"@type\":\"EntryPoint\",\"urlTemplate\":\"https:\/\/www.africa-press.net\/gabon\/?s={search_term_string}\"},\"query-input\":{\"@type\":\"PropertyValueSpecification\",\"valueRequired\":true,\"valueName\":\"search_term_string\"}}],\"inLanguage\":\"fr-FR\"},{\"@type\":\"Person\",\"@id\":\"https:\/\/www.africa-press.net\/gabon\/#\/schema\/person\/2b1cf3cd81a31e3cd26889ca66d677f1\",\"name\":\"cfeditorfr\"}]}<\/script>\n<!-- \/ Yoast SEO Premium plugin. -->","yoast_head_json":{"title":"8\u00e8me session du Conseil communautaire de la Concurrence du 07 au 12 d\u00e9cembre 2022 \u00e0 Libreville - Gabon","robots":{"index":"index","follow":"follow","max-snippet":"max-snippet:-1","max-image-preview":"max-image-preview:large","max-video-preview":"max-video-preview:-1"},"canonical":"https:\/\/www.africa-press.net\/gabon\/politique\/8eme-session-du-conseil-communautaire-de-la-concurrence-du-07-au-12-decembre-2022-a-libreville","og_locale":"fr_FR","og_type":"article","og_title":"8\u00e8me session du Conseil communautaire de la Concurrence du 07 au 12 d\u00e9cembre 2022 \u00e0 Libreville","og_description":"Africa-Press &#8211; Gabon. Le Gabon accueille pour la premie\u0300re fois une session du conseil communautaire de la Concurrence en zone CEMAC du 07 au 12 de\u0301cembre 2022. Le Gabon accueille pour la premie\u0300re fois une session du conseil communautaire de la Concurrence en zone CEMAC du 07 au 12 de\u0301cembre 2022. Occasion pour le Directeur [&hellip;]","og_url":"https:\/\/www.africa-press.net\/gabon\/politique\/8eme-session-du-conseil-communautaire-de-la-concurrence-du-07-au-12-decembre-2022-a-libreville","og_site_name":"Gabon","article_published_time":"2022-12-08T18:15:55+00:00","author":"cfeditorfr","twitter_card":"summary_large_image","twitter_misc":{"\u00c9crit par":"cfeditorfr","Dur\u00e9e de lecture estim\u00e9e":"1 minute"},"schema":{"@context":"https:\/\/schema.org","@graph":[{"@type":"Article","@id":"https:\/\/www.africa-press.net\/gabon\/politique\/8eme-session-du-conseil-communautaire-de-la-concurrence-du-07-au-12-decembre-2022-a-libreville#article","isPartOf":{"@id":"https:\/\/www.africa-press.net\/gabon\/politique\/8eme-session-du-conseil-communautaire-de-la-concurrence-du-07-au-12-decembre-2022-a-libreville"},"author":{"name":"cfeditorfr","@id":"https:\/\/www.africa-press.net\/gabon\/#\/schema\/person\/2b1cf3cd81a31e3cd26889ca66d677f1"},"headline":"8\u00e8me session du Conseil communautaire de la Concurrence du 07 au 12 d\u00e9cembre 2022 \u00e0 Libreville","datePublished":"2022-12-08T18:15:55+00:00","mainEntityOfPage":{"@id":"https:\/\/www.africa-press.net\/gabon\/politique\/8eme-session-du-conseil-communautaire-de-la-concurrence-du-07-au-12-decembre-2022-a-libreville"},"wordCount":183,"commentCount":0,"image":{"@id":"https:\/\/www.africa-press.net\/gabon\/politique\/8eme-session-du-conseil-communautaire-de-la-concurrence-du-07-au-12-decembre-2022-a-libreville#primaryimage"},"thumbnailUrl":"https:\/\/static.africa-press.net\/gabon\/sites\/54\/2022\/12\/postQueueImg_1670510969.99.jpg","keywords":["Africa Press","Africa Press-Gabon","Gabon"],"articleSection":["Politique","Toutes les actualit\u00e9s"],"inLanguage":"fr-FR","potentialAction":[{"@type":"CommentAction","name":"Comment","target":["https:\/\/www.africa-press.net\/gabon\/politique\/8eme-session-du-conseil-communautaire-de-la-concurrence-du-07-au-12-decembre-2022-a-libreville#respond"]}]},{"@type":"WebPage","@id":"https:\/\/www.africa-press.net\/gabon\/politique\/8eme-session-du-conseil-communautaire-de-la-concurrence-du-07-au-12-decembre-2022-a-libreville","url":"https:\/\/www.africa-press.net\/gabon\/politique\/8eme-session-du-conseil-communautaire-de-la-concurrence-du-07-au-12-decembre-2022-a-libreville","name":"8\u00e8me session du Conseil communautaire de la Concurrence du 07 au 12 d\u00e9cembre 2022 \u00e0 Libreville - Gabon","isPartOf":{"@id":"https:\/\/www.africa-press.net\/gabon\/#website"},"primaryImageOfPage":{"@id":"https:\/\/www.africa-press.net\/gabon\/politique\/8eme-session-du-conseil-communautaire-de-la-concurrence-du-07-au-12-decembre-2022-a-libreville#primaryimage"},"image":{"@id":"https:\/\/www.africa-press.net\/gabon\/politique\/8eme-session-du-conseil-communautaire-de-la-concurrence-du-07-au-12-decembre-2022-a-libreville#primaryimage"},"thumbnailUrl":"https:\/\/static.africa-press.net\/gabon\/sites\/54\/2022\/12\/postQueueImg_1670510969.99.jpg","datePublished":"2022-12-08T18:15:55+00:00","author":{"@id":"https:\/\/www.africa-press.net\/gabon\/#\/schema\/person\/2b1cf3cd81a31e3cd26889ca66d677f1"},"breadcrumb":{"@id":"https:\/\/www.africa-press.net\/gabon\/politique\/8eme-session-du-conseil-communautaire-de-la-concurrence-du-07-au-12-decembre-2022-a-libreville#breadcrumb"},"inLanguage":"fr-FR","potentialAction":[{"@type":"ReadAction","target":["https:\/\/www.africa-press.net\/gabon\/politique\/8eme-session-du-conseil-communautaire-de-la-concurrence-du-07-au-12-decembre-2022-a-libreville"]}]},{"@type":"ImageObject","inLanguage":"fr-FR","@id":"https:\/\/www.africa-press.net\/gabon\/politique\/8eme-session-du-conseil-communautaire-de-la-concurrence-du-07-au-12-decembre-2022-a-libreville#primaryimage","url":"https:\/\/static.africa-press.net\/gabon\/sites\/54\/2022\/12\/postQueueImg_1670510969.99.jpg","contentUrl":"https:\/\/static.africa-press.net\/gabon\/sites\/54\/2022\/12\/postQueueImg_1670510969.99.jpg","width":1080,"height":720,"caption":"8\u00e8me session du Conseil communautaire de la Concurrence du 07 au 12 d\u00e9cembre 2022 \u00e0 Libreville"},{"@type":"BreadcrumbList","@id":"https:\/\/www.africa-press.net\/gabon\/politique\/8eme-session-du-conseil-communautaire-de-la-concurrence-du-07-au-12-decembre-2022-a-libreville#breadcrumb","itemListElement":[{"@type":"ListItem","position":1,"name":"Accueil","item":"https:\/\/www.africa-press.net\/gabon\/"},{"@type":"ListItem","position":2,"name":"8\u00e8me session du Conseil communautaire de la Concurrence du 07 au 12 d\u00e9cembre 2022 \u00e0 Libreville"}]},{"@type":"WebSite","@id":"https:\/\/www.africa-press.net\/gabon\/#website","url":"https:\/\/www.africa-press.net\/gabon\/","name":"Gabon","description":"Just another Africa News Agency Sites site","potentialAction":[{"@type":"SearchAction","target":{"@type":"EntryPoint","urlTemplate":"https:\/\/www.africa-press.net\/gabon\/?s={search_term_string}"},"query-input":{"@type":"PropertyValueSpecification","valueRequired":true,"valueName":"search_term_string"}}],"inLanguage":"fr-FR"},{"@type":"Person","@id":"https:\/\/www.africa-press.net\/gabon\/#\/schema\/person\/2b1cf3cd81a31e3cd26889ca66d677f1","name":"cfeditorfr"}]}},"_links":{"self":[{"href":"https:\/\/www.africa-press.net\/gabon\/wp-json\/wp\/v2\/posts\/13652","targetHints":{"allow":["GET"]}}],"collection":[{"href":"https:\/\/www.africa-press.net\/gabon\/wp-json\/wp\/v2\/posts"}],"about":[{"href":"https:\/\/www.africa-press.net\/gabon\/wp-json\/wp\/v2\/types\/post"}],"author":[{"embeddable":true,"href":"https:\/\/www.africa-press.net\/gabon\/wp-json\/wp\/v2\/users\/82"}],"replies":[{"embeddable":true,"href":"https:\/\/www.africa-press.net\/gabon\/wp-json\/wp\/v2\/comments?post=13652"}],"version-history":[{"count":0,"href":"https:\/\/www.africa-press.net\/gabon\/wp-json\/wp\/v2\/posts\/13652\/revisions"}],"wp:featuredmedia":[{"embeddable":true,"href":"https:\/\/www.africa-press.net\/gabon\/wp-json\/wp\/v2\/media\/13651"}],"wp:attachment":[{"href":"https:\/\/www.africa-press.net\/gabon\/wp-json\/wp\/v2\/media?parent=13652"}],"wp:term":[{"taxonomy":"category","embeddable":true,"href":"https:\/\/www.africa-press.net\/gabon\/wp-json\/wp\/v2\/categories?post=13652"},{"taxonomy":"post_tag","embeddable":true,"href":"https:\/\/www.africa-press.net\/gabon\/wp-json\/wp\/v2\/tags?post=13652"}],"curies":[{"name":"wp","href":"https:\/\/api.w.org\/{rel}","templated":true}]}}