{"id":13656,"date":"2022-12-08T18:21:17","date_gmt":"2022-12-08T18:21:17","guid":{"rendered":"https:\/\/www.africa-press.net\/gabon\/politique\/integration-sous-regionale-la-cemac-prevoit-un-poste-controle-unique-frontalier-a-kye-ossi"},"modified":"2022-12-08T18:21:17","modified_gmt":"2022-12-08T18:21:17","slug":"integration-sous-regionale-la-cemac-prevoit-un-poste-controle-unique-frontalier-a-kye-ossi","status":"publish","type":"post","link":"https:\/\/www.africa-press.net\/gabon\/economie\/integration-sous-regionale-la-cemac-prevoit-un-poste-controle-unique-frontalier-a-kye-ossi","title":{"rendered":"Int\u00e9gration sous r\u00e9gionale\u00a0: La Cemac pr\u00e9voit un poste contr\u00f4le unique frontalier \u00e0 Ky\u00e9-Ossi"},"content":{"rendered":"<p><span style=\"color: #ff6600\"><strong>Africa-Press &#8211; Gabon. <\/strong><\/span><b>La commission de la Communaute\u0301 e\u0301conomique et mone\u0301taire de l\u2019Afrique centrale (Cemac) pre\u0301voit la construction d\u2019un poste de contro\u0302le unique frontalier (PCUF) a\u0300 Kye\u0301-Ossi appele\u0301 \u00ab Zone des trois frontie\u0300res \u00bb, car reliant le Cameroun, le Gabon et la Guine\u0301e e\u0301quatoriale.<\/b><\/p>\n<p>Les transports repre\u0301sentent un catalyseur pour une croissance et un de\u0301veloppement e\u0301conomique durable. Ame\u0301liorer l\u2019infrastructure de transport dans l\u2019espace Cemac permettrait de faciliter et d\u2019augmenter la croissance commerciale au niveau sous-re\u0301gional, de re\u0301duire les cou\u0302ts des transactions commerciales et de rendre les pays de la Communaute\u0301 e\u0301conomique et mone\u0301taire de l\u2019Afrique central plus compe\u0301titifs.<\/p>\n<p>Dans cette optique, la commission de la Cemac entrevoit de doter l\u2019un des arrondissements du de\u0301partement de la Valle\u0301e-du-Ntem, situe\u0301 pre\u0301cise\u0301ment a\u0300 la Zone des trois frontie\u0300res (ZTF) entre le Cameroun, le Gabon et la Guine\u0301e e\u0301quatoriale, d\u2019un poste de contro\u0302le unique frontalier (PCUF). \u00ab L\u2019objectif de ce projet se re\u0301sume a\u0300 la facilitation des transports et du transit, la facilitation des e\u0301changes commerciaux intracommunautaires, le renforcement de l\u2019inte\u0301gration sous re\u0301gionale \u00bb, assure la commission. Ainsi, gra\u0302ce a\u0300 ce poste-frontie\u0300re, il sera re\u0301alise\u0301 en un seul lieu toutes les formalite\u0301s lie\u0301es au transit.<\/p>\n<p>L\u2019une des principales causes de longues pe\u0301riodes de transit en Afrique en ge\u0301ne\u0301ral et dans la zone Cemac en particulier, faisant obstacle aux e\u0301changes commerciaux intrare\u0301gionaux, a souvent e\u0301te\u0301 les longues proce\u0301dures de contro\u0302le aux frontie\u0300res, identiques des deux co\u0302te\u0301s de la frontie\u0300re. En plus de causer des retards, les longues pe\u0301riodes de transit entrai\u0302nent une augmentation des cou\u0302ts des transactions commerciales, et rendent ainsi les entreprises africaines moins compe\u0301titives. En effet, les contro\u0302les aux frontie\u0300res inefficaces ont un impact ne\u0301gatif conside\u0301rable sur l\u2019e\u0301conomie de la sous-re\u0301gion.<\/p>\n<p>Au plan spe\u0301cifique, ce projet vise a\u0300 doter la Zone des trois frontie\u0300res (Cameroun-Gabon-Guine\u0301e E\u0301quatoriale), des infrastructures modernes et e\u0301quipe\u0301es, selon les normes internationales, permettant la re\u0301alisation en un seul lieu de toutes les formalite\u0301s lie\u0301es au transit. Le PCUF de Kye\u0301-Ossi est une plateforme multifonctionnelle de\u0301die\u0301e a\u0300 la facilitation du commerce intrare\u0301gional transfrontalier, comprenant, entre autres : des ba\u0302timents, un poste de pesage, un espace scanner, des entrepo\u0302ts et aires d\u2019inspection\/visite des marchandises, des parkings, des clo\u0302tures, etc.<\/p>\n<p><strong>Pour plus d&rsquo;informations et d&rsquo;analyses sur la <a href=\"https:\/\/www.africa-press.net\/gabon\">Gabon<\/a>, suivez <a href=\"https:\/\/www.africa-press.net\/\">Africa-Press<\/a><\/strong><\/p>\n","protected":false},"excerpt":{"rendered":"<p>Africa-Press &#8211; Gabon. La commission de la Communaute\u0301 e\u0301conomique et mone\u0301taire de l\u2019Afrique centrale (Cemac) pre\u0301voit la construction d\u2019un poste de contro\u0302le unique frontalier (PCUF) a\u0300 Kye\u0301-Ossi appele\u0301 \u00ab Zone des trois frontie\u0300res \u00bb, car reliant le Cameroun, le Gabon et la Guine\u0301e e\u0301quatoriale. Les transports repre\u0301sentent un catalyseur pour une croissance et un de\u0301veloppement [&hellip;]<\/p>\n","protected":false},"author":82,"featured_media":13655,"comment_status":"open","ping_status":"closed","sticky":false,"template":"","format":"standard","meta":{"footnotes":""},"categories":[3,10],"tags":[36,50,49],"class_list":["post-13656","post","type-post","status-publish","format-standard","has-post-thumbnail","hentry","category-economie","category-toutes-les-actualites","tag-africa-press","tag-africa-press-gabon","tag-gabon"],"yoast_head":"<!-- This site is optimized with the Yoast SEO Premium plugin v26.1 (Yoast SEO v27.0) - https:\/\/yoast.com\/product\/yoast-seo-premium-wordpress\/ -->\n<title>Int\u00e9gration sous r\u00e9gionale\u00a0: La Cemac pr\u00e9voit un poste contr\u00f4le unique frontalier \u00e0 Ky\u00e9-Ossi - Gabon<\/title>\n<meta name=\"robots\" content=\"index, follow, max-snippet:-1, max-image-preview:large, max-video-preview:-1\" \/>\n<link rel=\"canonical\" href=\"https:\/\/www.africa-press.net\/gabon\/politique\/integration-sous-regionale-la-cemac-prevoit-un-poste-controle-unique-frontalier-a-kye-ossi\" \/>\n<meta property=\"og:locale\" content=\"fr_FR\" \/>\n<meta property=\"og:type\" content=\"article\" \/>\n<meta property=\"og:title\" content=\"Int\u00e9gration sous r\u00e9gionale\u00a0: La Cemac pr\u00e9voit un poste contr\u00f4le unique frontalier \u00e0 Ky\u00e9-Ossi\" \/>\n<meta property=\"og:description\" content=\"Africa-Press &#8211; Gabon. La commission de la Communaute\u0301 e\u0301conomique et mone\u0301taire de l\u2019Afrique centrale (Cemac) pre\u0301voit la construction d\u2019un poste de contro\u0302le unique frontalier (PCUF) a\u0300 Kye\u0301-Ossi appele\u0301 \u00ab Zone des trois frontie\u0300res \u00bb, car reliant le Cameroun, le Gabon et la Guine\u0301e e\u0301quatoriale. Les transports repre\u0301sentent un catalyseur pour une croissance et un de\u0301veloppement [&hellip;]\" \/>\n<meta property=\"og:url\" content=\"https:\/\/www.africa-press.net\/gabon\/politique\/integration-sous-regionale-la-cemac-prevoit-un-poste-controle-unique-frontalier-a-kye-ossi\" \/>\n<meta property=\"og:site_name\" content=\"Gabon\" \/>\n<meta property=\"article:published_time\" content=\"2022-12-08T18:21:17+00:00\" \/>\n<meta name=\"author\" content=\"cfeditorfr\" \/>\n<meta name=\"twitter:card\" content=\"summary_large_image\" \/>\n<meta name=\"twitter:label1\" content=\"\u00c9crit par\" \/>\n\t<meta name=\"twitter:data1\" content=\"cfeditorfr\" \/>\n\t<meta name=\"twitter:label2\" content=\"Dur\u00e9e de lecture estim\u00e9e\" \/>\n\t<meta name=\"twitter:data2\" content=\"2 minutes\" \/>\n<script type=\"application\/ld+json\" class=\"yoast-schema-graph\">{\"@context\":\"https:\/\/schema.org\",\"@graph\":[{\"@type\":\"Article\",\"@id\":\"https:\/\/www.africa-press.net\/gabon\/politique\/integration-sous-regionale-la-cemac-prevoit-un-poste-controle-unique-frontalier-a-kye-ossi#article\",\"isPartOf\":{\"@id\":\"https:\/\/www.africa-press.net\/gabon\/politique\/integration-sous-regionale-la-cemac-prevoit-un-poste-controle-unique-frontalier-a-kye-ossi\"},\"author\":{\"name\":\"cfeditorfr\",\"@id\":\"https:\/\/www.africa-press.net\/gabon\/#\/schema\/person\/2b1cf3cd81a31e3cd26889ca66d677f1\"},\"headline\":\"Int\u00e9gration sous r\u00e9gionale\u00a0: La Cemac pr\u00e9voit un poste contr\u00f4le unique frontalier \u00e0 Ky\u00e9-Ossi\",\"datePublished\":\"2022-12-08T18:21:17+00:00\",\"mainEntityOfPage\":{\"@id\":\"https:\/\/www.africa-press.net\/gabon\/politique\/integration-sous-regionale-la-cemac-prevoit-un-poste-controle-unique-frontalier-a-kye-ossi\"},\"wordCount\":468,\"commentCount\":0,\"image\":{\"@id\":\"https:\/\/www.africa-press.net\/gabon\/politique\/integration-sous-regionale-la-cemac-prevoit-un-poste-controle-unique-frontalier-a-kye-ossi#primaryimage\"},\"thumbnailUrl\":\"https:\/\/static.africa-press.net\/gabon\/sites\/54\/2022\/12\/postQueueImg_1670511081.48.jpg\",\"keywords\":[\"Africa Press\",\"Africa Press-Gabon\",\"Gabon\"],\"articleSection\":[\"\u00c9conomie\",\"Toutes les actualit\u00e9s\"],\"inLanguage\":\"fr-FR\",\"potentialAction\":[{\"@type\":\"CommentAction\",\"name\":\"Comment\",\"target\":[\"https:\/\/www.africa-press.net\/gabon\/politique\/integration-sous-regionale-la-cemac-prevoit-un-poste-controle-unique-frontalier-a-kye-ossi#respond\"]}]},{\"@type\":\"WebPage\",\"@id\":\"https:\/\/www.africa-press.net\/gabon\/politique\/integration-sous-regionale-la-cemac-prevoit-un-poste-controle-unique-frontalier-a-kye-ossi\",\"url\":\"https:\/\/www.africa-press.net\/gabon\/politique\/integration-sous-regionale-la-cemac-prevoit-un-poste-controle-unique-frontalier-a-kye-ossi\",\"name\":\"Int\u00e9gration sous r\u00e9gionale\u00a0: La Cemac pr\u00e9voit un poste contr\u00f4le unique frontalier \u00e0 Ky\u00e9-Ossi - Gabon\",\"isPartOf\":{\"@id\":\"https:\/\/www.africa-press.net\/gabon\/#website\"},\"primaryImageOfPage\":{\"@id\":\"https:\/\/www.africa-press.net\/gabon\/politique\/integration-sous-regionale-la-cemac-prevoit-un-poste-controle-unique-frontalier-a-kye-ossi#primaryimage\"},\"image\":{\"@id\":\"https:\/\/www.africa-press.net\/gabon\/politique\/integration-sous-regionale-la-cemac-prevoit-un-poste-controle-unique-frontalier-a-kye-ossi#primaryimage\"},\"thumbnailUrl\":\"https:\/\/static.africa-press.net\/gabon\/sites\/54\/2022\/12\/postQueueImg_1670511081.48.jpg\",\"datePublished\":\"2022-12-08T18:21:17+00:00\",\"author\":{\"@id\":\"https:\/\/www.africa-press.net\/gabon\/#\/schema\/person\/2b1cf3cd81a31e3cd26889ca66d677f1\"},\"breadcrumb\":{\"@id\":\"https:\/\/www.africa-press.net\/gabon\/politique\/integration-sous-regionale-la-cemac-prevoit-un-poste-controle-unique-frontalier-a-kye-ossi#breadcrumb\"},\"inLanguage\":\"fr-FR\",\"potentialAction\":[{\"@type\":\"ReadAction\",\"target\":[\"https:\/\/www.africa-press.net\/gabon\/politique\/integration-sous-regionale-la-cemac-prevoit-un-poste-controle-unique-frontalier-a-kye-ossi\"]}]},{\"@type\":\"ImageObject\",\"inLanguage\":\"fr-FR\",\"@id\":\"https:\/\/www.africa-press.net\/gabon\/politique\/integration-sous-regionale-la-cemac-prevoit-un-poste-controle-unique-frontalier-a-kye-ossi#primaryimage\",\"url\":\"https:\/\/static.africa-press.net\/gabon\/sites\/54\/2022\/12\/postQueueImg_1670511081.48.jpg\",\"contentUrl\":\"https:\/\/static.africa-press.net\/gabon\/sites\/54\/2022\/12\/postQueueImg_1670511081.48.jpg\",\"width\":720,\"height\":480,\"caption\":\"Int\u00e9gration sous r\u00e9gionale\u00a0: La Cemac pr\u00e9voit un poste contr\u00f4le unique frontalier \u00e0 Ky\u00e9-Ossi\"},{\"@type\":\"BreadcrumbList\",\"@id\":\"https:\/\/www.africa-press.net\/gabon\/politique\/integration-sous-regionale-la-cemac-prevoit-un-poste-controle-unique-frontalier-a-kye-ossi#breadcrumb\",\"itemListElement\":[{\"@type\":\"ListItem\",\"position\":1,\"name\":\"Accueil\",\"item\":\"https:\/\/www.africa-press.net\/gabon\/\"},{\"@type\":\"ListItem\",\"position\":2,\"name\":\"Int\u00e9gration sous r\u00e9gionale\u00a0: La Cemac pr\u00e9voit un poste contr\u00f4le unique frontalier \u00e0 Ky\u00e9-Ossi\"}]},{\"@type\":\"WebSite\",\"@id\":\"https:\/\/www.africa-press.net\/gabon\/#website\",\"url\":\"https:\/\/www.africa-press.net\/gabon\/\",\"name\":\"Gabon\",\"description\":\"Just another Africa News Agency Sites site\",\"potentialAction\":[{\"@type\":\"SearchAction\",\"target\":{\"@type\":\"EntryPoint\",\"urlTemplate\":\"https:\/\/www.africa-press.net\/gabon\/?s={search_term_string}\"},\"query-input\":{\"@type\":\"PropertyValueSpecification\",\"valueRequired\":true,\"valueName\":\"search_term_string\"}}],\"inLanguage\":\"fr-FR\"},{\"@type\":\"Person\",\"@id\":\"https:\/\/www.africa-press.net\/gabon\/#\/schema\/person\/2b1cf3cd81a31e3cd26889ca66d677f1\",\"name\":\"cfeditorfr\"}]}<\/script>\n<!-- \/ Yoast SEO Premium plugin. -->","yoast_head_json":{"title":"Int\u00e9gration sous r\u00e9gionale\u00a0: La Cemac pr\u00e9voit un poste contr\u00f4le unique frontalier \u00e0 Ky\u00e9-Ossi - Gabon","robots":{"index":"index","follow":"follow","max-snippet":"max-snippet:-1","max-image-preview":"max-image-preview:large","max-video-preview":"max-video-preview:-1"},"canonical":"https:\/\/www.africa-press.net\/gabon\/politique\/integration-sous-regionale-la-cemac-prevoit-un-poste-controle-unique-frontalier-a-kye-ossi","og_locale":"fr_FR","og_type":"article","og_title":"Int\u00e9gration sous r\u00e9gionale\u00a0: La Cemac pr\u00e9voit un poste contr\u00f4le unique frontalier \u00e0 Ky\u00e9-Ossi","og_description":"Africa-Press &#8211; Gabon. La commission de la Communaute\u0301 e\u0301conomique et mone\u0301taire de l\u2019Afrique centrale (Cemac) pre\u0301voit la construction d\u2019un poste de contro\u0302le unique frontalier (PCUF) a\u0300 Kye\u0301-Ossi appele\u0301 \u00ab Zone des trois frontie\u0300res \u00bb, car reliant le Cameroun, le Gabon et la Guine\u0301e e\u0301quatoriale. Les transports repre\u0301sentent un catalyseur pour une croissance et un de\u0301veloppement [&hellip;]","og_url":"https:\/\/www.africa-press.net\/gabon\/politique\/integration-sous-regionale-la-cemac-prevoit-un-poste-controle-unique-frontalier-a-kye-ossi","og_site_name":"Gabon","article_published_time":"2022-12-08T18:21:17+00:00","author":"cfeditorfr","twitter_card":"summary_large_image","twitter_misc":{"\u00c9crit par":"cfeditorfr","Dur\u00e9e de lecture estim\u00e9e":"2 minutes"},"schema":{"@context":"https:\/\/schema.org","@graph":[{"@type":"Article","@id":"https:\/\/www.africa-press.net\/gabon\/politique\/integration-sous-regionale-la-cemac-prevoit-un-poste-controle-unique-frontalier-a-kye-ossi#article","isPartOf":{"@id":"https:\/\/www.africa-press.net\/gabon\/politique\/integration-sous-regionale-la-cemac-prevoit-un-poste-controle-unique-frontalier-a-kye-ossi"},"author":{"name":"cfeditorfr","@id":"https:\/\/www.africa-press.net\/gabon\/#\/schema\/person\/2b1cf3cd81a31e3cd26889ca66d677f1"},"headline":"Int\u00e9gration sous r\u00e9gionale\u00a0: La Cemac pr\u00e9voit un poste contr\u00f4le unique frontalier \u00e0 Ky\u00e9-Ossi","datePublished":"2022-12-08T18:21:17+00:00","mainEntityOfPage":{"@id":"https:\/\/www.africa-press.net\/gabon\/politique\/integration-sous-regionale-la-cemac-prevoit-un-poste-controle-unique-frontalier-a-kye-ossi"},"wordCount":468,"commentCount":0,"image":{"@id":"https:\/\/www.africa-press.net\/gabon\/politique\/integration-sous-regionale-la-cemac-prevoit-un-poste-controle-unique-frontalier-a-kye-ossi#primaryimage"},"thumbnailUrl":"https:\/\/static.africa-press.net\/gabon\/sites\/54\/2022\/12\/postQueueImg_1670511081.48.jpg","keywords":["Africa Press","Africa Press-Gabon","Gabon"],"articleSection":["\u00c9conomie","Toutes les actualit\u00e9s"],"inLanguage":"fr-FR","potentialAction":[{"@type":"CommentAction","name":"Comment","target":["https:\/\/www.africa-press.net\/gabon\/politique\/integration-sous-regionale-la-cemac-prevoit-un-poste-controle-unique-frontalier-a-kye-ossi#respond"]}]},{"@type":"WebPage","@id":"https:\/\/www.africa-press.net\/gabon\/politique\/integration-sous-regionale-la-cemac-prevoit-un-poste-controle-unique-frontalier-a-kye-ossi","url":"https:\/\/www.africa-press.net\/gabon\/politique\/integration-sous-regionale-la-cemac-prevoit-un-poste-controle-unique-frontalier-a-kye-ossi","name":"Int\u00e9gration sous r\u00e9gionale\u00a0: La Cemac pr\u00e9voit un poste contr\u00f4le unique frontalier \u00e0 Ky\u00e9-Ossi - Gabon","isPartOf":{"@id":"https:\/\/www.africa-press.net\/gabon\/#website"},"primaryImageOfPage":{"@id":"https:\/\/www.africa-press.net\/gabon\/politique\/integration-sous-regionale-la-cemac-prevoit-un-poste-controle-unique-frontalier-a-kye-ossi#primaryimage"},"image":{"@id":"https:\/\/www.africa-press.net\/gabon\/politique\/integration-sous-regionale-la-cemac-prevoit-un-poste-controle-unique-frontalier-a-kye-ossi#primaryimage"},"thumbnailUrl":"https:\/\/static.africa-press.net\/gabon\/sites\/54\/2022\/12\/postQueueImg_1670511081.48.jpg","datePublished":"2022-12-08T18:21:17+00:00","author":{"@id":"https:\/\/www.africa-press.net\/gabon\/#\/schema\/person\/2b1cf3cd81a31e3cd26889ca66d677f1"},"breadcrumb":{"@id":"https:\/\/www.africa-press.net\/gabon\/politique\/integration-sous-regionale-la-cemac-prevoit-un-poste-controle-unique-frontalier-a-kye-ossi#breadcrumb"},"inLanguage":"fr-FR","potentialAction":[{"@type":"ReadAction","target":["https:\/\/www.africa-press.net\/gabon\/politique\/integration-sous-regionale-la-cemac-prevoit-un-poste-controle-unique-frontalier-a-kye-ossi"]}]},{"@type":"ImageObject","inLanguage":"fr-FR","@id":"https:\/\/www.africa-press.net\/gabon\/politique\/integration-sous-regionale-la-cemac-prevoit-un-poste-controle-unique-frontalier-a-kye-ossi#primaryimage","url":"https:\/\/static.africa-press.net\/gabon\/sites\/54\/2022\/12\/postQueueImg_1670511081.48.jpg","contentUrl":"https:\/\/static.africa-press.net\/gabon\/sites\/54\/2022\/12\/postQueueImg_1670511081.48.jpg","width":720,"height":480,"caption":"Int\u00e9gration sous r\u00e9gionale\u00a0: La Cemac pr\u00e9voit un poste contr\u00f4le unique frontalier \u00e0 Ky\u00e9-Ossi"},{"@type":"BreadcrumbList","@id":"https:\/\/www.africa-press.net\/gabon\/politique\/integration-sous-regionale-la-cemac-prevoit-un-poste-controle-unique-frontalier-a-kye-ossi#breadcrumb","itemListElement":[{"@type":"ListItem","position":1,"name":"Accueil","item":"https:\/\/www.africa-press.net\/gabon\/"},{"@type":"ListItem","position":2,"name":"Int\u00e9gration sous r\u00e9gionale\u00a0: La Cemac pr\u00e9voit un poste contr\u00f4le unique frontalier \u00e0 Ky\u00e9-Ossi"}]},{"@type":"WebSite","@id":"https:\/\/www.africa-press.net\/gabon\/#website","url":"https:\/\/www.africa-press.net\/gabon\/","name":"Gabon","description":"Just another Africa News Agency Sites site","potentialAction":[{"@type":"SearchAction","target":{"@type":"EntryPoint","urlTemplate":"https:\/\/www.africa-press.net\/gabon\/?s={search_term_string}"},"query-input":{"@type":"PropertyValueSpecification","valueRequired":true,"valueName":"search_term_string"}}],"inLanguage":"fr-FR"},{"@type":"Person","@id":"https:\/\/www.africa-press.net\/gabon\/#\/schema\/person\/2b1cf3cd81a31e3cd26889ca66d677f1","name":"cfeditorfr"}]}},"_links":{"self":[{"href":"https:\/\/www.africa-press.net\/gabon\/wp-json\/wp\/v2\/posts\/13656","targetHints":{"allow":["GET"]}}],"collection":[{"href":"https:\/\/www.africa-press.net\/gabon\/wp-json\/wp\/v2\/posts"}],"about":[{"href":"https:\/\/www.africa-press.net\/gabon\/wp-json\/wp\/v2\/types\/post"}],"author":[{"embeddable":true,"href":"https:\/\/www.africa-press.net\/gabon\/wp-json\/wp\/v2\/users\/82"}],"replies":[{"embeddable":true,"href":"https:\/\/www.africa-press.net\/gabon\/wp-json\/wp\/v2\/comments?post=13656"}],"version-history":[{"count":0,"href":"https:\/\/www.africa-press.net\/gabon\/wp-json\/wp\/v2\/posts\/13656\/revisions"}],"wp:featuredmedia":[{"embeddable":true,"href":"https:\/\/www.africa-press.net\/gabon\/wp-json\/wp\/v2\/media\/13655"}],"wp:attachment":[{"href":"https:\/\/www.africa-press.net\/gabon\/wp-json\/wp\/v2\/media?parent=13656"}],"wp:term":[{"taxonomy":"category","embeddable":true,"href":"https:\/\/www.africa-press.net\/gabon\/wp-json\/wp\/v2\/categories?post=13656"},{"taxonomy":"post_tag","embeddable":true,"href":"https:\/\/www.africa-press.net\/gabon\/wp-json\/wp\/v2\/tags?post=13656"}],"curies":[{"name":"wp","href":"https:\/\/api.w.org\/{rel}","templated":true}]}}