{"id":13667,"date":"2022-12-08T18:23:02","date_gmt":"2022-12-08T18:23:02","guid":{"rendered":"https:\/\/www.africa-press.net\/gabon\/politique\/tropicale-amissa-bongo-la-16e-edition-annoncee-du-23-au-29-janvier-2023-sur-5-provinces"},"modified":"2022-12-08T18:23:02","modified_gmt":"2022-12-08T18:23:02","slug":"tropicale-amissa-bongo-la-16e-edition-annoncee-du-23-au-29-janvier-2023-sur-5-provinces","status":"publish","type":"post","link":"https:\/\/www.africa-press.net\/gabon\/sports\/tropicale-amissa-bongo-la-16e-edition-annoncee-du-23-au-29-janvier-2023-sur-5-provinces","title":{"rendered":"Tropicale Amissa Bongo\u00a0: La 16e \u00e9dition annonc\u00e9e du 23 au 29 janvier 2023 sur 5 provinces"},"content":{"rendered":"<p><span style=\"color: #ff6600\"><strong>Africa-Press &#8211; Gabon. <\/strong><\/span>La 16e e\u0301dition de la Tropicale Amissa Bongo aura lieu du 23 au 29 janvier 2023. Les organisateurs et l\u2019Office national de de\u0301veloppement du sport et de la Culture (ONDSC) l\u2019ont fait savoir, le 6 de\u0301cembre, notamment apre\u0300s deux anne\u0301es d\u2019interruption de cette compe\u0301tition de l\u2019Union cycliste internationale (UCI) due a\u0300 la crise sanitaire du Covid-19. 15 e\u0301quipes sont attendues pour cette e\u0301dition qui visitera cinq des neuf provinces du Gabon.<\/p>\n<p>A\u0300 cause de la crise sanitaire relative au Covid-19, pour la premie\u0300re fois depuis 2006, la Tropicale Amissa Bongo a manque\u0301, deux anne\u0301es durant, son traditionnel rendez-vous de janvier. Mais cette anne\u0301e, les choses semblent de\u0301finitivement rentrer dans l\u2019ordre. L\u2019Office national de de\u0301veloppement du sport et de la Culture (ONDSC) et le Comite\u0301 d\u2019organisation ont officialise\u0301, le 6 de\u0301cembre, une liste de 15 e\u0301quipes participantes. La course devrait se de\u0301rouler du 23 au 29 janvier 2023.<\/p>\n<p>En raison de la pande\u0301mie du Covid-19, la Tropicale Amissa Bongo (UCI 2.1) n\u2019a, en effet, pas pu avoir lieu en 2021 et en 2022. Avec la leve\u0301e des restrictions visant a\u0300 lutter contre cette maladie et apre\u0300s la reprise des activite\u0301s sportives, les organisateurs indiquent que la 16e e\u0301dition enregistre la pre\u0301sence des Belges de Bingoal, des Franc\u0327ais de TotaEnergies, des Espagnols de Burgos, des Ame\u0301ricains d\u2019EF E\u0301ducation (l\u2019e\u0301quipe de\u0301veloppement de la structure World Tour) et des Turcs de Beykoz avec comme leader l\u2019E\u0301rythre\u0301en Natnae\u0308l Berhane, le premier Africain vainqueur de la Tropicale en 2014.<\/p>\n<p>Les se\u0301lections nationales d\u2019Alge\u0301rie, du Be\u0301nin, du Burkina Faso, du Cameroun, de la Co\u0302te d\u2019Ivoire, de l\u2019E\u0301rythre\u0301e, du Maroc, de l\u2019Ile Maurice, du Rwanda et du Gabon comple\u0300tent cette liste.<\/p>\n<p>Les organisateurs indiquent e\u0301galement que la compe\u0301tition passera par cinq des neuf provinces du Gabon, \u00abavec un grand de\u0301part dans le Nord du pays, dans le Woleu-Ntem entre Bitam et Oyem puis vers Mitzic\u00bb. \u00abLa Ngounie\u0301, le Moyen-Ogooue\u0301, l\u2019Ogooue\u0301-Maritime et l\u2019Estuaire seront e\u0301galement a\u0300 la fe\u0302te durant cette semaine de course. L\u2019arrive\u0301e finale a\u0300 Libreville promet encore un spectacle dense sur le circuit initial de la premie\u0300re e\u0301dition en 2006, devant le Se\u0301nat sur le Boulevard Triomphal\u00bb, font-ils savoir.<\/p>\n<p><strong>Pour plus d&rsquo;informations et d&rsquo;analyses sur la <a href=\"https:\/\/www.africa-press.net\/gabon\">Gabon<\/a>, suivez <a href=\"https:\/\/www.africa-press.net\/\">Africa-Press<\/a><\/strong><\/p>\n","protected":false},"excerpt":{"rendered":"<p>Africa-Press &#8211; Gabon. La 16e e\u0301dition de la Tropicale Amissa Bongo aura lieu du 23 au 29 janvier 2023. Les organisateurs et l\u2019Office national de de\u0301veloppement du sport et de la Culture (ONDSC) l\u2019ont fait savoir, le 6 de\u0301cembre, notamment apre\u0300s deux anne\u0301es d\u2019interruption de cette compe\u0301tition de l\u2019Union cycliste internationale (UCI) due a\u0300 la [&hellip;]<\/p>\n","protected":false},"author":82,"featured_media":13666,"comment_status":"open","ping_status":"closed","sticky":false,"template":"","format":"standard","meta":{"footnotes":""},"categories":[6,10],"tags":[36,50,49],"class_list":["post-13667","post","type-post","status-publish","format-standard","has-post-thumbnail","hentry","category-sports","category-toutes-les-actualites","tag-africa-press","tag-africa-press-gabon","tag-gabon"],"yoast_head":"<!-- This site is optimized with the Yoast SEO Premium plugin v26.1 (Yoast SEO v27.0) - https:\/\/yoast.com\/product\/yoast-seo-premium-wordpress\/ -->\n<title>Tropicale Amissa Bongo\u00a0: La 16e \u00e9dition annonc\u00e9e du 23 au 29 janvier 2023 sur 5 provinces - Gabon<\/title>\n<meta name=\"robots\" content=\"index, follow, max-snippet:-1, max-image-preview:large, max-video-preview:-1\" \/>\n<link rel=\"canonical\" href=\"https:\/\/www.africa-press.net\/gabon\/politique\/tropicale-amissa-bongo-la-16e-edition-annoncee-du-23-au-29-janvier-2023-sur-5-provinces\" \/>\n<meta property=\"og:locale\" content=\"fr_FR\" \/>\n<meta property=\"og:type\" content=\"article\" \/>\n<meta property=\"og:title\" content=\"Tropicale Amissa Bongo\u00a0: La 16e \u00e9dition annonc\u00e9e du 23 au 29 janvier 2023 sur 5 provinces\" \/>\n<meta property=\"og:description\" content=\"Africa-Press &#8211; Gabon. La 16e e\u0301dition de la Tropicale Amissa Bongo aura lieu du 23 au 29 janvier 2023. Les organisateurs et l\u2019Office national de de\u0301veloppement du sport et de la Culture (ONDSC) l\u2019ont fait savoir, le 6 de\u0301cembre, notamment apre\u0300s deux anne\u0301es d\u2019interruption de cette compe\u0301tition de l\u2019Union cycliste internationale (UCI) due a\u0300 la [&hellip;]\" \/>\n<meta property=\"og:url\" content=\"https:\/\/www.africa-press.net\/gabon\/politique\/tropicale-amissa-bongo-la-16e-edition-annoncee-du-23-au-29-janvier-2023-sur-5-provinces\" \/>\n<meta property=\"og:site_name\" content=\"Gabon\" \/>\n<meta property=\"article:published_time\" content=\"2022-12-08T18:23:02+00:00\" \/>\n<meta name=\"author\" content=\"cfeditorfr\" \/>\n<meta name=\"twitter:card\" content=\"summary_large_image\" \/>\n<meta name=\"twitter:label1\" content=\"\u00c9crit par\" \/>\n\t<meta name=\"twitter:data1\" content=\"cfeditorfr\" \/>\n\t<meta name=\"twitter:label2\" content=\"Dur\u00e9e de lecture estim\u00e9e\" \/>\n\t<meta name=\"twitter:data2\" content=\"2 minutes\" \/>\n<script type=\"application\/ld+json\" class=\"yoast-schema-graph\">{\"@context\":\"https:\/\/schema.org\",\"@graph\":[{\"@type\":\"Article\",\"@id\":\"https:\/\/www.africa-press.net\/gabon\/politique\/tropicale-amissa-bongo-la-16e-edition-annoncee-du-23-au-29-janvier-2023-sur-5-provinces#article\",\"isPartOf\":{\"@id\":\"https:\/\/www.africa-press.net\/gabon\/politique\/tropicale-amissa-bongo-la-16e-edition-annoncee-du-23-au-29-janvier-2023-sur-5-provinces\"},\"author\":{\"name\":\"cfeditorfr\",\"@id\":\"https:\/\/www.africa-press.net\/gabon\/#\/schema\/person\/2b1cf3cd81a31e3cd26889ca66d677f1\"},\"headline\":\"Tropicale Amissa Bongo\u00a0: La 16e \u00e9dition annonc\u00e9e du 23 au 29 janvier 2023 sur 5 provinces\",\"datePublished\":\"2022-12-08T18:23:02+00:00\",\"mainEntityOfPage\":{\"@id\":\"https:\/\/www.africa-press.net\/gabon\/politique\/tropicale-amissa-bongo-la-16e-edition-annoncee-du-23-au-29-janvier-2023-sur-5-provinces\"},\"wordCount\":429,\"commentCount\":0,\"image\":{\"@id\":\"https:\/\/www.africa-press.net\/gabon\/politique\/tropicale-amissa-bongo-la-16e-edition-annoncee-du-23-au-29-janvier-2023-sur-5-provinces#primaryimage\"},\"thumbnailUrl\":\"https:\/\/static.africa-press.net\/gabon\/sites\/54\/2022\/12\/postQueueImg_1670511191.90.jpg\",\"keywords\":[\"Africa Press\",\"Africa Press-Gabon\",\"Gabon\"],\"articleSection\":[\"Sports\",\"Toutes les actualit\u00e9s\"],\"inLanguage\":\"fr-FR\",\"potentialAction\":[{\"@type\":\"CommentAction\",\"name\":\"Comment\",\"target\":[\"https:\/\/www.africa-press.net\/gabon\/politique\/tropicale-amissa-bongo-la-16e-edition-annoncee-du-23-au-29-janvier-2023-sur-5-provinces#respond\"]}]},{\"@type\":\"WebPage\",\"@id\":\"https:\/\/www.africa-press.net\/gabon\/politique\/tropicale-amissa-bongo-la-16e-edition-annoncee-du-23-au-29-janvier-2023-sur-5-provinces\",\"url\":\"https:\/\/www.africa-press.net\/gabon\/politique\/tropicale-amissa-bongo-la-16e-edition-annoncee-du-23-au-29-janvier-2023-sur-5-provinces\",\"name\":\"Tropicale Amissa Bongo\u00a0: La 16e \u00e9dition annonc\u00e9e du 23 au 29 janvier 2023 sur 5 provinces - Gabon\",\"isPartOf\":{\"@id\":\"https:\/\/www.africa-press.net\/gabon\/#website\"},\"primaryImageOfPage\":{\"@id\":\"https:\/\/www.africa-press.net\/gabon\/politique\/tropicale-amissa-bongo-la-16e-edition-annoncee-du-23-au-29-janvier-2023-sur-5-provinces#primaryimage\"},\"image\":{\"@id\":\"https:\/\/www.africa-press.net\/gabon\/politique\/tropicale-amissa-bongo-la-16e-edition-annoncee-du-23-au-29-janvier-2023-sur-5-provinces#primaryimage\"},\"thumbnailUrl\":\"https:\/\/static.africa-press.net\/gabon\/sites\/54\/2022\/12\/postQueueImg_1670511191.90.jpg\",\"datePublished\":\"2022-12-08T18:23:02+00:00\",\"author\":{\"@id\":\"https:\/\/www.africa-press.net\/gabon\/#\/schema\/person\/2b1cf3cd81a31e3cd26889ca66d677f1\"},\"breadcrumb\":{\"@id\":\"https:\/\/www.africa-press.net\/gabon\/politique\/tropicale-amissa-bongo-la-16e-edition-annoncee-du-23-au-29-janvier-2023-sur-5-provinces#breadcrumb\"},\"inLanguage\":\"fr-FR\",\"potentialAction\":[{\"@type\":\"ReadAction\",\"target\":[\"https:\/\/www.africa-press.net\/gabon\/politique\/tropicale-amissa-bongo-la-16e-edition-annoncee-du-23-au-29-janvier-2023-sur-5-provinces\"]}]},{\"@type\":\"ImageObject\",\"inLanguage\":\"fr-FR\",\"@id\":\"https:\/\/www.africa-press.net\/gabon\/politique\/tropicale-amissa-bongo-la-16e-edition-annoncee-du-23-au-29-janvier-2023-sur-5-provinces#primaryimage\",\"url\":\"https:\/\/static.africa-press.net\/gabon\/sites\/54\/2022\/12\/postQueueImg_1670511191.90.jpg\",\"contentUrl\":\"https:\/\/static.africa-press.net\/gabon\/sites\/54\/2022\/12\/postQueueImg_1670511191.90.jpg\",\"width\":720,\"height\":478,\"caption\":\"Tropicale Amissa Bongo\u00a0: La 16e \u00e9dition annonc\u00e9e du 23 au 29 janvier 2023 sur 5 provinces\"},{\"@type\":\"BreadcrumbList\",\"@id\":\"https:\/\/www.africa-press.net\/gabon\/politique\/tropicale-amissa-bongo-la-16e-edition-annoncee-du-23-au-29-janvier-2023-sur-5-provinces#breadcrumb\",\"itemListElement\":[{\"@type\":\"ListItem\",\"position\":1,\"name\":\"Accueil\",\"item\":\"https:\/\/www.africa-press.net\/gabon\/\"},{\"@type\":\"ListItem\",\"position\":2,\"name\":\"Tropicale Amissa Bongo\u00a0: La 16e \u00e9dition annonc\u00e9e du 23 au 29 janvier 2023 sur 5 provinces\"}]},{\"@type\":\"WebSite\",\"@id\":\"https:\/\/www.africa-press.net\/gabon\/#website\",\"url\":\"https:\/\/www.africa-press.net\/gabon\/\",\"name\":\"Gabon\",\"description\":\"Just another Africa News Agency Sites site\",\"potentialAction\":[{\"@type\":\"SearchAction\",\"target\":{\"@type\":\"EntryPoint\",\"urlTemplate\":\"https:\/\/www.africa-press.net\/gabon\/?s={search_term_string}\"},\"query-input\":{\"@type\":\"PropertyValueSpecification\",\"valueRequired\":true,\"valueName\":\"search_term_string\"}}],\"inLanguage\":\"fr-FR\"},{\"@type\":\"Person\",\"@id\":\"https:\/\/www.africa-press.net\/gabon\/#\/schema\/person\/2b1cf3cd81a31e3cd26889ca66d677f1\",\"name\":\"cfeditorfr\"}]}<\/script>\n<!-- \/ Yoast SEO Premium plugin. -->","yoast_head_json":{"title":"Tropicale Amissa Bongo\u00a0: La 16e \u00e9dition annonc\u00e9e du 23 au 29 janvier 2023 sur 5 provinces - Gabon","robots":{"index":"index","follow":"follow","max-snippet":"max-snippet:-1","max-image-preview":"max-image-preview:large","max-video-preview":"max-video-preview:-1"},"canonical":"https:\/\/www.africa-press.net\/gabon\/politique\/tropicale-amissa-bongo-la-16e-edition-annoncee-du-23-au-29-janvier-2023-sur-5-provinces","og_locale":"fr_FR","og_type":"article","og_title":"Tropicale Amissa Bongo\u00a0: La 16e \u00e9dition annonc\u00e9e du 23 au 29 janvier 2023 sur 5 provinces","og_description":"Africa-Press &#8211; Gabon. La 16e e\u0301dition de la Tropicale Amissa Bongo aura lieu du 23 au 29 janvier 2023. Les organisateurs et l\u2019Office national de de\u0301veloppement du sport et de la Culture (ONDSC) l\u2019ont fait savoir, le 6 de\u0301cembre, notamment apre\u0300s deux anne\u0301es d\u2019interruption de cette compe\u0301tition de l\u2019Union cycliste internationale (UCI) due a\u0300 la [&hellip;]","og_url":"https:\/\/www.africa-press.net\/gabon\/politique\/tropicale-amissa-bongo-la-16e-edition-annoncee-du-23-au-29-janvier-2023-sur-5-provinces","og_site_name":"Gabon","article_published_time":"2022-12-08T18:23:02+00:00","author":"cfeditorfr","twitter_card":"summary_large_image","twitter_misc":{"\u00c9crit par":"cfeditorfr","Dur\u00e9e de lecture estim\u00e9e":"2 minutes"},"schema":{"@context":"https:\/\/schema.org","@graph":[{"@type":"Article","@id":"https:\/\/www.africa-press.net\/gabon\/politique\/tropicale-amissa-bongo-la-16e-edition-annoncee-du-23-au-29-janvier-2023-sur-5-provinces#article","isPartOf":{"@id":"https:\/\/www.africa-press.net\/gabon\/politique\/tropicale-amissa-bongo-la-16e-edition-annoncee-du-23-au-29-janvier-2023-sur-5-provinces"},"author":{"name":"cfeditorfr","@id":"https:\/\/www.africa-press.net\/gabon\/#\/schema\/person\/2b1cf3cd81a31e3cd26889ca66d677f1"},"headline":"Tropicale Amissa Bongo\u00a0: La 16e \u00e9dition annonc\u00e9e du 23 au 29 janvier 2023 sur 5 provinces","datePublished":"2022-12-08T18:23:02+00:00","mainEntityOfPage":{"@id":"https:\/\/www.africa-press.net\/gabon\/politique\/tropicale-amissa-bongo-la-16e-edition-annoncee-du-23-au-29-janvier-2023-sur-5-provinces"},"wordCount":429,"commentCount":0,"image":{"@id":"https:\/\/www.africa-press.net\/gabon\/politique\/tropicale-amissa-bongo-la-16e-edition-annoncee-du-23-au-29-janvier-2023-sur-5-provinces#primaryimage"},"thumbnailUrl":"https:\/\/static.africa-press.net\/gabon\/sites\/54\/2022\/12\/postQueueImg_1670511191.90.jpg","keywords":["Africa Press","Africa Press-Gabon","Gabon"],"articleSection":["Sports","Toutes les actualit\u00e9s"],"inLanguage":"fr-FR","potentialAction":[{"@type":"CommentAction","name":"Comment","target":["https:\/\/www.africa-press.net\/gabon\/politique\/tropicale-amissa-bongo-la-16e-edition-annoncee-du-23-au-29-janvier-2023-sur-5-provinces#respond"]}]},{"@type":"WebPage","@id":"https:\/\/www.africa-press.net\/gabon\/politique\/tropicale-amissa-bongo-la-16e-edition-annoncee-du-23-au-29-janvier-2023-sur-5-provinces","url":"https:\/\/www.africa-press.net\/gabon\/politique\/tropicale-amissa-bongo-la-16e-edition-annoncee-du-23-au-29-janvier-2023-sur-5-provinces","name":"Tropicale Amissa Bongo\u00a0: La 16e \u00e9dition annonc\u00e9e du 23 au 29 janvier 2023 sur 5 provinces - Gabon","isPartOf":{"@id":"https:\/\/www.africa-press.net\/gabon\/#website"},"primaryImageOfPage":{"@id":"https:\/\/www.africa-press.net\/gabon\/politique\/tropicale-amissa-bongo-la-16e-edition-annoncee-du-23-au-29-janvier-2023-sur-5-provinces#primaryimage"},"image":{"@id":"https:\/\/www.africa-press.net\/gabon\/politique\/tropicale-amissa-bongo-la-16e-edition-annoncee-du-23-au-29-janvier-2023-sur-5-provinces#primaryimage"},"thumbnailUrl":"https:\/\/static.africa-press.net\/gabon\/sites\/54\/2022\/12\/postQueueImg_1670511191.90.jpg","datePublished":"2022-12-08T18:23:02+00:00","author":{"@id":"https:\/\/www.africa-press.net\/gabon\/#\/schema\/person\/2b1cf3cd81a31e3cd26889ca66d677f1"},"breadcrumb":{"@id":"https:\/\/www.africa-press.net\/gabon\/politique\/tropicale-amissa-bongo-la-16e-edition-annoncee-du-23-au-29-janvier-2023-sur-5-provinces#breadcrumb"},"inLanguage":"fr-FR","potentialAction":[{"@type":"ReadAction","target":["https:\/\/www.africa-press.net\/gabon\/politique\/tropicale-amissa-bongo-la-16e-edition-annoncee-du-23-au-29-janvier-2023-sur-5-provinces"]}]},{"@type":"ImageObject","inLanguage":"fr-FR","@id":"https:\/\/www.africa-press.net\/gabon\/politique\/tropicale-amissa-bongo-la-16e-edition-annoncee-du-23-au-29-janvier-2023-sur-5-provinces#primaryimage","url":"https:\/\/static.africa-press.net\/gabon\/sites\/54\/2022\/12\/postQueueImg_1670511191.90.jpg","contentUrl":"https:\/\/static.africa-press.net\/gabon\/sites\/54\/2022\/12\/postQueueImg_1670511191.90.jpg","width":720,"height":478,"caption":"Tropicale Amissa Bongo\u00a0: La 16e \u00e9dition annonc\u00e9e du 23 au 29 janvier 2023 sur 5 provinces"},{"@type":"BreadcrumbList","@id":"https:\/\/www.africa-press.net\/gabon\/politique\/tropicale-amissa-bongo-la-16e-edition-annoncee-du-23-au-29-janvier-2023-sur-5-provinces#breadcrumb","itemListElement":[{"@type":"ListItem","position":1,"name":"Accueil","item":"https:\/\/www.africa-press.net\/gabon\/"},{"@type":"ListItem","position":2,"name":"Tropicale Amissa Bongo\u00a0: La 16e \u00e9dition annonc\u00e9e du 23 au 29 janvier 2023 sur 5 provinces"}]},{"@type":"WebSite","@id":"https:\/\/www.africa-press.net\/gabon\/#website","url":"https:\/\/www.africa-press.net\/gabon\/","name":"Gabon","description":"Just another Africa News Agency Sites site","potentialAction":[{"@type":"SearchAction","target":{"@type":"EntryPoint","urlTemplate":"https:\/\/www.africa-press.net\/gabon\/?s={search_term_string}"},"query-input":{"@type":"PropertyValueSpecification","valueRequired":true,"valueName":"search_term_string"}}],"inLanguage":"fr-FR"},{"@type":"Person","@id":"https:\/\/www.africa-press.net\/gabon\/#\/schema\/person\/2b1cf3cd81a31e3cd26889ca66d677f1","name":"cfeditorfr"}]}},"_links":{"self":[{"href":"https:\/\/www.africa-press.net\/gabon\/wp-json\/wp\/v2\/posts\/13667","targetHints":{"allow":["GET"]}}],"collection":[{"href":"https:\/\/www.africa-press.net\/gabon\/wp-json\/wp\/v2\/posts"}],"about":[{"href":"https:\/\/www.africa-press.net\/gabon\/wp-json\/wp\/v2\/types\/post"}],"author":[{"embeddable":true,"href":"https:\/\/www.africa-press.net\/gabon\/wp-json\/wp\/v2\/users\/82"}],"replies":[{"embeddable":true,"href":"https:\/\/www.africa-press.net\/gabon\/wp-json\/wp\/v2\/comments?post=13667"}],"version-history":[{"count":0,"href":"https:\/\/www.africa-press.net\/gabon\/wp-json\/wp\/v2\/posts\/13667\/revisions"}],"wp:featuredmedia":[{"embeddable":true,"href":"https:\/\/www.africa-press.net\/gabon\/wp-json\/wp\/v2\/media\/13666"}],"wp:attachment":[{"href":"https:\/\/www.africa-press.net\/gabon\/wp-json\/wp\/v2\/media?parent=13667"}],"wp:term":[{"taxonomy":"category","embeddable":true,"href":"https:\/\/www.africa-press.net\/gabon\/wp-json\/wp\/v2\/categories?post=13667"},{"taxonomy":"post_tag","embeddable":true,"href":"https:\/\/www.africa-press.net\/gabon\/wp-json\/wp\/v2\/tags?post=13667"}],"curies":[{"name":"wp","href":"https:\/\/api.w.org\/{rel}","templated":true}]}}