{"id":13669,"date":"2022-12-08T18:24:25","date_gmt":"2022-12-08T18:24:25","guid":{"rendered":"https:\/\/www.africa-press.net\/gabon\/politique\/gabon-accuse-de-detournement-de-fonds-un-directeur-provincial-de-lhabitat-en-prison"},"modified":"2022-12-08T18:24:25","modified_gmt":"2022-12-08T18:24:25","slug":"gabon-accuse-de-detournement-de-fonds-un-directeur-provincial-de-lhabitat-en-prison","status":"publish","type":"post","link":"https:\/\/www.africa-press.net\/gabon\/politique\/gabon-accuse-de-detournement-de-fonds-un-directeur-provincial-de-lhabitat-en-prison","title":{"rendered":"Gabon : accus\u00e9 de d\u00e9tournement de fonds, un directeur provincial de l\u2019Habitat en prison"},"content":{"rendered":"<p><span style=\"color: #ff6600\"><strong>Africa-Press &#8211; Gabon. <\/strong><\/span>Accuse\u0301 d\u2019avoir de\u0301tourne\u0301 plusieurs millions de francs CFA gra\u0302ce a\u0300 la vente de terrain et d\u2019autres services publics fournis aux usagers, Jean-Franc\u0327ois Assouzock Okoue, directeur provincial de l\u2019Habitat de l\u2019Estuaire, a e\u0301te\u0301 e\u0301croue\u0301 mercredi a\u0300 la prison centrale de Libreville. La DGR e\u0301tait sur ses traces depuis quelques mois.<\/p>\n<p>Depuis hier, 7 de\u0301cembre, Jean-Franc\u0327ois Assouzock Okoue me\u0301dite sur son sort a\u0300 \u00abSans-Famille\u00bb. L\u2019Union re\u0301ve\u0300le ce jeudi que celui qui e\u0301tait encore le directeur provincial de l\u2019Habitat pour la province de l\u2019Estuaire il y a quelques semaines a e\u0301te\u0301 mis en examen et de\u0301fe\u0301re\u0301 par le Tribunal spe\u0301cial de Libreville qui l\u2019accuse de de\u0301tournement des fonds publics. De forts soupc\u0327ons pesaient contre lui ces derniers mois, au point que la direction ge\u0301ne\u0301rale des Recherches (DGR) a du\u0302 ouvrir une enque\u0302te a\u0300 son encontre.<\/p>\n<p>L\u2019ex-directeur provincial, dans l\u2019exercice de ses fonctions, \u00abpercevait re\u0301gulie\u0300rement des sommes d\u2019argent lie\u0301es aux frais de proce\u0301dure pour l\u2019attribution ou l\u2019acquisition de parcelles, aupre\u0300s des usagers\u00bb, relate le quotidien qui cite des sources bien introduites. Et si nos confre\u0300res croient savoir que le pre\u0301judice cause\u0301 a\u0300 l\u2019E\u0301tat est estime\u0301 a\u0300 plusieurs millions de francs CFA, c\u2019est que le fonctionnaire avait sa propre grille tarifaire a\u0300 laquelle il soumettait les usagers et gardait tout l\u2019argent pour lui, a\u0300 de\u0301faut de le partager avec certains de ses collaborateurs. D\u2019autres arrestations devraient donc logiquement arriver.<\/p>\n<p>\u00abLes services e\u0301taient e\u0301value\u0301s ainsi qu\u2019il suit : enregistrement des demandes de re\u0301gularisation foncie\u0300re, 50 000 francs pour les personnes physiques et 100 000 francs pour les personnes morales ; enque\u0302te foncie\u0300re, 50 000 francs pour les personnes physiques et 250 000 francs pour les personnes morales ; e\u0301tat des lieux, 95 000 francs le me\u0300tre carre\u0301, plus 100 000 francs de rattachement pour la location des GPS ; plan de bornage, 25 000 la borne, auxquels il fallait ajouter 50 000 de frais d\u2019enregistrement a\u0300 l\u2019Agence nationale de l\u2019urbanisme, des travaux topographiques et du cadastre (ANUTTC), qui de\u0301livre une quittance du Tre\u0301sor a\u0300 l\u2019usager. Sans oublier les amendes de constat d\u2019infraction variant de 100 000 a\u0300 150 000 francs\u00bb, pre\u0301cise l\u2019Union.<\/p>\n<p>Dans la commune de Ntoum ou\u0300 se passait la majorite\u0301 des cessions de terrain, les magouilles de l\u2019ex-DP ne manquaient plus de cre\u0301er des litiges fonciers.<\/p>\n<p><strong>Pour plus d&rsquo;informations et d&rsquo;analyses sur la <a href=\"https:\/\/www.africa-press.net\/gabon\">Gabon<\/a>, suivez <a href=\"https:\/\/www.africa-press.net\/\">Africa-Press<\/a><\/strong><\/p>\n","protected":false},"excerpt":{"rendered":"<p>Africa-Press &#8211; Gabon. Accuse\u0301 d\u2019avoir de\u0301tourne\u0301 plusieurs millions de francs CFA gra\u0302ce a\u0300 la vente de terrain et d\u2019autres services publics fournis aux usagers, Jean-Franc\u0327ois Assouzock Okoue, directeur provincial de l\u2019Habitat de l\u2019Estuaire, a e\u0301te\u0301 e\u0301croue\u0301 mercredi a\u0300 la prison centrale de Libreville. La DGR e\u0301tait sur ses traces depuis quelques mois. Depuis hier, 7 [&hellip;]<\/p>\n","protected":false},"author":82,"featured_media":13668,"comment_status":"open","ping_status":"closed","sticky":false,"template":"","format":"standard","meta":{"footnotes":""},"categories":[2,10],"tags":[36,50,49],"class_list":["post-13669","post","type-post","status-publish","format-standard","has-post-thumbnail","hentry","category-politique","category-toutes-les-actualites","tag-africa-press","tag-africa-press-gabon","tag-gabon"],"yoast_head":"<!-- This site is optimized with the Yoast SEO Premium plugin v26.1 (Yoast SEO v27.0) - https:\/\/yoast.com\/product\/yoast-seo-premium-wordpress\/ -->\n<title>Gabon : accus\u00e9 de d\u00e9tournement de fonds, un directeur provincial de l\u2019Habitat en prison - Gabon<\/title>\n<meta name=\"robots\" content=\"index, follow, max-snippet:-1, max-image-preview:large, max-video-preview:-1\" \/>\n<link rel=\"canonical\" href=\"https:\/\/www.africa-press.net\/gabon\/politique\/gabon-accuse-de-detournement-de-fonds-un-directeur-provincial-de-lhabitat-en-prison\" \/>\n<meta property=\"og:locale\" content=\"fr_FR\" \/>\n<meta property=\"og:type\" content=\"article\" \/>\n<meta property=\"og:title\" content=\"Gabon : accus\u00e9 de d\u00e9tournement de fonds, un directeur provincial de l\u2019Habitat en prison\" \/>\n<meta property=\"og:description\" content=\"Africa-Press &#8211; Gabon. Accuse\u0301 d\u2019avoir de\u0301tourne\u0301 plusieurs millions de francs CFA gra\u0302ce a\u0300 la vente de terrain et d\u2019autres services publics fournis aux usagers, Jean-Franc\u0327ois Assouzock Okoue, directeur provincial de l\u2019Habitat de l\u2019Estuaire, a e\u0301te\u0301 e\u0301croue\u0301 mercredi a\u0300 la prison centrale de Libreville. La DGR e\u0301tait sur ses traces depuis quelques mois. Depuis hier, 7 [&hellip;]\" \/>\n<meta property=\"og:url\" content=\"https:\/\/www.africa-press.net\/gabon\/politique\/gabon-accuse-de-detournement-de-fonds-un-directeur-provincial-de-lhabitat-en-prison\" \/>\n<meta property=\"og:site_name\" content=\"Gabon\" \/>\n<meta property=\"article:published_time\" content=\"2022-12-08T18:24:25+00:00\" \/>\n<meta name=\"author\" content=\"cfeditorfr\" \/>\n<meta name=\"twitter:card\" content=\"summary_large_image\" \/>\n<meta name=\"twitter:label1\" content=\"\u00c9crit par\" \/>\n\t<meta name=\"twitter:data1\" content=\"cfeditorfr\" \/>\n\t<meta name=\"twitter:label2\" content=\"Dur\u00e9e de lecture estim\u00e9e\" \/>\n\t<meta name=\"twitter:data2\" content=\"2 minutes\" \/>\n<script type=\"application\/ld+json\" class=\"yoast-schema-graph\">{\"@context\":\"https:\/\/schema.org\",\"@graph\":[{\"@type\":\"Article\",\"@id\":\"https:\/\/www.africa-press.net\/gabon\/politique\/gabon-accuse-de-detournement-de-fonds-un-directeur-provincial-de-lhabitat-en-prison#article\",\"isPartOf\":{\"@id\":\"https:\/\/www.africa-press.net\/gabon\/politique\/gabon-accuse-de-detournement-de-fonds-un-directeur-provincial-de-lhabitat-en-prison\"},\"author\":{\"name\":\"cfeditorfr\",\"@id\":\"https:\/\/www.africa-press.net\/gabon\/#\/schema\/person\/2b1cf3cd81a31e3cd26889ca66d677f1\"},\"headline\":\"Gabon : accus\u00e9 de d\u00e9tournement de fonds, un directeur provincial de l\u2019Habitat en prison\",\"datePublished\":\"2022-12-08T18:24:25+00:00\",\"mainEntityOfPage\":{\"@id\":\"https:\/\/www.africa-press.net\/gabon\/politique\/gabon-accuse-de-detournement-de-fonds-un-directeur-provincial-de-lhabitat-en-prison\"},\"wordCount\":445,\"commentCount\":0,\"image\":{\"@id\":\"https:\/\/www.africa-press.net\/gabon\/politique\/gabon-accuse-de-detournement-de-fonds-un-directeur-provincial-de-lhabitat-en-prison#primaryimage\"},\"thumbnailUrl\":\"https:\/\/static.africa-press.net\/gabon\/sites\/54\/2022\/12\/postQueueImg_1670511275.67.jpg\",\"keywords\":[\"Africa Press\",\"Africa Press-Gabon\",\"Gabon\"],\"articleSection\":[\"Politique\",\"Toutes les actualit\u00e9s\"],\"inLanguage\":\"fr-FR\",\"potentialAction\":[{\"@type\":\"CommentAction\",\"name\":\"Comment\",\"target\":[\"https:\/\/www.africa-press.net\/gabon\/politique\/gabon-accuse-de-detournement-de-fonds-un-directeur-provincial-de-lhabitat-en-prison#respond\"]}]},{\"@type\":\"WebPage\",\"@id\":\"https:\/\/www.africa-press.net\/gabon\/politique\/gabon-accuse-de-detournement-de-fonds-un-directeur-provincial-de-lhabitat-en-prison\",\"url\":\"https:\/\/www.africa-press.net\/gabon\/politique\/gabon-accuse-de-detournement-de-fonds-un-directeur-provincial-de-lhabitat-en-prison\",\"name\":\"Gabon : accus\u00e9 de d\u00e9tournement de fonds, un directeur provincial de l\u2019Habitat en prison - Gabon\",\"isPartOf\":{\"@id\":\"https:\/\/www.africa-press.net\/gabon\/#website\"},\"primaryImageOfPage\":{\"@id\":\"https:\/\/www.africa-press.net\/gabon\/politique\/gabon-accuse-de-detournement-de-fonds-un-directeur-provincial-de-lhabitat-en-prison#primaryimage\"},\"image\":{\"@id\":\"https:\/\/www.africa-press.net\/gabon\/politique\/gabon-accuse-de-detournement-de-fonds-un-directeur-provincial-de-lhabitat-en-prison#primaryimage\"},\"thumbnailUrl\":\"https:\/\/static.africa-press.net\/gabon\/sites\/54\/2022\/12\/postQueueImg_1670511275.67.jpg\",\"datePublished\":\"2022-12-08T18:24:25+00:00\",\"author\":{\"@id\":\"https:\/\/www.africa-press.net\/gabon\/#\/schema\/person\/2b1cf3cd81a31e3cd26889ca66d677f1\"},\"breadcrumb\":{\"@id\":\"https:\/\/www.africa-press.net\/gabon\/politique\/gabon-accuse-de-detournement-de-fonds-un-directeur-provincial-de-lhabitat-en-prison#breadcrumb\"},\"inLanguage\":\"fr-FR\",\"potentialAction\":[{\"@type\":\"ReadAction\",\"target\":[\"https:\/\/www.africa-press.net\/gabon\/politique\/gabon-accuse-de-detournement-de-fonds-un-directeur-provincial-de-lhabitat-en-prison\"]}]},{\"@type\":\"ImageObject\",\"inLanguage\":\"fr-FR\",\"@id\":\"https:\/\/www.africa-press.net\/gabon\/politique\/gabon-accuse-de-detournement-de-fonds-un-directeur-provincial-de-lhabitat-en-prison#primaryimage\",\"url\":\"https:\/\/static.africa-press.net\/gabon\/sites\/54\/2022\/12\/postQueueImg_1670511275.67.jpg\",\"contentUrl\":\"https:\/\/static.africa-press.net\/gabon\/sites\/54\/2022\/12\/postQueueImg_1670511275.67.jpg\",\"width\":720,\"height\":505,\"caption\":\"Gabon : accus\u00e9 de d\u00e9tournement de fonds, un directeur provincial de l\u2019Habitat en prison\"},{\"@type\":\"BreadcrumbList\",\"@id\":\"https:\/\/www.africa-press.net\/gabon\/politique\/gabon-accuse-de-detournement-de-fonds-un-directeur-provincial-de-lhabitat-en-prison#breadcrumb\",\"itemListElement\":[{\"@type\":\"ListItem\",\"position\":1,\"name\":\"Accueil\",\"item\":\"https:\/\/www.africa-press.net\/gabon\/\"},{\"@type\":\"ListItem\",\"position\":2,\"name\":\"Gabon : accus\u00e9 de d\u00e9tournement de fonds, un directeur provincial de l\u2019Habitat en prison\"}]},{\"@type\":\"WebSite\",\"@id\":\"https:\/\/www.africa-press.net\/gabon\/#website\",\"url\":\"https:\/\/www.africa-press.net\/gabon\/\",\"name\":\"Gabon\",\"description\":\"Just another Africa News Agency Sites site\",\"potentialAction\":[{\"@type\":\"SearchAction\",\"target\":{\"@type\":\"EntryPoint\",\"urlTemplate\":\"https:\/\/www.africa-press.net\/gabon\/?s={search_term_string}\"},\"query-input\":{\"@type\":\"PropertyValueSpecification\",\"valueRequired\":true,\"valueName\":\"search_term_string\"}}],\"inLanguage\":\"fr-FR\"},{\"@type\":\"Person\",\"@id\":\"https:\/\/www.africa-press.net\/gabon\/#\/schema\/person\/2b1cf3cd81a31e3cd26889ca66d677f1\",\"name\":\"cfeditorfr\"}]}<\/script>\n<!-- \/ Yoast SEO Premium plugin. -->","yoast_head_json":{"title":"Gabon : accus\u00e9 de d\u00e9tournement de fonds, un directeur provincial de l\u2019Habitat en prison - Gabon","robots":{"index":"index","follow":"follow","max-snippet":"max-snippet:-1","max-image-preview":"max-image-preview:large","max-video-preview":"max-video-preview:-1"},"canonical":"https:\/\/www.africa-press.net\/gabon\/politique\/gabon-accuse-de-detournement-de-fonds-un-directeur-provincial-de-lhabitat-en-prison","og_locale":"fr_FR","og_type":"article","og_title":"Gabon : accus\u00e9 de d\u00e9tournement de fonds, un directeur provincial de l\u2019Habitat en prison","og_description":"Africa-Press &#8211; Gabon. Accuse\u0301 d\u2019avoir de\u0301tourne\u0301 plusieurs millions de francs CFA gra\u0302ce a\u0300 la vente de terrain et d\u2019autres services publics fournis aux usagers, Jean-Franc\u0327ois Assouzock Okoue, directeur provincial de l\u2019Habitat de l\u2019Estuaire, a e\u0301te\u0301 e\u0301croue\u0301 mercredi a\u0300 la prison centrale de Libreville. La DGR e\u0301tait sur ses traces depuis quelques mois. Depuis hier, 7 [&hellip;]","og_url":"https:\/\/www.africa-press.net\/gabon\/politique\/gabon-accuse-de-detournement-de-fonds-un-directeur-provincial-de-lhabitat-en-prison","og_site_name":"Gabon","article_published_time":"2022-12-08T18:24:25+00:00","author":"cfeditorfr","twitter_card":"summary_large_image","twitter_misc":{"\u00c9crit par":"cfeditorfr","Dur\u00e9e de lecture estim\u00e9e":"2 minutes"},"schema":{"@context":"https:\/\/schema.org","@graph":[{"@type":"Article","@id":"https:\/\/www.africa-press.net\/gabon\/politique\/gabon-accuse-de-detournement-de-fonds-un-directeur-provincial-de-lhabitat-en-prison#article","isPartOf":{"@id":"https:\/\/www.africa-press.net\/gabon\/politique\/gabon-accuse-de-detournement-de-fonds-un-directeur-provincial-de-lhabitat-en-prison"},"author":{"name":"cfeditorfr","@id":"https:\/\/www.africa-press.net\/gabon\/#\/schema\/person\/2b1cf3cd81a31e3cd26889ca66d677f1"},"headline":"Gabon : accus\u00e9 de d\u00e9tournement de fonds, un directeur provincial de l\u2019Habitat en prison","datePublished":"2022-12-08T18:24:25+00:00","mainEntityOfPage":{"@id":"https:\/\/www.africa-press.net\/gabon\/politique\/gabon-accuse-de-detournement-de-fonds-un-directeur-provincial-de-lhabitat-en-prison"},"wordCount":445,"commentCount":0,"image":{"@id":"https:\/\/www.africa-press.net\/gabon\/politique\/gabon-accuse-de-detournement-de-fonds-un-directeur-provincial-de-lhabitat-en-prison#primaryimage"},"thumbnailUrl":"https:\/\/static.africa-press.net\/gabon\/sites\/54\/2022\/12\/postQueueImg_1670511275.67.jpg","keywords":["Africa Press","Africa Press-Gabon","Gabon"],"articleSection":["Politique","Toutes les actualit\u00e9s"],"inLanguage":"fr-FR","potentialAction":[{"@type":"CommentAction","name":"Comment","target":["https:\/\/www.africa-press.net\/gabon\/politique\/gabon-accuse-de-detournement-de-fonds-un-directeur-provincial-de-lhabitat-en-prison#respond"]}]},{"@type":"WebPage","@id":"https:\/\/www.africa-press.net\/gabon\/politique\/gabon-accuse-de-detournement-de-fonds-un-directeur-provincial-de-lhabitat-en-prison","url":"https:\/\/www.africa-press.net\/gabon\/politique\/gabon-accuse-de-detournement-de-fonds-un-directeur-provincial-de-lhabitat-en-prison","name":"Gabon : accus\u00e9 de d\u00e9tournement de fonds, un directeur provincial de l\u2019Habitat en prison - Gabon","isPartOf":{"@id":"https:\/\/www.africa-press.net\/gabon\/#website"},"primaryImageOfPage":{"@id":"https:\/\/www.africa-press.net\/gabon\/politique\/gabon-accuse-de-detournement-de-fonds-un-directeur-provincial-de-lhabitat-en-prison#primaryimage"},"image":{"@id":"https:\/\/www.africa-press.net\/gabon\/politique\/gabon-accuse-de-detournement-de-fonds-un-directeur-provincial-de-lhabitat-en-prison#primaryimage"},"thumbnailUrl":"https:\/\/static.africa-press.net\/gabon\/sites\/54\/2022\/12\/postQueueImg_1670511275.67.jpg","datePublished":"2022-12-08T18:24:25+00:00","author":{"@id":"https:\/\/www.africa-press.net\/gabon\/#\/schema\/person\/2b1cf3cd81a31e3cd26889ca66d677f1"},"breadcrumb":{"@id":"https:\/\/www.africa-press.net\/gabon\/politique\/gabon-accuse-de-detournement-de-fonds-un-directeur-provincial-de-lhabitat-en-prison#breadcrumb"},"inLanguage":"fr-FR","potentialAction":[{"@type":"ReadAction","target":["https:\/\/www.africa-press.net\/gabon\/politique\/gabon-accuse-de-detournement-de-fonds-un-directeur-provincial-de-lhabitat-en-prison"]}]},{"@type":"ImageObject","inLanguage":"fr-FR","@id":"https:\/\/www.africa-press.net\/gabon\/politique\/gabon-accuse-de-detournement-de-fonds-un-directeur-provincial-de-lhabitat-en-prison#primaryimage","url":"https:\/\/static.africa-press.net\/gabon\/sites\/54\/2022\/12\/postQueueImg_1670511275.67.jpg","contentUrl":"https:\/\/static.africa-press.net\/gabon\/sites\/54\/2022\/12\/postQueueImg_1670511275.67.jpg","width":720,"height":505,"caption":"Gabon : accus\u00e9 de d\u00e9tournement de fonds, un directeur provincial de l\u2019Habitat en prison"},{"@type":"BreadcrumbList","@id":"https:\/\/www.africa-press.net\/gabon\/politique\/gabon-accuse-de-detournement-de-fonds-un-directeur-provincial-de-lhabitat-en-prison#breadcrumb","itemListElement":[{"@type":"ListItem","position":1,"name":"Accueil","item":"https:\/\/www.africa-press.net\/gabon\/"},{"@type":"ListItem","position":2,"name":"Gabon : accus\u00e9 de d\u00e9tournement de fonds, un directeur provincial de l\u2019Habitat en prison"}]},{"@type":"WebSite","@id":"https:\/\/www.africa-press.net\/gabon\/#website","url":"https:\/\/www.africa-press.net\/gabon\/","name":"Gabon","description":"Just another Africa News Agency Sites site","potentialAction":[{"@type":"SearchAction","target":{"@type":"EntryPoint","urlTemplate":"https:\/\/www.africa-press.net\/gabon\/?s={search_term_string}"},"query-input":{"@type":"PropertyValueSpecification","valueRequired":true,"valueName":"search_term_string"}}],"inLanguage":"fr-FR"},{"@type":"Person","@id":"https:\/\/www.africa-press.net\/gabon\/#\/schema\/person\/2b1cf3cd81a31e3cd26889ca66d677f1","name":"cfeditorfr"}]}},"_links":{"self":[{"href":"https:\/\/www.africa-press.net\/gabon\/wp-json\/wp\/v2\/posts\/13669","targetHints":{"allow":["GET"]}}],"collection":[{"href":"https:\/\/www.africa-press.net\/gabon\/wp-json\/wp\/v2\/posts"}],"about":[{"href":"https:\/\/www.africa-press.net\/gabon\/wp-json\/wp\/v2\/types\/post"}],"author":[{"embeddable":true,"href":"https:\/\/www.africa-press.net\/gabon\/wp-json\/wp\/v2\/users\/82"}],"replies":[{"embeddable":true,"href":"https:\/\/www.africa-press.net\/gabon\/wp-json\/wp\/v2\/comments?post=13669"}],"version-history":[{"count":0,"href":"https:\/\/www.africa-press.net\/gabon\/wp-json\/wp\/v2\/posts\/13669\/revisions"}],"wp:featuredmedia":[{"embeddable":true,"href":"https:\/\/www.africa-press.net\/gabon\/wp-json\/wp\/v2\/media\/13668"}],"wp:attachment":[{"href":"https:\/\/www.africa-press.net\/gabon\/wp-json\/wp\/v2\/media?parent=13669"}],"wp:term":[{"taxonomy":"category","embeddable":true,"href":"https:\/\/www.africa-press.net\/gabon\/wp-json\/wp\/v2\/categories?post=13669"},{"taxonomy":"post_tag","embeddable":true,"href":"https:\/\/www.africa-press.net\/gabon\/wp-json\/wp\/v2\/tags?post=13669"}],"curies":[{"name":"wp","href":"https:\/\/api.w.org\/{rel}","templated":true}]}}