{"id":13687,"date":"2022-12-09T17:02:37","date_gmt":"2022-12-09T17:02:37","guid":{"rendered":"https:\/\/www.africa-press.net\/gabon\/politique\/16eme-edition-de-la-tropicale-amissa-bongo-du-23-au-29-janvier-2023"},"modified":"2022-12-09T18:06:24","modified_gmt":"2022-12-09T18:06:24","slug":"16eme-edition-de-la-tropicale-amissa-bongo-du-23-au-29-janvier-2023","status":"publish","type":"post","link":"https:\/\/www.africa-press.net\/gabon\/sports\/16eme-edition-de-la-tropicale-amissa-bongo-du-23-au-29-janvier-2023","title":{"rendered":"16\u00e8me \u00e9dition de la Tropicale Amissa Bongo du 23 au 29 janvier 2023"},"content":{"rendered":"<p><span style=\"color: #ff6600\"><strong>Africa-Press &#8211; Gabon. <\/strong><\/span><b>Les organisateurs de la Tropicale Amissa Bongo (UCI 2.1) ont publie\u0301 la liste des 15 e\u0301quipes se\u0301lectionne\u0301es pour la 16e e\u0301dition de l\u2019e\u0301preuve qui se de\u0301roulera du 23 au 29 janvier 2023, apre\u0300s deux ans d\u2019interruption en raison de la pande\u0301mie du Covid.<\/b><\/p>\n<p>Le plateau sera compose\u0301 de 5 e\u0301quipes professionnelles UCI et de 10 se\u0301lections nationales africaines, comme le veut la tradition de l\u2019e\u0301preuve gabonaise depuis sa cre\u0301ation en 2006, pour permettre aux grandes nations du cyclisme africain de se mesurer aux meilleurs professionnels venus des quatre coins de la plane\u0300te.<\/p>\n<p>La participation sera une nouvelle fois a\u0300 la hauteur de l\u2019e\u0301ve\u0301nement majeur du cyclisme africain avec des e\u0301quipes de haut-niveau habitue\u0301es aux plus grands e\u0301ve\u0301nements du calendrier mondial comme le Tour de France ou le Tour d\u2019Espagne.<\/p>\n<p>Les coureurs de TotalEnergies seront pre\u0301sents, fide\u0300les au rendez-vous pour la 14e anne\u0301e conse\u0301cutive, alors que les quatre autres e\u0301quipes professionnelles de\u0301couvriront les routes gabonaises : les Belges de Bingoal, les Espagnols de Burgos, les Ame\u0301ricains de EF Education (l\u2019e\u0301quipe de\u0301veloppement de la structure World Tour) et les Turcs de Beykoz avec comme leader l\u2019Erythre\u0301en Natnael Berhane, le premier Africain vainqueur de la Tropicale en 2014.<\/p>\n<p>La 16e e\u0301dition de la Tropicale visitera cinq des neuf provinces du Gabon, avec un grand de\u0301part dans le Nord du pays, dans le Woleu-Ntem entre Bitam et Oyem puis vers Mitzic. La Ngounie\u0301, le Moyen-Ogooue\u0301, l\u2019Ogooue\u0301 maritime et l\u2019Estuaire seront e\u0301galement a\u0300 la fe\u0302te durant cette semaine de course. L\u2019arrive\u0301e finale a\u0300 Libreville promet encore un spectacle dense sur le circuit initial de la premie\u0300re e\u0301dition en 2006, devant le Se\u0301nat sur le Boulevard Triomphal.<\/p>\n<p>Le parcours 2023 offrira aux diffe\u0301rents spe\u0301cialistes la possibilite\u0301 de briller sur tous les terrains, notamment les sprinteurs lors des arrive\u0301es a\u0300 Port-Gentil et Libreville et les puncheurs a\u0300 Lambare\u0301ne\u0301 et Oyem.<\/p>\n<p><b>Marie Dorothe\u0301e<\/b><\/p>\n<p><strong>Pour plus d&rsquo;informations et d&rsquo;analyses sur la <a href=\"https:\/\/www.africa-press.net\/gabon\">Gabon<\/a>, suivez <a href=\"https:\/\/www.africa-press.net\/\">Africa-Press<\/a><\/strong><\/p>\n","protected":false},"excerpt":{"rendered":"<p>Africa-Press &#8211; Gabon. Les organisateurs de la Tropicale Amissa Bongo (UCI 2.1) ont publie\u0301 la liste des 15 e\u0301quipes se\u0301lectionne\u0301es pour la 16e e\u0301dition de l\u2019e\u0301preuve qui se de\u0301roulera du 23 au 29 janvier 2023, apre\u0300s deux ans d\u2019interruption en raison de la pande\u0301mie du Covid. Le plateau sera compose\u0301 de 5 e\u0301quipes professionnelles UCI [&hellip;]<\/p>\n","protected":false},"author":82,"featured_media":13686,"comment_status":"open","ping_status":"closed","sticky":false,"template":"","format":"standard","meta":{"footnotes":""},"categories":[6,10],"tags":[36,50,49],"class_list":["post-13687","post","type-post","status-publish","format-standard","has-post-thumbnail","hentry","category-sports","category-toutes-les-actualites","tag-africa-press","tag-africa-press-gabon","tag-gabon"],"yoast_head":"<!-- This site is optimized with the Yoast SEO Premium plugin v26.1 (Yoast SEO v27.0) - https:\/\/yoast.com\/product\/yoast-seo-premium-wordpress\/ -->\n<title>16\u00e8me \u00e9dition de la Tropicale Amissa Bongo du 23 au 29 janvier 2023 - Gabon<\/title>\n<meta name=\"description\" content=\"Les organisateurs de la Tropicale Amissa Bongo (UCI 2.1) ont publie\u0301 la liste des 15 e\u0301quipes se\u0301lectionne\u0301es pour la ...\" \/>\n<meta name=\"robots\" content=\"index, follow, max-snippet:-1, max-image-preview:large, max-video-preview:-1\" \/>\n<link rel=\"canonical\" href=\"https:\/\/www.africa-press.net\/gabon\/sports\/16eme-edition-de-la-tropicale-amissa-bongo-du-23-au-29-janvier-2023\" \/>\n<meta property=\"og:locale\" content=\"fr_FR\" \/>\n<meta property=\"og:type\" content=\"article\" \/>\n<meta property=\"og:title\" content=\"16\u00e8me \u00e9dition de la Tropicale Amissa Bongo du 23 au 29 janvier 2023\" \/>\n<meta property=\"og:description\" content=\"Les organisateurs de la Tropicale Amissa Bongo (UCI 2.1) ont publie\u0301 la liste des 15 e\u0301quipes se\u0301lectionne\u0301es pour la ...\" \/>\n<meta property=\"og:url\" content=\"https:\/\/www.africa-press.net\/gabon\/sports\/16eme-edition-de-la-tropicale-amissa-bongo-du-23-au-29-janvier-2023\" \/>\n<meta property=\"og:site_name\" content=\"Gabon\" \/>\n<meta property=\"article:published_time\" content=\"2022-12-09T17:02:37+00:00\" \/>\n<meta property=\"article:modified_time\" content=\"2022-12-09T18:06:24+00:00\" \/>\n<meta property=\"og:image\" content=\"https:\/\/static.africa-press.net\/gabon\/sites\/54\/2022\/12\/postQueueImg_1670592761.74.jpg\" \/>\n\t<meta property=\"og:image:width\" content=\"720\" \/>\n\t<meta property=\"og:image:height\" content=\"479\" \/>\n\t<meta property=\"og:image:type\" content=\"image\/jpeg\" \/>\n<meta name=\"author\" content=\"cfeditorfr\" \/>\n<meta name=\"twitter:card\" content=\"summary_large_image\" \/>\n<meta name=\"twitter:label1\" content=\"\u00c9crit par\" \/>\n\t<meta name=\"twitter:data1\" content=\"cfeditorfr\" \/>\n\t<meta name=\"twitter:label2\" content=\"Dur\u00e9e de lecture estim\u00e9e\" \/>\n\t<meta name=\"twitter:data2\" content=\"2 minutes\" \/>\n<script type=\"application\/ld+json\" class=\"yoast-schema-graph\">{\"@context\":\"https:\/\/schema.org\",\"@graph\":[{\"@type\":\"Article\",\"@id\":\"https:\/\/www.africa-press.net\/gabon\/sports\/16eme-edition-de-la-tropicale-amissa-bongo-du-23-au-29-janvier-2023#article\",\"isPartOf\":{\"@id\":\"https:\/\/www.africa-press.net\/gabon\/sports\/16eme-edition-de-la-tropicale-amissa-bongo-du-23-au-29-janvier-2023\"},\"author\":{\"name\":\"cfeditorfr\",\"@id\":\"https:\/\/www.africa-press.net\/gabon\/#\/schema\/person\/2b1cf3cd81a31e3cd26889ca66d677f1\"},\"headline\":\"16\u00e8me \u00e9dition de la Tropicale Amissa Bongo du 23 au 29 janvier 2023\",\"datePublished\":\"2022-12-09T17:02:37+00:00\",\"dateModified\":\"2022-12-09T18:06:24+00:00\",\"mainEntityOfPage\":{\"@id\":\"https:\/\/www.africa-press.net\/gabon\/sports\/16eme-edition-de-la-tropicale-amissa-bongo-du-23-au-29-janvier-2023\"},\"wordCount\":370,\"commentCount\":0,\"image\":{\"@id\":\"https:\/\/www.africa-press.net\/gabon\/sports\/16eme-edition-de-la-tropicale-amissa-bongo-du-23-au-29-janvier-2023#primaryimage\"},\"thumbnailUrl\":\"https:\/\/static.africa-press.net\/gabon\/sites\/54\/2022\/12\/postQueueImg_1670592761.74.jpg\",\"keywords\":[\"Africa Press\",\"Africa Press-Gabon\",\"Gabon\"],\"articleSection\":[\"Sports\",\"Toutes les actualit\u00e9s\"],\"inLanguage\":\"fr-FR\",\"potentialAction\":[{\"@type\":\"CommentAction\",\"name\":\"Comment\",\"target\":[\"https:\/\/www.africa-press.net\/gabon\/sports\/16eme-edition-de-la-tropicale-amissa-bongo-du-23-au-29-janvier-2023#respond\"]}]},{\"@type\":\"WebPage\",\"@id\":\"https:\/\/www.africa-press.net\/gabon\/sports\/16eme-edition-de-la-tropicale-amissa-bongo-du-23-au-29-janvier-2023\",\"url\":\"https:\/\/www.africa-press.net\/gabon\/sports\/16eme-edition-de-la-tropicale-amissa-bongo-du-23-au-29-janvier-2023\",\"name\":\"16\u00e8me \u00e9dition de la Tropicale Amissa Bongo du 23 au 29 janvier 2023 - Gabon\",\"isPartOf\":{\"@id\":\"https:\/\/www.africa-press.net\/gabon\/#website\"},\"primaryImageOfPage\":{\"@id\":\"https:\/\/www.africa-press.net\/gabon\/sports\/16eme-edition-de-la-tropicale-amissa-bongo-du-23-au-29-janvier-2023#primaryimage\"},\"image\":{\"@id\":\"https:\/\/www.africa-press.net\/gabon\/sports\/16eme-edition-de-la-tropicale-amissa-bongo-du-23-au-29-janvier-2023#primaryimage\"},\"thumbnailUrl\":\"https:\/\/static.africa-press.net\/gabon\/sites\/54\/2022\/12\/postQueueImg_1670592761.74.jpg\",\"datePublished\":\"2022-12-09T17:02:37+00:00\",\"dateModified\":\"2022-12-09T18:06:24+00:00\",\"author\":{\"@id\":\"https:\/\/www.africa-press.net\/gabon\/#\/schema\/person\/2b1cf3cd81a31e3cd26889ca66d677f1\"},\"description\":\"Les organisateurs de la Tropicale Amissa Bongo (UCI 2.1) ont publie\u0301 la liste des 15 e\u0301quipes se\u0301lectionne\u0301es pour la ...\",\"breadcrumb\":{\"@id\":\"https:\/\/www.africa-press.net\/gabon\/sports\/16eme-edition-de-la-tropicale-amissa-bongo-du-23-au-29-janvier-2023#breadcrumb\"},\"inLanguage\":\"fr-FR\",\"potentialAction\":[{\"@type\":\"ReadAction\",\"target\":[\"https:\/\/www.africa-press.net\/gabon\/sports\/16eme-edition-de-la-tropicale-amissa-bongo-du-23-au-29-janvier-2023\"]}]},{\"@type\":\"ImageObject\",\"inLanguage\":\"fr-FR\",\"@id\":\"https:\/\/www.africa-press.net\/gabon\/sports\/16eme-edition-de-la-tropicale-amissa-bongo-du-23-au-29-janvier-2023#primaryimage\",\"url\":\"https:\/\/static.africa-press.net\/gabon\/sites\/54\/2022\/12\/postQueueImg_1670592761.74.jpg\",\"contentUrl\":\"https:\/\/static.africa-press.net\/gabon\/sites\/54\/2022\/12\/postQueueImg_1670592761.74.jpg\",\"width\":720,\"height\":479,\"caption\":\"16\u00e8me \u00e9dition de la Tropicale Amissa Bongo du 23 au 29 janvier 2023\"},{\"@type\":\"BreadcrumbList\",\"@id\":\"https:\/\/www.africa-press.net\/gabon\/sports\/16eme-edition-de-la-tropicale-amissa-bongo-du-23-au-29-janvier-2023#breadcrumb\",\"itemListElement\":[{\"@type\":\"ListItem\",\"position\":1,\"name\":\"Accueil\",\"item\":\"https:\/\/www.africa-press.net\/gabon\/\"},{\"@type\":\"ListItem\",\"position\":2,\"name\":\"16\u00e8me \u00e9dition de la Tropicale Amissa Bongo du 23 au 29 janvier 2023\"}]},{\"@type\":\"WebSite\",\"@id\":\"https:\/\/www.africa-press.net\/gabon\/#website\",\"url\":\"https:\/\/www.africa-press.net\/gabon\/\",\"name\":\"Gabon\",\"description\":\"Just another Africa News Agency Sites site\",\"potentialAction\":[{\"@type\":\"SearchAction\",\"target\":{\"@type\":\"EntryPoint\",\"urlTemplate\":\"https:\/\/www.africa-press.net\/gabon\/?s={search_term_string}\"},\"query-input\":{\"@type\":\"PropertyValueSpecification\",\"valueRequired\":true,\"valueName\":\"search_term_string\"}}],\"inLanguage\":\"fr-FR\"},{\"@type\":\"Person\",\"@id\":\"https:\/\/www.africa-press.net\/gabon\/#\/schema\/person\/2b1cf3cd81a31e3cd26889ca66d677f1\",\"name\":\"cfeditorfr\"}]}<\/script>\n<!-- \/ Yoast SEO Premium plugin. -->","yoast_head_json":{"title":"16\u00e8me \u00e9dition de la Tropicale Amissa Bongo du 23 au 29 janvier 2023 - Gabon","description":"Les organisateurs de la Tropicale Amissa Bongo (UCI 2.1) ont publie\u0301 la liste des 15 e\u0301quipes se\u0301lectionne\u0301es pour la ...","robots":{"index":"index","follow":"follow","max-snippet":"max-snippet:-1","max-image-preview":"max-image-preview:large","max-video-preview":"max-video-preview:-1"},"canonical":"https:\/\/www.africa-press.net\/gabon\/sports\/16eme-edition-de-la-tropicale-amissa-bongo-du-23-au-29-janvier-2023","og_locale":"fr_FR","og_type":"article","og_title":"16\u00e8me \u00e9dition de la Tropicale Amissa Bongo du 23 au 29 janvier 2023","og_description":"Les organisateurs de la Tropicale Amissa Bongo (UCI 2.1) ont publie\u0301 la liste des 15 e\u0301quipes se\u0301lectionne\u0301es pour la ...","og_url":"https:\/\/www.africa-press.net\/gabon\/sports\/16eme-edition-de-la-tropicale-amissa-bongo-du-23-au-29-janvier-2023","og_site_name":"Gabon","article_published_time":"2022-12-09T17:02:37+00:00","article_modified_time":"2022-12-09T18:06:24+00:00","og_image":[{"width":720,"height":479,"url":"https:\/\/static.africa-press.net\/gabon\/sites\/54\/2022\/12\/postQueueImg_1670592761.74.jpg","type":"image\/jpeg"}],"author":"cfeditorfr","twitter_card":"summary_large_image","twitter_misc":{"\u00c9crit par":"cfeditorfr","Dur\u00e9e de lecture estim\u00e9e":"2 minutes"},"schema":{"@context":"https:\/\/schema.org","@graph":[{"@type":"Article","@id":"https:\/\/www.africa-press.net\/gabon\/sports\/16eme-edition-de-la-tropicale-amissa-bongo-du-23-au-29-janvier-2023#article","isPartOf":{"@id":"https:\/\/www.africa-press.net\/gabon\/sports\/16eme-edition-de-la-tropicale-amissa-bongo-du-23-au-29-janvier-2023"},"author":{"name":"cfeditorfr","@id":"https:\/\/www.africa-press.net\/gabon\/#\/schema\/person\/2b1cf3cd81a31e3cd26889ca66d677f1"},"headline":"16\u00e8me \u00e9dition de la Tropicale Amissa Bongo du 23 au 29 janvier 2023","datePublished":"2022-12-09T17:02:37+00:00","dateModified":"2022-12-09T18:06:24+00:00","mainEntityOfPage":{"@id":"https:\/\/www.africa-press.net\/gabon\/sports\/16eme-edition-de-la-tropicale-amissa-bongo-du-23-au-29-janvier-2023"},"wordCount":370,"commentCount":0,"image":{"@id":"https:\/\/www.africa-press.net\/gabon\/sports\/16eme-edition-de-la-tropicale-amissa-bongo-du-23-au-29-janvier-2023#primaryimage"},"thumbnailUrl":"https:\/\/static.africa-press.net\/gabon\/sites\/54\/2022\/12\/postQueueImg_1670592761.74.jpg","keywords":["Africa Press","Africa Press-Gabon","Gabon"],"articleSection":["Sports","Toutes les actualit\u00e9s"],"inLanguage":"fr-FR","potentialAction":[{"@type":"CommentAction","name":"Comment","target":["https:\/\/www.africa-press.net\/gabon\/sports\/16eme-edition-de-la-tropicale-amissa-bongo-du-23-au-29-janvier-2023#respond"]}]},{"@type":"WebPage","@id":"https:\/\/www.africa-press.net\/gabon\/sports\/16eme-edition-de-la-tropicale-amissa-bongo-du-23-au-29-janvier-2023","url":"https:\/\/www.africa-press.net\/gabon\/sports\/16eme-edition-de-la-tropicale-amissa-bongo-du-23-au-29-janvier-2023","name":"16\u00e8me \u00e9dition de la Tropicale Amissa Bongo du 23 au 29 janvier 2023 - Gabon","isPartOf":{"@id":"https:\/\/www.africa-press.net\/gabon\/#website"},"primaryImageOfPage":{"@id":"https:\/\/www.africa-press.net\/gabon\/sports\/16eme-edition-de-la-tropicale-amissa-bongo-du-23-au-29-janvier-2023#primaryimage"},"image":{"@id":"https:\/\/www.africa-press.net\/gabon\/sports\/16eme-edition-de-la-tropicale-amissa-bongo-du-23-au-29-janvier-2023#primaryimage"},"thumbnailUrl":"https:\/\/static.africa-press.net\/gabon\/sites\/54\/2022\/12\/postQueueImg_1670592761.74.jpg","datePublished":"2022-12-09T17:02:37+00:00","dateModified":"2022-12-09T18:06:24+00:00","author":{"@id":"https:\/\/www.africa-press.net\/gabon\/#\/schema\/person\/2b1cf3cd81a31e3cd26889ca66d677f1"},"description":"Les organisateurs de la Tropicale Amissa Bongo (UCI 2.1) ont publie\u0301 la liste des 15 e\u0301quipes se\u0301lectionne\u0301es pour la ...","breadcrumb":{"@id":"https:\/\/www.africa-press.net\/gabon\/sports\/16eme-edition-de-la-tropicale-amissa-bongo-du-23-au-29-janvier-2023#breadcrumb"},"inLanguage":"fr-FR","potentialAction":[{"@type":"ReadAction","target":["https:\/\/www.africa-press.net\/gabon\/sports\/16eme-edition-de-la-tropicale-amissa-bongo-du-23-au-29-janvier-2023"]}]},{"@type":"ImageObject","inLanguage":"fr-FR","@id":"https:\/\/www.africa-press.net\/gabon\/sports\/16eme-edition-de-la-tropicale-amissa-bongo-du-23-au-29-janvier-2023#primaryimage","url":"https:\/\/static.africa-press.net\/gabon\/sites\/54\/2022\/12\/postQueueImg_1670592761.74.jpg","contentUrl":"https:\/\/static.africa-press.net\/gabon\/sites\/54\/2022\/12\/postQueueImg_1670592761.74.jpg","width":720,"height":479,"caption":"16\u00e8me \u00e9dition de la Tropicale Amissa Bongo du 23 au 29 janvier 2023"},{"@type":"BreadcrumbList","@id":"https:\/\/www.africa-press.net\/gabon\/sports\/16eme-edition-de-la-tropicale-amissa-bongo-du-23-au-29-janvier-2023#breadcrumb","itemListElement":[{"@type":"ListItem","position":1,"name":"Accueil","item":"https:\/\/www.africa-press.net\/gabon\/"},{"@type":"ListItem","position":2,"name":"16\u00e8me \u00e9dition de la Tropicale Amissa Bongo du 23 au 29 janvier 2023"}]},{"@type":"WebSite","@id":"https:\/\/www.africa-press.net\/gabon\/#website","url":"https:\/\/www.africa-press.net\/gabon\/","name":"Gabon","description":"Just another Africa News Agency Sites site","potentialAction":[{"@type":"SearchAction","target":{"@type":"EntryPoint","urlTemplate":"https:\/\/www.africa-press.net\/gabon\/?s={search_term_string}"},"query-input":{"@type":"PropertyValueSpecification","valueRequired":true,"valueName":"search_term_string"}}],"inLanguage":"fr-FR"},{"@type":"Person","@id":"https:\/\/www.africa-press.net\/gabon\/#\/schema\/person\/2b1cf3cd81a31e3cd26889ca66d677f1","name":"cfeditorfr"}]}},"_links":{"self":[{"href":"https:\/\/www.africa-press.net\/gabon\/wp-json\/wp\/v2\/posts\/13687","targetHints":{"allow":["GET"]}}],"collection":[{"href":"https:\/\/www.africa-press.net\/gabon\/wp-json\/wp\/v2\/posts"}],"about":[{"href":"https:\/\/www.africa-press.net\/gabon\/wp-json\/wp\/v2\/types\/post"}],"author":[{"embeddable":true,"href":"https:\/\/www.africa-press.net\/gabon\/wp-json\/wp\/v2\/users\/82"}],"replies":[{"embeddable":true,"href":"https:\/\/www.africa-press.net\/gabon\/wp-json\/wp\/v2\/comments?post=13687"}],"version-history":[{"count":0,"href":"https:\/\/www.africa-press.net\/gabon\/wp-json\/wp\/v2\/posts\/13687\/revisions"}],"wp:featuredmedia":[{"embeddable":true,"href":"https:\/\/www.africa-press.net\/gabon\/wp-json\/wp\/v2\/media\/13686"}],"wp:attachment":[{"href":"https:\/\/www.africa-press.net\/gabon\/wp-json\/wp\/v2\/media?parent=13687"}],"wp:term":[{"taxonomy":"category","embeddable":true,"href":"https:\/\/www.africa-press.net\/gabon\/wp-json\/wp\/v2\/categories?post=13687"},{"taxonomy":"post_tag","embeddable":true,"href":"https:\/\/www.africa-press.net\/gabon\/wp-json\/wp\/v2\/tags?post=13687"}],"curies":[{"name":"wp","href":"https:\/\/api.w.org\/{rel}","templated":true}]}}