{"id":13732,"date":"2022-12-10T16:26:48","date_gmt":"2022-12-10T16:26:48","guid":{"rendered":"https:\/\/www.africa-press.net\/gabon\/politique\/ali-bongo-au-sommet-etats-unis-afrique-du-13-au-15-decembre-a-washington"},"modified":"2022-12-10T17:01:04","modified_gmt":"2022-12-10T17:01:04","slug":"ali-bongo-au-sommet-etats-unis-afrique-du-13-au-15-decembre-a-washington","status":"publish","type":"post","link":"https:\/\/www.africa-press.net\/gabon\/politique\/ali-bongo-au-sommet-etats-unis-afrique-du-13-au-15-decembre-a-washington","title":{"rendered":"Ali Bongo au sommet Etats-Unis \/ Afrique du 13 au 15 d\u00e9cembre \u00e0 Washington"},"content":{"rendered":"<p><span style=\"color: #ff6600\"><strong>Africa-Press &#8211; Gabon. <\/strong><\/span><b>Ali Bongo Ondimba, prendra part du 13 au 15 de\u0301cembre 2022 au Sommet Etats-Unis\/Afrique a\u0300 Washington, aux Etats-Unis d\u2019Ame\u0301rique, a annonce\u0301 la pre\u0301sidence gabonaise dans un communique\u0301.<\/b><\/p>\n<p>Le sommet regroupera des chefs d\u2019Etat, de gouvernement et des leaders de la socie\u0301te\u0301 civile. Le principal enjeu de ce Sommet sera pour l\u2019administration ame\u0301ricaine de de\u0301montrer a\u0300 ses partenaires africains l\u2019engagement des Etats-Unis a\u0300 l\u2019endroit du continent africain, pour qui l\u2019Ame\u0301rique a un ro\u0302le prioritaire a\u0300 exercer dans la gestion des grandes questions qui impactent le monde.<\/p>\n<p>Les questions de paix, de se\u0301curite\u0301, de sante\u0301, de changements climatiques, d\u2019e\u0301nergie, d\u2019investissement dans les infrastructures, de se\u0301curite\u0301 alimentaire ainsi que la gestion des impacts lie\u0301s a\u0300 la pande\u0301mie de la Covid -19, seront au centre de ce sommet.<\/p>\n<p>Ce Sommet intervient apre\u0300s celui organise\u0301 par l\u2019ancien Pre\u0301sident ame\u0301ricain Barack Obama en 2014.<\/p>\n<p><b>Antoine Relaxe<\/b><\/p>\n<p><strong>Pour plus d&rsquo;informations et d&rsquo;analyses sur la <a href=\"https:\/\/www.africa-press.net\/gabon\">Gabon<\/a>, suivez <a href=\"https:\/\/www.africa-press.net\/\">Africa-Press<\/a><\/strong><\/p>\n","protected":false},"excerpt":{"rendered":"<p>Africa-Press &#8211; Gabon. Ali Bongo Ondimba, prendra part du 13 au 15 de\u0301cembre 2022 au Sommet Etats-Unis\/Afrique a\u0300 Washington, aux Etats-Unis d\u2019Ame\u0301rique, a annonce\u0301 la pre\u0301sidence gabonaise dans un communique\u0301. Le sommet regroupera des chefs d\u2019Etat, de gouvernement et des leaders de la socie\u0301te\u0301 civile. Le principal enjeu de ce Sommet sera pour l\u2019administration ame\u0301ricaine [&hellip;]<\/p>\n","protected":false},"author":82,"featured_media":13731,"comment_status":"open","ping_status":"closed","sticky":false,"template":"","format":"standard","meta":{"footnotes":""},"categories":[2,10],"tags":[36,50,49],"class_list":["post-13732","post","type-post","status-publish","format-standard","has-post-thumbnail","hentry","category-politique","category-toutes-les-actualites","tag-africa-press","tag-africa-press-gabon","tag-gabon"],"yoast_head":"<!-- This site is optimized with the Yoast SEO Premium plugin v26.1 (Yoast SEO v27.0) - https:\/\/yoast.com\/product\/yoast-seo-premium-wordpress\/ -->\n<title>Ali Bongo au sommet Etats-Unis \/ Afrique du 13 au 15 d\u00e9cembre \u00e0 Washington - Gabon<\/title>\n<meta name=\"description\" content=\"Ali Bongo Ondimba, prendra part du 13 au 15 de\u0301cembre 2022 au Sommet Etats-Unis\/Afrique a\u0300 Washington, aux Etats-Unis ...\" \/>\n<meta name=\"robots\" content=\"index, follow, max-snippet:-1, max-image-preview:large, max-video-preview:-1\" \/>\n<link rel=\"canonical\" href=\"https:\/\/www.africa-press.net\/gabon\/politique\/ali-bongo-au-sommet-etats-unis-afrique-du-13-au-15-decembre-a-washington\" \/>\n<meta property=\"og:locale\" content=\"fr_FR\" \/>\n<meta property=\"og:type\" content=\"article\" \/>\n<meta property=\"og:title\" content=\"Ali Bongo au sommet Etats-Unis \/ Afrique du 13 au 15 d\u00e9cembre \u00e0 Washington\" \/>\n<meta property=\"og:description\" content=\"Ali Bongo Ondimba, prendra part du 13 au 15 de\u0301cembre 2022 au Sommet Etats-Unis\/Afrique a\u0300 Washington, aux Etats-Unis ...\" \/>\n<meta property=\"og:url\" content=\"https:\/\/www.africa-press.net\/gabon\/politique\/ali-bongo-au-sommet-etats-unis-afrique-du-13-au-15-decembre-a-washington\" \/>\n<meta property=\"og:site_name\" content=\"Gabon\" \/>\n<meta property=\"article:published_time\" content=\"2022-12-10T16:26:48+00:00\" \/>\n<meta property=\"article:modified_time\" content=\"2022-12-10T17:01:04+00:00\" \/>\n<meta property=\"og:image\" content=\"https:\/\/static.africa-press.net\/gabon\/sites\/54\/2022\/12\/postQueueImg_1670677018.49.jpg\" \/>\n\t<meta property=\"og:image:width\" content=\"750\" \/>\n\t<meta property=\"og:image:height\" content=\"375\" \/>\n\t<meta property=\"og:image:type\" content=\"image\/jpeg\" \/>\n<meta name=\"author\" content=\"cfeditorfr\" \/>\n<meta name=\"twitter:card\" content=\"summary_large_image\" \/>\n<meta name=\"twitter:label1\" content=\"\u00c9crit par\" \/>\n\t<meta name=\"twitter:data1\" content=\"cfeditorfr\" \/>\n\t<meta name=\"twitter:label2\" content=\"Dur\u00e9e de lecture estim\u00e9e\" \/>\n\t<meta name=\"twitter:data2\" content=\"1 minute\" \/>\n<script type=\"application\/ld+json\" class=\"yoast-schema-graph\">{\"@context\":\"https:\/\/schema.org\",\"@graph\":[{\"@type\":\"Article\",\"@id\":\"https:\/\/www.africa-press.net\/gabon\/politique\/ali-bongo-au-sommet-etats-unis-afrique-du-13-au-15-decembre-a-washington#article\",\"isPartOf\":{\"@id\":\"https:\/\/www.africa-press.net\/gabon\/politique\/ali-bongo-au-sommet-etats-unis-afrique-du-13-au-15-decembre-a-washington\"},\"author\":{\"name\":\"cfeditorfr\",\"@id\":\"https:\/\/www.africa-press.net\/gabon\/#\/schema\/person\/2b1cf3cd81a31e3cd26889ca66d677f1\"},\"headline\":\"Ali Bongo au sommet Etats-Unis \/ Afrique du 13 au 15 d\u00e9cembre \u00e0 Washington\",\"datePublished\":\"2022-12-10T16:26:48+00:00\",\"dateModified\":\"2022-12-10T17:01:04+00:00\",\"mainEntityOfPage\":{\"@id\":\"https:\/\/www.africa-press.net\/gabon\/politique\/ali-bongo-au-sommet-etats-unis-afrique-du-13-au-15-decembre-a-washington\"},\"wordCount\":188,\"commentCount\":0,\"image\":{\"@id\":\"https:\/\/www.africa-press.net\/gabon\/politique\/ali-bongo-au-sommet-etats-unis-afrique-du-13-au-15-decembre-a-washington#primaryimage\"},\"thumbnailUrl\":\"https:\/\/static.africa-press.net\/gabon\/sites\/54\/2022\/12\/postQueueImg_1670677018.49.jpg\",\"keywords\":[\"Africa Press\",\"Africa Press-Gabon\",\"Gabon\"],\"articleSection\":[\"Politique\",\"Toutes les actualit\u00e9s\"],\"inLanguage\":\"fr-FR\",\"potentialAction\":[{\"@type\":\"CommentAction\",\"name\":\"Comment\",\"target\":[\"https:\/\/www.africa-press.net\/gabon\/politique\/ali-bongo-au-sommet-etats-unis-afrique-du-13-au-15-decembre-a-washington#respond\"]}]},{\"@type\":\"WebPage\",\"@id\":\"https:\/\/www.africa-press.net\/gabon\/politique\/ali-bongo-au-sommet-etats-unis-afrique-du-13-au-15-decembre-a-washington\",\"url\":\"https:\/\/www.africa-press.net\/gabon\/politique\/ali-bongo-au-sommet-etats-unis-afrique-du-13-au-15-decembre-a-washington\",\"name\":\"Ali Bongo au sommet Etats-Unis \/ Afrique du 13 au 15 d\u00e9cembre \u00e0 Washington - Gabon\",\"isPartOf\":{\"@id\":\"https:\/\/www.africa-press.net\/gabon\/#website\"},\"primaryImageOfPage\":{\"@id\":\"https:\/\/www.africa-press.net\/gabon\/politique\/ali-bongo-au-sommet-etats-unis-afrique-du-13-au-15-decembre-a-washington#primaryimage\"},\"image\":{\"@id\":\"https:\/\/www.africa-press.net\/gabon\/politique\/ali-bongo-au-sommet-etats-unis-afrique-du-13-au-15-decembre-a-washington#primaryimage\"},\"thumbnailUrl\":\"https:\/\/static.africa-press.net\/gabon\/sites\/54\/2022\/12\/postQueueImg_1670677018.49.jpg\",\"datePublished\":\"2022-12-10T16:26:48+00:00\",\"dateModified\":\"2022-12-10T17:01:04+00:00\",\"author\":{\"@id\":\"https:\/\/www.africa-press.net\/gabon\/#\/schema\/person\/2b1cf3cd81a31e3cd26889ca66d677f1\"},\"description\":\"Ali Bongo Ondimba, prendra part du 13 au 15 de\u0301cembre 2022 au Sommet Etats-Unis\/Afrique a\u0300 Washington, aux Etats-Unis ...\",\"breadcrumb\":{\"@id\":\"https:\/\/www.africa-press.net\/gabon\/politique\/ali-bongo-au-sommet-etats-unis-afrique-du-13-au-15-decembre-a-washington#breadcrumb\"},\"inLanguage\":\"fr-FR\",\"potentialAction\":[{\"@type\":\"ReadAction\",\"target\":[\"https:\/\/www.africa-press.net\/gabon\/politique\/ali-bongo-au-sommet-etats-unis-afrique-du-13-au-15-decembre-a-washington\"]}]},{\"@type\":\"ImageObject\",\"inLanguage\":\"fr-FR\",\"@id\":\"https:\/\/www.africa-press.net\/gabon\/politique\/ali-bongo-au-sommet-etats-unis-afrique-du-13-au-15-decembre-a-washington#primaryimage\",\"url\":\"https:\/\/static.africa-press.net\/gabon\/sites\/54\/2022\/12\/postQueueImg_1670677018.49.jpg\",\"contentUrl\":\"https:\/\/static.africa-press.net\/gabon\/sites\/54\/2022\/12\/postQueueImg_1670677018.49.jpg\",\"width\":750,\"height\":375,\"caption\":\"Ali Bongo au sommet Etats-Unis \/ Afrique du 13 au 15 d\u00e9cembre \u00e0 Washington\"},{\"@type\":\"BreadcrumbList\",\"@id\":\"https:\/\/www.africa-press.net\/gabon\/politique\/ali-bongo-au-sommet-etats-unis-afrique-du-13-au-15-decembre-a-washington#breadcrumb\",\"itemListElement\":[{\"@type\":\"ListItem\",\"position\":1,\"name\":\"Accueil\",\"item\":\"https:\/\/www.africa-press.net\/gabon\/\"},{\"@type\":\"ListItem\",\"position\":2,\"name\":\"Ali Bongo au sommet Etats-Unis \/ Afrique du 13 au 15 d\u00e9cembre \u00e0 Washington\"}]},{\"@type\":\"WebSite\",\"@id\":\"https:\/\/www.africa-press.net\/gabon\/#website\",\"url\":\"https:\/\/www.africa-press.net\/gabon\/\",\"name\":\"Gabon\",\"description\":\"Just another Africa News Agency Sites site\",\"potentialAction\":[{\"@type\":\"SearchAction\",\"target\":{\"@type\":\"EntryPoint\",\"urlTemplate\":\"https:\/\/www.africa-press.net\/gabon\/?s={search_term_string}\"},\"query-input\":{\"@type\":\"PropertyValueSpecification\",\"valueRequired\":true,\"valueName\":\"search_term_string\"}}],\"inLanguage\":\"fr-FR\"},{\"@type\":\"Person\",\"@id\":\"https:\/\/www.africa-press.net\/gabon\/#\/schema\/person\/2b1cf3cd81a31e3cd26889ca66d677f1\",\"name\":\"cfeditorfr\"}]}<\/script>\n<!-- \/ Yoast SEO Premium plugin. -->","yoast_head_json":{"title":"Ali Bongo au sommet Etats-Unis \/ Afrique du 13 au 15 d\u00e9cembre \u00e0 Washington - Gabon","description":"Ali Bongo Ondimba, prendra part du 13 au 15 de\u0301cembre 2022 au Sommet Etats-Unis\/Afrique a\u0300 Washington, aux Etats-Unis ...","robots":{"index":"index","follow":"follow","max-snippet":"max-snippet:-1","max-image-preview":"max-image-preview:large","max-video-preview":"max-video-preview:-1"},"canonical":"https:\/\/www.africa-press.net\/gabon\/politique\/ali-bongo-au-sommet-etats-unis-afrique-du-13-au-15-decembre-a-washington","og_locale":"fr_FR","og_type":"article","og_title":"Ali Bongo au sommet Etats-Unis \/ Afrique du 13 au 15 d\u00e9cembre \u00e0 Washington","og_description":"Ali Bongo Ondimba, prendra part du 13 au 15 de\u0301cembre 2022 au Sommet Etats-Unis\/Afrique a\u0300 Washington, aux Etats-Unis ...","og_url":"https:\/\/www.africa-press.net\/gabon\/politique\/ali-bongo-au-sommet-etats-unis-afrique-du-13-au-15-decembre-a-washington","og_site_name":"Gabon","article_published_time":"2022-12-10T16:26:48+00:00","article_modified_time":"2022-12-10T17:01:04+00:00","og_image":[{"width":750,"height":375,"url":"https:\/\/static.africa-press.net\/gabon\/sites\/54\/2022\/12\/postQueueImg_1670677018.49.jpg","type":"image\/jpeg"}],"author":"cfeditorfr","twitter_card":"summary_large_image","twitter_misc":{"\u00c9crit par":"cfeditorfr","Dur\u00e9e de lecture estim\u00e9e":"1 minute"},"schema":{"@context":"https:\/\/schema.org","@graph":[{"@type":"Article","@id":"https:\/\/www.africa-press.net\/gabon\/politique\/ali-bongo-au-sommet-etats-unis-afrique-du-13-au-15-decembre-a-washington#article","isPartOf":{"@id":"https:\/\/www.africa-press.net\/gabon\/politique\/ali-bongo-au-sommet-etats-unis-afrique-du-13-au-15-decembre-a-washington"},"author":{"name":"cfeditorfr","@id":"https:\/\/www.africa-press.net\/gabon\/#\/schema\/person\/2b1cf3cd81a31e3cd26889ca66d677f1"},"headline":"Ali Bongo au sommet Etats-Unis \/ Afrique du 13 au 15 d\u00e9cembre \u00e0 Washington","datePublished":"2022-12-10T16:26:48+00:00","dateModified":"2022-12-10T17:01:04+00:00","mainEntityOfPage":{"@id":"https:\/\/www.africa-press.net\/gabon\/politique\/ali-bongo-au-sommet-etats-unis-afrique-du-13-au-15-decembre-a-washington"},"wordCount":188,"commentCount":0,"image":{"@id":"https:\/\/www.africa-press.net\/gabon\/politique\/ali-bongo-au-sommet-etats-unis-afrique-du-13-au-15-decembre-a-washington#primaryimage"},"thumbnailUrl":"https:\/\/static.africa-press.net\/gabon\/sites\/54\/2022\/12\/postQueueImg_1670677018.49.jpg","keywords":["Africa Press","Africa Press-Gabon","Gabon"],"articleSection":["Politique","Toutes les actualit\u00e9s"],"inLanguage":"fr-FR","potentialAction":[{"@type":"CommentAction","name":"Comment","target":["https:\/\/www.africa-press.net\/gabon\/politique\/ali-bongo-au-sommet-etats-unis-afrique-du-13-au-15-decembre-a-washington#respond"]}]},{"@type":"WebPage","@id":"https:\/\/www.africa-press.net\/gabon\/politique\/ali-bongo-au-sommet-etats-unis-afrique-du-13-au-15-decembre-a-washington","url":"https:\/\/www.africa-press.net\/gabon\/politique\/ali-bongo-au-sommet-etats-unis-afrique-du-13-au-15-decembre-a-washington","name":"Ali Bongo au sommet Etats-Unis \/ Afrique du 13 au 15 d\u00e9cembre \u00e0 Washington - Gabon","isPartOf":{"@id":"https:\/\/www.africa-press.net\/gabon\/#website"},"primaryImageOfPage":{"@id":"https:\/\/www.africa-press.net\/gabon\/politique\/ali-bongo-au-sommet-etats-unis-afrique-du-13-au-15-decembre-a-washington#primaryimage"},"image":{"@id":"https:\/\/www.africa-press.net\/gabon\/politique\/ali-bongo-au-sommet-etats-unis-afrique-du-13-au-15-decembre-a-washington#primaryimage"},"thumbnailUrl":"https:\/\/static.africa-press.net\/gabon\/sites\/54\/2022\/12\/postQueueImg_1670677018.49.jpg","datePublished":"2022-12-10T16:26:48+00:00","dateModified":"2022-12-10T17:01:04+00:00","author":{"@id":"https:\/\/www.africa-press.net\/gabon\/#\/schema\/person\/2b1cf3cd81a31e3cd26889ca66d677f1"},"description":"Ali Bongo Ondimba, prendra part du 13 au 15 de\u0301cembre 2022 au Sommet Etats-Unis\/Afrique a\u0300 Washington, aux Etats-Unis ...","breadcrumb":{"@id":"https:\/\/www.africa-press.net\/gabon\/politique\/ali-bongo-au-sommet-etats-unis-afrique-du-13-au-15-decembre-a-washington#breadcrumb"},"inLanguage":"fr-FR","potentialAction":[{"@type":"ReadAction","target":["https:\/\/www.africa-press.net\/gabon\/politique\/ali-bongo-au-sommet-etats-unis-afrique-du-13-au-15-decembre-a-washington"]}]},{"@type":"ImageObject","inLanguage":"fr-FR","@id":"https:\/\/www.africa-press.net\/gabon\/politique\/ali-bongo-au-sommet-etats-unis-afrique-du-13-au-15-decembre-a-washington#primaryimage","url":"https:\/\/static.africa-press.net\/gabon\/sites\/54\/2022\/12\/postQueueImg_1670677018.49.jpg","contentUrl":"https:\/\/static.africa-press.net\/gabon\/sites\/54\/2022\/12\/postQueueImg_1670677018.49.jpg","width":750,"height":375,"caption":"Ali Bongo au sommet Etats-Unis \/ Afrique du 13 au 15 d\u00e9cembre \u00e0 Washington"},{"@type":"BreadcrumbList","@id":"https:\/\/www.africa-press.net\/gabon\/politique\/ali-bongo-au-sommet-etats-unis-afrique-du-13-au-15-decembre-a-washington#breadcrumb","itemListElement":[{"@type":"ListItem","position":1,"name":"Accueil","item":"https:\/\/www.africa-press.net\/gabon\/"},{"@type":"ListItem","position":2,"name":"Ali Bongo au sommet Etats-Unis \/ Afrique du 13 au 15 d\u00e9cembre \u00e0 Washington"}]},{"@type":"WebSite","@id":"https:\/\/www.africa-press.net\/gabon\/#website","url":"https:\/\/www.africa-press.net\/gabon\/","name":"Gabon","description":"Just another Africa News Agency Sites site","potentialAction":[{"@type":"SearchAction","target":{"@type":"EntryPoint","urlTemplate":"https:\/\/www.africa-press.net\/gabon\/?s={search_term_string}"},"query-input":{"@type":"PropertyValueSpecification","valueRequired":true,"valueName":"search_term_string"}}],"inLanguage":"fr-FR"},{"@type":"Person","@id":"https:\/\/www.africa-press.net\/gabon\/#\/schema\/person\/2b1cf3cd81a31e3cd26889ca66d677f1","name":"cfeditorfr"}]}},"_links":{"self":[{"href":"https:\/\/www.africa-press.net\/gabon\/wp-json\/wp\/v2\/posts\/13732","targetHints":{"allow":["GET"]}}],"collection":[{"href":"https:\/\/www.africa-press.net\/gabon\/wp-json\/wp\/v2\/posts"}],"about":[{"href":"https:\/\/www.africa-press.net\/gabon\/wp-json\/wp\/v2\/types\/post"}],"author":[{"embeddable":true,"href":"https:\/\/www.africa-press.net\/gabon\/wp-json\/wp\/v2\/users\/82"}],"replies":[{"embeddable":true,"href":"https:\/\/www.africa-press.net\/gabon\/wp-json\/wp\/v2\/comments?post=13732"}],"version-history":[{"count":0,"href":"https:\/\/www.africa-press.net\/gabon\/wp-json\/wp\/v2\/posts\/13732\/revisions"}],"wp:featuredmedia":[{"embeddable":true,"href":"https:\/\/www.africa-press.net\/gabon\/wp-json\/wp\/v2\/media\/13731"}],"wp:attachment":[{"href":"https:\/\/www.africa-press.net\/gabon\/wp-json\/wp\/v2\/media?parent=13732"}],"wp:term":[{"taxonomy":"category","embeddable":true,"href":"https:\/\/www.africa-press.net\/gabon\/wp-json\/wp\/v2\/categories?post=13732"},{"taxonomy":"post_tag","embeddable":true,"href":"https:\/\/www.africa-press.net\/gabon\/wp-json\/wp\/v2\/tags?post=13732"}],"curies":[{"name":"wp","href":"https:\/\/api.w.org\/{rel}","templated":true}]}}