{"id":13741,"date":"2022-12-10T16:27:46","date_gmt":"2022-12-10T16:27:46","guid":{"rendered":"https:\/\/www.africa-press.net\/gabon\/politique\/violences-faites-aux-femmes-quid-de-celles-emprisonnees-sans-jugement"},"modified":"2022-12-10T17:02:22","modified_gmt":"2022-12-10T17:02:22","slug":"violences-faites-aux-femmes-quid-de-celles-emprisonnees-sans-jugement","status":"publish","type":"post","link":"https:\/\/www.africa-press.net\/gabon\/toutes-les-actualites\/violences-faites-aux-femmes-quid-de-celles-emprisonnees-sans-jugement","title":{"rendered":"Violences faites aux femmes : Quid de celles emprisonn\u00e9es sans jugement ?"},"content":{"rendered":"<p><span style=\"color: #ff6600\"><strong>Africa-Press &#8211; Gabon. <\/strong><\/span>A\u0300 l\u2019heure ou\u0300 le discours politique est a\u0300 la lutte contre toutes les formes de violences faites aux femmes, des de\u0301fenseurs des droits humains, a\u0300 l\u2019instar de l\u2019association SOS Prisonniers Gabon (SPG), interpellent les autorite\u0301s sur le cas de plusieurs femmes en incarce\u0301re\u0301es a\u0300 la prison centrale de Libreville depuis de nombreuses anne\u0301es sans jamais avoir e\u0301te\u0301 juge\u0301es. Certaines en sont a\u0300 12 ans de de\u0301tention pre\u0301ventive.<\/p>\n<p>Brigitte Abette\u0301 et Gise\u0300le Mettiameve ; Anouchka Simbou, Judith Via Ebindji et Vladimir E\u0301lise Baviogui&#8230; toutes ces femmes incarce\u0301re\u0301es a\u0300 la maison d\u2019arre\u0302t de Libreville sont actuellement en de\u0301tention pre\u0301ventive. Les premie\u0300res depuis 8 ans et les secondes depuis 5 ans. Mais le cas le plus marquant est sans doute celui de Jessica Nse Nguema qui totalise a\u0300 ce jour 12 ans de de\u0301tention pre\u0301ventive. Pis, selon des te\u0301moignages, cette compatriote a de\u0301veloppe\u0301 des troubles psychiatriques quelques anne\u0301es apre\u0300s son arrive\u0301e dans l\u2019e\u0301tablissement carce\u0301ral.<\/p>\n<p>Au Gabon, le discours politique est a\u0300 la lutte contre toutes les formes de violences faites aux femmes, et de nombreuses initiatives consacre\u0301es a\u0300 cette cause sont mene\u0301es par le gouvernement avec le soutien de la Fondation Sylvia Bongo Ondimba (FSBO). Ce qui confe\u0300re au pays une certaine estime au niveau international. Seulement, la question des nombreuses de\u0301tentions pre\u0301ventives juge\u0301es abusives de\u0301note avec la volonte\u0301 politique actuelle.<\/p>\n<p>\u00abLe gouvernement gabonais ne cesse de sensibiliser les citoyens sur la loi n\u00b0006\/2021 portant e\u0301limination des violences faites aux femmes. Mais maintenir une femme en de\u0301tention pre\u0301ventive au-dela\u0300 des de\u0301lais le\u0301gaux, n\u2019est-ce pas une forme de violence ?\u00bb s\u2019interroge d\u2019ailleurs le pre\u0301sident de l\u2019association SOS Prisonniers Gabon dans un post Facebook ce samedi 10 de\u0301cembre.<\/p>\n<p>Lionel Ella Engonga rappelle en effet que \u00abl\u2019article 134 du Code de proce\u0301dure pe\u0301nale gabonais limite la de\u0301tention pre\u0301ventive a\u0300 18 mois maximum pour les de\u0301lits et 24 mois maximum pour les crimes. L\u2019article premier aline\u0301a 4 de la Constitution gabonaise dispose que la de\u0301tention pre\u0301ventive ne doit pas exce\u0301der le temps pre\u0301vu par la loi\u00bb. Aussi, estimant que ces dispositions \u00absont alle\u0300grement viole\u0301es\u00bb, le juriste a-t-il saisi, vendredi 9 de\u0301cembre, la ministre de la Justice, Charge\u0301e des Droits humains, \u00abpour demander la libe\u0301ration des de\u0301tenus hors de\u0301lai de la de\u0301tention pre\u0301ventive et ceux dont les peines ont de\u0301ja\u0300 expire\u0301, mais qui sont toujours incarce\u0301re\u0301s a\u0300 la prison centrale de Libreville\u00bb. L\u2019association qui milite pour le respect des droits humains en milieu carce\u0301ral en de\u0301nombre 35 pour la seule capitale du Gabon.<\/p>\n<p><strong>Pour plus d&rsquo;informations et d&rsquo;analyses sur la <a href=\"https:\/\/www.africa-press.net\/gabon\">Gabon<\/a>, suivez <a href=\"https:\/\/www.africa-press.net\/\">Africa-Press<\/a><\/strong><\/p>\n","protected":false},"excerpt":{"rendered":"<p>Africa-Press &#8211; Gabon. A\u0300 l\u2019heure ou\u0300 le discours politique est a\u0300 la lutte contre toutes les formes de violences faites aux femmes, des de\u0301fenseurs des droits humains, a\u0300 l\u2019instar de l\u2019association SOS Prisonniers Gabon (SPG), interpellent les autorite\u0301s sur le cas de plusieurs femmes en incarce\u0301re\u0301es a\u0300 la prison centrale de Libreville depuis de nombreuses [&hellip;]<\/p>\n","protected":false},"author":82,"featured_media":13740,"comment_status":"open","ping_status":"closed","sticky":false,"template":"","format":"standard","meta":{"footnotes":""},"categories":[21,10],"tags":[36,50,49],"class_list":["post-13741","post","type-post","status-publish","format-standard","has-post-thumbnail","hentry","category-communaute","category-toutes-les-actualites","tag-africa-press","tag-africa-press-gabon","tag-gabon"],"yoast_head":"<!-- This site is optimized with the Yoast SEO Premium plugin v26.1 (Yoast SEO v27.0) - https:\/\/yoast.com\/product\/yoast-seo-premium-wordpress\/ -->\n<title>Violences faites aux femmes : Quid de celles emprisonn\u00e9es sans jugement ? - Gabon<\/title>\n<meta name=\"description\" content=\"A\u0300 l\u2019heure ou\u0300 le discours politique est a\u0300 la lutte contre toutes les formes de violences faites aux femmes, des de\u0301fen ...\" \/>\n<meta name=\"robots\" content=\"index, follow, max-snippet:-1, max-image-preview:large, max-video-preview:-1\" \/>\n<link rel=\"canonical\" href=\"https:\/\/www.africa-press.net\/gabon\/toutes-les-actualites\/violences-faites-aux-femmes-quid-de-celles-emprisonnees-sans-jugement\" \/>\n<meta property=\"og:locale\" content=\"fr_FR\" \/>\n<meta property=\"og:type\" content=\"article\" \/>\n<meta property=\"og:title\" content=\"Violences faites aux femmes : Quid de celles emprisonn\u00e9es sans jugement ?\" \/>\n<meta property=\"og:description\" content=\"A\u0300 l\u2019heure ou\u0300 le discours politique est a\u0300 la lutte contre toutes les formes de violences faites aux femmes, des de\u0301fen ...\" \/>\n<meta property=\"og:url\" content=\"https:\/\/www.africa-press.net\/gabon\/toutes-les-actualites\/violences-faites-aux-femmes-quid-de-celles-emprisonnees-sans-jugement\" \/>\n<meta property=\"og:site_name\" content=\"Gabon\" \/>\n<meta property=\"article:published_time\" content=\"2022-12-10T16:27:46+00:00\" \/>\n<meta property=\"article:modified_time\" content=\"2022-12-10T17:02:22+00:00\" \/>\n<meta property=\"og:image\" content=\"https:\/\/static.africa-press.net\/gabon\/sites\/54\/2022\/12\/postQueueImg_1670677071.94.jpg\" \/>\n\t<meta property=\"og:image:width\" content=\"1024\" \/>\n\t<meta property=\"og:image:height\" content=\"683\" \/>\n\t<meta property=\"og:image:type\" content=\"image\/jpeg\" \/>\n<meta name=\"author\" content=\"cfeditorfr\" \/>\n<meta name=\"twitter:card\" content=\"summary_large_image\" \/>\n<meta name=\"twitter:label1\" content=\"\u00c9crit par\" \/>\n\t<meta name=\"twitter:data1\" content=\"cfeditorfr\" \/>\n\t<meta name=\"twitter:label2\" content=\"Dur\u00e9e de lecture estim\u00e9e\" \/>\n\t<meta name=\"twitter:data2\" content=\"3 minutes\" \/>\n<script type=\"application\/ld+json\" class=\"yoast-schema-graph\">{\"@context\":\"https:\/\/schema.org\",\"@graph\":[{\"@type\":\"Article\",\"@id\":\"https:\/\/www.africa-press.net\/gabon\/toutes-les-actualites\/violences-faites-aux-femmes-quid-de-celles-emprisonnees-sans-jugement#article\",\"isPartOf\":{\"@id\":\"https:\/\/www.africa-press.net\/gabon\/toutes-les-actualites\/violences-faites-aux-femmes-quid-de-celles-emprisonnees-sans-jugement\"},\"author\":{\"name\":\"cfeditorfr\",\"@id\":\"https:\/\/www.africa-press.net\/gabon\/#\/schema\/person\/2b1cf3cd81a31e3cd26889ca66d677f1\"},\"headline\":\"Violences faites aux femmes : Quid de celles emprisonn\u00e9es sans jugement ?\",\"datePublished\":\"2022-12-10T16:27:46+00:00\",\"dateModified\":\"2022-12-10T17:02:22+00:00\",\"mainEntityOfPage\":{\"@id\":\"https:\/\/www.africa-press.net\/gabon\/toutes-les-actualites\/violences-faites-aux-femmes-quid-de-celles-emprisonnees-sans-jugement\"},\"wordCount\":494,\"commentCount\":0,\"image\":{\"@id\":\"https:\/\/www.africa-press.net\/gabon\/toutes-les-actualites\/violences-faites-aux-femmes-quid-de-celles-emprisonnees-sans-jugement#primaryimage\"},\"thumbnailUrl\":\"https:\/\/static.africa-press.net\/gabon\/sites\/54\/2022\/12\/postQueueImg_1670677071.94.jpg\",\"keywords\":[\"Africa Press\",\"Africa Press-Gabon\",\"Gabon\"],\"articleSection\":[\"Communaut\u00e9\",\"Toutes les actualit\u00e9s\"],\"inLanguage\":\"fr-FR\",\"potentialAction\":[{\"@type\":\"CommentAction\",\"name\":\"Comment\",\"target\":[\"https:\/\/www.africa-press.net\/gabon\/toutes-les-actualites\/violences-faites-aux-femmes-quid-de-celles-emprisonnees-sans-jugement#respond\"]}]},{\"@type\":\"WebPage\",\"@id\":\"https:\/\/www.africa-press.net\/gabon\/toutes-les-actualites\/violences-faites-aux-femmes-quid-de-celles-emprisonnees-sans-jugement\",\"url\":\"https:\/\/www.africa-press.net\/gabon\/toutes-les-actualites\/violences-faites-aux-femmes-quid-de-celles-emprisonnees-sans-jugement\",\"name\":\"Violences faites aux femmes : Quid de celles emprisonn\u00e9es sans jugement ? - Gabon\",\"isPartOf\":{\"@id\":\"https:\/\/www.africa-press.net\/gabon\/#website\"},\"primaryImageOfPage\":{\"@id\":\"https:\/\/www.africa-press.net\/gabon\/toutes-les-actualites\/violences-faites-aux-femmes-quid-de-celles-emprisonnees-sans-jugement#primaryimage\"},\"image\":{\"@id\":\"https:\/\/www.africa-press.net\/gabon\/toutes-les-actualites\/violences-faites-aux-femmes-quid-de-celles-emprisonnees-sans-jugement#primaryimage\"},\"thumbnailUrl\":\"https:\/\/static.africa-press.net\/gabon\/sites\/54\/2022\/12\/postQueueImg_1670677071.94.jpg\",\"datePublished\":\"2022-12-10T16:27:46+00:00\",\"dateModified\":\"2022-12-10T17:02:22+00:00\",\"author\":{\"@id\":\"https:\/\/www.africa-press.net\/gabon\/#\/schema\/person\/2b1cf3cd81a31e3cd26889ca66d677f1\"},\"description\":\"A\u0300 l\u2019heure ou\u0300 le discours politique est a\u0300 la lutte contre toutes les formes de violences faites aux femmes, des de\u0301fen ...\",\"breadcrumb\":{\"@id\":\"https:\/\/www.africa-press.net\/gabon\/toutes-les-actualites\/violences-faites-aux-femmes-quid-de-celles-emprisonnees-sans-jugement#breadcrumb\"},\"inLanguage\":\"fr-FR\",\"potentialAction\":[{\"@type\":\"ReadAction\",\"target\":[\"https:\/\/www.africa-press.net\/gabon\/toutes-les-actualites\/violences-faites-aux-femmes-quid-de-celles-emprisonnees-sans-jugement\"]}]},{\"@type\":\"ImageObject\",\"inLanguage\":\"fr-FR\",\"@id\":\"https:\/\/www.africa-press.net\/gabon\/toutes-les-actualites\/violences-faites-aux-femmes-quid-de-celles-emprisonnees-sans-jugement#primaryimage\",\"url\":\"https:\/\/static.africa-press.net\/gabon\/sites\/54\/2022\/12\/postQueueImg_1670677071.94.jpg\",\"contentUrl\":\"https:\/\/static.africa-press.net\/gabon\/sites\/54\/2022\/12\/postQueueImg_1670677071.94.jpg\",\"width\":1024,\"height\":683,\"caption\":\"Violences faites aux femmes : Quid de celles emprisonn\u00e9es sans jugement ?\"},{\"@type\":\"BreadcrumbList\",\"@id\":\"https:\/\/www.africa-press.net\/gabon\/toutes-les-actualites\/violences-faites-aux-femmes-quid-de-celles-emprisonnees-sans-jugement#breadcrumb\",\"itemListElement\":[{\"@type\":\"ListItem\",\"position\":1,\"name\":\"Accueil\",\"item\":\"https:\/\/www.africa-press.net\/gabon\/\"},{\"@type\":\"ListItem\",\"position\":2,\"name\":\"Violences faites aux femmes : Quid de celles emprisonn\u00e9es sans jugement ?\"}]},{\"@type\":\"WebSite\",\"@id\":\"https:\/\/www.africa-press.net\/gabon\/#website\",\"url\":\"https:\/\/www.africa-press.net\/gabon\/\",\"name\":\"Gabon\",\"description\":\"Just another Africa News Agency Sites site\",\"potentialAction\":[{\"@type\":\"SearchAction\",\"target\":{\"@type\":\"EntryPoint\",\"urlTemplate\":\"https:\/\/www.africa-press.net\/gabon\/?s={search_term_string}\"},\"query-input\":{\"@type\":\"PropertyValueSpecification\",\"valueRequired\":true,\"valueName\":\"search_term_string\"}}],\"inLanguage\":\"fr-FR\"},{\"@type\":\"Person\",\"@id\":\"https:\/\/www.africa-press.net\/gabon\/#\/schema\/person\/2b1cf3cd81a31e3cd26889ca66d677f1\",\"name\":\"cfeditorfr\"}]}<\/script>\n<!-- \/ Yoast SEO Premium plugin. -->","yoast_head_json":{"title":"Violences faites aux femmes : Quid de celles emprisonn\u00e9es sans jugement ? - Gabon","description":"A\u0300 l\u2019heure ou\u0300 le discours politique est a\u0300 la lutte contre toutes les formes de violences faites aux femmes, des de\u0301fen ...","robots":{"index":"index","follow":"follow","max-snippet":"max-snippet:-1","max-image-preview":"max-image-preview:large","max-video-preview":"max-video-preview:-1"},"canonical":"https:\/\/www.africa-press.net\/gabon\/toutes-les-actualites\/violences-faites-aux-femmes-quid-de-celles-emprisonnees-sans-jugement","og_locale":"fr_FR","og_type":"article","og_title":"Violences faites aux femmes : Quid de celles emprisonn\u00e9es sans jugement ?","og_description":"A\u0300 l\u2019heure ou\u0300 le discours politique est a\u0300 la lutte contre toutes les formes de violences faites aux femmes, des de\u0301fen ...","og_url":"https:\/\/www.africa-press.net\/gabon\/toutes-les-actualites\/violences-faites-aux-femmes-quid-de-celles-emprisonnees-sans-jugement","og_site_name":"Gabon","article_published_time":"2022-12-10T16:27:46+00:00","article_modified_time":"2022-12-10T17:02:22+00:00","og_image":[{"width":1024,"height":683,"url":"https:\/\/static.africa-press.net\/gabon\/sites\/54\/2022\/12\/postQueueImg_1670677071.94.jpg","type":"image\/jpeg"}],"author":"cfeditorfr","twitter_card":"summary_large_image","twitter_misc":{"\u00c9crit par":"cfeditorfr","Dur\u00e9e de lecture estim\u00e9e":"3 minutes"},"schema":{"@context":"https:\/\/schema.org","@graph":[{"@type":"Article","@id":"https:\/\/www.africa-press.net\/gabon\/toutes-les-actualites\/violences-faites-aux-femmes-quid-de-celles-emprisonnees-sans-jugement#article","isPartOf":{"@id":"https:\/\/www.africa-press.net\/gabon\/toutes-les-actualites\/violences-faites-aux-femmes-quid-de-celles-emprisonnees-sans-jugement"},"author":{"name":"cfeditorfr","@id":"https:\/\/www.africa-press.net\/gabon\/#\/schema\/person\/2b1cf3cd81a31e3cd26889ca66d677f1"},"headline":"Violences faites aux femmes : Quid de celles emprisonn\u00e9es sans jugement ?","datePublished":"2022-12-10T16:27:46+00:00","dateModified":"2022-12-10T17:02:22+00:00","mainEntityOfPage":{"@id":"https:\/\/www.africa-press.net\/gabon\/toutes-les-actualites\/violences-faites-aux-femmes-quid-de-celles-emprisonnees-sans-jugement"},"wordCount":494,"commentCount":0,"image":{"@id":"https:\/\/www.africa-press.net\/gabon\/toutes-les-actualites\/violences-faites-aux-femmes-quid-de-celles-emprisonnees-sans-jugement#primaryimage"},"thumbnailUrl":"https:\/\/static.africa-press.net\/gabon\/sites\/54\/2022\/12\/postQueueImg_1670677071.94.jpg","keywords":["Africa Press","Africa Press-Gabon","Gabon"],"articleSection":["Communaut\u00e9","Toutes les actualit\u00e9s"],"inLanguage":"fr-FR","potentialAction":[{"@type":"CommentAction","name":"Comment","target":["https:\/\/www.africa-press.net\/gabon\/toutes-les-actualites\/violences-faites-aux-femmes-quid-de-celles-emprisonnees-sans-jugement#respond"]}]},{"@type":"WebPage","@id":"https:\/\/www.africa-press.net\/gabon\/toutes-les-actualites\/violences-faites-aux-femmes-quid-de-celles-emprisonnees-sans-jugement","url":"https:\/\/www.africa-press.net\/gabon\/toutes-les-actualites\/violences-faites-aux-femmes-quid-de-celles-emprisonnees-sans-jugement","name":"Violences faites aux femmes : Quid de celles emprisonn\u00e9es sans jugement ? - Gabon","isPartOf":{"@id":"https:\/\/www.africa-press.net\/gabon\/#website"},"primaryImageOfPage":{"@id":"https:\/\/www.africa-press.net\/gabon\/toutes-les-actualites\/violences-faites-aux-femmes-quid-de-celles-emprisonnees-sans-jugement#primaryimage"},"image":{"@id":"https:\/\/www.africa-press.net\/gabon\/toutes-les-actualites\/violences-faites-aux-femmes-quid-de-celles-emprisonnees-sans-jugement#primaryimage"},"thumbnailUrl":"https:\/\/static.africa-press.net\/gabon\/sites\/54\/2022\/12\/postQueueImg_1670677071.94.jpg","datePublished":"2022-12-10T16:27:46+00:00","dateModified":"2022-12-10T17:02:22+00:00","author":{"@id":"https:\/\/www.africa-press.net\/gabon\/#\/schema\/person\/2b1cf3cd81a31e3cd26889ca66d677f1"},"description":"A\u0300 l\u2019heure ou\u0300 le discours politique est a\u0300 la lutte contre toutes les formes de violences faites aux femmes, des de\u0301fen ...","breadcrumb":{"@id":"https:\/\/www.africa-press.net\/gabon\/toutes-les-actualites\/violences-faites-aux-femmes-quid-de-celles-emprisonnees-sans-jugement#breadcrumb"},"inLanguage":"fr-FR","potentialAction":[{"@type":"ReadAction","target":["https:\/\/www.africa-press.net\/gabon\/toutes-les-actualites\/violences-faites-aux-femmes-quid-de-celles-emprisonnees-sans-jugement"]}]},{"@type":"ImageObject","inLanguage":"fr-FR","@id":"https:\/\/www.africa-press.net\/gabon\/toutes-les-actualites\/violences-faites-aux-femmes-quid-de-celles-emprisonnees-sans-jugement#primaryimage","url":"https:\/\/static.africa-press.net\/gabon\/sites\/54\/2022\/12\/postQueueImg_1670677071.94.jpg","contentUrl":"https:\/\/static.africa-press.net\/gabon\/sites\/54\/2022\/12\/postQueueImg_1670677071.94.jpg","width":1024,"height":683,"caption":"Violences faites aux femmes : Quid de celles emprisonn\u00e9es sans jugement ?"},{"@type":"BreadcrumbList","@id":"https:\/\/www.africa-press.net\/gabon\/toutes-les-actualites\/violences-faites-aux-femmes-quid-de-celles-emprisonnees-sans-jugement#breadcrumb","itemListElement":[{"@type":"ListItem","position":1,"name":"Accueil","item":"https:\/\/www.africa-press.net\/gabon\/"},{"@type":"ListItem","position":2,"name":"Violences faites aux femmes : Quid de celles emprisonn\u00e9es sans jugement ?"}]},{"@type":"WebSite","@id":"https:\/\/www.africa-press.net\/gabon\/#website","url":"https:\/\/www.africa-press.net\/gabon\/","name":"Gabon","description":"Just another Africa News Agency Sites site","potentialAction":[{"@type":"SearchAction","target":{"@type":"EntryPoint","urlTemplate":"https:\/\/www.africa-press.net\/gabon\/?s={search_term_string}"},"query-input":{"@type":"PropertyValueSpecification","valueRequired":true,"valueName":"search_term_string"}}],"inLanguage":"fr-FR"},{"@type":"Person","@id":"https:\/\/www.africa-press.net\/gabon\/#\/schema\/person\/2b1cf3cd81a31e3cd26889ca66d677f1","name":"cfeditorfr"}]}},"_links":{"self":[{"href":"https:\/\/www.africa-press.net\/gabon\/wp-json\/wp\/v2\/posts\/13741","targetHints":{"allow":["GET"]}}],"collection":[{"href":"https:\/\/www.africa-press.net\/gabon\/wp-json\/wp\/v2\/posts"}],"about":[{"href":"https:\/\/www.africa-press.net\/gabon\/wp-json\/wp\/v2\/types\/post"}],"author":[{"embeddable":true,"href":"https:\/\/www.africa-press.net\/gabon\/wp-json\/wp\/v2\/users\/82"}],"replies":[{"embeddable":true,"href":"https:\/\/www.africa-press.net\/gabon\/wp-json\/wp\/v2\/comments?post=13741"}],"version-history":[{"count":0,"href":"https:\/\/www.africa-press.net\/gabon\/wp-json\/wp\/v2\/posts\/13741\/revisions"}],"wp:featuredmedia":[{"embeddable":true,"href":"https:\/\/www.africa-press.net\/gabon\/wp-json\/wp\/v2\/media\/13740"}],"wp:attachment":[{"href":"https:\/\/www.africa-press.net\/gabon\/wp-json\/wp\/v2\/media?parent=13741"}],"wp:term":[{"taxonomy":"category","embeddable":true,"href":"https:\/\/www.africa-press.net\/gabon\/wp-json\/wp\/v2\/categories?post=13741"},{"taxonomy":"post_tag","embeddable":true,"href":"https:\/\/www.africa-press.net\/gabon\/wp-json\/wp\/v2\/tags?post=13741"}],"curies":[{"name":"wp","href":"https:\/\/api.w.org\/{rel}","templated":true}]}}