{"id":13744,"date":"2022-12-10T16:28:09","date_gmt":"2022-12-10T16:28:09","guid":{"rendered":"https:\/\/www.africa-press.net\/gabon\/politique\/droits-de-lhomme-ndembet-damas-invitee-a-liberer-les-prisonniers-victimes-dabus"},"modified":"2022-12-10T17:02:44","modified_gmt":"2022-12-10T17:02:44","slug":"droits-de-lhomme-ndembet-damas-invitee-a-liberer-les-prisonniers-victimes-dabus","status":"publish","type":"post","link":"https:\/\/www.africa-press.net\/gabon\/toutes-les-actualites\/droits-de-lhomme-ndembet-damas-invitee-a-liberer-les-prisonniers-victimes-dabus","title":{"rendered":"Droits de l\u2019homme : Ndembet Damas invit\u00e9e \u00e0 lib\u00e9rer les prisonniers victimes d\u2019abus"},"content":{"rendered":"<p><span style=\"color: #ff6600\"><strong>Africa-Press &#8211; Gabon. <\/strong><\/span>A\u0300 l\u2019occasion de la ce\u0301le\u0301bration, ce samedi 10 de\u0301cembre, de la Journe\u0301e internationale des droits de l\u2019homme, la veille, l\u2019association SOS Prisonniers Gabon (SPG) a saisi la ministre de la Justice, charge\u0301e des Droits humains, pour solliciter la libe\u0301ration d\u2019une trentaine de prisonniers en de\u0301tention pre\u0301ventive abusive a\u0300 la prison centrale de Libreville.<\/p>\n<p>Le vendredi 9 de\u0301cembre, soit la veille de la ce\u0301le\u0301bration, ce samedi 10 de\u0301cembre, de la Journe\u0301e internationale des droits de l\u2019homme, SPG a saisi Erlyne Antonela Ndembet Damas, la ministre, charge\u0301e des Droits humains, pour solliciter la libe\u0301ration des prisonniers en de\u0301tention abusive. A\u0300 la prison centrale de Libreville, l\u2019organisation qui milite pour le respect des droits humains en milieu carce\u0301ral en a re\u0301pertorie\u0301 35 parmi lesquels 5 femmes, dont une incarce\u0301re\u0301e depuis 12 ans sans jugement. Elle aurait de\u0301veloppe\u0301 des troubles psychiatriques depuis.<\/p>\n<p>Dans son courrier, SPG n\u2019a pas manque\u0301 d\u2019indiquer au membre du gouvernement que son de\u0301compte n\u2019est pas exhaustif, car, explique son pre\u0301sident Lionel Ella Engonga, \u00abdepuis plusieurs mois de\u0301ja\u0300, le directeur de la prison centrale de Libreville nous en interdit l\u2019acce\u0300s (qui nous permet) de rencontrer les de\u0301tenus. Cette interdiction arbitraire nous empe\u0302che de faire convenablement notre travail\u00bb.<\/p>\n<p>A\u0300 SPG, on soutient par ailleurs que dans la trentaine de cas d\u2019abus re\u0301pertorie\u0301s, plusieurs prisonniers cense\u0301s recouvrer la liberte\u0301 depuis des anne\u0301es sont toujours en prison. La raison e\u0301voque\u0301e : l\u2019absence de re\u0301sultats d\u2019audiences au greffe de la prison ! Des budgets de\u0301risoires alloue\u0301s aux sessions criminelles et la perte de certains dossiers de de\u0301tenus au palais de justice seraient e\u0301galement les raisons e\u0301voque\u0301es par d\u2019autres pour justifier qu\u2019il y ait autant des de\u0301tentions abusives. Pour tous ces cas, SPG dit avoir saisi le Parquet ge\u0301ne\u0301ral sans suite jusqu\u2019a\u0300 lors.<\/p>\n<p>Pour rappel, l\u2019article 134 du Code de proce\u0301dure pe\u0301nale gabonais limite la de\u0301tention pre\u0301ventive a\u0300 18 mois maximum pour les de\u0301lits et 24 mois maximum pour les crimes. L\u2019article premier aline\u0301a 4 de la Constitution gabonaise dispose quant a\u0300 lui que la de\u0301tention pre\u0301ventive ne doit pas exce\u0301der le temps pre\u0301vu par la loi.<\/p>\n<p><strong>Pour plus d&rsquo;informations et d&rsquo;analyses sur la <a href=\"https:\/\/www.africa-press.net\/gabon\">Gabon<\/a>, suivez <a href=\"https:\/\/www.africa-press.net\/\">Africa-Press<\/a><\/strong><\/p>\n","protected":false},"excerpt":{"rendered":"<p>Africa-Press &#8211; Gabon. A\u0300 l\u2019occasion de la ce\u0301le\u0301bration, ce samedi 10 de\u0301cembre, de la Journe\u0301e internationale des droits de l\u2019homme, la veille, l\u2019association SOS Prisonniers Gabon (SPG) a saisi la ministre de la Justice, charge\u0301e des Droits humains, pour solliciter la libe\u0301ration d\u2019une trentaine de prisonniers en de\u0301tention pre\u0301ventive abusive a\u0300 la prison centrale de [&hellip;]<\/p>\n","protected":false},"author":82,"featured_media":13743,"comment_status":"open","ping_status":"closed","sticky":false,"template":"","format":"standard","meta":{"footnotes":""},"categories":[21,10],"tags":[36,50,49],"class_list":["post-13744","post","type-post","status-publish","format-standard","has-post-thumbnail","hentry","category-communaute","category-toutes-les-actualites","tag-africa-press","tag-africa-press-gabon","tag-gabon"],"yoast_head":"<!-- This site is optimized with the Yoast SEO Premium plugin v26.1 (Yoast SEO v27.0) - https:\/\/yoast.com\/product\/yoast-seo-premium-wordpress\/ -->\n<title>Droits de l\u2019homme : Ndembet Damas invit\u00e9e \u00e0 lib\u00e9rer les prisonniers victimes d\u2019abus - Gabon<\/title>\n<meta name=\"description\" content=\"A\u0300 l\u2019occasion de la ce\u0301le\u0301bration, ce samedi 10 de\u0301cembre, de la Journe\u0301e internationale des droits de l\u2019homme, la veill ...\" \/>\n<meta name=\"robots\" content=\"index, follow, max-snippet:-1, max-image-preview:large, max-video-preview:-1\" \/>\n<link rel=\"canonical\" href=\"https:\/\/www.africa-press.net\/gabon\/toutes-les-actualites\/droits-de-lhomme-ndembet-damas-invitee-a-liberer-les-prisonniers-victimes-dabus\" \/>\n<meta property=\"og:locale\" content=\"fr_FR\" \/>\n<meta property=\"og:type\" content=\"article\" \/>\n<meta property=\"og:title\" content=\"Droits de l\u2019homme : Ndembet Damas invit\u00e9e \u00e0 lib\u00e9rer les prisonniers victimes d\u2019abus\" \/>\n<meta property=\"og:description\" content=\"A\u0300 l\u2019occasion de la ce\u0301le\u0301bration, ce samedi 10 de\u0301cembre, de la Journe\u0301e internationale des droits de l\u2019homme, la veill ...\" \/>\n<meta property=\"og:url\" content=\"https:\/\/www.africa-press.net\/gabon\/toutes-les-actualites\/droits-de-lhomme-ndembet-damas-invitee-a-liberer-les-prisonniers-victimes-dabus\" \/>\n<meta property=\"og:site_name\" content=\"Gabon\" \/>\n<meta property=\"article:published_time\" content=\"2022-12-10T16:28:09+00:00\" \/>\n<meta property=\"article:modified_time\" content=\"2022-12-10T17:02:44+00:00\" \/>\n<meta property=\"og:image\" content=\"https:\/\/static.africa-press.net\/gabon\/sites\/54\/2022\/12\/postQueueImg_1670677097.78.jpg\" \/>\n\t<meta property=\"og:image:width\" content=\"720\" \/>\n\t<meta property=\"og:image:height\" content=\"444\" \/>\n\t<meta property=\"og:image:type\" content=\"image\/jpeg\" \/>\n<meta name=\"author\" content=\"cfeditorfr\" \/>\n<meta name=\"twitter:card\" content=\"summary_large_image\" \/>\n<meta name=\"twitter:label1\" content=\"\u00c9crit par\" \/>\n\t<meta name=\"twitter:data1\" content=\"cfeditorfr\" \/>\n\t<meta name=\"twitter:label2\" content=\"Dur\u00e9e de lecture estim\u00e9e\" \/>\n\t<meta name=\"twitter:data2\" content=\"2 minutes\" \/>\n<script type=\"application\/ld+json\" class=\"yoast-schema-graph\">{\"@context\":\"https:\/\/schema.org\",\"@graph\":[{\"@type\":\"Article\",\"@id\":\"https:\/\/www.africa-press.net\/gabon\/toutes-les-actualites\/droits-de-lhomme-ndembet-damas-invitee-a-liberer-les-prisonniers-victimes-dabus#article\",\"isPartOf\":{\"@id\":\"https:\/\/www.africa-press.net\/gabon\/toutes-les-actualites\/droits-de-lhomme-ndembet-damas-invitee-a-liberer-les-prisonniers-victimes-dabus\"},\"author\":{\"name\":\"cfeditorfr\",\"@id\":\"https:\/\/www.africa-press.net\/gabon\/#\/schema\/person\/2b1cf3cd81a31e3cd26889ca66d677f1\"},\"headline\":\"Droits de l\u2019homme : Ndembet Damas invit\u00e9e \u00e0 lib\u00e9rer les prisonniers victimes d\u2019abus\",\"datePublished\":\"2022-12-10T16:28:09+00:00\",\"dateModified\":\"2022-12-10T17:02:44+00:00\",\"mainEntityOfPage\":{\"@id\":\"https:\/\/www.africa-press.net\/gabon\/toutes-les-actualites\/droits-de-lhomme-ndembet-damas-invitee-a-liberer-les-prisonniers-victimes-dabus\"},\"wordCount\":430,\"commentCount\":0,\"image\":{\"@id\":\"https:\/\/www.africa-press.net\/gabon\/toutes-les-actualites\/droits-de-lhomme-ndembet-damas-invitee-a-liberer-les-prisonniers-victimes-dabus#primaryimage\"},\"thumbnailUrl\":\"https:\/\/static.africa-press.net\/gabon\/sites\/54\/2022\/12\/postQueueImg_1670677097.78.jpg\",\"keywords\":[\"Africa Press\",\"Africa Press-Gabon\",\"Gabon\"],\"articleSection\":[\"Communaut\u00e9\",\"Toutes les actualit\u00e9s\"],\"inLanguage\":\"fr-FR\",\"potentialAction\":[{\"@type\":\"CommentAction\",\"name\":\"Comment\",\"target\":[\"https:\/\/www.africa-press.net\/gabon\/toutes-les-actualites\/droits-de-lhomme-ndembet-damas-invitee-a-liberer-les-prisonniers-victimes-dabus#respond\"]}]},{\"@type\":\"WebPage\",\"@id\":\"https:\/\/www.africa-press.net\/gabon\/toutes-les-actualites\/droits-de-lhomme-ndembet-damas-invitee-a-liberer-les-prisonniers-victimes-dabus\",\"url\":\"https:\/\/www.africa-press.net\/gabon\/toutes-les-actualites\/droits-de-lhomme-ndembet-damas-invitee-a-liberer-les-prisonniers-victimes-dabus\",\"name\":\"Droits de l\u2019homme : Ndembet Damas invit\u00e9e \u00e0 lib\u00e9rer les prisonniers victimes d\u2019abus - Gabon\",\"isPartOf\":{\"@id\":\"https:\/\/www.africa-press.net\/gabon\/#website\"},\"primaryImageOfPage\":{\"@id\":\"https:\/\/www.africa-press.net\/gabon\/toutes-les-actualites\/droits-de-lhomme-ndembet-damas-invitee-a-liberer-les-prisonniers-victimes-dabus#primaryimage\"},\"image\":{\"@id\":\"https:\/\/www.africa-press.net\/gabon\/toutes-les-actualites\/droits-de-lhomme-ndembet-damas-invitee-a-liberer-les-prisonniers-victimes-dabus#primaryimage\"},\"thumbnailUrl\":\"https:\/\/static.africa-press.net\/gabon\/sites\/54\/2022\/12\/postQueueImg_1670677097.78.jpg\",\"datePublished\":\"2022-12-10T16:28:09+00:00\",\"dateModified\":\"2022-12-10T17:02:44+00:00\",\"author\":{\"@id\":\"https:\/\/www.africa-press.net\/gabon\/#\/schema\/person\/2b1cf3cd81a31e3cd26889ca66d677f1\"},\"description\":\"A\u0300 l\u2019occasion de la ce\u0301le\u0301bration, ce samedi 10 de\u0301cembre, de la Journe\u0301e internationale des droits de l\u2019homme, la veill ...\",\"breadcrumb\":{\"@id\":\"https:\/\/www.africa-press.net\/gabon\/toutes-les-actualites\/droits-de-lhomme-ndembet-damas-invitee-a-liberer-les-prisonniers-victimes-dabus#breadcrumb\"},\"inLanguage\":\"fr-FR\",\"potentialAction\":[{\"@type\":\"ReadAction\",\"target\":[\"https:\/\/www.africa-press.net\/gabon\/toutes-les-actualites\/droits-de-lhomme-ndembet-damas-invitee-a-liberer-les-prisonniers-victimes-dabus\"]}]},{\"@type\":\"ImageObject\",\"inLanguage\":\"fr-FR\",\"@id\":\"https:\/\/www.africa-press.net\/gabon\/toutes-les-actualites\/droits-de-lhomme-ndembet-damas-invitee-a-liberer-les-prisonniers-victimes-dabus#primaryimage\",\"url\":\"https:\/\/static.africa-press.net\/gabon\/sites\/54\/2022\/12\/postQueueImg_1670677097.78.jpg\",\"contentUrl\":\"https:\/\/static.africa-press.net\/gabon\/sites\/54\/2022\/12\/postQueueImg_1670677097.78.jpg\",\"width\":720,\"height\":444,\"caption\":\"Droits de l\u2019homme : Ndembet Damas invit\u00e9e \u00e0 lib\u00e9rer les prisonniers victimes d\u2019abus\"},{\"@type\":\"BreadcrumbList\",\"@id\":\"https:\/\/www.africa-press.net\/gabon\/toutes-les-actualites\/droits-de-lhomme-ndembet-damas-invitee-a-liberer-les-prisonniers-victimes-dabus#breadcrumb\",\"itemListElement\":[{\"@type\":\"ListItem\",\"position\":1,\"name\":\"Accueil\",\"item\":\"https:\/\/www.africa-press.net\/gabon\/\"},{\"@type\":\"ListItem\",\"position\":2,\"name\":\"Droits de l\u2019homme : Ndembet Damas invit\u00e9e \u00e0 lib\u00e9rer les prisonniers victimes d\u2019abus\"}]},{\"@type\":\"WebSite\",\"@id\":\"https:\/\/www.africa-press.net\/gabon\/#website\",\"url\":\"https:\/\/www.africa-press.net\/gabon\/\",\"name\":\"Gabon\",\"description\":\"Just another Africa News Agency Sites site\",\"potentialAction\":[{\"@type\":\"SearchAction\",\"target\":{\"@type\":\"EntryPoint\",\"urlTemplate\":\"https:\/\/www.africa-press.net\/gabon\/?s={search_term_string}\"},\"query-input\":{\"@type\":\"PropertyValueSpecification\",\"valueRequired\":true,\"valueName\":\"search_term_string\"}}],\"inLanguage\":\"fr-FR\"},{\"@type\":\"Person\",\"@id\":\"https:\/\/www.africa-press.net\/gabon\/#\/schema\/person\/2b1cf3cd81a31e3cd26889ca66d677f1\",\"name\":\"cfeditorfr\"}]}<\/script>\n<!-- \/ Yoast SEO Premium plugin. -->","yoast_head_json":{"title":"Droits de l\u2019homme : Ndembet Damas invit\u00e9e \u00e0 lib\u00e9rer les prisonniers victimes d\u2019abus - Gabon","description":"A\u0300 l\u2019occasion de la ce\u0301le\u0301bration, ce samedi 10 de\u0301cembre, de la Journe\u0301e internationale des droits de l\u2019homme, la veill ...","robots":{"index":"index","follow":"follow","max-snippet":"max-snippet:-1","max-image-preview":"max-image-preview:large","max-video-preview":"max-video-preview:-1"},"canonical":"https:\/\/www.africa-press.net\/gabon\/toutes-les-actualites\/droits-de-lhomme-ndembet-damas-invitee-a-liberer-les-prisonniers-victimes-dabus","og_locale":"fr_FR","og_type":"article","og_title":"Droits de l\u2019homme : Ndembet Damas invit\u00e9e \u00e0 lib\u00e9rer les prisonniers victimes d\u2019abus","og_description":"A\u0300 l\u2019occasion de la ce\u0301le\u0301bration, ce samedi 10 de\u0301cembre, de la Journe\u0301e internationale des droits de l\u2019homme, la veill ...","og_url":"https:\/\/www.africa-press.net\/gabon\/toutes-les-actualites\/droits-de-lhomme-ndembet-damas-invitee-a-liberer-les-prisonniers-victimes-dabus","og_site_name":"Gabon","article_published_time":"2022-12-10T16:28:09+00:00","article_modified_time":"2022-12-10T17:02:44+00:00","og_image":[{"width":720,"height":444,"url":"https:\/\/static.africa-press.net\/gabon\/sites\/54\/2022\/12\/postQueueImg_1670677097.78.jpg","type":"image\/jpeg"}],"author":"cfeditorfr","twitter_card":"summary_large_image","twitter_misc":{"\u00c9crit par":"cfeditorfr","Dur\u00e9e de lecture estim\u00e9e":"2 minutes"},"schema":{"@context":"https:\/\/schema.org","@graph":[{"@type":"Article","@id":"https:\/\/www.africa-press.net\/gabon\/toutes-les-actualites\/droits-de-lhomme-ndembet-damas-invitee-a-liberer-les-prisonniers-victimes-dabus#article","isPartOf":{"@id":"https:\/\/www.africa-press.net\/gabon\/toutes-les-actualites\/droits-de-lhomme-ndembet-damas-invitee-a-liberer-les-prisonniers-victimes-dabus"},"author":{"name":"cfeditorfr","@id":"https:\/\/www.africa-press.net\/gabon\/#\/schema\/person\/2b1cf3cd81a31e3cd26889ca66d677f1"},"headline":"Droits de l\u2019homme : Ndembet Damas invit\u00e9e \u00e0 lib\u00e9rer les prisonniers victimes d\u2019abus","datePublished":"2022-12-10T16:28:09+00:00","dateModified":"2022-12-10T17:02:44+00:00","mainEntityOfPage":{"@id":"https:\/\/www.africa-press.net\/gabon\/toutes-les-actualites\/droits-de-lhomme-ndembet-damas-invitee-a-liberer-les-prisonniers-victimes-dabus"},"wordCount":430,"commentCount":0,"image":{"@id":"https:\/\/www.africa-press.net\/gabon\/toutes-les-actualites\/droits-de-lhomme-ndembet-damas-invitee-a-liberer-les-prisonniers-victimes-dabus#primaryimage"},"thumbnailUrl":"https:\/\/static.africa-press.net\/gabon\/sites\/54\/2022\/12\/postQueueImg_1670677097.78.jpg","keywords":["Africa Press","Africa Press-Gabon","Gabon"],"articleSection":["Communaut\u00e9","Toutes les actualit\u00e9s"],"inLanguage":"fr-FR","potentialAction":[{"@type":"CommentAction","name":"Comment","target":["https:\/\/www.africa-press.net\/gabon\/toutes-les-actualites\/droits-de-lhomme-ndembet-damas-invitee-a-liberer-les-prisonniers-victimes-dabus#respond"]}]},{"@type":"WebPage","@id":"https:\/\/www.africa-press.net\/gabon\/toutes-les-actualites\/droits-de-lhomme-ndembet-damas-invitee-a-liberer-les-prisonniers-victimes-dabus","url":"https:\/\/www.africa-press.net\/gabon\/toutes-les-actualites\/droits-de-lhomme-ndembet-damas-invitee-a-liberer-les-prisonniers-victimes-dabus","name":"Droits de l\u2019homme : Ndembet Damas invit\u00e9e \u00e0 lib\u00e9rer les prisonniers victimes d\u2019abus - Gabon","isPartOf":{"@id":"https:\/\/www.africa-press.net\/gabon\/#website"},"primaryImageOfPage":{"@id":"https:\/\/www.africa-press.net\/gabon\/toutes-les-actualites\/droits-de-lhomme-ndembet-damas-invitee-a-liberer-les-prisonniers-victimes-dabus#primaryimage"},"image":{"@id":"https:\/\/www.africa-press.net\/gabon\/toutes-les-actualites\/droits-de-lhomme-ndembet-damas-invitee-a-liberer-les-prisonniers-victimes-dabus#primaryimage"},"thumbnailUrl":"https:\/\/static.africa-press.net\/gabon\/sites\/54\/2022\/12\/postQueueImg_1670677097.78.jpg","datePublished":"2022-12-10T16:28:09+00:00","dateModified":"2022-12-10T17:02:44+00:00","author":{"@id":"https:\/\/www.africa-press.net\/gabon\/#\/schema\/person\/2b1cf3cd81a31e3cd26889ca66d677f1"},"description":"A\u0300 l\u2019occasion de la ce\u0301le\u0301bration, ce samedi 10 de\u0301cembre, de la Journe\u0301e internationale des droits de l\u2019homme, la veill ...","breadcrumb":{"@id":"https:\/\/www.africa-press.net\/gabon\/toutes-les-actualites\/droits-de-lhomme-ndembet-damas-invitee-a-liberer-les-prisonniers-victimes-dabus#breadcrumb"},"inLanguage":"fr-FR","potentialAction":[{"@type":"ReadAction","target":["https:\/\/www.africa-press.net\/gabon\/toutes-les-actualites\/droits-de-lhomme-ndembet-damas-invitee-a-liberer-les-prisonniers-victimes-dabus"]}]},{"@type":"ImageObject","inLanguage":"fr-FR","@id":"https:\/\/www.africa-press.net\/gabon\/toutes-les-actualites\/droits-de-lhomme-ndembet-damas-invitee-a-liberer-les-prisonniers-victimes-dabus#primaryimage","url":"https:\/\/static.africa-press.net\/gabon\/sites\/54\/2022\/12\/postQueueImg_1670677097.78.jpg","contentUrl":"https:\/\/static.africa-press.net\/gabon\/sites\/54\/2022\/12\/postQueueImg_1670677097.78.jpg","width":720,"height":444,"caption":"Droits de l\u2019homme : Ndembet Damas invit\u00e9e \u00e0 lib\u00e9rer les prisonniers victimes d\u2019abus"},{"@type":"BreadcrumbList","@id":"https:\/\/www.africa-press.net\/gabon\/toutes-les-actualites\/droits-de-lhomme-ndembet-damas-invitee-a-liberer-les-prisonniers-victimes-dabus#breadcrumb","itemListElement":[{"@type":"ListItem","position":1,"name":"Accueil","item":"https:\/\/www.africa-press.net\/gabon\/"},{"@type":"ListItem","position":2,"name":"Droits de l\u2019homme : Ndembet Damas invit\u00e9e \u00e0 lib\u00e9rer les prisonniers victimes d\u2019abus"}]},{"@type":"WebSite","@id":"https:\/\/www.africa-press.net\/gabon\/#website","url":"https:\/\/www.africa-press.net\/gabon\/","name":"Gabon","description":"Just another Africa News Agency Sites site","potentialAction":[{"@type":"SearchAction","target":{"@type":"EntryPoint","urlTemplate":"https:\/\/www.africa-press.net\/gabon\/?s={search_term_string}"},"query-input":{"@type":"PropertyValueSpecification","valueRequired":true,"valueName":"search_term_string"}}],"inLanguage":"fr-FR"},{"@type":"Person","@id":"https:\/\/www.africa-press.net\/gabon\/#\/schema\/person\/2b1cf3cd81a31e3cd26889ca66d677f1","name":"cfeditorfr"}]}},"_links":{"self":[{"href":"https:\/\/www.africa-press.net\/gabon\/wp-json\/wp\/v2\/posts\/13744","targetHints":{"allow":["GET"]}}],"collection":[{"href":"https:\/\/www.africa-press.net\/gabon\/wp-json\/wp\/v2\/posts"}],"about":[{"href":"https:\/\/www.africa-press.net\/gabon\/wp-json\/wp\/v2\/types\/post"}],"author":[{"embeddable":true,"href":"https:\/\/www.africa-press.net\/gabon\/wp-json\/wp\/v2\/users\/82"}],"replies":[{"embeddable":true,"href":"https:\/\/www.africa-press.net\/gabon\/wp-json\/wp\/v2\/comments?post=13744"}],"version-history":[{"count":0,"href":"https:\/\/www.africa-press.net\/gabon\/wp-json\/wp\/v2\/posts\/13744\/revisions"}],"wp:featuredmedia":[{"embeddable":true,"href":"https:\/\/www.africa-press.net\/gabon\/wp-json\/wp\/v2\/media\/13743"}],"wp:attachment":[{"href":"https:\/\/www.africa-press.net\/gabon\/wp-json\/wp\/v2\/media?parent=13744"}],"wp:term":[{"taxonomy":"category","embeddable":true,"href":"https:\/\/www.africa-press.net\/gabon\/wp-json\/wp\/v2\/categories?post=13744"},{"taxonomy":"post_tag","embeddable":true,"href":"https:\/\/www.africa-press.net\/gabon\/wp-json\/wp\/v2\/tags?post=13744"}],"curies":[{"name":"wp","href":"https:\/\/api.w.org\/{rel}","templated":true}]}}