{"id":13771,"date":"2022-12-11T20:08:11","date_gmt":"2022-12-11T20:08:11","guid":{"rendered":"https:\/\/www.africa-press.net\/gabon\/politique\/droits-de-lhomme-dresser-un-bilan-prendre-en-compte-les-nouveaux-champs"},"modified":"2022-12-11T20:26:18","modified_gmt":"2022-12-11T20:26:18","slug":"droits-de-lhomme-dresser-un-bilan-prendre-en-compte-les-nouveaux-champs","status":"publish","type":"post","link":"https:\/\/www.africa-press.net\/gabon\/politique\/droits-de-lhomme-dresser-un-bilan-prendre-en-compte-les-nouveaux-champs","title":{"rendered":"Droits de l\u2019homme : Dresser un bilan, prendre en compte les nouveaux champs"},"content":{"rendered":"<p><span style=\"color: #ff6600\"><strong>Africa-Press &#8211; Gabon. <\/strong><\/span><b>Ce\u0301le\u0301bre\u0301e ce 10 de\u0301cembre, la Journe\u0301e internationale des droits de l\u2019homme a permis au ministe\u0300re de la Justice, Garde des Sceaux, de dresser un bilan des actions en la matie\u0300re afin, d\u2019une part, de mesurer le chemin parcouru, magnifier les re\u0301ussites et, d\u2019autre part, porter un regard sans complaisance sur les insuffisances des politiques publiques. Ce en vue d\u2019insuffler d\u2019autres dynamiques porte\u0301es vers la jouissance totale de tous les droits, par tous les hommes de manie\u0300re e\u0301quitable, digne et respectueuse. <\/b><\/p>\n<p>A\u0300 l\u2019occasion de la Journe\u0301e internationale des droits de l\u2019homme, le Secre\u0301taire ge\u0301ne\u0301ral, en qualite\u0301 de repre\u0301sentant du ministre de la Justice, Garde des Sceaux, a prononce\u0301, le 10 novembre, une allocution pour revenir, entre autres, sur les avance\u0301es faites par le Gabon en matie\u0300re de droits de l\u2019homme. Franc\u0327ois Mangari a salue\u0301 la de\u0301termination et le leadership du pre\u0301sident Ali Bongo Ondimba qui a place\u0301 au centre de son action et de celle du gouvernement \u00abla garantie et la protection des droits de tous les Gabonais et de toutes les personnes vivant au Gabon avec un regard particulier pour les personnes les plus vulne\u0301rables et les plus de\u0301favorise\u0301es dont l\u2019inclusion dans la socie\u0301te\u0301 est de\u0301sormais un impe\u0301ratif cate\u0301gorique\u00bb.<\/p>\n<p>Franc\u0327ois Mangari a rappele\u0301 que, cette anne\u0301e, le Haut-Commissariat aux Droits de l\u2019homme a de\u0301cide\u0301 de lancer une campagne d\u2019un an pour promouvoir et ce\u0301le\u0301brer le 75e anniversaire de la De\u0301claration universelle des droits de l\u2019homme, qui aura lieu le 10 de\u0301cembre 2023 a\u0300 travers le slogan \u00abDignite\u0301, liberte\u0301 et justice pour tous\u00bb. Objectif de cette campagne : faire connaitre davantage la De\u0301claration universelle des Droits de l\u2019homme, promouvoir l\u2019universalite\u0301 des droits de l\u2019homme et encourager l\u2019ensemble de la communaute\u0301 internationale, en particulier les jeunes, a\u0300 les de\u0301fendre.<\/p>\n<p>S\u2019il de\u0301clare qu\u2019il est inde\u0301niable que depuis son adoption en 1948, la garantie effective et efficace des droits humains n\u2019a eu de cesse de s\u2019ame\u0301liorer, notamment en ce qui concerne les droits des femmes, des enfants, des personnes vivant avec un handicap, des populations autochtones a\u0300 conserver et a\u0300 pre\u0301server leurs terres et leurs cultures, le secre\u0301taire ge\u0301ne\u0301ral du ministe\u0300re de la Justice laisse entendre que \u00abnous devons encore tous nous ame\u0301liorer dans ces domaines comme dans d\u2019autres\u00bb. \u00abIl faut que l\u2019e\u0301difice de la protection des droits de l\u2019Homme s\u2019adapte et prenne en compte les nouveaux champs tels que la protection des journalistes et des de\u0301fenseurs des droits de l\u2019homme, l\u2019espace nume\u0301rique et le droit a\u0300 un environnement sain\u00bb, a-t-il fait savoir.<\/p>\n<p>Franc\u0327ois Mangari souligne que \u00able respect de la dignite\u0301 humaine nous impose un respect inconditionnel des personnes inde\u0301pendamment de leur a\u0302ge, de leur sexe, de leur e\u0301tat de sante\u0301 physique et mentale, de leur condition sociale, de leur religion ou de leur origine\u00bb. \u00abNous devons travailler a\u0300 un plus grand respect de la dignite\u0301 humaine car\u00bb, a-t-il pre\u0301cise\u0301, \u00abavec celui de la liberte\u0301 et de la justice, sa garantie constitue une condition essentielle au de\u0301veloppement des droits humains et au progre\u0300s e\u0301conomique et social de nos socie\u0301te\u0301s\u00bb.<\/p>\n<p>A travers la ce\u0301le\u0301bration de cette anne\u0301e, le Gabon re\u0301affirme son engagement a\u0300 promouvoir et a\u0300 prote\u0301ger davantage les droits de l\u2019homme au be\u0301ne\u0301fice de ses citoyens et de toutes les personnes vivant sur son territoire national.<\/p>\n<p><strong>Pour plus d&rsquo;informations et d&rsquo;analyses sur la <a href=\"https:\/\/www.africa-press.net\/gabon\">Gabon<\/a>, suivez <a href=\"https:\/\/www.africa-press.net\/\">Africa-Press<\/a><\/strong><\/p>\n","protected":false},"excerpt":{"rendered":"<p>Africa-Press &#8211; Gabon. Ce\u0301le\u0301bre\u0301e ce 10 de\u0301cembre, la Journe\u0301e internationale des droits de l\u2019homme a permis au ministe\u0300re de la Justice, Garde des Sceaux, de dresser un bilan des actions en la matie\u0300re afin, d\u2019une part, de mesurer le chemin parcouru, magnifier les re\u0301ussites et, d\u2019autre part, porter un regard sans complaisance sur les insuffisances [&hellip;]<\/p>\n","protected":false},"author":82,"featured_media":13770,"comment_status":"open","ping_status":"closed","sticky":false,"template":"","format":"standard","meta":{"footnotes":""},"categories":[2,10],"tags":[36,50,49],"class_list":["post-13771","post","type-post","status-publish","format-standard","has-post-thumbnail","hentry","category-politique","category-toutes-les-actualites","tag-africa-press","tag-africa-press-gabon","tag-gabon"],"yoast_head":"<!-- This site is optimized with the Yoast SEO Premium plugin v26.1 (Yoast SEO v27.0) - https:\/\/yoast.com\/product\/yoast-seo-premium-wordpress\/ -->\n<title>Droits de l\u2019homme : Dresser un bilan, prendre en compte les nouveaux champs - Gabon<\/title>\n<meta name=\"description\" content=\"Ce\u0301le\u0301bre\u0301e ce 10 de\u0301cembre, la Journe\u0301e internationale des droits de l\u2019homme a permis au ministe\u0300re de la Justice, G ...\" \/>\n<meta name=\"robots\" content=\"index, follow, max-snippet:-1, max-image-preview:large, max-video-preview:-1\" \/>\n<link rel=\"canonical\" href=\"https:\/\/www.africa-press.net\/gabon\/politique\/droits-de-lhomme-dresser-un-bilan-prendre-en-compte-les-nouveaux-champs\" \/>\n<meta property=\"og:locale\" content=\"fr_FR\" \/>\n<meta property=\"og:type\" content=\"article\" \/>\n<meta property=\"og:title\" content=\"Droits de l\u2019homme : Dresser un bilan, prendre en compte les nouveaux champs\" \/>\n<meta property=\"og:description\" content=\"Ce\u0301le\u0301bre\u0301e ce 10 de\u0301cembre, la Journe\u0301e internationale des droits de l\u2019homme a permis au ministe\u0300re de la Justice, G ...\" \/>\n<meta property=\"og:url\" content=\"https:\/\/www.africa-press.net\/gabon\/politique\/droits-de-lhomme-dresser-un-bilan-prendre-en-compte-les-nouveaux-champs\" \/>\n<meta property=\"og:site_name\" content=\"Gabon\" \/>\n<meta property=\"article:published_time\" content=\"2022-12-11T20:08:11+00:00\" \/>\n<meta property=\"article:modified_time\" content=\"2022-12-11T20:26:18+00:00\" \/>\n<meta property=\"og:image\" content=\"https:\/\/static.africa-press.net\/gabon\/sites\/54\/2022\/12\/postQueueImg_1670776694.99.jpg\" \/>\n\t<meta property=\"og:image:width\" content=\"720\" \/>\n\t<meta property=\"og:image:height\" content=\"525\" \/>\n\t<meta property=\"og:image:type\" content=\"image\/jpeg\" \/>\n<meta name=\"author\" content=\"cfeditorfr\" \/>\n<meta name=\"twitter:card\" content=\"summary_large_image\" \/>\n<meta name=\"twitter:label1\" content=\"\u00c9crit par\" \/>\n\t<meta name=\"twitter:data1\" content=\"cfeditorfr\" \/>\n\t<meta name=\"twitter:label2\" content=\"Dur\u00e9e de lecture estim\u00e9e\" \/>\n\t<meta name=\"twitter:data2\" content=\"3 minutes\" \/>\n<script type=\"application\/ld+json\" class=\"yoast-schema-graph\">{\"@context\":\"https:\/\/schema.org\",\"@graph\":[{\"@type\":\"Article\",\"@id\":\"https:\/\/www.africa-press.net\/gabon\/politique\/droits-de-lhomme-dresser-un-bilan-prendre-en-compte-les-nouveaux-champs#article\",\"isPartOf\":{\"@id\":\"https:\/\/www.africa-press.net\/gabon\/politique\/droits-de-lhomme-dresser-un-bilan-prendre-en-compte-les-nouveaux-champs\"},\"author\":{\"name\":\"cfeditorfr\",\"@id\":\"https:\/\/www.africa-press.net\/gabon\/#\/schema\/person\/2b1cf3cd81a31e3cd26889ca66d677f1\"},\"headline\":\"Droits de l\u2019homme : Dresser un bilan, prendre en compte les nouveaux champs\",\"datePublished\":\"2022-12-11T20:08:11+00:00\",\"dateModified\":\"2022-12-11T20:26:18+00:00\",\"mainEntityOfPage\":{\"@id\":\"https:\/\/www.africa-press.net\/gabon\/politique\/droits-de-lhomme-dresser-un-bilan-prendre-en-compte-les-nouveaux-champs\"},\"wordCount\":648,\"commentCount\":0,\"image\":{\"@id\":\"https:\/\/www.africa-press.net\/gabon\/politique\/droits-de-lhomme-dresser-un-bilan-prendre-en-compte-les-nouveaux-champs#primaryimage\"},\"thumbnailUrl\":\"https:\/\/static.africa-press.net\/gabon\/sites\/54\/2022\/12\/postQueueImg_1670776694.99.jpg\",\"keywords\":[\"Africa Press\",\"Africa Press-Gabon\",\"Gabon\"],\"articleSection\":[\"Politique\",\"Toutes les actualit\u00e9s\"],\"inLanguage\":\"fr-FR\",\"potentialAction\":[{\"@type\":\"CommentAction\",\"name\":\"Comment\",\"target\":[\"https:\/\/www.africa-press.net\/gabon\/politique\/droits-de-lhomme-dresser-un-bilan-prendre-en-compte-les-nouveaux-champs#respond\"]}]},{\"@type\":\"WebPage\",\"@id\":\"https:\/\/www.africa-press.net\/gabon\/politique\/droits-de-lhomme-dresser-un-bilan-prendre-en-compte-les-nouveaux-champs\",\"url\":\"https:\/\/www.africa-press.net\/gabon\/politique\/droits-de-lhomme-dresser-un-bilan-prendre-en-compte-les-nouveaux-champs\",\"name\":\"Droits de l\u2019homme : Dresser un bilan, prendre en compte les nouveaux champs - Gabon\",\"isPartOf\":{\"@id\":\"https:\/\/www.africa-press.net\/gabon\/#website\"},\"primaryImageOfPage\":{\"@id\":\"https:\/\/www.africa-press.net\/gabon\/politique\/droits-de-lhomme-dresser-un-bilan-prendre-en-compte-les-nouveaux-champs#primaryimage\"},\"image\":{\"@id\":\"https:\/\/www.africa-press.net\/gabon\/politique\/droits-de-lhomme-dresser-un-bilan-prendre-en-compte-les-nouveaux-champs#primaryimage\"},\"thumbnailUrl\":\"https:\/\/static.africa-press.net\/gabon\/sites\/54\/2022\/12\/postQueueImg_1670776694.99.jpg\",\"datePublished\":\"2022-12-11T20:08:11+00:00\",\"dateModified\":\"2022-12-11T20:26:18+00:00\",\"author\":{\"@id\":\"https:\/\/www.africa-press.net\/gabon\/#\/schema\/person\/2b1cf3cd81a31e3cd26889ca66d677f1\"},\"description\":\"Ce\u0301le\u0301bre\u0301e ce 10 de\u0301cembre, la Journe\u0301e internationale des droits de l\u2019homme a permis au ministe\u0300re de la Justice, G ...\",\"breadcrumb\":{\"@id\":\"https:\/\/www.africa-press.net\/gabon\/politique\/droits-de-lhomme-dresser-un-bilan-prendre-en-compte-les-nouveaux-champs#breadcrumb\"},\"inLanguage\":\"fr-FR\",\"potentialAction\":[{\"@type\":\"ReadAction\",\"target\":[\"https:\/\/www.africa-press.net\/gabon\/politique\/droits-de-lhomme-dresser-un-bilan-prendre-en-compte-les-nouveaux-champs\"]}]},{\"@type\":\"ImageObject\",\"inLanguage\":\"fr-FR\",\"@id\":\"https:\/\/www.africa-press.net\/gabon\/politique\/droits-de-lhomme-dresser-un-bilan-prendre-en-compte-les-nouveaux-champs#primaryimage\",\"url\":\"https:\/\/static.africa-press.net\/gabon\/sites\/54\/2022\/12\/postQueueImg_1670776694.99.jpg\",\"contentUrl\":\"https:\/\/static.africa-press.net\/gabon\/sites\/54\/2022\/12\/postQueueImg_1670776694.99.jpg\",\"width\":720,\"height\":525,\"caption\":\"Droits de l\u2019homme : Dresser un bilan, prendre en compte les nouveaux champs\"},{\"@type\":\"BreadcrumbList\",\"@id\":\"https:\/\/www.africa-press.net\/gabon\/politique\/droits-de-lhomme-dresser-un-bilan-prendre-en-compte-les-nouveaux-champs#breadcrumb\",\"itemListElement\":[{\"@type\":\"ListItem\",\"position\":1,\"name\":\"Accueil\",\"item\":\"https:\/\/www.africa-press.net\/gabon\/\"},{\"@type\":\"ListItem\",\"position\":2,\"name\":\"Droits de l\u2019homme : Dresser un bilan, prendre en compte les nouveaux champs\"}]},{\"@type\":\"WebSite\",\"@id\":\"https:\/\/www.africa-press.net\/gabon\/#website\",\"url\":\"https:\/\/www.africa-press.net\/gabon\/\",\"name\":\"Gabon\",\"description\":\"Just another Africa News Agency Sites site\",\"potentialAction\":[{\"@type\":\"SearchAction\",\"target\":{\"@type\":\"EntryPoint\",\"urlTemplate\":\"https:\/\/www.africa-press.net\/gabon\/?s={search_term_string}\"},\"query-input\":{\"@type\":\"PropertyValueSpecification\",\"valueRequired\":true,\"valueName\":\"search_term_string\"}}],\"inLanguage\":\"fr-FR\"},{\"@type\":\"Person\",\"@id\":\"https:\/\/www.africa-press.net\/gabon\/#\/schema\/person\/2b1cf3cd81a31e3cd26889ca66d677f1\",\"name\":\"cfeditorfr\"}]}<\/script>\n<!-- \/ Yoast SEO Premium plugin. -->","yoast_head_json":{"title":"Droits de l\u2019homme : Dresser un bilan, prendre en compte les nouveaux champs - Gabon","description":"Ce\u0301le\u0301bre\u0301e ce 10 de\u0301cembre, la Journe\u0301e internationale des droits de l\u2019homme a permis au ministe\u0300re de la Justice, G ...","robots":{"index":"index","follow":"follow","max-snippet":"max-snippet:-1","max-image-preview":"max-image-preview:large","max-video-preview":"max-video-preview:-1"},"canonical":"https:\/\/www.africa-press.net\/gabon\/politique\/droits-de-lhomme-dresser-un-bilan-prendre-en-compte-les-nouveaux-champs","og_locale":"fr_FR","og_type":"article","og_title":"Droits de l\u2019homme : Dresser un bilan, prendre en compte les nouveaux champs","og_description":"Ce\u0301le\u0301bre\u0301e ce 10 de\u0301cembre, la Journe\u0301e internationale des droits de l\u2019homme a permis au ministe\u0300re de la Justice, G ...","og_url":"https:\/\/www.africa-press.net\/gabon\/politique\/droits-de-lhomme-dresser-un-bilan-prendre-en-compte-les-nouveaux-champs","og_site_name":"Gabon","article_published_time":"2022-12-11T20:08:11+00:00","article_modified_time":"2022-12-11T20:26:18+00:00","og_image":[{"width":720,"height":525,"url":"https:\/\/static.africa-press.net\/gabon\/sites\/54\/2022\/12\/postQueueImg_1670776694.99.jpg","type":"image\/jpeg"}],"author":"cfeditorfr","twitter_card":"summary_large_image","twitter_misc":{"\u00c9crit par":"cfeditorfr","Dur\u00e9e de lecture estim\u00e9e":"3 minutes"},"schema":{"@context":"https:\/\/schema.org","@graph":[{"@type":"Article","@id":"https:\/\/www.africa-press.net\/gabon\/politique\/droits-de-lhomme-dresser-un-bilan-prendre-en-compte-les-nouveaux-champs#article","isPartOf":{"@id":"https:\/\/www.africa-press.net\/gabon\/politique\/droits-de-lhomme-dresser-un-bilan-prendre-en-compte-les-nouveaux-champs"},"author":{"name":"cfeditorfr","@id":"https:\/\/www.africa-press.net\/gabon\/#\/schema\/person\/2b1cf3cd81a31e3cd26889ca66d677f1"},"headline":"Droits de l\u2019homme : Dresser un bilan, prendre en compte les nouveaux champs","datePublished":"2022-12-11T20:08:11+00:00","dateModified":"2022-12-11T20:26:18+00:00","mainEntityOfPage":{"@id":"https:\/\/www.africa-press.net\/gabon\/politique\/droits-de-lhomme-dresser-un-bilan-prendre-en-compte-les-nouveaux-champs"},"wordCount":648,"commentCount":0,"image":{"@id":"https:\/\/www.africa-press.net\/gabon\/politique\/droits-de-lhomme-dresser-un-bilan-prendre-en-compte-les-nouveaux-champs#primaryimage"},"thumbnailUrl":"https:\/\/static.africa-press.net\/gabon\/sites\/54\/2022\/12\/postQueueImg_1670776694.99.jpg","keywords":["Africa Press","Africa Press-Gabon","Gabon"],"articleSection":["Politique","Toutes les actualit\u00e9s"],"inLanguage":"fr-FR","potentialAction":[{"@type":"CommentAction","name":"Comment","target":["https:\/\/www.africa-press.net\/gabon\/politique\/droits-de-lhomme-dresser-un-bilan-prendre-en-compte-les-nouveaux-champs#respond"]}]},{"@type":"WebPage","@id":"https:\/\/www.africa-press.net\/gabon\/politique\/droits-de-lhomme-dresser-un-bilan-prendre-en-compte-les-nouveaux-champs","url":"https:\/\/www.africa-press.net\/gabon\/politique\/droits-de-lhomme-dresser-un-bilan-prendre-en-compte-les-nouveaux-champs","name":"Droits de l\u2019homme : Dresser un bilan, prendre en compte les nouveaux champs - Gabon","isPartOf":{"@id":"https:\/\/www.africa-press.net\/gabon\/#website"},"primaryImageOfPage":{"@id":"https:\/\/www.africa-press.net\/gabon\/politique\/droits-de-lhomme-dresser-un-bilan-prendre-en-compte-les-nouveaux-champs#primaryimage"},"image":{"@id":"https:\/\/www.africa-press.net\/gabon\/politique\/droits-de-lhomme-dresser-un-bilan-prendre-en-compte-les-nouveaux-champs#primaryimage"},"thumbnailUrl":"https:\/\/static.africa-press.net\/gabon\/sites\/54\/2022\/12\/postQueueImg_1670776694.99.jpg","datePublished":"2022-12-11T20:08:11+00:00","dateModified":"2022-12-11T20:26:18+00:00","author":{"@id":"https:\/\/www.africa-press.net\/gabon\/#\/schema\/person\/2b1cf3cd81a31e3cd26889ca66d677f1"},"description":"Ce\u0301le\u0301bre\u0301e ce 10 de\u0301cembre, la Journe\u0301e internationale des droits de l\u2019homme a permis au ministe\u0300re de la Justice, G ...","breadcrumb":{"@id":"https:\/\/www.africa-press.net\/gabon\/politique\/droits-de-lhomme-dresser-un-bilan-prendre-en-compte-les-nouveaux-champs#breadcrumb"},"inLanguage":"fr-FR","potentialAction":[{"@type":"ReadAction","target":["https:\/\/www.africa-press.net\/gabon\/politique\/droits-de-lhomme-dresser-un-bilan-prendre-en-compte-les-nouveaux-champs"]}]},{"@type":"ImageObject","inLanguage":"fr-FR","@id":"https:\/\/www.africa-press.net\/gabon\/politique\/droits-de-lhomme-dresser-un-bilan-prendre-en-compte-les-nouveaux-champs#primaryimage","url":"https:\/\/static.africa-press.net\/gabon\/sites\/54\/2022\/12\/postQueueImg_1670776694.99.jpg","contentUrl":"https:\/\/static.africa-press.net\/gabon\/sites\/54\/2022\/12\/postQueueImg_1670776694.99.jpg","width":720,"height":525,"caption":"Droits de l\u2019homme : Dresser un bilan, prendre en compte les nouveaux champs"},{"@type":"BreadcrumbList","@id":"https:\/\/www.africa-press.net\/gabon\/politique\/droits-de-lhomme-dresser-un-bilan-prendre-en-compte-les-nouveaux-champs#breadcrumb","itemListElement":[{"@type":"ListItem","position":1,"name":"Accueil","item":"https:\/\/www.africa-press.net\/gabon\/"},{"@type":"ListItem","position":2,"name":"Droits de l\u2019homme : Dresser un bilan, prendre en compte les nouveaux champs"}]},{"@type":"WebSite","@id":"https:\/\/www.africa-press.net\/gabon\/#website","url":"https:\/\/www.africa-press.net\/gabon\/","name":"Gabon","description":"Just another Africa News Agency Sites site","potentialAction":[{"@type":"SearchAction","target":{"@type":"EntryPoint","urlTemplate":"https:\/\/www.africa-press.net\/gabon\/?s={search_term_string}"},"query-input":{"@type":"PropertyValueSpecification","valueRequired":true,"valueName":"search_term_string"}}],"inLanguage":"fr-FR"},{"@type":"Person","@id":"https:\/\/www.africa-press.net\/gabon\/#\/schema\/person\/2b1cf3cd81a31e3cd26889ca66d677f1","name":"cfeditorfr"}]}},"_links":{"self":[{"href":"https:\/\/www.africa-press.net\/gabon\/wp-json\/wp\/v2\/posts\/13771","targetHints":{"allow":["GET"]}}],"collection":[{"href":"https:\/\/www.africa-press.net\/gabon\/wp-json\/wp\/v2\/posts"}],"about":[{"href":"https:\/\/www.africa-press.net\/gabon\/wp-json\/wp\/v2\/types\/post"}],"author":[{"embeddable":true,"href":"https:\/\/www.africa-press.net\/gabon\/wp-json\/wp\/v2\/users\/82"}],"replies":[{"embeddable":true,"href":"https:\/\/www.africa-press.net\/gabon\/wp-json\/wp\/v2\/comments?post=13771"}],"version-history":[{"count":0,"href":"https:\/\/www.africa-press.net\/gabon\/wp-json\/wp\/v2\/posts\/13771\/revisions"}],"wp:featuredmedia":[{"embeddable":true,"href":"https:\/\/www.africa-press.net\/gabon\/wp-json\/wp\/v2\/media\/13770"}],"wp:attachment":[{"href":"https:\/\/www.africa-press.net\/gabon\/wp-json\/wp\/v2\/media?parent=13771"}],"wp:term":[{"taxonomy":"category","embeddable":true,"href":"https:\/\/www.africa-press.net\/gabon\/wp-json\/wp\/v2\/categories?post=13771"},{"taxonomy":"post_tag","embeddable":true,"href":"https:\/\/www.africa-press.net\/gabon\/wp-json\/wp\/v2\/tags?post=13771"}],"curies":[{"name":"wp","href":"https:\/\/api.w.org\/{rel}","templated":true}]}}