{"id":13786,"date":"2022-12-12T17:11:08","date_gmt":"2022-12-12T17:11:08","guid":{"rendered":"https:\/\/www.africa-press.net\/gabon\/politique\/mouguiama-daouda-boude-pour-avoir-ete-designe-president-du-conseil-provincial-du-pdg-de-logooue-maritime"},"modified":"2022-12-12T18:10:05","modified_gmt":"2022-12-12T18:10:05","slug":"mouguiama-daouda-boude-pour-avoir-ete-designe-president-du-conseil-provincial-du-pdg-de-logooue-maritime","status":"publish","type":"post","link":"https:\/\/www.africa-press.net\/gabon\/politique\/mouguiama-daouda-boude-pour-avoir-ete-designe-president-du-conseil-provincial-du-pdg-de-logooue-maritime","title":{"rendered":"Mouguiama Daouda boud\u00e9 pour avoir \u00e9t\u00e9 d\u00e9sign\u00e9 pr\u00e9sident du conseil provincial du PDG de l\u2019Ogoou\u00e9 Maritime"},"content":{"rendered":"<p><span style=\"color: #ff6600\"><strong>Africa-Press &#8211; Gabon. <\/strong><\/span><b>C\u2019est certainement une de\u0301cision forte prise par le Secre\u0301tariat exe\u0301cutif du Parti De\u0301mocratique Gabonais (PDG, au pouvoir), qui avait de\u0301signe\u0301 dernie\u0300rement le Pr Patrick Mouguiama Daouda comme, pre\u0301sident du conseil provincial du parti dit \u00ab des masses \u00bb pour le compte de l\u2019Ogooue\u0301-Maritime. Une promotion boude\u0301e en sourdine par certains cadres du parti.<\/b><\/p>\n<p>Le futur directeur de campagne d\u2019Ali Bongo Ondimba probablement, n\u2019a pas manque\u0301 de rappeler aux uns et aux autres apre\u0300s cette de\u0301signation \u00ab de mettre leurs re\u0301flexions au service de la cite\u0301 \u00bb, avant d\u2019insister \u00ab a\u0300 contribuer au ge\u0301nie ogmarins et a\u0300 la re\u0301solution des conflits internes, garante de la prise en compte des spe\u0301cificite\u0301s de ces localite\u0301s a\u0300 condition de garder en vision l\u2019esprit de cohe\u0301sion, de discipline et de solidarite\u0301 \u00bb.<\/p>\n<p>Ce qu\u2019il faut pre\u0301ciser c\u2019est que cette nomination intervient apre\u0300s plusieurs e\u0301checs du PDG dans cette province ou\u0300 il avait essuye\u0301 des de\u0301faites en 2009 et en 2016. Des e\u0301lections durant lesquelles, Ali Bongo Ondimba aurait e\u0301te\u0301 lamine\u0301 dans cette partie du pays. Ainsi, pour e\u0301viter un bis repetita, le Distingue\u0301 camarade pre\u0301sident compte changer la donne en nommant un natif de Gamba, capitale de\u0301partementale de Ndougou aux destine\u0301es des travaux strate\u0301giques du conseil provincial qui pre\u0301parent le 12e\u0300me congre\u0300s ordinaire du PDG qui va se de\u0301rouler le 23 au 24 de\u0301cembre prochain.<\/p>\n<p><b>Vincent Ranozinault<\/b><\/p>\n<p><strong>Pour plus d&rsquo;informations et d&rsquo;analyses sur la <a href=\"https:\/\/www.africa-press.net\/gabon\">Gabon<\/a>, suivez <a href=\"https:\/\/www.africa-press.net\/\">Africa-Press<\/a><\/strong><\/p>\n","protected":false},"excerpt":{"rendered":"<p>Africa-Press &#8211; Gabon. C\u2019est certainement une de\u0301cision forte prise par le Secre\u0301tariat exe\u0301cutif du Parti De\u0301mocratique Gabonais (PDG, au pouvoir), qui avait de\u0301signe\u0301 dernie\u0300rement le Pr Patrick Mouguiama Daouda comme, pre\u0301sident du conseil provincial du parti dit \u00ab des masses \u00bb pour le compte de l\u2019Ogooue\u0301-Maritime. Une promotion boude\u0301e en sourdine par certains cadres du [&hellip;]<\/p>\n","protected":false},"author":82,"featured_media":13785,"comment_status":"open","ping_status":"closed","sticky":false,"template":"","format":"standard","meta":{"footnotes":""},"categories":[2,10],"tags":[36,50,49],"class_list":["post-13786","post","type-post","status-publish","format-standard","has-post-thumbnail","hentry","category-politique","category-toutes-les-actualites","tag-africa-press","tag-africa-press-gabon","tag-gabon"],"yoast_head":"<!-- This site is optimized with the Yoast SEO Premium plugin v26.1 (Yoast SEO v27.0) - https:\/\/yoast.com\/product\/yoast-seo-premium-wordpress\/ -->\n<title>Mouguiama Daouda boud\u00e9 pour avoir \u00e9t\u00e9 d\u00e9sign\u00e9 pr\u00e9sident du conseil provincial du PDG de l\u2019Ogoou\u00e9 Maritime - Gabon<\/title>\n<meta name=\"description\" content=\"C\u2019est certainement une de\u0301cision forte prise par le Secre\u0301tariat exe\u0301cutif du Parti De\u0301mocratique Gabonais (PDG, au p ...\" \/>\n<meta name=\"robots\" content=\"index, follow, max-snippet:-1, max-image-preview:large, max-video-preview:-1\" \/>\n<link rel=\"canonical\" href=\"https:\/\/www.africa-press.net\/gabon\/politique\/mouguiama-daouda-boude-pour-avoir-ete-designe-president-du-conseil-provincial-du-pdg-de-logooue-maritime\" \/>\n<meta property=\"og:locale\" content=\"fr_FR\" \/>\n<meta property=\"og:type\" content=\"article\" \/>\n<meta property=\"og:title\" content=\"Mouguiama Daouda boud\u00e9 pour avoir \u00e9t\u00e9 d\u00e9sign\u00e9 pr\u00e9sident du conseil provincial du PDG de l\u2019Ogoou\u00e9 Maritime\" \/>\n<meta property=\"og:description\" content=\"C\u2019est certainement une de\u0301cision forte prise par le Secre\u0301tariat exe\u0301cutif du Parti De\u0301mocratique Gabonais (PDG, au p ...\" \/>\n<meta property=\"og:url\" content=\"https:\/\/www.africa-press.net\/gabon\/politique\/mouguiama-daouda-boude-pour-avoir-ete-designe-president-du-conseil-provincial-du-pdg-de-logooue-maritime\" \/>\n<meta property=\"og:site_name\" content=\"Gabon\" \/>\n<meta property=\"article:published_time\" content=\"2022-12-12T17:11:08+00:00\" \/>\n<meta property=\"article:modified_time\" content=\"2022-12-12T18:10:05+00:00\" \/>\n<meta property=\"og:image\" content=\"https:\/\/static.africa-press.net\/gabon\/sites\/54\/2022\/12\/postQueueImg_1670852476.04.jpg\" \/>\n\t<meta property=\"og:image:width\" content=\"1556\" \/>\n\t<meta property=\"og:image:height\" content=\"1288\" \/>\n\t<meta property=\"og:image:type\" content=\"image\/jpeg\" \/>\n<meta name=\"author\" content=\"cfeditorfr\" \/>\n<meta name=\"twitter:card\" content=\"summary_large_image\" \/>\n<meta name=\"twitter:label1\" content=\"\u00c9crit par\" \/>\n\t<meta name=\"twitter:data1\" content=\"cfeditorfr\" \/>\n\t<meta name=\"twitter:label2\" content=\"Dur\u00e9e de lecture estim\u00e9e\" \/>\n\t<meta name=\"twitter:data2\" content=\"2 minutes\" \/>\n<script type=\"application\/ld+json\" class=\"yoast-schema-graph\">{\"@context\":\"https:\/\/schema.org\",\"@graph\":[{\"@type\":\"Article\",\"@id\":\"https:\/\/www.africa-press.net\/gabon\/politique\/mouguiama-daouda-boude-pour-avoir-ete-designe-president-du-conseil-provincial-du-pdg-de-logooue-maritime#article\",\"isPartOf\":{\"@id\":\"https:\/\/www.africa-press.net\/gabon\/politique\/mouguiama-daouda-boude-pour-avoir-ete-designe-president-du-conseil-provincial-du-pdg-de-logooue-maritime\"},\"author\":{\"name\":\"cfeditorfr\",\"@id\":\"https:\/\/www.africa-press.net\/gabon\/#\/schema\/person\/2b1cf3cd81a31e3cd26889ca66d677f1\"},\"headline\":\"Mouguiama Daouda boud\u00e9 pour avoir \u00e9t\u00e9 d\u00e9sign\u00e9 pr\u00e9sident du conseil provincial du PDG de l\u2019Ogoou\u00e9 Maritime\",\"datePublished\":\"2022-12-12T17:11:08+00:00\",\"dateModified\":\"2022-12-12T18:10:05+00:00\",\"mainEntityOfPage\":{\"@id\":\"https:\/\/www.africa-press.net\/gabon\/politique\/mouguiama-daouda-boude-pour-avoir-ete-designe-president-du-conseil-provincial-du-pdg-de-logooue-maritime\"},\"wordCount\":288,\"commentCount\":0,\"image\":{\"@id\":\"https:\/\/www.africa-press.net\/gabon\/politique\/mouguiama-daouda-boude-pour-avoir-ete-designe-president-du-conseil-provincial-du-pdg-de-logooue-maritime#primaryimage\"},\"thumbnailUrl\":\"https:\/\/static.africa-press.net\/gabon\/sites\/54\/2022\/12\/postQueueImg_1670852476.04.jpg\",\"keywords\":[\"Africa Press\",\"Africa Press-Gabon\",\"Gabon\"],\"articleSection\":[\"Politique\",\"Toutes les actualit\u00e9s\"],\"inLanguage\":\"fr-FR\",\"potentialAction\":[{\"@type\":\"CommentAction\",\"name\":\"Comment\",\"target\":[\"https:\/\/www.africa-press.net\/gabon\/politique\/mouguiama-daouda-boude-pour-avoir-ete-designe-president-du-conseil-provincial-du-pdg-de-logooue-maritime#respond\"]}]},{\"@type\":\"WebPage\",\"@id\":\"https:\/\/www.africa-press.net\/gabon\/politique\/mouguiama-daouda-boude-pour-avoir-ete-designe-president-du-conseil-provincial-du-pdg-de-logooue-maritime\",\"url\":\"https:\/\/www.africa-press.net\/gabon\/politique\/mouguiama-daouda-boude-pour-avoir-ete-designe-president-du-conseil-provincial-du-pdg-de-logooue-maritime\",\"name\":\"Mouguiama Daouda boud\u00e9 pour avoir \u00e9t\u00e9 d\u00e9sign\u00e9 pr\u00e9sident du conseil provincial du PDG de l\u2019Ogoou\u00e9 Maritime - Gabon\",\"isPartOf\":{\"@id\":\"https:\/\/www.africa-press.net\/gabon\/#website\"},\"primaryImageOfPage\":{\"@id\":\"https:\/\/www.africa-press.net\/gabon\/politique\/mouguiama-daouda-boude-pour-avoir-ete-designe-president-du-conseil-provincial-du-pdg-de-logooue-maritime#primaryimage\"},\"image\":{\"@id\":\"https:\/\/www.africa-press.net\/gabon\/politique\/mouguiama-daouda-boude-pour-avoir-ete-designe-president-du-conseil-provincial-du-pdg-de-logooue-maritime#primaryimage\"},\"thumbnailUrl\":\"https:\/\/static.africa-press.net\/gabon\/sites\/54\/2022\/12\/postQueueImg_1670852476.04.jpg\",\"datePublished\":\"2022-12-12T17:11:08+00:00\",\"dateModified\":\"2022-12-12T18:10:05+00:00\",\"author\":{\"@id\":\"https:\/\/www.africa-press.net\/gabon\/#\/schema\/person\/2b1cf3cd81a31e3cd26889ca66d677f1\"},\"description\":\"C\u2019est certainement une de\u0301cision forte prise par le Secre\u0301tariat exe\u0301cutif du Parti De\u0301mocratique Gabonais (PDG, au p ...\",\"breadcrumb\":{\"@id\":\"https:\/\/www.africa-press.net\/gabon\/politique\/mouguiama-daouda-boude-pour-avoir-ete-designe-president-du-conseil-provincial-du-pdg-de-logooue-maritime#breadcrumb\"},\"inLanguage\":\"fr-FR\",\"potentialAction\":[{\"@type\":\"ReadAction\",\"target\":[\"https:\/\/www.africa-press.net\/gabon\/politique\/mouguiama-daouda-boude-pour-avoir-ete-designe-president-du-conseil-provincial-du-pdg-de-logooue-maritime\"]}]},{\"@type\":\"ImageObject\",\"inLanguage\":\"fr-FR\",\"@id\":\"https:\/\/www.africa-press.net\/gabon\/politique\/mouguiama-daouda-boude-pour-avoir-ete-designe-president-du-conseil-provincial-du-pdg-de-logooue-maritime#primaryimage\",\"url\":\"https:\/\/static.africa-press.net\/gabon\/sites\/54\/2022\/12\/postQueueImg_1670852476.04.jpg\",\"contentUrl\":\"https:\/\/static.africa-press.net\/gabon\/sites\/54\/2022\/12\/postQueueImg_1670852476.04.jpg\",\"width\":1556,\"height\":1288,\"caption\":\"Mouguiama Daouda boud\u00e9 pour avoir \u00e9t\u00e9 d\u00e9sign\u00e9 pr\u00e9sident du conseil provincial du PDG de l\u2019Ogoou\u00e9 Maritime\"},{\"@type\":\"BreadcrumbList\",\"@id\":\"https:\/\/www.africa-press.net\/gabon\/politique\/mouguiama-daouda-boude-pour-avoir-ete-designe-president-du-conseil-provincial-du-pdg-de-logooue-maritime#breadcrumb\",\"itemListElement\":[{\"@type\":\"ListItem\",\"position\":1,\"name\":\"Accueil\",\"item\":\"https:\/\/www.africa-press.net\/gabon\/\"},{\"@type\":\"ListItem\",\"position\":2,\"name\":\"Mouguiama Daouda boud\u00e9 pour avoir \u00e9t\u00e9 d\u00e9sign\u00e9 pr\u00e9sident du conseil provincial du PDG de l\u2019Ogoou\u00e9 Maritime\"}]},{\"@type\":\"WebSite\",\"@id\":\"https:\/\/www.africa-press.net\/gabon\/#website\",\"url\":\"https:\/\/www.africa-press.net\/gabon\/\",\"name\":\"Gabon\",\"description\":\"Just another Africa News Agency Sites site\",\"potentialAction\":[{\"@type\":\"SearchAction\",\"target\":{\"@type\":\"EntryPoint\",\"urlTemplate\":\"https:\/\/www.africa-press.net\/gabon\/?s={search_term_string}\"},\"query-input\":{\"@type\":\"PropertyValueSpecification\",\"valueRequired\":true,\"valueName\":\"search_term_string\"}}],\"inLanguage\":\"fr-FR\"},{\"@type\":\"Person\",\"@id\":\"https:\/\/www.africa-press.net\/gabon\/#\/schema\/person\/2b1cf3cd81a31e3cd26889ca66d677f1\",\"name\":\"cfeditorfr\"}]}<\/script>\n<!-- \/ Yoast SEO Premium plugin. -->","yoast_head_json":{"title":"Mouguiama Daouda boud\u00e9 pour avoir \u00e9t\u00e9 d\u00e9sign\u00e9 pr\u00e9sident du conseil provincial du PDG de l\u2019Ogoou\u00e9 Maritime - Gabon","description":"C\u2019est certainement une de\u0301cision forte prise par le Secre\u0301tariat exe\u0301cutif du Parti De\u0301mocratique Gabonais (PDG, au p ...","robots":{"index":"index","follow":"follow","max-snippet":"max-snippet:-1","max-image-preview":"max-image-preview:large","max-video-preview":"max-video-preview:-1"},"canonical":"https:\/\/www.africa-press.net\/gabon\/politique\/mouguiama-daouda-boude-pour-avoir-ete-designe-president-du-conseil-provincial-du-pdg-de-logooue-maritime","og_locale":"fr_FR","og_type":"article","og_title":"Mouguiama Daouda boud\u00e9 pour avoir \u00e9t\u00e9 d\u00e9sign\u00e9 pr\u00e9sident du conseil provincial du PDG de l\u2019Ogoou\u00e9 Maritime","og_description":"C\u2019est certainement une de\u0301cision forte prise par le Secre\u0301tariat exe\u0301cutif du Parti De\u0301mocratique Gabonais (PDG, au p ...","og_url":"https:\/\/www.africa-press.net\/gabon\/politique\/mouguiama-daouda-boude-pour-avoir-ete-designe-president-du-conseil-provincial-du-pdg-de-logooue-maritime","og_site_name":"Gabon","article_published_time":"2022-12-12T17:11:08+00:00","article_modified_time":"2022-12-12T18:10:05+00:00","og_image":[{"width":1556,"height":1288,"url":"https:\/\/static.africa-press.net\/gabon\/sites\/54\/2022\/12\/postQueueImg_1670852476.04.jpg","type":"image\/jpeg"}],"author":"cfeditorfr","twitter_card":"summary_large_image","twitter_misc":{"\u00c9crit par":"cfeditorfr","Dur\u00e9e de lecture estim\u00e9e":"2 minutes"},"schema":{"@context":"https:\/\/schema.org","@graph":[{"@type":"Article","@id":"https:\/\/www.africa-press.net\/gabon\/politique\/mouguiama-daouda-boude-pour-avoir-ete-designe-president-du-conseil-provincial-du-pdg-de-logooue-maritime#article","isPartOf":{"@id":"https:\/\/www.africa-press.net\/gabon\/politique\/mouguiama-daouda-boude-pour-avoir-ete-designe-president-du-conseil-provincial-du-pdg-de-logooue-maritime"},"author":{"name":"cfeditorfr","@id":"https:\/\/www.africa-press.net\/gabon\/#\/schema\/person\/2b1cf3cd81a31e3cd26889ca66d677f1"},"headline":"Mouguiama Daouda boud\u00e9 pour avoir \u00e9t\u00e9 d\u00e9sign\u00e9 pr\u00e9sident du conseil provincial du PDG de l\u2019Ogoou\u00e9 Maritime","datePublished":"2022-12-12T17:11:08+00:00","dateModified":"2022-12-12T18:10:05+00:00","mainEntityOfPage":{"@id":"https:\/\/www.africa-press.net\/gabon\/politique\/mouguiama-daouda-boude-pour-avoir-ete-designe-president-du-conseil-provincial-du-pdg-de-logooue-maritime"},"wordCount":288,"commentCount":0,"image":{"@id":"https:\/\/www.africa-press.net\/gabon\/politique\/mouguiama-daouda-boude-pour-avoir-ete-designe-president-du-conseil-provincial-du-pdg-de-logooue-maritime#primaryimage"},"thumbnailUrl":"https:\/\/static.africa-press.net\/gabon\/sites\/54\/2022\/12\/postQueueImg_1670852476.04.jpg","keywords":["Africa Press","Africa Press-Gabon","Gabon"],"articleSection":["Politique","Toutes les actualit\u00e9s"],"inLanguage":"fr-FR","potentialAction":[{"@type":"CommentAction","name":"Comment","target":["https:\/\/www.africa-press.net\/gabon\/politique\/mouguiama-daouda-boude-pour-avoir-ete-designe-president-du-conseil-provincial-du-pdg-de-logooue-maritime#respond"]}]},{"@type":"WebPage","@id":"https:\/\/www.africa-press.net\/gabon\/politique\/mouguiama-daouda-boude-pour-avoir-ete-designe-president-du-conseil-provincial-du-pdg-de-logooue-maritime","url":"https:\/\/www.africa-press.net\/gabon\/politique\/mouguiama-daouda-boude-pour-avoir-ete-designe-president-du-conseil-provincial-du-pdg-de-logooue-maritime","name":"Mouguiama Daouda boud\u00e9 pour avoir \u00e9t\u00e9 d\u00e9sign\u00e9 pr\u00e9sident du conseil provincial du PDG de l\u2019Ogoou\u00e9 Maritime - Gabon","isPartOf":{"@id":"https:\/\/www.africa-press.net\/gabon\/#website"},"primaryImageOfPage":{"@id":"https:\/\/www.africa-press.net\/gabon\/politique\/mouguiama-daouda-boude-pour-avoir-ete-designe-president-du-conseil-provincial-du-pdg-de-logooue-maritime#primaryimage"},"image":{"@id":"https:\/\/www.africa-press.net\/gabon\/politique\/mouguiama-daouda-boude-pour-avoir-ete-designe-president-du-conseil-provincial-du-pdg-de-logooue-maritime#primaryimage"},"thumbnailUrl":"https:\/\/static.africa-press.net\/gabon\/sites\/54\/2022\/12\/postQueueImg_1670852476.04.jpg","datePublished":"2022-12-12T17:11:08+00:00","dateModified":"2022-12-12T18:10:05+00:00","author":{"@id":"https:\/\/www.africa-press.net\/gabon\/#\/schema\/person\/2b1cf3cd81a31e3cd26889ca66d677f1"},"description":"C\u2019est certainement une de\u0301cision forte prise par le Secre\u0301tariat exe\u0301cutif du Parti De\u0301mocratique Gabonais (PDG, au p ...","breadcrumb":{"@id":"https:\/\/www.africa-press.net\/gabon\/politique\/mouguiama-daouda-boude-pour-avoir-ete-designe-president-du-conseil-provincial-du-pdg-de-logooue-maritime#breadcrumb"},"inLanguage":"fr-FR","potentialAction":[{"@type":"ReadAction","target":["https:\/\/www.africa-press.net\/gabon\/politique\/mouguiama-daouda-boude-pour-avoir-ete-designe-president-du-conseil-provincial-du-pdg-de-logooue-maritime"]}]},{"@type":"ImageObject","inLanguage":"fr-FR","@id":"https:\/\/www.africa-press.net\/gabon\/politique\/mouguiama-daouda-boude-pour-avoir-ete-designe-president-du-conseil-provincial-du-pdg-de-logooue-maritime#primaryimage","url":"https:\/\/static.africa-press.net\/gabon\/sites\/54\/2022\/12\/postQueueImg_1670852476.04.jpg","contentUrl":"https:\/\/static.africa-press.net\/gabon\/sites\/54\/2022\/12\/postQueueImg_1670852476.04.jpg","width":1556,"height":1288,"caption":"Mouguiama Daouda boud\u00e9 pour avoir \u00e9t\u00e9 d\u00e9sign\u00e9 pr\u00e9sident du conseil provincial du PDG de l\u2019Ogoou\u00e9 Maritime"},{"@type":"BreadcrumbList","@id":"https:\/\/www.africa-press.net\/gabon\/politique\/mouguiama-daouda-boude-pour-avoir-ete-designe-president-du-conseil-provincial-du-pdg-de-logooue-maritime#breadcrumb","itemListElement":[{"@type":"ListItem","position":1,"name":"Accueil","item":"https:\/\/www.africa-press.net\/gabon\/"},{"@type":"ListItem","position":2,"name":"Mouguiama Daouda boud\u00e9 pour avoir \u00e9t\u00e9 d\u00e9sign\u00e9 pr\u00e9sident du conseil provincial du PDG de l\u2019Ogoou\u00e9 Maritime"}]},{"@type":"WebSite","@id":"https:\/\/www.africa-press.net\/gabon\/#website","url":"https:\/\/www.africa-press.net\/gabon\/","name":"Gabon","description":"Just another Africa News Agency Sites site","potentialAction":[{"@type":"SearchAction","target":{"@type":"EntryPoint","urlTemplate":"https:\/\/www.africa-press.net\/gabon\/?s={search_term_string}"},"query-input":{"@type":"PropertyValueSpecification","valueRequired":true,"valueName":"search_term_string"}}],"inLanguage":"fr-FR"},{"@type":"Person","@id":"https:\/\/www.africa-press.net\/gabon\/#\/schema\/person\/2b1cf3cd81a31e3cd26889ca66d677f1","name":"cfeditorfr"}]}},"_links":{"self":[{"href":"https:\/\/www.africa-press.net\/gabon\/wp-json\/wp\/v2\/posts\/13786","targetHints":{"allow":["GET"]}}],"collection":[{"href":"https:\/\/www.africa-press.net\/gabon\/wp-json\/wp\/v2\/posts"}],"about":[{"href":"https:\/\/www.africa-press.net\/gabon\/wp-json\/wp\/v2\/types\/post"}],"author":[{"embeddable":true,"href":"https:\/\/www.africa-press.net\/gabon\/wp-json\/wp\/v2\/users\/82"}],"replies":[{"embeddable":true,"href":"https:\/\/www.africa-press.net\/gabon\/wp-json\/wp\/v2\/comments?post=13786"}],"version-history":[{"count":0,"href":"https:\/\/www.africa-press.net\/gabon\/wp-json\/wp\/v2\/posts\/13786\/revisions"}],"wp:featuredmedia":[{"embeddable":true,"href":"https:\/\/www.africa-press.net\/gabon\/wp-json\/wp\/v2\/media\/13785"}],"wp:attachment":[{"href":"https:\/\/www.africa-press.net\/gabon\/wp-json\/wp\/v2\/media?parent=13786"}],"wp:term":[{"taxonomy":"category","embeddable":true,"href":"https:\/\/www.africa-press.net\/gabon\/wp-json\/wp\/v2\/categories?post=13786"},{"taxonomy":"post_tag","embeddable":true,"href":"https:\/\/www.africa-press.net\/gabon\/wp-json\/wp\/v2\/tags?post=13786"}],"curies":[{"name":"wp","href":"https:\/\/api.w.org\/{rel}","templated":true}]}}