{"id":13813,"date":"2022-12-12T17:19:00","date_gmt":"2022-12-12T17:19:00","guid":{"rendered":"https:\/\/www.africa-press.net\/gabon\/politique\/affaire-br-sarl-letat-gabonais-somme-de-reparer-au-risque-de-voir-sa-reputation-entachee"},"modified":"2022-12-12T18:14:40","modified_gmt":"2022-12-12T18:14:40","slug":"affaire-br-sarl-letat-gabonais-somme-de-reparer-au-risque-de-voir-sa-reputation-entachee","status":"publish","type":"post","link":"https:\/\/www.africa-press.net\/gabon\/economie\/affaire-br-sarl-letat-gabonais-somme-de-reparer-au-risque-de-voir-sa-reputation-entachee","title":{"rendered":"Affaire BR Sarl : l\u2019\u00c9tat gabonais somm\u00e9 de r\u00e9parer au risque de voir sa r\u00e9putation entach\u00e9e"},"content":{"rendered":"<p><span style=\"color: #ff6600\"><strong>Africa-Press &#8211; Gabon. <\/strong><\/span>A\u0300 en croire Emmanuel Mve Mba, pre\u0301sident du Congre\u0300s des agents publics, parapublics et prive\u0301s (Cappe), l\u2019E\u0301tat gabonais a re\u0301cemment rec\u0327u de l\u2019Union internationale des services publics et assimile\u0301s une injonction a\u0300 re\u0301parer le pre\u0301judice cause\u0301 aux 18 000 e\u0301pargnants floue\u0301s par BR Sarl, au risque d\u2019apparai\u0302tre sur la liste des pays violateurs des protocoles et conventions de l\u2019OIT.<\/p>\n<p>A\u0300 la suite de nombreuses rencontres avec l\u2019organisation qui revendique plusieurs millions de membres a\u0300 travers le monde, Emmanuel Mve Mba a informe\u0301, ce lundi 12 de\u0301cembre a\u0300 Libreville, que l\u2019Union internationale des services publics et assimile\u0301s (UIS Publics) a de\u0301cide\u0301 de prendre a\u0300 bras-le-corps l\u2019affaire opposant les 18 000 e\u0301pargnants floue\u0301s par BR Sarl et l\u2019E\u0301tat gabonais. \u00abUIS Publics a de\u0301cide\u0301, en date du 6 de\u0301cembre 2022, de saisir officiellement le gouvernement gabonais en vue de demander la re\u0301paration imme\u0301diate de cette injustice et exige une re\u0301ponse de celui-ci dans les 7 jours suivant la re\u0301ception de cette correspondance.\u00bb<\/p>\n<p>A\u0300 en croire le pre\u0301sident du Cappe, cette demande est accompagne\u0301e d\u2019une menace. En effet, au cas ou\u0300 l\u2019E\u0301tat gabonais refuserait d\u2019acce\u0301der a\u0300 la sollicitation de l\u2019organisation, celle-ci pre\u0301voit de\u0301ja\u0300 d\u2019inscrire le Gabon \u00abparmi les pays violateurs mondiaux des protocoles et conventions de l\u2019OIT (Organisation internationale du travail, NDLR)\u00bb. Ce qui pourrait conduire, selon le leader syndical, au lancement, par l\u2019UIS Publics, d\u2019une campagne internationale cense\u0301e de\u0301noncer la politique d\u2019oppression, la mal-gouvernance et la \u00abdictature\u00bb du gouvernement gabonais.<\/p>\n<p>Poursuivant ce qui peut apparai\u0302tre comme du chantage fait aux autorite\u0301s gabonaises, Emmanuel Mve Mba annonce e\u0301galement que l\u2019UIS Publics, en plus des juridictions judiciaires internationales, pourrait biento\u0302t saisir toutes les organisations humanitaires mondiales \u0153uvrant pour la de\u0301fense des inte\u0301re\u0302ts et des droits humains et luttant contre le capitalisme et l\u2019impe\u0301rialisme dans le monde. L\u2019organisation envisagerait enfin de \u00abpre\u0301senter le cas du Gabon au Conseil de se\u0301curite\u0301 de l\u2019ONU\u00bb. Rien que c\u0327a.<\/p>\n<p><strong>Pour plus d&rsquo;informations et d&rsquo;analyses sur la <a href=\"https:\/\/www.africa-press.net\/gabon\">Gabon<\/a>, suivez <a href=\"https:\/\/www.africa-press.net\/\">Africa-Press<\/a><\/strong><\/p>\n","protected":false},"excerpt":{"rendered":"<p>Africa-Press &#8211; Gabon. A\u0300 en croire Emmanuel Mve Mba, pre\u0301sident du Congre\u0300s des agents publics, parapublics et prive\u0301s (Cappe), l\u2019E\u0301tat gabonais a re\u0301cemment rec\u0327u de l\u2019Union internationale des services publics et assimile\u0301s une injonction a\u0300 re\u0301parer le pre\u0301judice cause\u0301 aux 18 000 e\u0301pargnants floue\u0301s par BR Sarl, au risque d\u2019apparai\u0302tre sur la liste des pays [&hellip;]<\/p>\n","protected":false},"author":82,"featured_media":13812,"comment_status":"open","ping_status":"closed","sticky":false,"template":"","format":"standard","meta":{"footnotes":""},"categories":[3,10],"tags":[36,50,49],"class_list":["post-13813","post","type-post","status-publish","format-standard","has-post-thumbnail","hentry","category-economie","category-toutes-les-actualites","tag-africa-press","tag-africa-press-gabon","tag-gabon"],"yoast_head":"<!-- This site is optimized with the Yoast SEO Premium plugin v26.1 (Yoast SEO v27.0) - https:\/\/yoast.com\/product\/yoast-seo-premium-wordpress\/ -->\n<title>Affaire BR Sarl : l\u2019\u00c9tat gabonais somm\u00e9 de r\u00e9parer au risque de voir sa r\u00e9putation entach\u00e9e - Gabon<\/title>\n<meta name=\"description\" content=\"A\u0300 en croire Emmanuel Mve Mba, pre\u0301sident du Congre\u0300s des agents publics, parapublics et prive\u0301s (Cappe), l\u2019E\u0301tat gabona ...\" \/>\n<meta name=\"robots\" content=\"index, follow, max-snippet:-1, max-image-preview:large, max-video-preview:-1\" \/>\n<link rel=\"canonical\" href=\"https:\/\/www.africa-press.net\/gabon\/economie\/affaire-br-sarl-letat-gabonais-somme-de-reparer-au-risque-de-voir-sa-reputation-entachee\" \/>\n<meta property=\"og:locale\" content=\"fr_FR\" \/>\n<meta property=\"og:type\" content=\"article\" \/>\n<meta property=\"og:title\" content=\"Affaire BR Sarl : l\u2019\u00c9tat gabonais somm\u00e9 de r\u00e9parer au risque de voir sa r\u00e9putation entach\u00e9e\" \/>\n<meta property=\"og:description\" content=\"A\u0300 en croire Emmanuel Mve Mba, pre\u0301sident du Congre\u0300s des agents publics, parapublics et prive\u0301s (Cappe), l\u2019E\u0301tat gabona ...\" \/>\n<meta property=\"og:url\" content=\"https:\/\/www.africa-press.net\/gabon\/economie\/affaire-br-sarl-letat-gabonais-somme-de-reparer-au-risque-de-voir-sa-reputation-entachee\" \/>\n<meta property=\"og:site_name\" content=\"Gabon\" \/>\n<meta property=\"article:published_time\" content=\"2022-12-12T17:19:00+00:00\" \/>\n<meta property=\"article:modified_time\" content=\"2022-12-12T18:14:40+00:00\" \/>\n<meta property=\"og:image\" content=\"https:\/\/static.africa-press.net\/gabon\/sites\/54\/2022\/12\/postQueueImg_1670852944.55.jpg\" \/>\n\t<meta property=\"og:image:width\" content=\"720\" \/>\n\t<meta property=\"og:image:height\" content=\"466\" \/>\n\t<meta property=\"og:image:type\" content=\"image\/jpeg\" \/>\n<meta name=\"author\" content=\"cfeditorfr\" \/>\n<meta name=\"twitter:card\" content=\"summary_large_image\" \/>\n<meta name=\"twitter:label1\" content=\"\u00c9crit par\" \/>\n\t<meta name=\"twitter:data1\" content=\"cfeditorfr\" \/>\n\t<meta name=\"twitter:label2\" content=\"Dur\u00e9e de lecture estim\u00e9e\" \/>\n\t<meta name=\"twitter:data2\" content=\"2 minutes\" \/>\n<script type=\"application\/ld+json\" class=\"yoast-schema-graph\">{\"@context\":\"https:\/\/schema.org\",\"@graph\":[{\"@type\":\"Article\",\"@id\":\"https:\/\/www.africa-press.net\/gabon\/economie\/affaire-br-sarl-letat-gabonais-somme-de-reparer-au-risque-de-voir-sa-reputation-entachee#article\",\"isPartOf\":{\"@id\":\"https:\/\/www.africa-press.net\/gabon\/economie\/affaire-br-sarl-letat-gabonais-somme-de-reparer-au-risque-de-voir-sa-reputation-entachee\"},\"author\":{\"name\":\"cfeditorfr\",\"@id\":\"https:\/\/www.africa-press.net\/gabon\/#\/schema\/person\/2b1cf3cd81a31e3cd26889ca66d677f1\"},\"headline\":\"Affaire BR Sarl : l\u2019\u00c9tat gabonais somm\u00e9 de r\u00e9parer au risque de voir sa r\u00e9putation entach\u00e9e\",\"datePublished\":\"2022-12-12T17:19:00+00:00\",\"dateModified\":\"2022-12-12T18:14:40+00:00\",\"mainEntityOfPage\":{\"@id\":\"https:\/\/www.africa-press.net\/gabon\/economie\/affaire-br-sarl-letat-gabonais-somme-de-reparer-au-risque-de-voir-sa-reputation-entachee\"},\"wordCount\":399,\"commentCount\":0,\"image\":{\"@id\":\"https:\/\/www.africa-press.net\/gabon\/economie\/affaire-br-sarl-letat-gabonais-somme-de-reparer-au-risque-de-voir-sa-reputation-entachee#primaryimage\"},\"thumbnailUrl\":\"https:\/\/static.africa-press.net\/gabon\/sites\/54\/2022\/12\/postQueueImg_1670852944.55.jpg\",\"keywords\":[\"Africa Press\",\"Africa Press-Gabon\",\"Gabon\"],\"articleSection\":[\"\u00c9conomie\",\"Toutes les actualit\u00e9s\"],\"inLanguage\":\"fr-FR\",\"potentialAction\":[{\"@type\":\"CommentAction\",\"name\":\"Comment\",\"target\":[\"https:\/\/www.africa-press.net\/gabon\/economie\/affaire-br-sarl-letat-gabonais-somme-de-reparer-au-risque-de-voir-sa-reputation-entachee#respond\"]}]},{\"@type\":\"WebPage\",\"@id\":\"https:\/\/www.africa-press.net\/gabon\/economie\/affaire-br-sarl-letat-gabonais-somme-de-reparer-au-risque-de-voir-sa-reputation-entachee\",\"url\":\"https:\/\/www.africa-press.net\/gabon\/economie\/affaire-br-sarl-letat-gabonais-somme-de-reparer-au-risque-de-voir-sa-reputation-entachee\",\"name\":\"Affaire BR Sarl : l\u2019\u00c9tat gabonais somm\u00e9 de r\u00e9parer au risque de voir sa r\u00e9putation entach\u00e9e - Gabon\",\"isPartOf\":{\"@id\":\"https:\/\/www.africa-press.net\/gabon\/#website\"},\"primaryImageOfPage\":{\"@id\":\"https:\/\/www.africa-press.net\/gabon\/economie\/affaire-br-sarl-letat-gabonais-somme-de-reparer-au-risque-de-voir-sa-reputation-entachee#primaryimage\"},\"image\":{\"@id\":\"https:\/\/www.africa-press.net\/gabon\/economie\/affaire-br-sarl-letat-gabonais-somme-de-reparer-au-risque-de-voir-sa-reputation-entachee#primaryimage\"},\"thumbnailUrl\":\"https:\/\/static.africa-press.net\/gabon\/sites\/54\/2022\/12\/postQueueImg_1670852944.55.jpg\",\"datePublished\":\"2022-12-12T17:19:00+00:00\",\"dateModified\":\"2022-12-12T18:14:40+00:00\",\"author\":{\"@id\":\"https:\/\/www.africa-press.net\/gabon\/#\/schema\/person\/2b1cf3cd81a31e3cd26889ca66d677f1\"},\"description\":\"A\u0300 en croire Emmanuel Mve Mba, pre\u0301sident du Congre\u0300s des agents publics, parapublics et prive\u0301s (Cappe), l\u2019E\u0301tat gabona ...\",\"breadcrumb\":{\"@id\":\"https:\/\/www.africa-press.net\/gabon\/economie\/affaire-br-sarl-letat-gabonais-somme-de-reparer-au-risque-de-voir-sa-reputation-entachee#breadcrumb\"},\"inLanguage\":\"fr-FR\",\"potentialAction\":[{\"@type\":\"ReadAction\",\"target\":[\"https:\/\/www.africa-press.net\/gabon\/economie\/affaire-br-sarl-letat-gabonais-somme-de-reparer-au-risque-de-voir-sa-reputation-entachee\"]}]},{\"@type\":\"ImageObject\",\"inLanguage\":\"fr-FR\",\"@id\":\"https:\/\/www.africa-press.net\/gabon\/economie\/affaire-br-sarl-letat-gabonais-somme-de-reparer-au-risque-de-voir-sa-reputation-entachee#primaryimage\",\"url\":\"https:\/\/static.africa-press.net\/gabon\/sites\/54\/2022\/12\/postQueueImg_1670852944.55.jpg\",\"contentUrl\":\"https:\/\/static.africa-press.net\/gabon\/sites\/54\/2022\/12\/postQueueImg_1670852944.55.jpg\",\"width\":720,\"height\":466,\"caption\":\"Affaire BR Sarl : l\u2019\u00c9tat gabonais somm\u00e9 de r\u00e9parer au risque de voir sa r\u00e9putation entach\u00e9e\"},{\"@type\":\"BreadcrumbList\",\"@id\":\"https:\/\/www.africa-press.net\/gabon\/economie\/affaire-br-sarl-letat-gabonais-somme-de-reparer-au-risque-de-voir-sa-reputation-entachee#breadcrumb\",\"itemListElement\":[{\"@type\":\"ListItem\",\"position\":1,\"name\":\"Accueil\",\"item\":\"https:\/\/www.africa-press.net\/gabon\/\"},{\"@type\":\"ListItem\",\"position\":2,\"name\":\"Affaire BR Sarl : l\u2019\u00c9tat gabonais somm\u00e9 de r\u00e9parer au risque de voir sa r\u00e9putation entach\u00e9e\"}]},{\"@type\":\"WebSite\",\"@id\":\"https:\/\/www.africa-press.net\/gabon\/#website\",\"url\":\"https:\/\/www.africa-press.net\/gabon\/\",\"name\":\"Gabon\",\"description\":\"Just another Africa News Agency Sites site\",\"potentialAction\":[{\"@type\":\"SearchAction\",\"target\":{\"@type\":\"EntryPoint\",\"urlTemplate\":\"https:\/\/www.africa-press.net\/gabon\/?s={search_term_string}\"},\"query-input\":{\"@type\":\"PropertyValueSpecification\",\"valueRequired\":true,\"valueName\":\"search_term_string\"}}],\"inLanguage\":\"fr-FR\"},{\"@type\":\"Person\",\"@id\":\"https:\/\/www.africa-press.net\/gabon\/#\/schema\/person\/2b1cf3cd81a31e3cd26889ca66d677f1\",\"name\":\"cfeditorfr\"}]}<\/script>\n<!-- \/ Yoast SEO Premium plugin. -->","yoast_head_json":{"title":"Affaire BR Sarl : l\u2019\u00c9tat gabonais somm\u00e9 de r\u00e9parer au risque de voir sa r\u00e9putation entach\u00e9e - Gabon","description":"A\u0300 en croire Emmanuel Mve Mba, pre\u0301sident du Congre\u0300s des agents publics, parapublics et prive\u0301s (Cappe), l\u2019E\u0301tat gabona ...","robots":{"index":"index","follow":"follow","max-snippet":"max-snippet:-1","max-image-preview":"max-image-preview:large","max-video-preview":"max-video-preview:-1"},"canonical":"https:\/\/www.africa-press.net\/gabon\/economie\/affaire-br-sarl-letat-gabonais-somme-de-reparer-au-risque-de-voir-sa-reputation-entachee","og_locale":"fr_FR","og_type":"article","og_title":"Affaire BR Sarl : l\u2019\u00c9tat gabonais somm\u00e9 de r\u00e9parer au risque de voir sa r\u00e9putation entach\u00e9e","og_description":"A\u0300 en croire Emmanuel Mve Mba, pre\u0301sident du Congre\u0300s des agents publics, parapublics et prive\u0301s (Cappe), l\u2019E\u0301tat gabona ...","og_url":"https:\/\/www.africa-press.net\/gabon\/economie\/affaire-br-sarl-letat-gabonais-somme-de-reparer-au-risque-de-voir-sa-reputation-entachee","og_site_name":"Gabon","article_published_time":"2022-12-12T17:19:00+00:00","article_modified_time":"2022-12-12T18:14:40+00:00","og_image":[{"width":720,"height":466,"url":"https:\/\/static.africa-press.net\/gabon\/sites\/54\/2022\/12\/postQueueImg_1670852944.55.jpg","type":"image\/jpeg"}],"author":"cfeditorfr","twitter_card":"summary_large_image","twitter_misc":{"\u00c9crit par":"cfeditorfr","Dur\u00e9e de lecture estim\u00e9e":"2 minutes"},"schema":{"@context":"https:\/\/schema.org","@graph":[{"@type":"Article","@id":"https:\/\/www.africa-press.net\/gabon\/economie\/affaire-br-sarl-letat-gabonais-somme-de-reparer-au-risque-de-voir-sa-reputation-entachee#article","isPartOf":{"@id":"https:\/\/www.africa-press.net\/gabon\/economie\/affaire-br-sarl-letat-gabonais-somme-de-reparer-au-risque-de-voir-sa-reputation-entachee"},"author":{"name":"cfeditorfr","@id":"https:\/\/www.africa-press.net\/gabon\/#\/schema\/person\/2b1cf3cd81a31e3cd26889ca66d677f1"},"headline":"Affaire BR Sarl : l\u2019\u00c9tat gabonais somm\u00e9 de r\u00e9parer au risque de voir sa r\u00e9putation entach\u00e9e","datePublished":"2022-12-12T17:19:00+00:00","dateModified":"2022-12-12T18:14:40+00:00","mainEntityOfPage":{"@id":"https:\/\/www.africa-press.net\/gabon\/economie\/affaire-br-sarl-letat-gabonais-somme-de-reparer-au-risque-de-voir-sa-reputation-entachee"},"wordCount":399,"commentCount":0,"image":{"@id":"https:\/\/www.africa-press.net\/gabon\/economie\/affaire-br-sarl-letat-gabonais-somme-de-reparer-au-risque-de-voir-sa-reputation-entachee#primaryimage"},"thumbnailUrl":"https:\/\/static.africa-press.net\/gabon\/sites\/54\/2022\/12\/postQueueImg_1670852944.55.jpg","keywords":["Africa Press","Africa Press-Gabon","Gabon"],"articleSection":["\u00c9conomie","Toutes les actualit\u00e9s"],"inLanguage":"fr-FR","potentialAction":[{"@type":"CommentAction","name":"Comment","target":["https:\/\/www.africa-press.net\/gabon\/economie\/affaire-br-sarl-letat-gabonais-somme-de-reparer-au-risque-de-voir-sa-reputation-entachee#respond"]}]},{"@type":"WebPage","@id":"https:\/\/www.africa-press.net\/gabon\/economie\/affaire-br-sarl-letat-gabonais-somme-de-reparer-au-risque-de-voir-sa-reputation-entachee","url":"https:\/\/www.africa-press.net\/gabon\/economie\/affaire-br-sarl-letat-gabonais-somme-de-reparer-au-risque-de-voir-sa-reputation-entachee","name":"Affaire BR Sarl : l\u2019\u00c9tat gabonais somm\u00e9 de r\u00e9parer au risque de voir sa r\u00e9putation entach\u00e9e - Gabon","isPartOf":{"@id":"https:\/\/www.africa-press.net\/gabon\/#website"},"primaryImageOfPage":{"@id":"https:\/\/www.africa-press.net\/gabon\/economie\/affaire-br-sarl-letat-gabonais-somme-de-reparer-au-risque-de-voir-sa-reputation-entachee#primaryimage"},"image":{"@id":"https:\/\/www.africa-press.net\/gabon\/economie\/affaire-br-sarl-letat-gabonais-somme-de-reparer-au-risque-de-voir-sa-reputation-entachee#primaryimage"},"thumbnailUrl":"https:\/\/static.africa-press.net\/gabon\/sites\/54\/2022\/12\/postQueueImg_1670852944.55.jpg","datePublished":"2022-12-12T17:19:00+00:00","dateModified":"2022-12-12T18:14:40+00:00","author":{"@id":"https:\/\/www.africa-press.net\/gabon\/#\/schema\/person\/2b1cf3cd81a31e3cd26889ca66d677f1"},"description":"A\u0300 en croire Emmanuel Mve Mba, pre\u0301sident du Congre\u0300s des agents publics, parapublics et prive\u0301s (Cappe), l\u2019E\u0301tat gabona ...","breadcrumb":{"@id":"https:\/\/www.africa-press.net\/gabon\/economie\/affaire-br-sarl-letat-gabonais-somme-de-reparer-au-risque-de-voir-sa-reputation-entachee#breadcrumb"},"inLanguage":"fr-FR","potentialAction":[{"@type":"ReadAction","target":["https:\/\/www.africa-press.net\/gabon\/economie\/affaire-br-sarl-letat-gabonais-somme-de-reparer-au-risque-de-voir-sa-reputation-entachee"]}]},{"@type":"ImageObject","inLanguage":"fr-FR","@id":"https:\/\/www.africa-press.net\/gabon\/economie\/affaire-br-sarl-letat-gabonais-somme-de-reparer-au-risque-de-voir-sa-reputation-entachee#primaryimage","url":"https:\/\/static.africa-press.net\/gabon\/sites\/54\/2022\/12\/postQueueImg_1670852944.55.jpg","contentUrl":"https:\/\/static.africa-press.net\/gabon\/sites\/54\/2022\/12\/postQueueImg_1670852944.55.jpg","width":720,"height":466,"caption":"Affaire BR Sarl : l\u2019\u00c9tat gabonais somm\u00e9 de r\u00e9parer au risque de voir sa r\u00e9putation entach\u00e9e"},{"@type":"BreadcrumbList","@id":"https:\/\/www.africa-press.net\/gabon\/economie\/affaire-br-sarl-letat-gabonais-somme-de-reparer-au-risque-de-voir-sa-reputation-entachee#breadcrumb","itemListElement":[{"@type":"ListItem","position":1,"name":"Accueil","item":"https:\/\/www.africa-press.net\/gabon\/"},{"@type":"ListItem","position":2,"name":"Affaire BR Sarl : l\u2019\u00c9tat gabonais somm\u00e9 de r\u00e9parer au risque de voir sa r\u00e9putation entach\u00e9e"}]},{"@type":"WebSite","@id":"https:\/\/www.africa-press.net\/gabon\/#website","url":"https:\/\/www.africa-press.net\/gabon\/","name":"Gabon","description":"Just another Africa News Agency Sites site","potentialAction":[{"@type":"SearchAction","target":{"@type":"EntryPoint","urlTemplate":"https:\/\/www.africa-press.net\/gabon\/?s={search_term_string}"},"query-input":{"@type":"PropertyValueSpecification","valueRequired":true,"valueName":"search_term_string"}}],"inLanguage":"fr-FR"},{"@type":"Person","@id":"https:\/\/www.africa-press.net\/gabon\/#\/schema\/person\/2b1cf3cd81a31e3cd26889ca66d677f1","name":"cfeditorfr"}]}},"_links":{"self":[{"href":"https:\/\/www.africa-press.net\/gabon\/wp-json\/wp\/v2\/posts\/13813","targetHints":{"allow":["GET"]}}],"collection":[{"href":"https:\/\/www.africa-press.net\/gabon\/wp-json\/wp\/v2\/posts"}],"about":[{"href":"https:\/\/www.africa-press.net\/gabon\/wp-json\/wp\/v2\/types\/post"}],"author":[{"embeddable":true,"href":"https:\/\/www.africa-press.net\/gabon\/wp-json\/wp\/v2\/users\/82"}],"replies":[{"embeddable":true,"href":"https:\/\/www.africa-press.net\/gabon\/wp-json\/wp\/v2\/comments?post=13813"}],"version-history":[{"count":0,"href":"https:\/\/www.africa-press.net\/gabon\/wp-json\/wp\/v2\/posts\/13813\/revisions"}],"wp:featuredmedia":[{"embeddable":true,"href":"https:\/\/www.africa-press.net\/gabon\/wp-json\/wp\/v2\/media\/13812"}],"wp:attachment":[{"href":"https:\/\/www.africa-press.net\/gabon\/wp-json\/wp\/v2\/media?parent=13813"}],"wp:term":[{"taxonomy":"category","embeddable":true,"href":"https:\/\/www.africa-press.net\/gabon\/wp-json\/wp\/v2\/categories?post=13813"},{"taxonomy":"post_tag","embeddable":true,"href":"https:\/\/www.africa-press.net\/gabon\/wp-json\/wp\/v2\/tags?post=13813"}],"curies":[{"name":"wp","href":"https:\/\/api.w.org\/{rel}","templated":true}]}}