{"id":13847,"date":"2022-12-13T19:30:56","date_gmt":"2022-12-13T19:30:56","guid":{"rendered":"https:\/\/www.africa-press.net\/gabon\/politique\/gabon-paulette-missambo-veut-faire-de-lecole-une-priorite-de-premier-ordre"},"modified":"2022-12-13T19:30:56","modified_gmt":"2022-12-13T19:30:56","slug":"gabon-paulette-missambo-veut-faire-de-lecole-une-priorite-de-premier-ordre","status":"publish","type":"post","link":"https:\/\/www.africa-press.net\/gabon\/politique\/gabon-paulette-missambo-veut-faire-de-lecole-une-priorite-de-premier-ordre","title":{"rendered":"Gabon : Paulette Missambo veut faire de l\u2019\u00e9cole une priorit\u00e9 de premier ordre"},"content":{"rendered":"<p><span style=\"color: #ff6600\"><strong>Africa-Press &#8211; Gabon. <\/strong><\/span><b>Figurant parmi les priorite\u0301s nationales, l\u2019e\u0301ducation va bien au-dela\u0300 de la transmission des savoirs. Il s\u2019agit de pre\u0301parer a\u0300 l\u2019exercice de la citoyennete\u0301, au vivre ensemble, a\u0300 la vie professionnelle, tout en visant l\u2019e\u0301galite\u0301. Partant de ce constat, la pre\u0301sidente de l\u2019Union nationale (UN), ancienne ministre de l\u2019E\u0301ducation nationale, souhaite une re\u0301flexion sur la proble\u0301matique de l\u2019e\u0301cole gabonaise afin de lui redonner son lustre d\u2019antan.<\/b><\/p>\n<p>Se dispensant un bilan des treize anne\u0301es de gestion du pays par le pre\u0301sident Ali Bongo Ondimba, ou encore de passer au peigne fin tous les de\u0301terminants fondamentaux du de\u0301veloppement e\u0301conomique et social d\u2019un pays, notamment les infrastructures, le capital humain, le taux de cho\u0302mage, la productivite\u0301 industrielle, la dette, la bonne gouvernance, etc., s\u2019agissant du Gabon, pour Paulette Missambo, un seul secteur suffit a\u0300 illustrer l\u2019ampleur du de\u0301sastre dans lequel le pays est plonge\u0301 depuis plusieurs anne\u0301es.<\/p>\n<p>En effet, si le monde s\u2019accorde a\u0300 admettre que l\u2019e\u0301ducation est un e\u0301le\u0301ment fondamental pour le de\u0301veloppement social et permet de re\u0301duire la pauvrete\u0301, d\u2019un pays, pour les gouvernants du Gabon, cette assertion semblerait pluto\u0302t chime\u0301rique, au point de marginaliser l\u2019\u00abe\u0301cole gabonaise\u00bb avec son taux de redoublement le plus e\u0301leve\u0301 au monde.<\/p>\n<p>Bien souvent, pour pre\u0301senter la situation de l\u2019enseignement au Gabon, on se limite a\u0300 afficher son taux d\u2019alphabe\u0301tisation qui se situe autour de 90%, bien au-dela\u0300 de la plupart des pays d\u2019Afrique subsaharienne. Cependant, une analyse approfondie permet de de\u0301montrer que le tableau est moins reluisant. Avec un taux de redoublement de 37%, dans l\u2019enseignement primaire, soit le plus e\u0301leve\u0301 au monde, et deux fois supe\u0301rieur a\u0300 la moyenne africaine ; un taux de redoublement de 26% au 1er cycle et 23% au second cycle ; ainsi qu\u2019un taux net de la scolarisation passe\u0301 de 83,3% a\u0300 70% entre 2020 et 2021, le secteur de l\u2019e\u0301ducation suffirait a\u0300 lui seul a\u0300 illustrer l\u2019ampleur du de\u0301sastre dans lequel le pays sombre, de\u0301plore la pre\u0301sidente de l\u2019Union nationale.<\/p>\n<p>\u00abCette situation n\u2019est pas acceptable. Pour construire un mode\u0300le re\u0301publicain de re\u0301ussite, il nous faut faire de l\u2019e\u0301cole une priorite\u0301 de premier ordre. Nous devons engager une re\u0301flexion pour redonner a\u0300 notre e\u0301cole son lustre d\u2019antan. Nous devons le faire pour pre\u0301parer le Gabon de demain. Si nous voulons lutter contre la corruption et l\u2019incivisme, nous devons miser sur le savoir. Par-dessus tout, nous devons re\u0301fle\u0301chir a\u0300 une modernisation de l\u2019action publique\u00bb, a-t-elle de\u0301clare\u0301 a\u0300 l\u2019ouverture de la concertation des partis d\u2019opposition et des acteurs de la socie\u0301te\u0301 civile pour l\u2019alternance et le changement au sommet de l\u2019E\u0301tat, le 12 de\u0301cembre 2022.<\/p>\n<p><strong>Pour plus d&rsquo;informations et d&rsquo;analyses sur la <a href=\"https:\/\/www.africa-press.net\/gabon\">Gabon<\/a>, suivez <a href=\"https:\/\/www.africa-press.net\/\">Africa-Press<\/a><\/strong><\/p>\n","protected":false},"excerpt":{"rendered":"<p>Africa-Press &#8211; Gabon. Figurant parmi les priorite\u0301s nationales, l\u2019e\u0301ducation va bien au-dela\u0300 de la transmission des savoirs. Il s\u2019agit de pre\u0301parer a\u0300 l\u2019exercice de la citoyennete\u0301, au vivre ensemble, a\u0300 la vie professionnelle, tout en visant l\u2019e\u0301galite\u0301. Partant de ce constat, la pre\u0301sidente de l\u2019Union nationale (UN), ancienne ministre de l\u2019E\u0301ducation nationale, souhaite une re\u0301flexion [&hellip;]<\/p>\n","protected":false},"author":82,"featured_media":13846,"comment_status":"open","ping_status":"closed","sticky":false,"template":"","format":"standard","meta":{"footnotes":""},"categories":[2,10],"tags":[36,50,49],"class_list":["post-13847","post","type-post","status-publish","format-standard","has-post-thumbnail","hentry","category-politique","category-toutes-les-actualites","tag-africa-press","tag-africa-press-gabon","tag-gabon"],"yoast_head":"<!-- This site is optimized with the Yoast SEO Premium plugin v26.1 (Yoast SEO v27.0) - https:\/\/yoast.com\/product\/yoast-seo-premium-wordpress\/ -->\n<title>Gabon : Paulette Missambo veut faire de l\u2019\u00e9cole une priorit\u00e9 de premier ordre - Gabon<\/title>\n<meta name=\"robots\" content=\"index, follow, max-snippet:-1, max-image-preview:large, max-video-preview:-1\" \/>\n<link rel=\"canonical\" href=\"https:\/\/www.africa-press.net\/gabon\/politique\/gabon-paulette-missambo-veut-faire-de-lecole-une-priorite-de-premier-ordre\" \/>\n<meta property=\"og:locale\" content=\"fr_FR\" \/>\n<meta property=\"og:type\" content=\"article\" \/>\n<meta property=\"og:title\" content=\"Gabon : Paulette Missambo veut faire de l\u2019\u00e9cole une priorit\u00e9 de premier ordre\" \/>\n<meta property=\"og:description\" content=\"Africa-Press &#8211; Gabon. Figurant parmi les priorite\u0301s nationales, l\u2019e\u0301ducation va bien au-dela\u0300 de la transmission des savoirs. Il s\u2019agit de pre\u0301parer a\u0300 l\u2019exercice de la citoyennete\u0301, au vivre ensemble, a\u0300 la vie professionnelle, tout en visant l\u2019e\u0301galite\u0301. Partant de ce constat, la pre\u0301sidente de l\u2019Union nationale (UN), ancienne ministre de l\u2019E\u0301ducation nationale, souhaite une re\u0301flexion [&hellip;]\" \/>\n<meta property=\"og:url\" content=\"https:\/\/www.africa-press.net\/gabon\/politique\/gabon-paulette-missambo-veut-faire-de-lecole-une-priorite-de-premier-ordre\" \/>\n<meta property=\"og:site_name\" content=\"Gabon\" \/>\n<meta property=\"article:published_time\" content=\"2022-12-13T19:30:56+00:00\" \/>\n<meta name=\"author\" content=\"cfeditorfr\" \/>\n<meta name=\"twitter:card\" content=\"summary_large_image\" \/>\n<meta name=\"twitter:label1\" content=\"\u00c9crit par\" \/>\n\t<meta name=\"twitter:data1\" content=\"cfeditorfr\" \/>\n\t<meta name=\"twitter:label2\" content=\"Dur\u00e9e de lecture estim\u00e9e\" \/>\n\t<meta name=\"twitter:data2\" content=\"3 minutes\" \/>\n<script type=\"application\/ld+json\" class=\"yoast-schema-graph\">{\"@context\":\"https:\/\/schema.org\",\"@graph\":[{\"@type\":\"Article\",\"@id\":\"https:\/\/www.africa-press.net\/gabon\/politique\/gabon-paulette-missambo-veut-faire-de-lecole-une-priorite-de-premier-ordre#article\",\"isPartOf\":{\"@id\":\"https:\/\/www.africa-press.net\/gabon\/politique\/gabon-paulette-missambo-veut-faire-de-lecole-une-priorite-de-premier-ordre\"},\"author\":{\"name\":\"cfeditorfr\",\"@id\":\"https:\/\/www.africa-press.net\/gabon\/#\/schema\/person\/2b1cf3cd81a31e3cd26889ca66d677f1\"},\"headline\":\"Gabon : Paulette Missambo veut faire de l\u2019\u00e9cole une priorit\u00e9 de premier ordre\",\"datePublished\":\"2022-12-13T19:30:56+00:00\",\"mainEntityOfPage\":{\"@id\":\"https:\/\/www.africa-press.net\/gabon\/politique\/gabon-paulette-missambo-veut-faire-de-lecole-une-priorite-de-premier-ordre\"},\"wordCount\":519,\"commentCount\":0,\"image\":{\"@id\":\"https:\/\/www.africa-press.net\/gabon\/politique\/gabon-paulette-missambo-veut-faire-de-lecole-une-priorite-de-premier-ordre#primaryimage\"},\"thumbnailUrl\":\"https:\/\/static.africa-press.net\/gabon\/sites\/54\/2022\/12\/postQueueImg_1670947260.18.jpg\",\"keywords\":[\"Africa Press\",\"Africa Press-Gabon\",\"Gabon\"],\"articleSection\":[\"Politique\",\"Toutes les actualit\u00e9s\"],\"inLanguage\":\"fr-FR\",\"potentialAction\":[{\"@type\":\"CommentAction\",\"name\":\"Comment\",\"target\":[\"https:\/\/www.africa-press.net\/gabon\/politique\/gabon-paulette-missambo-veut-faire-de-lecole-une-priorite-de-premier-ordre#respond\"]}]},{\"@type\":\"WebPage\",\"@id\":\"https:\/\/www.africa-press.net\/gabon\/politique\/gabon-paulette-missambo-veut-faire-de-lecole-une-priorite-de-premier-ordre\",\"url\":\"https:\/\/www.africa-press.net\/gabon\/politique\/gabon-paulette-missambo-veut-faire-de-lecole-une-priorite-de-premier-ordre\",\"name\":\"Gabon : Paulette Missambo veut faire de l\u2019\u00e9cole une priorit\u00e9 de premier ordre - Gabon\",\"isPartOf\":{\"@id\":\"https:\/\/www.africa-press.net\/gabon\/#website\"},\"primaryImageOfPage\":{\"@id\":\"https:\/\/www.africa-press.net\/gabon\/politique\/gabon-paulette-missambo-veut-faire-de-lecole-une-priorite-de-premier-ordre#primaryimage\"},\"image\":{\"@id\":\"https:\/\/www.africa-press.net\/gabon\/politique\/gabon-paulette-missambo-veut-faire-de-lecole-une-priorite-de-premier-ordre#primaryimage\"},\"thumbnailUrl\":\"https:\/\/static.africa-press.net\/gabon\/sites\/54\/2022\/12\/postQueueImg_1670947260.18.jpg\",\"datePublished\":\"2022-12-13T19:30:56+00:00\",\"author\":{\"@id\":\"https:\/\/www.africa-press.net\/gabon\/#\/schema\/person\/2b1cf3cd81a31e3cd26889ca66d677f1\"},\"breadcrumb\":{\"@id\":\"https:\/\/www.africa-press.net\/gabon\/politique\/gabon-paulette-missambo-veut-faire-de-lecole-une-priorite-de-premier-ordre#breadcrumb\"},\"inLanguage\":\"fr-FR\",\"potentialAction\":[{\"@type\":\"ReadAction\",\"target\":[\"https:\/\/www.africa-press.net\/gabon\/politique\/gabon-paulette-missambo-veut-faire-de-lecole-une-priorite-de-premier-ordre\"]}]},{\"@type\":\"ImageObject\",\"inLanguage\":\"fr-FR\",\"@id\":\"https:\/\/www.africa-press.net\/gabon\/politique\/gabon-paulette-missambo-veut-faire-de-lecole-une-priorite-de-premier-ordre#primaryimage\",\"url\":\"https:\/\/static.africa-press.net\/gabon\/sites\/54\/2022\/12\/postQueueImg_1670947260.18.jpg\",\"contentUrl\":\"https:\/\/static.africa-press.net\/gabon\/sites\/54\/2022\/12\/postQueueImg_1670947260.18.jpg\",\"width\":900,\"height\":506,\"caption\":\"Gabon : Paulette Missambo veut faire de l\u2019\u00e9cole une priorit\u00e9 de premier ordre\"},{\"@type\":\"BreadcrumbList\",\"@id\":\"https:\/\/www.africa-press.net\/gabon\/politique\/gabon-paulette-missambo-veut-faire-de-lecole-une-priorite-de-premier-ordre#breadcrumb\",\"itemListElement\":[{\"@type\":\"ListItem\",\"position\":1,\"name\":\"Accueil\",\"item\":\"https:\/\/www.africa-press.net\/gabon\/\"},{\"@type\":\"ListItem\",\"position\":2,\"name\":\"Gabon : Paulette Missambo veut faire de l\u2019\u00e9cole une priorit\u00e9 de premier ordre\"}]},{\"@type\":\"WebSite\",\"@id\":\"https:\/\/www.africa-press.net\/gabon\/#website\",\"url\":\"https:\/\/www.africa-press.net\/gabon\/\",\"name\":\"Gabon\",\"description\":\"Just another Africa News Agency Sites site\",\"potentialAction\":[{\"@type\":\"SearchAction\",\"target\":{\"@type\":\"EntryPoint\",\"urlTemplate\":\"https:\/\/www.africa-press.net\/gabon\/?s={search_term_string}\"},\"query-input\":{\"@type\":\"PropertyValueSpecification\",\"valueRequired\":true,\"valueName\":\"search_term_string\"}}],\"inLanguage\":\"fr-FR\"},{\"@type\":\"Person\",\"@id\":\"https:\/\/www.africa-press.net\/gabon\/#\/schema\/person\/2b1cf3cd81a31e3cd26889ca66d677f1\",\"name\":\"cfeditorfr\"}]}<\/script>\n<!-- \/ Yoast SEO Premium plugin. -->","yoast_head_json":{"title":"Gabon : Paulette Missambo veut faire de l\u2019\u00e9cole une priorit\u00e9 de premier ordre - Gabon","robots":{"index":"index","follow":"follow","max-snippet":"max-snippet:-1","max-image-preview":"max-image-preview:large","max-video-preview":"max-video-preview:-1"},"canonical":"https:\/\/www.africa-press.net\/gabon\/politique\/gabon-paulette-missambo-veut-faire-de-lecole-une-priorite-de-premier-ordre","og_locale":"fr_FR","og_type":"article","og_title":"Gabon : Paulette Missambo veut faire de l\u2019\u00e9cole une priorit\u00e9 de premier ordre","og_description":"Africa-Press &#8211; Gabon. Figurant parmi les priorite\u0301s nationales, l\u2019e\u0301ducation va bien au-dela\u0300 de la transmission des savoirs. Il s\u2019agit de pre\u0301parer a\u0300 l\u2019exercice de la citoyennete\u0301, au vivre ensemble, a\u0300 la vie professionnelle, tout en visant l\u2019e\u0301galite\u0301. Partant de ce constat, la pre\u0301sidente de l\u2019Union nationale (UN), ancienne ministre de l\u2019E\u0301ducation nationale, souhaite une re\u0301flexion [&hellip;]","og_url":"https:\/\/www.africa-press.net\/gabon\/politique\/gabon-paulette-missambo-veut-faire-de-lecole-une-priorite-de-premier-ordre","og_site_name":"Gabon","article_published_time":"2022-12-13T19:30:56+00:00","author":"cfeditorfr","twitter_card":"summary_large_image","twitter_misc":{"\u00c9crit par":"cfeditorfr","Dur\u00e9e de lecture estim\u00e9e":"3 minutes"},"schema":{"@context":"https:\/\/schema.org","@graph":[{"@type":"Article","@id":"https:\/\/www.africa-press.net\/gabon\/politique\/gabon-paulette-missambo-veut-faire-de-lecole-une-priorite-de-premier-ordre#article","isPartOf":{"@id":"https:\/\/www.africa-press.net\/gabon\/politique\/gabon-paulette-missambo-veut-faire-de-lecole-une-priorite-de-premier-ordre"},"author":{"name":"cfeditorfr","@id":"https:\/\/www.africa-press.net\/gabon\/#\/schema\/person\/2b1cf3cd81a31e3cd26889ca66d677f1"},"headline":"Gabon : Paulette Missambo veut faire de l\u2019\u00e9cole une priorit\u00e9 de premier ordre","datePublished":"2022-12-13T19:30:56+00:00","mainEntityOfPage":{"@id":"https:\/\/www.africa-press.net\/gabon\/politique\/gabon-paulette-missambo-veut-faire-de-lecole-une-priorite-de-premier-ordre"},"wordCount":519,"commentCount":0,"image":{"@id":"https:\/\/www.africa-press.net\/gabon\/politique\/gabon-paulette-missambo-veut-faire-de-lecole-une-priorite-de-premier-ordre#primaryimage"},"thumbnailUrl":"https:\/\/static.africa-press.net\/gabon\/sites\/54\/2022\/12\/postQueueImg_1670947260.18.jpg","keywords":["Africa Press","Africa Press-Gabon","Gabon"],"articleSection":["Politique","Toutes les actualit\u00e9s"],"inLanguage":"fr-FR","potentialAction":[{"@type":"CommentAction","name":"Comment","target":["https:\/\/www.africa-press.net\/gabon\/politique\/gabon-paulette-missambo-veut-faire-de-lecole-une-priorite-de-premier-ordre#respond"]}]},{"@type":"WebPage","@id":"https:\/\/www.africa-press.net\/gabon\/politique\/gabon-paulette-missambo-veut-faire-de-lecole-une-priorite-de-premier-ordre","url":"https:\/\/www.africa-press.net\/gabon\/politique\/gabon-paulette-missambo-veut-faire-de-lecole-une-priorite-de-premier-ordre","name":"Gabon : Paulette Missambo veut faire de l\u2019\u00e9cole une priorit\u00e9 de premier ordre - Gabon","isPartOf":{"@id":"https:\/\/www.africa-press.net\/gabon\/#website"},"primaryImageOfPage":{"@id":"https:\/\/www.africa-press.net\/gabon\/politique\/gabon-paulette-missambo-veut-faire-de-lecole-une-priorite-de-premier-ordre#primaryimage"},"image":{"@id":"https:\/\/www.africa-press.net\/gabon\/politique\/gabon-paulette-missambo-veut-faire-de-lecole-une-priorite-de-premier-ordre#primaryimage"},"thumbnailUrl":"https:\/\/static.africa-press.net\/gabon\/sites\/54\/2022\/12\/postQueueImg_1670947260.18.jpg","datePublished":"2022-12-13T19:30:56+00:00","author":{"@id":"https:\/\/www.africa-press.net\/gabon\/#\/schema\/person\/2b1cf3cd81a31e3cd26889ca66d677f1"},"breadcrumb":{"@id":"https:\/\/www.africa-press.net\/gabon\/politique\/gabon-paulette-missambo-veut-faire-de-lecole-une-priorite-de-premier-ordre#breadcrumb"},"inLanguage":"fr-FR","potentialAction":[{"@type":"ReadAction","target":["https:\/\/www.africa-press.net\/gabon\/politique\/gabon-paulette-missambo-veut-faire-de-lecole-une-priorite-de-premier-ordre"]}]},{"@type":"ImageObject","inLanguage":"fr-FR","@id":"https:\/\/www.africa-press.net\/gabon\/politique\/gabon-paulette-missambo-veut-faire-de-lecole-une-priorite-de-premier-ordre#primaryimage","url":"https:\/\/static.africa-press.net\/gabon\/sites\/54\/2022\/12\/postQueueImg_1670947260.18.jpg","contentUrl":"https:\/\/static.africa-press.net\/gabon\/sites\/54\/2022\/12\/postQueueImg_1670947260.18.jpg","width":900,"height":506,"caption":"Gabon : Paulette Missambo veut faire de l\u2019\u00e9cole une priorit\u00e9 de premier ordre"},{"@type":"BreadcrumbList","@id":"https:\/\/www.africa-press.net\/gabon\/politique\/gabon-paulette-missambo-veut-faire-de-lecole-une-priorite-de-premier-ordre#breadcrumb","itemListElement":[{"@type":"ListItem","position":1,"name":"Accueil","item":"https:\/\/www.africa-press.net\/gabon\/"},{"@type":"ListItem","position":2,"name":"Gabon : Paulette Missambo veut faire de l\u2019\u00e9cole une priorit\u00e9 de premier ordre"}]},{"@type":"WebSite","@id":"https:\/\/www.africa-press.net\/gabon\/#website","url":"https:\/\/www.africa-press.net\/gabon\/","name":"Gabon","description":"Just another Africa News Agency Sites site","potentialAction":[{"@type":"SearchAction","target":{"@type":"EntryPoint","urlTemplate":"https:\/\/www.africa-press.net\/gabon\/?s={search_term_string}"},"query-input":{"@type":"PropertyValueSpecification","valueRequired":true,"valueName":"search_term_string"}}],"inLanguage":"fr-FR"},{"@type":"Person","@id":"https:\/\/www.africa-press.net\/gabon\/#\/schema\/person\/2b1cf3cd81a31e3cd26889ca66d677f1","name":"cfeditorfr"}]}},"_links":{"self":[{"href":"https:\/\/www.africa-press.net\/gabon\/wp-json\/wp\/v2\/posts\/13847","targetHints":{"allow":["GET"]}}],"collection":[{"href":"https:\/\/www.africa-press.net\/gabon\/wp-json\/wp\/v2\/posts"}],"about":[{"href":"https:\/\/www.africa-press.net\/gabon\/wp-json\/wp\/v2\/types\/post"}],"author":[{"embeddable":true,"href":"https:\/\/www.africa-press.net\/gabon\/wp-json\/wp\/v2\/users\/82"}],"replies":[{"embeddable":true,"href":"https:\/\/www.africa-press.net\/gabon\/wp-json\/wp\/v2\/comments?post=13847"}],"version-history":[{"count":0,"href":"https:\/\/www.africa-press.net\/gabon\/wp-json\/wp\/v2\/posts\/13847\/revisions"}],"wp:featuredmedia":[{"embeddable":true,"href":"https:\/\/www.africa-press.net\/gabon\/wp-json\/wp\/v2\/media\/13846"}],"wp:attachment":[{"href":"https:\/\/www.africa-press.net\/gabon\/wp-json\/wp\/v2\/media?parent=13847"}],"wp:term":[{"taxonomy":"category","embeddable":true,"href":"https:\/\/www.africa-press.net\/gabon\/wp-json\/wp\/v2\/categories?post=13847"},{"taxonomy":"post_tag","embeddable":true,"href":"https:\/\/www.africa-press.net\/gabon\/wp-json\/wp\/v2\/tags?post=13847"}],"curies":[{"name":"wp","href":"https:\/\/api.w.org\/{rel}","templated":true}]}}