{"id":13851,"date":"2022-12-13T19:31:15","date_gmt":"2022-12-13T19:31:15","guid":{"rendered":"https:\/\/www.africa-press.net\/gabon\/politique\/gabon-accident-entre-deux-poids-lourds-sur-le-troncon-ndjole-larara"},"modified":"2022-12-13T19:31:15","modified_gmt":"2022-12-13T19:31:15","slug":"gabon-accident-entre-deux-poids-lourds-sur-le-troncon-ndjole-larara","status":"publish","type":"post","link":"https:\/\/www.africa-press.net\/gabon\/toutes-les-actualites\/gabon-accident-entre-deux-poids-lourds-sur-le-troncon-ndjole-larara","title":{"rendered":"Gabon\u00a0: Accident entre deux poids lourds sur le tron\u00e7on Ndjole-Larara"},"content":{"rendered":"<p><span style=\"color: #ff6600\"><strong>Africa-Press &#8211; Gabon. <\/strong><\/span><b>Une collision frontale entre deux poids lourds sur le tronc\u0327on Ndjole\u0301-Lalara, entrai\u0302nant une interruption de la circulation et l\u2019immobilisation de deux de\u0301pouilles en partance pour la province du Woleu-Ntem.<\/b><\/p>\n<p>Deux camions transportant respectivement du bois et un conteneur sont entre\u0301s en collision aux alentours de 13h30, ce mardi 13 de\u0301cembre, entre l\u2019entre\u0301e de la gare de Setrag et le carrefour d\u2019Alembe, sur le tronc\u0327on Ndjole\u0301-Lalara.<\/p>\n<p>Selon une source pre\u0301sente sur les lieux, les e\u0301boulements sur ce tronc\u0327on re\u0301tre\u0301cissant la chausse\u0301e sont a\u0300 l\u2019origine de l\u2019accident. Rien de tre\u0300s grave : personne n\u2019a e\u0301te\u0301 blesse\u0301.<\/p>\n<p>Cependant, la circulation est perturbe\u0301e et deux de\u0301pouilles en partance pour l\u2019inhumation dans la province du Woleu-Ntem sont immobilise\u0301es.<\/p>\n<p><strong>Pour plus d&rsquo;informations et d&rsquo;analyses sur la <a href=\"https:\/\/www.africa-press.net\/gabon\">Gabon<\/a>, suivez <a href=\"https:\/\/www.africa-press.net\/\">Africa-Press<\/a><\/strong><\/p>\n","protected":false},"excerpt":{"rendered":"<p>Africa-Press &#8211; Gabon. Une collision frontale entre deux poids lourds sur le tronc\u0327on Ndjole\u0301-Lalara, entrai\u0302nant une interruption de la circulation et l\u2019immobilisation de deux de\u0301pouilles en partance pour la province du Woleu-Ntem. Deux camions transportant respectivement du bois et un conteneur sont entre\u0301s en collision aux alentours de 13h30, ce mardi 13 de\u0301cembre, entre l\u2019entre\u0301e [&hellip;]<\/p>\n","protected":false},"author":82,"featured_media":13850,"comment_status":"open","ping_status":"closed","sticky":false,"template":"","format":"standard","meta":{"footnotes":""},"categories":[21,10],"tags":[36,50,49],"class_list":["post-13851","post","type-post","status-publish","format-standard","has-post-thumbnail","hentry","category-communaute","category-toutes-les-actualites","tag-africa-press","tag-africa-press-gabon","tag-gabon"],"yoast_head":"<!-- This site is optimized with the Yoast SEO Premium plugin v26.1 (Yoast SEO v27.0) - https:\/\/yoast.com\/product\/yoast-seo-premium-wordpress\/ -->\n<title>Gabon\u00a0: Accident entre deux poids lourds sur le tron\u00e7on Ndjole-Larara - Gabon<\/title>\n<meta name=\"robots\" content=\"index, follow, max-snippet:-1, max-image-preview:large, max-video-preview:-1\" \/>\n<link rel=\"canonical\" href=\"https:\/\/www.africa-press.net\/gabon\/politique\/gabon-accident-entre-deux-poids-lourds-sur-le-troncon-ndjole-larara\" \/>\n<meta property=\"og:locale\" content=\"fr_FR\" \/>\n<meta property=\"og:type\" content=\"article\" \/>\n<meta property=\"og:title\" content=\"Gabon\u00a0: Accident entre deux poids lourds sur le tron\u00e7on Ndjole-Larara\" \/>\n<meta property=\"og:description\" content=\"Africa-Press &#8211; Gabon. Une collision frontale entre deux poids lourds sur le tronc\u0327on Ndjole\u0301-Lalara, entrai\u0302nant une interruption de la circulation et l\u2019immobilisation de deux de\u0301pouilles en partance pour la province du Woleu-Ntem. Deux camions transportant respectivement du bois et un conteneur sont entre\u0301s en collision aux alentours de 13h30, ce mardi 13 de\u0301cembre, entre l\u2019entre\u0301e [&hellip;]\" \/>\n<meta property=\"og:url\" content=\"https:\/\/www.africa-press.net\/gabon\/politique\/gabon-accident-entre-deux-poids-lourds-sur-le-troncon-ndjole-larara\" \/>\n<meta property=\"og:site_name\" content=\"Gabon\" \/>\n<meta property=\"article:published_time\" content=\"2022-12-13T19:31:15+00:00\" \/>\n<meta name=\"author\" content=\"cfeditorfr\" \/>\n<meta name=\"twitter:card\" content=\"summary_large_image\" \/>\n<meta name=\"twitter:label1\" content=\"\u00c9crit par\" \/>\n\t<meta name=\"twitter:data1\" content=\"cfeditorfr\" \/>\n\t<meta name=\"twitter:label2\" content=\"Dur\u00e9e de lecture estim\u00e9e\" \/>\n\t<meta name=\"twitter:data2\" content=\"1 minute\" \/>\n<script type=\"application\/ld+json\" class=\"yoast-schema-graph\">{\"@context\":\"https:\/\/schema.org\",\"@graph\":[{\"@type\":\"Article\",\"@id\":\"https:\/\/www.africa-press.net\/gabon\/politique\/gabon-accident-entre-deux-poids-lourds-sur-le-troncon-ndjole-larara#article\",\"isPartOf\":{\"@id\":\"https:\/\/www.africa-press.net\/gabon\/politique\/gabon-accident-entre-deux-poids-lourds-sur-le-troncon-ndjole-larara\"},\"author\":{\"name\":\"cfeditorfr\",\"@id\":\"https:\/\/www.africa-press.net\/gabon\/#\/schema\/person\/2b1cf3cd81a31e3cd26889ca66d677f1\"},\"headline\":\"Gabon\u00a0: Accident entre deux poids lourds sur le tron\u00e7on Ndjole-Larara\",\"datePublished\":\"2022-12-13T19:31:15+00:00\",\"mainEntityOfPage\":{\"@id\":\"https:\/\/www.africa-press.net\/gabon\/politique\/gabon-accident-entre-deux-poids-lourds-sur-le-troncon-ndjole-larara\"},\"wordCount\":164,\"commentCount\":0,\"image\":{\"@id\":\"https:\/\/www.africa-press.net\/gabon\/politique\/gabon-accident-entre-deux-poids-lourds-sur-le-troncon-ndjole-larara#primaryimage\"},\"thumbnailUrl\":\"https:\/\/static.africa-press.net\/gabon\/sites\/54\/2022\/12\/postQueueImg_1670947279.36.jpg\",\"keywords\":[\"Africa Press\",\"Africa Press-Gabon\",\"Gabon\"],\"articleSection\":[\"Communaut\u00e9\",\"Toutes les actualit\u00e9s\"],\"inLanguage\":\"fr-FR\",\"potentialAction\":[{\"@type\":\"CommentAction\",\"name\":\"Comment\",\"target\":[\"https:\/\/www.africa-press.net\/gabon\/politique\/gabon-accident-entre-deux-poids-lourds-sur-le-troncon-ndjole-larara#respond\"]}]},{\"@type\":\"WebPage\",\"@id\":\"https:\/\/www.africa-press.net\/gabon\/politique\/gabon-accident-entre-deux-poids-lourds-sur-le-troncon-ndjole-larara\",\"url\":\"https:\/\/www.africa-press.net\/gabon\/politique\/gabon-accident-entre-deux-poids-lourds-sur-le-troncon-ndjole-larara\",\"name\":\"Gabon\u00a0: Accident entre deux poids lourds sur le tron\u00e7on Ndjole-Larara - Gabon\",\"isPartOf\":{\"@id\":\"https:\/\/www.africa-press.net\/gabon\/#website\"},\"primaryImageOfPage\":{\"@id\":\"https:\/\/www.africa-press.net\/gabon\/politique\/gabon-accident-entre-deux-poids-lourds-sur-le-troncon-ndjole-larara#primaryimage\"},\"image\":{\"@id\":\"https:\/\/www.africa-press.net\/gabon\/politique\/gabon-accident-entre-deux-poids-lourds-sur-le-troncon-ndjole-larara#primaryimage\"},\"thumbnailUrl\":\"https:\/\/static.africa-press.net\/gabon\/sites\/54\/2022\/12\/postQueueImg_1670947279.36.jpg\",\"datePublished\":\"2022-12-13T19:31:15+00:00\",\"author\":{\"@id\":\"https:\/\/www.africa-press.net\/gabon\/#\/schema\/person\/2b1cf3cd81a31e3cd26889ca66d677f1\"},\"breadcrumb\":{\"@id\":\"https:\/\/www.africa-press.net\/gabon\/politique\/gabon-accident-entre-deux-poids-lourds-sur-le-troncon-ndjole-larara#breadcrumb\"},\"inLanguage\":\"fr-FR\",\"potentialAction\":[{\"@type\":\"ReadAction\",\"target\":[\"https:\/\/www.africa-press.net\/gabon\/politique\/gabon-accident-entre-deux-poids-lourds-sur-le-troncon-ndjole-larara\"]}]},{\"@type\":\"ImageObject\",\"inLanguage\":\"fr-FR\",\"@id\":\"https:\/\/www.africa-press.net\/gabon\/politique\/gabon-accident-entre-deux-poids-lourds-sur-le-troncon-ndjole-larara#primaryimage\",\"url\":\"https:\/\/static.africa-press.net\/gabon\/sites\/54\/2022\/12\/postQueueImg_1670947279.36.jpg\",\"contentUrl\":\"https:\/\/static.africa-press.net\/gabon\/sites\/54\/2022\/12\/postQueueImg_1670947279.36.jpg\",\"width\":1000,\"height\":750,\"caption\":\"Gabon\u00a0: Accident entre deux poids lourds sur le tron\u00e7on Ndjole-Larara\"},{\"@type\":\"BreadcrumbList\",\"@id\":\"https:\/\/www.africa-press.net\/gabon\/politique\/gabon-accident-entre-deux-poids-lourds-sur-le-troncon-ndjole-larara#breadcrumb\",\"itemListElement\":[{\"@type\":\"ListItem\",\"position\":1,\"name\":\"Accueil\",\"item\":\"https:\/\/www.africa-press.net\/gabon\/\"},{\"@type\":\"ListItem\",\"position\":2,\"name\":\"Gabon\u00a0: Accident entre deux poids lourds sur le tron\u00e7on Ndjole-Larara\"}]},{\"@type\":\"WebSite\",\"@id\":\"https:\/\/www.africa-press.net\/gabon\/#website\",\"url\":\"https:\/\/www.africa-press.net\/gabon\/\",\"name\":\"Gabon\",\"description\":\"Just another Africa News Agency Sites site\",\"potentialAction\":[{\"@type\":\"SearchAction\",\"target\":{\"@type\":\"EntryPoint\",\"urlTemplate\":\"https:\/\/www.africa-press.net\/gabon\/?s={search_term_string}\"},\"query-input\":{\"@type\":\"PropertyValueSpecification\",\"valueRequired\":true,\"valueName\":\"search_term_string\"}}],\"inLanguage\":\"fr-FR\"},{\"@type\":\"Person\",\"@id\":\"https:\/\/www.africa-press.net\/gabon\/#\/schema\/person\/2b1cf3cd81a31e3cd26889ca66d677f1\",\"name\":\"cfeditorfr\"}]}<\/script>\n<!-- \/ Yoast SEO Premium plugin. -->","yoast_head_json":{"title":"Gabon\u00a0: Accident entre deux poids lourds sur le tron\u00e7on Ndjole-Larara - Gabon","robots":{"index":"index","follow":"follow","max-snippet":"max-snippet:-1","max-image-preview":"max-image-preview:large","max-video-preview":"max-video-preview:-1"},"canonical":"https:\/\/www.africa-press.net\/gabon\/politique\/gabon-accident-entre-deux-poids-lourds-sur-le-troncon-ndjole-larara","og_locale":"fr_FR","og_type":"article","og_title":"Gabon\u00a0: Accident entre deux poids lourds sur le tron\u00e7on Ndjole-Larara","og_description":"Africa-Press &#8211; Gabon. Une collision frontale entre deux poids lourds sur le tronc\u0327on Ndjole\u0301-Lalara, entrai\u0302nant une interruption de la circulation et l\u2019immobilisation de deux de\u0301pouilles en partance pour la province du Woleu-Ntem. Deux camions transportant respectivement du bois et un conteneur sont entre\u0301s en collision aux alentours de 13h30, ce mardi 13 de\u0301cembre, entre l\u2019entre\u0301e [&hellip;]","og_url":"https:\/\/www.africa-press.net\/gabon\/politique\/gabon-accident-entre-deux-poids-lourds-sur-le-troncon-ndjole-larara","og_site_name":"Gabon","article_published_time":"2022-12-13T19:31:15+00:00","author":"cfeditorfr","twitter_card":"summary_large_image","twitter_misc":{"\u00c9crit par":"cfeditorfr","Dur\u00e9e de lecture estim\u00e9e":"1 minute"},"schema":{"@context":"https:\/\/schema.org","@graph":[{"@type":"Article","@id":"https:\/\/www.africa-press.net\/gabon\/politique\/gabon-accident-entre-deux-poids-lourds-sur-le-troncon-ndjole-larara#article","isPartOf":{"@id":"https:\/\/www.africa-press.net\/gabon\/politique\/gabon-accident-entre-deux-poids-lourds-sur-le-troncon-ndjole-larara"},"author":{"name":"cfeditorfr","@id":"https:\/\/www.africa-press.net\/gabon\/#\/schema\/person\/2b1cf3cd81a31e3cd26889ca66d677f1"},"headline":"Gabon\u00a0: Accident entre deux poids lourds sur le tron\u00e7on Ndjole-Larara","datePublished":"2022-12-13T19:31:15+00:00","mainEntityOfPage":{"@id":"https:\/\/www.africa-press.net\/gabon\/politique\/gabon-accident-entre-deux-poids-lourds-sur-le-troncon-ndjole-larara"},"wordCount":164,"commentCount":0,"image":{"@id":"https:\/\/www.africa-press.net\/gabon\/politique\/gabon-accident-entre-deux-poids-lourds-sur-le-troncon-ndjole-larara#primaryimage"},"thumbnailUrl":"https:\/\/static.africa-press.net\/gabon\/sites\/54\/2022\/12\/postQueueImg_1670947279.36.jpg","keywords":["Africa Press","Africa Press-Gabon","Gabon"],"articleSection":["Communaut\u00e9","Toutes les actualit\u00e9s"],"inLanguage":"fr-FR","potentialAction":[{"@type":"CommentAction","name":"Comment","target":["https:\/\/www.africa-press.net\/gabon\/politique\/gabon-accident-entre-deux-poids-lourds-sur-le-troncon-ndjole-larara#respond"]}]},{"@type":"WebPage","@id":"https:\/\/www.africa-press.net\/gabon\/politique\/gabon-accident-entre-deux-poids-lourds-sur-le-troncon-ndjole-larara","url":"https:\/\/www.africa-press.net\/gabon\/politique\/gabon-accident-entre-deux-poids-lourds-sur-le-troncon-ndjole-larara","name":"Gabon\u00a0: Accident entre deux poids lourds sur le tron\u00e7on Ndjole-Larara - Gabon","isPartOf":{"@id":"https:\/\/www.africa-press.net\/gabon\/#website"},"primaryImageOfPage":{"@id":"https:\/\/www.africa-press.net\/gabon\/politique\/gabon-accident-entre-deux-poids-lourds-sur-le-troncon-ndjole-larara#primaryimage"},"image":{"@id":"https:\/\/www.africa-press.net\/gabon\/politique\/gabon-accident-entre-deux-poids-lourds-sur-le-troncon-ndjole-larara#primaryimage"},"thumbnailUrl":"https:\/\/static.africa-press.net\/gabon\/sites\/54\/2022\/12\/postQueueImg_1670947279.36.jpg","datePublished":"2022-12-13T19:31:15+00:00","author":{"@id":"https:\/\/www.africa-press.net\/gabon\/#\/schema\/person\/2b1cf3cd81a31e3cd26889ca66d677f1"},"breadcrumb":{"@id":"https:\/\/www.africa-press.net\/gabon\/politique\/gabon-accident-entre-deux-poids-lourds-sur-le-troncon-ndjole-larara#breadcrumb"},"inLanguage":"fr-FR","potentialAction":[{"@type":"ReadAction","target":["https:\/\/www.africa-press.net\/gabon\/politique\/gabon-accident-entre-deux-poids-lourds-sur-le-troncon-ndjole-larara"]}]},{"@type":"ImageObject","inLanguage":"fr-FR","@id":"https:\/\/www.africa-press.net\/gabon\/politique\/gabon-accident-entre-deux-poids-lourds-sur-le-troncon-ndjole-larara#primaryimage","url":"https:\/\/static.africa-press.net\/gabon\/sites\/54\/2022\/12\/postQueueImg_1670947279.36.jpg","contentUrl":"https:\/\/static.africa-press.net\/gabon\/sites\/54\/2022\/12\/postQueueImg_1670947279.36.jpg","width":1000,"height":750,"caption":"Gabon\u00a0: Accident entre deux poids lourds sur le tron\u00e7on Ndjole-Larara"},{"@type":"BreadcrumbList","@id":"https:\/\/www.africa-press.net\/gabon\/politique\/gabon-accident-entre-deux-poids-lourds-sur-le-troncon-ndjole-larara#breadcrumb","itemListElement":[{"@type":"ListItem","position":1,"name":"Accueil","item":"https:\/\/www.africa-press.net\/gabon\/"},{"@type":"ListItem","position":2,"name":"Gabon\u00a0: Accident entre deux poids lourds sur le tron\u00e7on Ndjole-Larara"}]},{"@type":"WebSite","@id":"https:\/\/www.africa-press.net\/gabon\/#website","url":"https:\/\/www.africa-press.net\/gabon\/","name":"Gabon","description":"Just another Africa News Agency Sites site","potentialAction":[{"@type":"SearchAction","target":{"@type":"EntryPoint","urlTemplate":"https:\/\/www.africa-press.net\/gabon\/?s={search_term_string}"},"query-input":{"@type":"PropertyValueSpecification","valueRequired":true,"valueName":"search_term_string"}}],"inLanguage":"fr-FR"},{"@type":"Person","@id":"https:\/\/www.africa-press.net\/gabon\/#\/schema\/person\/2b1cf3cd81a31e3cd26889ca66d677f1","name":"cfeditorfr"}]}},"_links":{"self":[{"href":"https:\/\/www.africa-press.net\/gabon\/wp-json\/wp\/v2\/posts\/13851","targetHints":{"allow":["GET"]}}],"collection":[{"href":"https:\/\/www.africa-press.net\/gabon\/wp-json\/wp\/v2\/posts"}],"about":[{"href":"https:\/\/www.africa-press.net\/gabon\/wp-json\/wp\/v2\/types\/post"}],"author":[{"embeddable":true,"href":"https:\/\/www.africa-press.net\/gabon\/wp-json\/wp\/v2\/users\/82"}],"replies":[{"embeddable":true,"href":"https:\/\/www.africa-press.net\/gabon\/wp-json\/wp\/v2\/comments?post=13851"}],"version-history":[{"count":0,"href":"https:\/\/www.africa-press.net\/gabon\/wp-json\/wp\/v2\/posts\/13851\/revisions"}],"wp:featuredmedia":[{"embeddable":true,"href":"https:\/\/www.africa-press.net\/gabon\/wp-json\/wp\/v2\/media\/13850"}],"wp:attachment":[{"href":"https:\/\/www.africa-press.net\/gabon\/wp-json\/wp\/v2\/media?parent=13851"}],"wp:term":[{"taxonomy":"category","embeddable":true,"href":"https:\/\/www.africa-press.net\/gabon\/wp-json\/wp\/v2\/categories?post=13851"},{"taxonomy":"post_tag","embeddable":true,"href":"https:\/\/www.africa-press.net\/gabon\/wp-json\/wp\/v2\/tags?post=13851"}],"curies":[{"name":"wp","href":"https:\/\/api.w.org\/{rel}","templated":true}]}}