{"id":13864,"date":"2022-12-14T16:45:19","date_gmt":"2022-12-14T16:45:19","guid":{"rendered":"https:\/\/www.africa-press.net\/gabon\/politique\/long-esedd-pour-le-developpement-des-projets-communautaires-inclusifs-et-durables-au-gabon"},"modified":"2022-12-14T16:45:19","modified_gmt":"2022-12-14T16:45:19","slug":"long-esedd-pour-le-developpement-des-projets-communautaires-inclusifs-et-durables-au-gabon","status":"publish","type":"post","link":"https:\/\/www.africa-press.net\/gabon\/economie\/long-esedd-pour-le-developpement-des-projets-communautaires-inclusifs-et-durables-au-gabon","title":{"rendered":"L\u2019ONG ESEDD pour le d\u00e9veloppement des projets communautaires inclusifs et durables au Gabon"},"content":{"rendered":"<p><span style=\"color: #ff6600\"><strong>Africa-Press &#8211; Gabon. <\/strong><\/span><b>Dans le cadre de la coope\u0301ration Sud-Sud, l\u2019ONG E\u0301ducation, sante\u0301 et environnement pour le de\u0301veloppement durable (ESEDD), s\u2019installe progressivement au Gabon pour contribuer, au de\u0301veloppement des projets communautaires inclusifs et durables.<\/b><\/p>\n<p>Partenaire des acteurs institutionnels transversaux (Etats, Agences du syste\u0300me des nations unies, Organismes sous re\u0301gionaux, PTF, &#8230;.), ESEDD intervient dans divers domaines et promeut le de\u0301veloppement socio-e\u0301conomique inte\u0301gral et durable en plac\u0327ant l\u2019homme au centre de ses actions.<\/p>\n<p>L\u2019ONG africaine de de\u0301veloppement se veut e\u0302tre partenaire privile\u0301gie\u0301 pour accompagner les pouvoirs publics et les prive\u0301s gabonais dans la conduite d\u2019e\u0301tudes, du montage des projets, de strate\u0301gie de mise en \u0153uvre, de formation, de l\u2019animation et autres.<\/p>\n<p>Son expertise e\u0301galement ave\u0301re\u0301e pour outiller les institutions, les Organisations de la socie\u0301te\u0301 civile (OSC) et les coope\u0301ratives dans tous les secteurs (agriculture, e\u0301levage, environnement, sante\u0301, eau hygie\u0300ne et assainissement, e\u0301duction, environnement et tourisme).<\/p>\n<p>L\u2019ESEDD dispose d\u2019un bureau au Gabon a\u0300 vocation sous re\u0301gionale, couvrant les pays de la CEMAC. Ses adresses sont les suivantes : www.esedd.org\/ mzakain@esedd.org<\/p>\n<p>Tel : +235 61040040\/062 035252<\/p>\n<p><b>Camille Boussoughou<\/b><\/p>\n<p><strong>Pour plus d&rsquo;informations et d&rsquo;analyses sur la <a href=\"https:\/\/www.africa-press.net\/gabon\">Gabon<\/a>, suivez <a href=\"https:\/\/www.africa-press.net\/\">Africa-Press<\/a><\/strong><\/p>\n","protected":false},"excerpt":{"rendered":"<p>Africa-Press &#8211; Gabon. Dans le cadre de la coope\u0301ration Sud-Sud, l\u2019ONG E\u0301ducation, sante\u0301 et environnement pour le de\u0301veloppement durable (ESEDD), s\u2019installe progressivement au Gabon pour contribuer, au de\u0301veloppement des projets communautaires inclusifs et durables. Partenaire des acteurs institutionnels transversaux (Etats, Agences du syste\u0300me des nations unies, Organismes sous re\u0301gionaux, PTF, &#8230;.), ESEDD intervient dans divers [&hellip;]<\/p>\n","protected":false},"author":82,"featured_media":13863,"comment_status":"open","ping_status":"closed","sticky":false,"template":"","format":"standard","meta":{"footnotes":""},"categories":[3,10],"tags":[36,50,49],"class_list":["post-13864","post","type-post","status-publish","format-standard","has-post-thumbnail","hentry","category-economie","category-toutes-les-actualites","tag-africa-press","tag-africa-press-gabon","tag-gabon"],"yoast_head":"<!-- This site is optimized with the Yoast SEO Premium plugin v26.1 (Yoast SEO v27.0) - https:\/\/yoast.com\/product\/yoast-seo-premium-wordpress\/ -->\n<title>L\u2019ONG ESEDD pour le d\u00e9veloppement des projets communautaires inclusifs et durables au Gabon - Gabon<\/title>\n<meta name=\"robots\" content=\"index, follow, max-snippet:-1, max-image-preview:large, max-video-preview:-1\" \/>\n<link rel=\"canonical\" href=\"https:\/\/www.africa-press.net\/gabon\/politique\/long-esedd-pour-le-developpement-des-projets-communautaires-inclusifs-et-durables-au-gabon\" \/>\n<meta property=\"og:locale\" content=\"fr_FR\" \/>\n<meta property=\"og:type\" content=\"article\" \/>\n<meta property=\"og:title\" content=\"L\u2019ONG ESEDD pour le d\u00e9veloppement des projets communautaires inclusifs et durables au Gabon\" \/>\n<meta property=\"og:description\" content=\"Africa-Press &#8211; Gabon. Dans le cadre de la coope\u0301ration Sud-Sud, l\u2019ONG E\u0301ducation, sante\u0301 et environnement pour le de\u0301veloppement durable (ESEDD), s\u2019installe progressivement au Gabon pour contribuer, au de\u0301veloppement des projets communautaires inclusifs et durables. Partenaire des acteurs institutionnels transversaux (Etats, Agences du syste\u0300me des nations unies, Organismes sous re\u0301gionaux, PTF, &#8230;.), ESEDD intervient dans divers [&hellip;]\" \/>\n<meta property=\"og:url\" content=\"https:\/\/www.africa-press.net\/gabon\/politique\/long-esedd-pour-le-developpement-des-projets-communautaires-inclusifs-et-durables-au-gabon\" \/>\n<meta property=\"og:site_name\" content=\"Gabon\" \/>\n<meta property=\"article:published_time\" content=\"2022-12-14T16:45:19+00:00\" \/>\n<meta name=\"author\" content=\"cfeditorfr\" \/>\n<meta name=\"twitter:card\" content=\"summary_large_image\" \/>\n<meta name=\"twitter:label1\" content=\"\u00c9crit par\" \/>\n\t<meta name=\"twitter:data1\" content=\"cfeditorfr\" \/>\n\t<meta name=\"twitter:label2\" content=\"Dur\u00e9e de lecture estim\u00e9e\" \/>\n\t<meta name=\"twitter:data2\" content=\"1 minute\" \/>\n<script type=\"application\/ld+json\" class=\"yoast-schema-graph\">{\"@context\":\"https:\/\/schema.org\",\"@graph\":[{\"@type\":\"Article\",\"@id\":\"https:\/\/www.africa-press.net\/gabon\/politique\/long-esedd-pour-le-developpement-des-projets-communautaires-inclusifs-et-durables-au-gabon#article\",\"isPartOf\":{\"@id\":\"https:\/\/www.africa-press.net\/gabon\/politique\/long-esedd-pour-le-developpement-des-projets-communautaires-inclusifs-et-durables-au-gabon\"},\"author\":{\"name\":\"cfeditorfr\",\"@id\":\"https:\/\/www.africa-press.net\/gabon\/#\/schema\/person\/2b1cf3cd81a31e3cd26889ca66d677f1\"},\"headline\":\"L\u2019ONG ESEDD pour le d\u00e9veloppement des projets communautaires inclusifs et durables au Gabon\",\"datePublished\":\"2022-12-14T16:45:19+00:00\",\"mainEntityOfPage\":{\"@id\":\"https:\/\/www.africa-press.net\/gabon\/politique\/long-esedd-pour-le-developpement-des-projets-communautaires-inclusifs-et-durables-au-gabon\"},\"wordCount\":233,\"commentCount\":0,\"image\":{\"@id\":\"https:\/\/www.africa-press.net\/gabon\/politique\/long-esedd-pour-le-developpement-des-projets-communautaires-inclusifs-et-durables-au-gabon#primaryimage\"},\"thumbnailUrl\":\"https:\/\/static.africa-press.net\/gabon\/sites\/54\/2022\/12\/postQueueImg_1671023725.70.jpg\",\"keywords\":[\"Africa Press\",\"Africa Press-Gabon\",\"Gabon\"],\"articleSection\":[\"\u00c9conomie\",\"Toutes les actualit\u00e9s\"],\"inLanguage\":\"fr-FR\",\"potentialAction\":[{\"@type\":\"CommentAction\",\"name\":\"Comment\",\"target\":[\"https:\/\/www.africa-press.net\/gabon\/politique\/long-esedd-pour-le-developpement-des-projets-communautaires-inclusifs-et-durables-au-gabon#respond\"]}]},{\"@type\":\"WebPage\",\"@id\":\"https:\/\/www.africa-press.net\/gabon\/politique\/long-esedd-pour-le-developpement-des-projets-communautaires-inclusifs-et-durables-au-gabon\",\"url\":\"https:\/\/www.africa-press.net\/gabon\/politique\/long-esedd-pour-le-developpement-des-projets-communautaires-inclusifs-et-durables-au-gabon\",\"name\":\"L\u2019ONG ESEDD pour le d\u00e9veloppement des projets communautaires inclusifs et durables au Gabon - Gabon\",\"isPartOf\":{\"@id\":\"https:\/\/www.africa-press.net\/gabon\/#website\"},\"primaryImageOfPage\":{\"@id\":\"https:\/\/www.africa-press.net\/gabon\/politique\/long-esedd-pour-le-developpement-des-projets-communautaires-inclusifs-et-durables-au-gabon#primaryimage\"},\"image\":{\"@id\":\"https:\/\/www.africa-press.net\/gabon\/politique\/long-esedd-pour-le-developpement-des-projets-communautaires-inclusifs-et-durables-au-gabon#primaryimage\"},\"thumbnailUrl\":\"https:\/\/static.africa-press.net\/gabon\/sites\/54\/2022\/12\/postQueueImg_1671023725.70.jpg\",\"datePublished\":\"2022-12-14T16:45:19+00:00\",\"author\":{\"@id\":\"https:\/\/www.africa-press.net\/gabon\/#\/schema\/person\/2b1cf3cd81a31e3cd26889ca66d677f1\"},\"breadcrumb\":{\"@id\":\"https:\/\/www.africa-press.net\/gabon\/politique\/long-esedd-pour-le-developpement-des-projets-communautaires-inclusifs-et-durables-au-gabon#breadcrumb\"},\"inLanguage\":\"fr-FR\",\"potentialAction\":[{\"@type\":\"ReadAction\",\"target\":[\"https:\/\/www.africa-press.net\/gabon\/politique\/long-esedd-pour-le-developpement-des-projets-communautaires-inclusifs-et-durables-au-gabon\"]}]},{\"@type\":\"ImageObject\",\"inLanguage\":\"fr-FR\",\"@id\":\"https:\/\/www.africa-press.net\/gabon\/politique\/long-esedd-pour-le-developpement-des-projets-communautaires-inclusifs-et-durables-au-gabon#primaryimage\",\"url\":\"https:\/\/static.africa-press.net\/gabon\/sites\/54\/2022\/12\/postQueueImg_1671023725.70.jpg\",\"contentUrl\":\"https:\/\/static.africa-press.net\/gabon\/sites\/54\/2022\/12\/postQueueImg_1671023725.70.jpg\",\"width\":1177,\"height\":838,\"caption\":\"L\u2019ONG ESEDD pour le d\u00e9veloppement des projets communautaires inclusifs et durables au Gabon\"},{\"@type\":\"BreadcrumbList\",\"@id\":\"https:\/\/www.africa-press.net\/gabon\/politique\/long-esedd-pour-le-developpement-des-projets-communautaires-inclusifs-et-durables-au-gabon#breadcrumb\",\"itemListElement\":[{\"@type\":\"ListItem\",\"position\":1,\"name\":\"Accueil\",\"item\":\"https:\/\/www.africa-press.net\/gabon\/\"},{\"@type\":\"ListItem\",\"position\":2,\"name\":\"L\u2019ONG ESEDD pour le d\u00e9veloppement des projets communautaires inclusifs et durables au Gabon\"}]},{\"@type\":\"WebSite\",\"@id\":\"https:\/\/www.africa-press.net\/gabon\/#website\",\"url\":\"https:\/\/www.africa-press.net\/gabon\/\",\"name\":\"Gabon\",\"description\":\"Just another Africa News Agency Sites site\",\"potentialAction\":[{\"@type\":\"SearchAction\",\"target\":{\"@type\":\"EntryPoint\",\"urlTemplate\":\"https:\/\/www.africa-press.net\/gabon\/?s={search_term_string}\"},\"query-input\":{\"@type\":\"PropertyValueSpecification\",\"valueRequired\":true,\"valueName\":\"search_term_string\"}}],\"inLanguage\":\"fr-FR\"},{\"@type\":\"Person\",\"@id\":\"https:\/\/www.africa-press.net\/gabon\/#\/schema\/person\/2b1cf3cd81a31e3cd26889ca66d677f1\",\"name\":\"cfeditorfr\"}]}<\/script>\n<!-- \/ Yoast SEO Premium plugin. -->","yoast_head_json":{"title":"L\u2019ONG ESEDD pour le d\u00e9veloppement des projets communautaires inclusifs et durables au Gabon - Gabon","robots":{"index":"index","follow":"follow","max-snippet":"max-snippet:-1","max-image-preview":"max-image-preview:large","max-video-preview":"max-video-preview:-1"},"canonical":"https:\/\/www.africa-press.net\/gabon\/politique\/long-esedd-pour-le-developpement-des-projets-communautaires-inclusifs-et-durables-au-gabon","og_locale":"fr_FR","og_type":"article","og_title":"L\u2019ONG ESEDD pour le d\u00e9veloppement des projets communautaires inclusifs et durables au Gabon","og_description":"Africa-Press &#8211; Gabon. Dans le cadre de la coope\u0301ration Sud-Sud, l\u2019ONG E\u0301ducation, sante\u0301 et environnement pour le de\u0301veloppement durable (ESEDD), s\u2019installe progressivement au Gabon pour contribuer, au de\u0301veloppement des projets communautaires inclusifs et durables. Partenaire des acteurs institutionnels transversaux (Etats, Agences du syste\u0300me des nations unies, Organismes sous re\u0301gionaux, PTF, &#8230;.), ESEDD intervient dans divers [&hellip;]","og_url":"https:\/\/www.africa-press.net\/gabon\/politique\/long-esedd-pour-le-developpement-des-projets-communautaires-inclusifs-et-durables-au-gabon","og_site_name":"Gabon","article_published_time":"2022-12-14T16:45:19+00:00","author":"cfeditorfr","twitter_card":"summary_large_image","twitter_misc":{"\u00c9crit par":"cfeditorfr","Dur\u00e9e de lecture estim\u00e9e":"1 minute"},"schema":{"@context":"https:\/\/schema.org","@graph":[{"@type":"Article","@id":"https:\/\/www.africa-press.net\/gabon\/politique\/long-esedd-pour-le-developpement-des-projets-communautaires-inclusifs-et-durables-au-gabon#article","isPartOf":{"@id":"https:\/\/www.africa-press.net\/gabon\/politique\/long-esedd-pour-le-developpement-des-projets-communautaires-inclusifs-et-durables-au-gabon"},"author":{"name":"cfeditorfr","@id":"https:\/\/www.africa-press.net\/gabon\/#\/schema\/person\/2b1cf3cd81a31e3cd26889ca66d677f1"},"headline":"L\u2019ONG ESEDD pour le d\u00e9veloppement des projets communautaires inclusifs et durables au Gabon","datePublished":"2022-12-14T16:45:19+00:00","mainEntityOfPage":{"@id":"https:\/\/www.africa-press.net\/gabon\/politique\/long-esedd-pour-le-developpement-des-projets-communautaires-inclusifs-et-durables-au-gabon"},"wordCount":233,"commentCount":0,"image":{"@id":"https:\/\/www.africa-press.net\/gabon\/politique\/long-esedd-pour-le-developpement-des-projets-communautaires-inclusifs-et-durables-au-gabon#primaryimage"},"thumbnailUrl":"https:\/\/static.africa-press.net\/gabon\/sites\/54\/2022\/12\/postQueueImg_1671023725.70.jpg","keywords":["Africa Press","Africa Press-Gabon","Gabon"],"articleSection":["\u00c9conomie","Toutes les actualit\u00e9s"],"inLanguage":"fr-FR","potentialAction":[{"@type":"CommentAction","name":"Comment","target":["https:\/\/www.africa-press.net\/gabon\/politique\/long-esedd-pour-le-developpement-des-projets-communautaires-inclusifs-et-durables-au-gabon#respond"]}]},{"@type":"WebPage","@id":"https:\/\/www.africa-press.net\/gabon\/politique\/long-esedd-pour-le-developpement-des-projets-communautaires-inclusifs-et-durables-au-gabon","url":"https:\/\/www.africa-press.net\/gabon\/politique\/long-esedd-pour-le-developpement-des-projets-communautaires-inclusifs-et-durables-au-gabon","name":"L\u2019ONG ESEDD pour le d\u00e9veloppement des projets communautaires inclusifs et durables au Gabon - Gabon","isPartOf":{"@id":"https:\/\/www.africa-press.net\/gabon\/#website"},"primaryImageOfPage":{"@id":"https:\/\/www.africa-press.net\/gabon\/politique\/long-esedd-pour-le-developpement-des-projets-communautaires-inclusifs-et-durables-au-gabon#primaryimage"},"image":{"@id":"https:\/\/www.africa-press.net\/gabon\/politique\/long-esedd-pour-le-developpement-des-projets-communautaires-inclusifs-et-durables-au-gabon#primaryimage"},"thumbnailUrl":"https:\/\/static.africa-press.net\/gabon\/sites\/54\/2022\/12\/postQueueImg_1671023725.70.jpg","datePublished":"2022-12-14T16:45:19+00:00","author":{"@id":"https:\/\/www.africa-press.net\/gabon\/#\/schema\/person\/2b1cf3cd81a31e3cd26889ca66d677f1"},"breadcrumb":{"@id":"https:\/\/www.africa-press.net\/gabon\/politique\/long-esedd-pour-le-developpement-des-projets-communautaires-inclusifs-et-durables-au-gabon#breadcrumb"},"inLanguage":"fr-FR","potentialAction":[{"@type":"ReadAction","target":["https:\/\/www.africa-press.net\/gabon\/politique\/long-esedd-pour-le-developpement-des-projets-communautaires-inclusifs-et-durables-au-gabon"]}]},{"@type":"ImageObject","inLanguage":"fr-FR","@id":"https:\/\/www.africa-press.net\/gabon\/politique\/long-esedd-pour-le-developpement-des-projets-communautaires-inclusifs-et-durables-au-gabon#primaryimage","url":"https:\/\/static.africa-press.net\/gabon\/sites\/54\/2022\/12\/postQueueImg_1671023725.70.jpg","contentUrl":"https:\/\/static.africa-press.net\/gabon\/sites\/54\/2022\/12\/postQueueImg_1671023725.70.jpg","width":1177,"height":838,"caption":"L\u2019ONG ESEDD pour le d\u00e9veloppement des projets communautaires inclusifs et durables au Gabon"},{"@type":"BreadcrumbList","@id":"https:\/\/www.africa-press.net\/gabon\/politique\/long-esedd-pour-le-developpement-des-projets-communautaires-inclusifs-et-durables-au-gabon#breadcrumb","itemListElement":[{"@type":"ListItem","position":1,"name":"Accueil","item":"https:\/\/www.africa-press.net\/gabon\/"},{"@type":"ListItem","position":2,"name":"L\u2019ONG ESEDD pour le d\u00e9veloppement des projets communautaires inclusifs et durables au Gabon"}]},{"@type":"WebSite","@id":"https:\/\/www.africa-press.net\/gabon\/#website","url":"https:\/\/www.africa-press.net\/gabon\/","name":"Gabon","description":"Just another Africa News Agency Sites site","potentialAction":[{"@type":"SearchAction","target":{"@type":"EntryPoint","urlTemplate":"https:\/\/www.africa-press.net\/gabon\/?s={search_term_string}"},"query-input":{"@type":"PropertyValueSpecification","valueRequired":true,"valueName":"search_term_string"}}],"inLanguage":"fr-FR"},{"@type":"Person","@id":"https:\/\/www.africa-press.net\/gabon\/#\/schema\/person\/2b1cf3cd81a31e3cd26889ca66d677f1","name":"cfeditorfr"}]}},"_links":{"self":[{"href":"https:\/\/www.africa-press.net\/gabon\/wp-json\/wp\/v2\/posts\/13864","targetHints":{"allow":["GET"]}}],"collection":[{"href":"https:\/\/www.africa-press.net\/gabon\/wp-json\/wp\/v2\/posts"}],"about":[{"href":"https:\/\/www.africa-press.net\/gabon\/wp-json\/wp\/v2\/types\/post"}],"author":[{"embeddable":true,"href":"https:\/\/www.africa-press.net\/gabon\/wp-json\/wp\/v2\/users\/82"}],"replies":[{"embeddable":true,"href":"https:\/\/www.africa-press.net\/gabon\/wp-json\/wp\/v2\/comments?post=13864"}],"version-history":[{"count":0,"href":"https:\/\/www.africa-press.net\/gabon\/wp-json\/wp\/v2\/posts\/13864\/revisions"}],"wp:featuredmedia":[{"embeddable":true,"href":"https:\/\/www.africa-press.net\/gabon\/wp-json\/wp\/v2\/media\/13863"}],"wp:attachment":[{"href":"https:\/\/www.africa-press.net\/gabon\/wp-json\/wp\/v2\/media?parent=13864"}],"wp:term":[{"taxonomy":"category","embeddable":true,"href":"https:\/\/www.africa-press.net\/gabon\/wp-json\/wp\/v2\/categories?post=13864"},{"taxonomy":"post_tag","embeddable":true,"href":"https:\/\/www.africa-press.net\/gabon\/wp-json\/wp\/v2\/tags?post=13864"}],"curies":[{"name":"wp","href":"https:\/\/api.w.org\/{rel}","templated":true}]}}