{"id":13886,"date":"2022-12-14T16:51:10","date_gmt":"2022-12-14T16:51:10","guid":{"rendered":"https:\/\/www.africa-press.net\/gabon\/politique\/presidentielle-2023-abdou-abarry-pour-un-accompagnement-international-la-credibilite-deja-en-cause"},"modified":"2022-12-14T16:51:10","modified_gmt":"2022-12-14T16:51:10","slug":"presidentielle-2023-abdou-abarry-pour-un-accompagnement-international-la-credibilite-deja-en-cause","status":"publish","type":"post","link":"https:\/\/www.africa-press.net\/gabon\/politique\/presidentielle-2023-abdou-abarry-pour-un-accompagnement-international-la-credibilite-deja-en-cause","title":{"rendered":"Pr\u00e9sidentielle 2023 | Abdou Abarry pour un accompagnement international : La cr\u00e9dibilit\u00e9 d\u00e9j\u00e0 en cause"},"content":{"rendered":"<p><span style=\"color: #ff6600\"><strong>Africa-Press &#8211; Gabon. <\/strong><\/span><b>Le cinglant rappel et la reque\u0302te du repre\u0301sentant spe\u0301cial et chef du Bureau re\u0301gional des Nations-unies pour l\u2019Afrique centrale (Unoca) ne sauraient e\u0302tre banalise\u0301s. A\u0300 huit mois de la prochaine pre\u0301sidentielle, ils ont une re\u0301sonance toute particulie\u0300re.<\/b><\/p>\n<p>C\u2019est une pierre jete\u0301e dans le jardin d\u2019Ali Bongo. Pre\u0301sentant son rapport le 08 du mois courant devant le Conseil de se\u0301curite\u0301, le repre\u0301sentant spe\u0301cial et chef du Bureau re\u0301gional des Nations-unies pour l\u2019Afrique centrale (Unoca) a invite\u0301 la communaute\u0301 internationale a\u0300 \u00abtirer les lec\u0327ons des re\u0301centes e\u0301lections pour mieux pre\u0301parer les e\u0301che\u0301ances futures.\u00bb Rappelant \u00abque les dernie\u0300res e\u0301lections (&#8230;) (au Gabon) ont e\u0301te\u0301 marque\u0301es par la violence\u00bb, il a plaide\u0301 pour \u00abun accompagnement international (&#8230;) afin d\u2019assurer des processus e\u0301lectoraux paisibles.\u00bb Si ce cinglant rappel ne saurait e\u0302tre banalise\u0301, cette reque\u0302te a une re\u0301sonance toute particulie\u0300re. A huit mois de l\u2019e\u0301che\u0301ance, elle traduit une re\u0301alite\u0301 : dans les milieux diplomatiques, la cre\u0301dibilite\u0301 de la prochaine pre\u0301sidentielle est de\u0301ja\u0300 en cause.<\/p>\n<p><b>Le\u0301galisation de l\u2019observation inde\u0301pendante <\/b><\/p>\n<p>En aou\u0302t 2016, la Mission d\u2019observation e\u0301lectorale de l\u2019Union europe\u0301enne (MOE-UE) l\u2019avait effectivement affirme\u0301 : \u00able renforcement du cadre e\u0301lectoral\u00bb est la condition sine qua non de la cre\u0301dibilite\u0301 de la pre\u0301sidentielle de 2023. A minima, il faut \u00abrenforcer le ro\u0302le de (&#8230;) (l\u2019autorite\u0301 en charges des e\u0301lections) a\u0300 travers l\u2019adoption d\u2019un re\u0300glement inte\u0301rieur pre\u0301cisant ses domaines de compe\u0301tence, les modalite\u0301s de prise des de\u0301cisions et de mise en \u0153uvre de celles-ci\u00bb, \u00ab renforcer (son) inde\u0301pendance (&#8230;) en l\u2019e\u0301largissant a\u0300 toutes les composantes politiques en compe\u0301tition (&#8230;) (tout en assurant) leur e\u0301gale repre\u0301sentation\u00bb, faire l\u2019audit du fichier e\u0301lectoral\u00bb, \u00abe\u0301tablir un syste\u0300me de centralisation transparent (permettant de garantir la) trac\u0327abilite\u0301 de tous les proce\u0300s-verbaux\u00bb et, \u00abre\u0301viser le re\u0300glement de proce\u0301dure de la Cour constitutionnelle.\u00bb Au-dela\u0300, il faut aussi \u00abinte\u0301grer dans la le\u0301gislation nationale le ro\u0302le de l\u2019observation nationale et internationale\u00bb tout en de\u0301finissant \u00abun statut (permettant d\u2019) assurer les droits des observateurs nationaux et internationaux.\u00bb<\/p>\n<p>Depuis le de\u0301but de l\u2019anne\u0301e en cours, certaines forces sociales se font l\u2019e\u0301cho de ces recommandations. Partis politiques ou organisations de la socie\u0301te\u0301 civile, elles appellent a\u0300 une re\u0301forme du syste\u0300me e\u0301lectoral, insistant sur la le\u0301galisation de l\u2019observation inde\u0301pendante. Las&#8230; Visiblement convaincu de be\u0301ne\u0301ficier du soutien du Centre gabonais des e\u0301lections (CGE) et de la Cour constitutionnelle, le gouvernement se refuse a\u0300 donner suite a\u0300 ces appels, se murant dans un mutisme e\u0301loquent. Manifestement acquis a\u0300 l\u2019ide\u0301e de violence, il pre\u0301fe\u0300re bander les muscles, faisant me\u0302me e\u0301talage de la force, comme lors de la parade militaire du 17 aou\u0302t dernier. Dans un tel contexte, les inquie\u0301tudes d\u2019Abdou Abarry se comprennent et s\u2019expliquent aise\u0301ment.<\/p>\n<p><b>La cohe\u0301sion sociale ne rele\u0300ve pas de l\u2019incantation<\/b><\/p>\n<p>Sauf a\u0300 faire montre d\u2019irresponsabilite\u0301, nul ne peut croire en une pre\u0301sidentielle apaise\u0301e dans les conditions actuelles. A moins de nourrir des desseins inavoue\u0301s, personne ne gagne a\u0300 minimiser les risques encourus. Comme le lien de confiance entre gouvernants et gouverne\u0301s, comme la cre\u0301dibilite\u0301 des institutions, la cohe\u0301sion sociale ne rele\u0300ve pas de l\u2019incantation. Ces e\u0301le\u0301ments se nourrissent d\u2019une notion : la le\u0301gitimite\u0301 de\u0301mocratique. Autrement dit, des e\u0301lections transparentes, justes et inclusives sont le gage d\u2019un fonctionnement harmonieux de l\u2019Etat comme de la socie\u0301te\u0301. Si elles permettent d\u2019envisager l\u2019avenir avec se\u0301re\u0301nite\u0301, elles offrent des garanties aux investisseurs. A l\u2019inverse, l\u2019achat des votes, la manipulation des chiffres, la partialite\u0301 des organes en charge des e\u0301lections ou l\u2019immixtion de l\u2019arme\u0301e dans la vie politique sont source de tensions voire pire.<\/p>\n<p>Comme l\u2019ont re\u0301cemment affirme\u0301 les signataires du Me\u0301morandum pour une re\u0301forme du syste\u0300me e\u0301lectoral national, \u00able refus de (toute re\u0301forme) pourrait conduire le pays vers des tensions aux conse\u0301quences incalculables.\u00bb D\u2019ou\u0300 l\u2019appel en faveur d\u2019un \u00abaccompagnement international.\u00bb Pour appre\u0301cier le sens et la porte\u0301e de la reque\u0302te d\u2019Abdou Barry, il faut se souvenir de la pre\u0301sidentielle de 2016, marque\u0301e notamment par l\u2019annulation de 21 bureaux de vote, la prise en otage de la province du Haut-Ogo<\/p>\n<p>oue\u0301, une parodie de contentieux et, l\u2019assaut contre le quartier ge\u0301ne\u0301ral de Jean Ping&#8230; Traumatisants a\u0300 maints e\u0301gards, ce vaudeville ne doit pas e\u0302tre rejoue\u0301. Pour ainsi dire, le Gabon n\u2019a rien a\u0300 gagner a\u0300 snober la demande du repre\u0301sentant spe\u0301cial et chef de l\u2019Unoca. Bien au contraire. Il ferait \u0153uvre utile en lui donnant une suite. Si on ne l\u2019imagine gue\u0300re confier aux Nations-unies l\u2019organisation ou la surveillance de la prochaine pre\u0301sidentielle, il peut toujours opter pour l\u2019observation e\u0301lectorale ou l\u2019assistance technique. Il peut me\u0302me faire appel a\u0300 l\u2019Union europe\u0301enne ou au Commonwealth. Ne pas s\u2019y re\u0301soudre reviendrait a\u0300 affirmer la volonte\u0301 du pouvoir en place de faire comme toujours, quitte a\u0300 de\u0301construire davantage une socie\u0301te\u0301 de\u0301ja\u0300 e\u0301branle\u0301e dans ses fondements.<\/p>\n<p>Sauf a\u0300 faire montre d\u2019irresponsabilite\u0301, nul ne peut croire en une pre\u0301sidentielle apaise\u0301e dans les conditions actuelles. A moins de nourrir des desseins inavoue\u0301s, personne ne gagne a\u0300 minimiser les risques encourus. Comme le lien de confiance entre gouvernants et gouverne\u0301s, comme la cre\u0301dibilite\u0301 des institutions, la cohe\u0301sion sociale ne rele\u0300ve pas de l\u2019incantation. Ces e\u0301le\u0301ments se nourrissent d\u2019une notion : la le\u0301gitimite\u0301 de\u0301mocratique. Autrement dit, des e\u0301lections transparentes, justes et inclusives sont le gage d\u2019un fonctionnement harmonieux de l\u2019Etat comme de la socie\u0301te\u0301. Si elles permettent d\u2019envisager l\u2019avenir avec se\u0301re\u0301nite\u0301, elles offrent des garanties aux investisseurs. A l\u2019inverse, l\u2019achat des votes, la manipulation des chiffres, la partialite\u0301 des organes en charge des e\u0301lections ou l\u2019immixtion de l\u2019arme\u0301e dans la vie politique sont source de tensions voire pire.<\/p>\n<p>Comme l\u2019ont re\u0301cemment affirme\u0301 les signataires du Me\u0301morandum pour une re\u0301forme du syste\u0300me e\u0301lectoral national, \u00able refus de (toute re\u0301forme) pourrait conduire le pays vers des tensions aux conse\u0301quences incalculables.\u00bb D\u2019ou\u0300 l\u2019appel en faveur d\u2019un \u00abaccompagnement international.\u00bb Pour appre\u0301cier le sens et la porte\u0301e de la reque\u0302te d\u2019Abdou Barry, il faut se souvenir de la pre\u0301sidentielle de 2016, marque\u0301e notamment par l\u2019annulation de 21 bureaux de vote, la prise en otage de la province du Haut-Ogo<\/p>\n<p>oue\u0301, une parodie de contentieux et, l\u2019assaut contre le quartier ge\u0301ne\u0301ral de Jean Ping&#8230; Traumatisants a\u0300 maints e\u0301gards, ce vaudeville ne doit pas e\u0302tre rejoue\u0301. Pour ainsi dire, le Gabon n\u2019a rien a\u0300 gagner a\u0300 snober la demande du repre\u0301sentant spe\u0301cial et chef de l\u2019Unoca. Bien au contraire. Il ferait \u0153uvre utile en lui donnant une suite. Si on ne l\u2019imagine gue\u0300re confier aux Nations-unies l\u2019organisation ou la surveillance de la prochaine pre\u0301sidentielle, il peut toujours opter pour l\u2019observation e\u0301lectorale ou l\u2019assistance technique. Il peut me\u0302me faire appel a\u0300 l\u2019Union europe\u0301enne ou au Commonwealth. Ne pas s\u2019y re\u0301soudre reviendrait a\u0300 affirmer la volonte\u0301 du pouvoir en place de faire comme toujours, quitte a\u0300 de\u0301construire davantage une socie\u0301te\u0301 de\u0301ja\u0300 e\u0301branle\u0301e dans ses fondements.<\/p>\n<p><strong>Pour plus d&rsquo;informations et d&rsquo;analyses sur la <a href=\"https:\/\/www.africa-press.net\/gabon\">Gabon<\/a>, suivez <a href=\"https:\/\/www.africa-press.net\/\">Africa-Press<\/a><\/strong><\/p>\n","protected":false},"excerpt":{"rendered":"<p>Africa-Press &#8211; Gabon. Le cinglant rappel et la reque\u0302te du repre\u0301sentant spe\u0301cial et chef du Bureau re\u0301gional des Nations-unies pour l\u2019Afrique centrale (Unoca) ne sauraient e\u0302tre banalise\u0301s. A\u0300 huit mois de la prochaine pre\u0301sidentielle, ils ont une re\u0301sonance toute particulie\u0300re. C\u2019est une pierre jete\u0301e dans le jardin d\u2019Ali Bongo. Pre\u0301sentant son rapport le 08 du [&hellip;]<\/p>\n","protected":false},"author":82,"featured_media":13885,"comment_status":"open","ping_status":"closed","sticky":false,"template":"","format":"standard","meta":{"footnotes":""},"categories":[2,10],"tags":[36,50,49],"class_list":["post-13886","post","type-post","status-publish","format-standard","has-post-thumbnail","hentry","category-politique","category-toutes-les-actualites","tag-africa-press","tag-africa-press-gabon","tag-gabon"],"yoast_head":"<!-- This site is optimized with the Yoast SEO Premium plugin v26.1 (Yoast SEO v27.0) - https:\/\/yoast.com\/product\/yoast-seo-premium-wordpress\/ -->\n<title>Pr\u00e9sidentielle 2023 | Abdou Abarry pour un accompagnement international : La cr\u00e9dibilit\u00e9 d\u00e9j\u00e0 en cause - Gabon<\/title>\n<meta name=\"robots\" content=\"index, follow, max-snippet:-1, max-image-preview:large, max-video-preview:-1\" \/>\n<link rel=\"canonical\" href=\"https:\/\/www.africa-press.net\/gabon\/politique\/presidentielle-2023-abdou-abarry-pour-un-accompagnement-international-la-credibilite-deja-en-cause\" \/>\n<meta property=\"og:locale\" content=\"fr_FR\" \/>\n<meta property=\"og:type\" content=\"article\" \/>\n<meta property=\"og:title\" content=\"Pr\u00e9sidentielle 2023 | Abdou Abarry pour un accompagnement international : La cr\u00e9dibilit\u00e9 d\u00e9j\u00e0 en cause\" \/>\n<meta property=\"og:description\" content=\"Africa-Press &#8211; Gabon. Le cinglant rappel et la reque\u0302te du repre\u0301sentant spe\u0301cial et chef du Bureau re\u0301gional des Nations-unies pour l\u2019Afrique centrale (Unoca) ne sauraient e\u0302tre banalise\u0301s. A\u0300 huit mois de la prochaine pre\u0301sidentielle, ils ont une re\u0301sonance toute particulie\u0300re. C\u2019est une pierre jete\u0301e dans le jardin d\u2019Ali Bongo. Pre\u0301sentant son rapport le 08 du [&hellip;]\" \/>\n<meta property=\"og:url\" content=\"https:\/\/www.africa-press.net\/gabon\/politique\/presidentielle-2023-abdou-abarry-pour-un-accompagnement-international-la-credibilite-deja-en-cause\" \/>\n<meta property=\"og:site_name\" content=\"Gabon\" \/>\n<meta property=\"article:published_time\" content=\"2022-12-14T16:51:10+00:00\" \/>\n<meta name=\"author\" content=\"cfeditorfr\" \/>\n<meta name=\"twitter:card\" content=\"summary_large_image\" \/>\n<meta name=\"twitter:label1\" content=\"\u00c9crit par\" \/>\n\t<meta name=\"twitter:data1\" content=\"cfeditorfr\" \/>\n\t<meta name=\"twitter:label2\" content=\"Dur\u00e9e de lecture estim\u00e9e\" \/>\n\t<meta name=\"twitter:data2\" content=\"7 minutes\" \/>\n<script type=\"application\/ld+json\" class=\"yoast-schema-graph\">{\"@context\":\"https:\/\/schema.org\",\"@graph\":[{\"@type\":\"Article\",\"@id\":\"https:\/\/www.africa-press.net\/gabon\/politique\/presidentielle-2023-abdou-abarry-pour-un-accompagnement-international-la-credibilite-deja-en-cause#article\",\"isPartOf\":{\"@id\":\"https:\/\/www.africa-press.net\/gabon\/politique\/presidentielle-2023-abdou-abarry-pour-un-accompagnement-international-la-credibilite-deja-en-cause\"},\"author\":{\"name\":\"cfeditorfr\",\"@id\":\"https:\/\/www.africa-press.net\/gabon\/#\/schema\/person\/2b1cf3cd81a31e3cd26889ca66d677f1\"},\"headline\":\"Pr\u00e9sidentielle 2023 | Abdou Abarry pour un accompagnement international : La cr\u00e9dibilit\u00e9 d\u00e9j\u00e0 en cause\",\"datePublished\":\"2022-12-14T16:51:10+00:00\",\"mainEntityOfPage\":{\"@id\":\"https:\/\/www.africa-press.net\/gabon\/politique\/presidentielle-2023-abdou-abarry-pour-un-accompagnement-international-la-credibilite-deja-en-cause\"},\"wordCount\":1360,\"commentCount\":0,\"image\":{\"@id\":\"https:\/\/www.africa-press.net\/gabon\/politique\/presidentielle-2023-abdou-abarry-pour-un-accompagnement-international-la-credibilite-deja-en-cause#primaryimage\"},\"thumbnailUrl\":\"https:\/\/static.africa-press.net\/gabon\/sites\/54\/2022\/12\/postQueueImg_1671024074.20.jpg\",\"keywords\":[\"Africa Press\",\"Africa Press-Gabon\",\"Gabon\"],\"articleSection\":[\"Politique\",\"Toutes les actualit\u00e9s\"],\"inLanguage\":\"fr-FR\",\"potentialAction\":[{\"@type\":\"CommentAction\",\"name\":\"Comment\",\"target\":[\"https:\/\/www.africa-press.net\/gabon\/politique\/presidentielle-2023-abdou-abarry-pour-un-accompagnement-international-la-credibilite-deja-en-cause#respond\"]}]},{\"@type\":\"WebPage\",\"@id\":\"https:\/\/www.africa-press.net\/gabon\/politique\/presidentielle-2023-abdou-abarry-pour-un-accompagnement-international-la-credibilite-deja-en-cause\",\"url\":\"https:\/\/www.africa-press.net\/gabon\/politique\/presidentielle-2023-abdou-abarry-pour-un-accompagnement-international-la-credibilite-deja-en-cause\",\"name\":\"Pr\u00e9sidentielle 2023 | Abdou Abarry pour un accompagnement international : La cr\u00e9dibilit\u00e9 d\u00e9j\u00e0 en cause - Gabon\",\"isPartOf\":{\"@id\":\"https:\/\/www.africa-press.net\/gabon\/#website\"},\"primaryImageOfPage\":{\"@id\":\"https:\/\/www.africa-press.net\/gabon\/politique\/presidentielle-2023-abdou-abarry-pour-un-accompagnement-international-la-credibilite-deja-en-cause#primaryimage\"},\"image\":{\"@id\":\"https:\/\/www.africa-press.net\/gabon\/politique\/presidentielle-2023-abdou-abarry-pour-un-accompagnement-international-la-credibilite-deja-en-cause#primaryimage\"},\"thumbnailUrl\":\"https:\/\/static.africa-press.net\/gabon\/sites\/54\/2022\/12\/postQueueImg_1671024074.20.jpg\",\"datePublished\":\"2022-12-14T16:51:10+00:00\",\"author\":{\"@id\":\"https:\/\/www.africa-press.net\/gabon\/#\/schema\/person\/2b1cf3cd81a31e3cd26889ca66d677f1\"},\"breadcrumb\":{\"@id\":\"https:\/\/www.africa-press.net\/gabon\/politique\/presidentielle-2023-abdou-abarry-pour-un-accompagnement-international-la-credibilite-deja-en-cause#breadcrumb\"},\"inLanguage\":\"fr-FR\",\"potentialAction\":[{\"@type\":\"ReadAction\",\"target\":[\"https:\/\/www.africa-press.net\/gabon\/politique\/presidentielle-2023-abdou-abarry-pour-un-accompagnement-international-la-credibilite-deja-en-cause\"]}]},{\"@type\":\"ImageObject\",\"inLanguage\":\"fr-FR\",\"@id\":\"https:\/\/www.africa-press.net\/gabon\/politique\/presidentielle-2023-abdou-abarry-pour-un-accompagnement-international-la-credibilite-deja-en-cause#primaryimage\",\"url\":\"https:\/\/static.africa-press.net\/gabon\/sites\/54\/2022\/12\/postQueueImg_1671024074.20.jpg\",\"contentUrl\":\"https:\/\/static.africa-press.net\/gabon\/sites\/54\/2022\/12\/postQueueImg_1671024074.20.jpg\",\"width\":720,\"height\":479,\"caption\":\"Pr\u00e9sidentielle 2023 | Abdou Abarry pour un accompagnement international : La cr\u00e9dibilit\u00e9 d\u00e9j\u00e0 en cause\"},{\"@type\":\"BreadcrumbList\",\"@id\":\"https:\/\/www.africa-press.net\/gabon\/politique\/presidentielle-2023-abdou-abarry-pour-un-accompagnement-international-la-credibilite-deja-en-cause#breadcrumb\",\"itemListElement\":[{\"@type\":\"ListItem\",\"position\":1,\"name\":\"Accueil\",\"item\":\"https:\/\/www.africa-press.net\/gabon\/\"},{\"@type\":\"ListItem\",\"position\":2,\"name\":\"Pr\u00e9sidentielle 2023 | Abdou Abarry pour un accompagnement international : La cr\u00e9dibilit\u00e9 d\u00e9j\u00e0 en cause\"}]},{\"@type\":\"WebSite\",\"@id\":\"https:\/\/www.africa-press.net\/gabon\/#website\",\"url\":\"https:\/\/www.africa-press.net\/gabon\/\",\"name\":\"Gabon\",\"description\":\"Just another Africa News Agency Sites site\",\"potentialAction\":[{\"@type\":\"SearchAction\",\"target\":{\"@type\":\"EntryPoint\",\"urlTemplate\":\"https:\/\/www.africa-press.net\/gabon\/?s={search_term_string}\"},\"query-input\":{\"@type\":\"PropertyValueSpecification\",\"valueRequired\":true,\"valueName\":\"search_term_string\"}}],\"inLanguage\":\"fr-FR\"},{\"@type\":\"Person\",\"@id\":\"https:\/\/www.africa-press.net\/gabon\/#\/schema\/person\/2b1cf3cd81a31e3cd26889ca66d677f1\",\"name\":\"cfeditorfr\"}]}<\/script>\n<!-- \/ Yoast SEO Premium plugin. -->","yoast_head_json":{"title":"Pr\u00e9sidentielle 2023 | Abdou Abarry pour un accompagnement international : La cr\u00e9dibilit\u00e9 d\u00e9j\u00e0 en cause - Gabon","robots":{"index":"index","follow":"follow","max-snippet":"max-snippet:-1","max-image-preview":"max-image-preview:large","max-video-preview":"max-video-preview:-1"},"canonical":"https:\/\/www.africa-press.net\/gabon\/politique\/presidentielle-2023-abdou-abarry-pour-un-accompagnement-international-la-credibilite-deja-en-cause","og_locale":"fr_FR","og_type":"article","og_title":"Pr\u00e9sidentielle 2023 | Abdou Abarry pour un accompagnement international : La cr\u00e9dibilit\u00e9 d\u00e9j\u00e0 en cause","og_description":"Africa-Press &#8211; Gabon. Le cinglant rappel et la reque\u0302te du repre\u0301sentant spe\u0301cial et chef du Bureau re\u0301gional des Nations-unies pour l\u2019Afrique centrale (Unoca) ne sauraient e\u0302tre banalise\u0301s. A\u0300 huit mois de la prochaine pre\u0301sidentielle, ils ont une re\u0301sonance toute particulie\u0300re. C\u2019est une pierre jete\u0301e dans le jardin d\u2019Ali Bongo. Pre\u0301sentant son rapport le 08 du [&hellip;]","og_url":"https:\/\/www.africa-press.net\/gabon\/politique\/presidentielle-2023-abdou-abarry-pour-un-accompagnement-international-la-credibilite-deja-en-cause","og_site_name":"Gabon","article_published_time":"2022-12-14T16:51:10+00:00","author":"cfeditorfr","twitter_card":"summary_large_image","twitter_misc":{"\u00c9crit par":"cfeditorfr","Dur\u00e9e de lecture estim\u00e9e":"7 minutes"},"schema":{"@context":"https:\/\/schema.org","@graph":[{"@type":"Article","@id":"https:\/\/www.africa-press.net\/gabon\/politique\/presidentielle-2023-abdou-abarry-pour-un-accompagnement-international-la-credibilite-deja-en-cause#article","isPartOf":{"@id":"https:\/\/www.africa-press.net\/gabon\/politique\/presidentielle-2023-abdou-abarry-pour-un-accompagnement-international-la-credibilite-deja-en-cause"},"author":{"name":"cfeditorfr","@id":"https:\/\/www.africa-press.net\/gabon\/#\/schema\/person\/2b1cf3cd81a31e3cd26889ca66d677f1"},"headline":"Pr\u00e9sidentielle 2023 | Abdou Abarry pour un accompagnement international : La cr\u00e9dibilit\u00e9 d\u00e9j\u00e0 en cause","datePublished":"2022-12-14T16:51:10+00:00","mainEntityOfPage":{"@id":"https:\/\/www.africa-press.net\/gabon\/politique\/presidentielle-2023-abdou-abarry-pour-un-accompagnement-international-la-credibilite-deja-en-cause"},"wordCount":1360,"commentCount":0,"image":{"@id":"https:\/\/www.africa-press.net\/gabon\/politique\/presidentielle-2023-abdou-abarry-pour-un-accompagnement-international-la-credibilite-deja-en-cause#primaryimage"},"thumbnailUrl":"https:\/\/static.africa-press.net\/gabon\/sites\/54\/2022\/12\/postQueueImg_1671024074.20.jpg","keywords":["Africa Press","Africa Press-Gabon","Gabon"],"articleSection":["Politique","Toutes les actualit\u00e9s"],"inLanguage":"fr-FR","potentialAction":[{"@type":"CommentAction","name":"Comment","target":["https:\/\/www.africa-press.net\/gabon\/politique\/presidentielle-2023-abdou-abarry-pour-un-accompagnement-international-la-credibilite-deja-en-cause#respond"]}]},{"@type":"WebPage","@id":"https:\/\/www.africa-press.net\/gabon\/politique\/presidentielle-2023-abdou-abarry-pour-un-accompagnement-international-la-credibilite-deja-en-cause","url":"https:\/\/www.africa-press.net\/gabon\/politique\/presidentielle-2023-abdou-abarry-pour-un-accompagnement-international-la-credibilite-deja-en-cause","name":"Pr\u00e9sidentielle 2023 | Abdou Abarry pour un accompagnement international : La cr\u00e9dibilit\u00e9 d\u00e9j\u00e0 en cause - Gabon","isPartOf":{"@id":"https:\/\/www.africa-press.net\/gabon\/#website"},"primaryImageOfPage":{"@id":"https:\/\/www.africa-press.net\/gabon\/politique\/presidentielle-2023-abdou-abarry-pour-un-accompagnement-international-la-credibilite-deja-en-cause#primaryimage"},"image":{"@id":"https:\/\/www.africa-press.net\/gabon\/politique\/presidentielle-2023-abdou-abarry-pour-un-accompagnement-international-la-credibilite-deja-en-cause#primaryimage"},"thumbnailUrl":"https:\/\/static.africa-press.net\/gabon\/sites\/54\/2022\/12\/postQueueImg_1671024074.20.jpg","datePublished":"2022-12-14T16:51:10+00:00","author":{"@id":"https:\/\/www.africa-press.net\/gabon\/#\/schema\/person\/2b1cf3cd81a31e3cd26889ca66d677f1"},"breadcrumb":{"@id":"https:\/\/www.africa-press.net\/gabon\/politique\/presidentielle-2023-abdou-abarry-pour-un-accompagnement-international-la-credibilite-deja-en-cause#breadcrumb"},"inLanguage":"fr-FR","potentialAction":[{"@type":"ReadAction","target":["https:\/\/www.africa-press.net\/gabon\/politique\/presidentielle-2023-abdou-abarry-pour-un-accompagnement-international-la-credibilite-deja-en-cause"]}]},{"@type":"ImageObject","inLanguage":"fr-FR","@id":"https:\/\/www.africa-press.net\/gabon\/politique\/presidentielle-2023-abdou-abarry-pour-un-accompagnement-international-la-credibilite-deja-en-cause#primaryimage","url":"https:\/\/static.africa-press.net\/gabon\/sites\/54\/2022\/12\/postQueueImg_1671024074.20.jpg","contentUrl":"https:\/\/static.africa-press.net\/gabon\/sites\/54\/2022\/12\/postQueueImg_1671024074.20.jpg","width":720,"height":479,"caption":"Pr\u00e9sidentielle 2023 | Abdou Abarry pour un accompagnement international : La cr\u00e9dibilit\u00e9 d\u00e9j\u00e0 en cause"},{"@type":"BreadcrumbList","@id":"https:\/\/www.africa-press.net\/gabon\/politique\/presidentielle-2023-abdou-abarry-pour-un-accompagnement-international-la-credibilite-deja-en-cause#breadcrumb","itemListElement":[{"@type":"ListItem","position":1,"name":"Accueil","item":"https:\/\/www.africa-press.net\/gabon\/"},{"@type":"ListItem","position":2,"name":"Pr\u00e9sidentielle 2023 | Abdou Abarry pour un accompagnement international : La cr\u00e9dibilit\u00e9 d\u00e9j\u00e0 en cause"}]},{"@type":"WebSite","@id":"https:\/\/www.africa-press.net\/gabon\/#website","url":"https:\/\/www.africa-press.net\/gabon\/","name":"Gabon","description":"Just another Africa News Agency Sites site","potentialAction":[{"@type":"SearchAction","target":{"@type":"EntryPoint","urlTemplate":"https:\/\/www.africa-press.net\/gabon\/?s={search_term_string}"},"query-input":{"@type":"PropertyValueSpecification","valueRequired":true,"valueName":"search_term_string"}}],"inLanguage":"fr-FR"},{"@type":"Person","@id":"https:\/\/www.africa-press.net\/gabon\/#\/schema\/person\/2b1cf3cd81a31e3cd26889ca66d677f1","name":"cfeditorfr"}]}},"_links":{"self":[{"href":"https:\/\/www.africa-press.net\/gabon\/wp-json\/wp\/v2\/posts\/13886","targetHints":{"allow":["GET"]}}],"collection":[{"href":"https:\/\/www.africa-press.net\/gabon\/wp-json\/wp\/v2\/posts"}],"about":[{"href":"https:\/\/www.africa-press.net\/gabon\/wp-json\/wp\/v2\/types\/post"}],"author":[{"embeddable":true,"href":"https:\/\/www.africa-press.net\/gabon\/wp-json\/wp\/v2\/users\/82"}],"replies":[{"embeddable":true,"href":"https:\/\/www.africa-press.net\/gabon\/wp-json\/wp\/v2\/comments?post=13886"}],"version-history":[{"count":0,"href":"https:\/\/www.africa-press.net\/gabon\/wp-json\/wp\/v2\/posts\/13886\/revisions"}],"wp:featuredmedia":[{"embeddable":true,"href":"https:\/\/www.africa-press.net\/gabon\/wp-json\/wp\/v2\/media\/13885"}],"wp:attachment":[{"href":"https:\/\/www.africa-press.net\/gabon\/wp-json\/wp\/v2\/media?parent=13886"}],"wp:term":[{"taxonomy":"category","embeddable":true,"href":"https:\/\/www.africa-press.net\/gabon\/wp-json\/wp\/v2\/categories?post=13886"},{"taxonomy":"post_tag","embeddable":true,"href":"https:\/\/www.africa-press.net\/gabon\/wp-json\/wp\/v2\/tags?post=13886"}],"curies":[{"name":"wp","href":"https:\/\/api.w.org\/{rel}","templated":true}]}}