{"id":13916,"date":"2022-12-15T18:44:11","date_gmt":"2022-12-15T18:44:11","guid":{"rendered":"https:\/\/www.africa-press.net\/gabon\/politique\/trafic-illicite-de-biens-culturels-les-etats-de-la-ceeac-invites-a-ratifier-les-instruments-de-lutte"},"modified":"2022-12-15T18:44:11","modified_gmt":"2022-12-15T18:44:11","slug":"trafic-illicite-de-biens-culturels-les-etats-de-la-ceeac-invites-a-ratifier-les-instruments-de-lutte","status":"publish","type":"post","link":"https:\/\/www.africa-press.net\/gabon\/toutes-les-actualites\/trafic-illicite-de-biens-culturels-les-etats-de-la-ceeac-invites-a-ratifier-les-instruments-de-lutte","title":{"rendered":"Trafic illicite de biens culturels\u00a0: Les \u00c9tats de la CEEAC invit\u00e9s \u00e0 ratifier les instruments de lutte"},"content":{"rendered":"<p><span style=\"color: #ff6600\"><strong>Africa-Press &#8211; Gabon. <\/strong><\/span><b>Le ministre en charge de la Culture et des Arts, Pr Patrick Mouguiama-Daouda, a ouvert le 14 de\u0301cembre a\u0300 Libreville les travaux de l\u2019atelier de lutte contre le trafic illicite des biens culturels, sous le the\u0300me : \u00abMuse\u0301es et lutte contre le trafic illicite des biens culturels en Afrique centrale\u00bb.<\/b><\/p>\n<p>Dans la poursuite de leurs engagements a\u0300 intensifier la lutte contre le trafic illicite de biens culturels en assurant la mise en \u0153uvre effective de la Convention de 1970 de l\u2019Unesco et en renforc\u0327ant la coope\u0301ration re\u0301gionale ; les pays de la Communaute\u0301 e\u0301conomique des E\u0301tats de l\u2019Afrique centrale (CEEAC), a\u0300 travers les professionnels des douanes, de la police et des muse\u0301es, re\u0301fle\u0301chissent a\u0300 Libreville depuis le 12 de\u0301cembre dernier, sur les actions ne\u0301cessaires a\u0300 entreprendre pour une pre\u0301servation et protection pluridimensionnelle du patrimoine culturel d\u2019Afrique centrale. Cette rencontre de la capitale gabonaise vise e\u0301galement a\u0300 inciter les E\u0301tats non-parties des diffe\u0301rents instruments de protection de ce fle\u0301au, a\u0300 les ratifier afin de mieux pre\u0301server et de de\u0301fendre le patrimoine culturel de notre sous-re\u0301gion.<\/p>\n<p>\u00abLe vol, le pillage et le trafic illicite des biens culturels sont des crimes qui de\u0301posse\u0300dent les peuples de leur histoire et de leur culture. Des mesures consensuelles, fortes et adhe\u0301sives sont attendues de vos re\u0301flexions. Celles-ci devront permettre d\u2019aboutir a\u0300 la mise en \u0153uvre d\u2019une le\u0301gislation efficace et rigoureuse aux fins de re\u0301glementer et freiner cette gangre\u0300ne\u00bb, a de\u0301clare\u0301 le professeur Pr Patrick Mouguiama-Daouda, indiquant qu\u2019il est encore temps d\u2019agir, ensemble, en appliquant, de\u0301ja\u0300, a\u0300 la lettre les dispositions ge\u0301ne\u0301rales contenues dans les diffe\u0301rents cadres juridiques normatifs mis a\u0300 disposition de tous les E\u0301tats implique\u0301s. Et pour les E\u0301tats non-parties, de prendre connaissance de ces instruments, de leur apport en matie\u0300re de protection des activite\u0301s commerciales dans le domaine de la culture.<\/p>\n<p>Le trafic illicite des biens culturels est une des activite\u0301s criminelles transnationales les plus importantes et les plus lucratives. Il s\u2019agit d\u2019un crime international qui de\u0301passe les frontie\u0300res, car les objets vole\u0301s sont souvent de\u0301place\u0301s d\u2019un pays a\u0300 l\u2019autre.<\/p>\n<p>Dans le cadre de la lutte contre ce fle\u0301au qui a atteint des proportions conside\u0301rables, trois instruments sont particulie\u0300rement importants, a\u0300 savoir la Convention de l\u2019Unesco de 1970 concernant les mesures a\u0300 prendre pour interdire et empe\u0302cher l\u2019importation, l\u2019exportation et le transfert de proprie\u0301te\u0301s illicites des biens culturels, et la Convention Unidroit de 1995, lesquelles e\u0301tablissent les bases d\u2019une coope\u0301ration culturelle entre les pays membres pour un commerce le\u0301gal de biens culturels, ainsi que la restitution et le retour des objets d\u2019art entre les diffe\u0301rents E\u0301tats contractants et la Convention de 1954 pour la protection des biens culturels en cas de conflit arme\u0301, qui est l\u2019un des instruments fondamentaux de droit international visant a\u0300 mieux prote\u0301ger l\u2019he\u0301ritage culturel des nations en pe\u0301riode de conflit et d\u2019occupation.<\/p>\n<p>\u00abA\u0300 ce jour, tous les E\u0301tats de l\u2019Afrique centrale n\u2019ont pas encore ratifie\u0301 ces conventions. J\u2019invite donc tous les E\u0301tats non-parties, a\u0300 prendre connaissance de ces instruments, de leur apport en matie\u0300re de protection des activite\u0301s commerciales dans le domaine de la culture, et a\u0300 militer pour leur ratification efficace au sein de vos gouvernements respectifs, afin de mieux pre\u0301server et de\u0301fendre le patrimoine culturel de notre sous-re\u0301gion\u00bb, a exhorte\u0301 le chef de bureau et repre\u0301sentant de l\u2019Unesco au Gabon et aupre\u0300s de la CEEAC, E\u0301ric Voli Bi.<\/p>\n<p>En effet, pour prote\u0301ger efficacement le patrimoine culturel contre le trafic illicite, il faut disposer d\u2019un cadre le\u0301gislatif solide, d\u2019une bonne coope\u0301ration internationale et d\u2019une base solide de donne\u0301es et de projets bien cible\u0301s. Pour les autorite\u0301s gabonaises, ce challenge est un pari a\u0300 relever collectivement. \u00abNous sommes convaincus que la sauvegarde et la protection de notre patrimoine culturel sont des outils de pre\u0301servation et d\u2019affirmation de notre histoire et de notre identite\u0301 commune\u00bb, a souligne\u0301 le ministre en charge de la Culture et des Arts.<\/p>\n<p><strong>Pour plus d&rsquo;informations et d&rsquo;analyses sur la <a href=\"https:\/\/www.africa-press.net\/gabon\">Gabon<\/a>, suivez <a href=\"https:\/\/www.africa-press.net\/\">Africa-Press<\/a><\/strong><\/p>\n","protected":false},"excerpt":{"rendered":"<p>Africa-Press &#8211; Gabon. Le ministre en charge de la Culture et des Arts, Pr Patrick Mouguiama-Daouda, a ouvert le 14 de\u0301cembre a\u0300 Libreville les travaux de l\u2019atelier de lutte contre le trafic illicite des biens culturels, sous le the\u0300me : \u00abMuse\u0301es et lutte contre le trafic illicite des biens culturels en Afrique centrale\u00bb. Dans la [&hellip;]<\/p>\n","protected":false},"author":82,"featured_media":13915,"comment_status":"open","ping_status":"closed","sticky":false,"template":"","format":"standard","meta":{"footnotes":""},"categories":[21,10],"tags":[36,50,49],"class_list":["post-13916","post","type-post","status-publish","format-standard","has-post-thumbnail","hentry","category-communaute","category-toutes-les-actualites","tag-africa-press","tag-africa-press-gabon","tag-gabon"],"yoast_head":"<!-- This site is optimized with the Yoast SEO Premium plugin v26.1 (Yoast SEO v27.0) - https:\/\/yoast.com\/product\/yoast-seo-premium-wordpress\/ -->\n<title>Trafic illicite de biens culturels\u00a0: Les \u00c9tats de la CEEAC invit\u00e9s \u00e0 ratifier les instruments de lutte - Gabon<\/title>\n<meta name=\"robots\" content=\"index, follow, max-snippet:-1, max-image-preview:large, max-video-preview:-1\" \/>\n<link rel=\"canonical\" href=\"https:\/\/www.africa-press.net\/gabon\/politique\/trafic-illicite-de-biens-culturels-les-etats-de-la-ceeac-invites-a-ratifier-les-instruments-de-lutte\" \/>\n<meta property=\"og:locale\" content=\"fr_FR\" \/>\n<meta property=\"og:type\" content=\"article\" \/>\n<meta property=\"og:title\" content=\"Trafic illicite de biens culturels\u00a0: Les \u00c9tats de la CEEAC invit\u00e9s \u00e0 ratifier les instruments de lutte\" \/>\n<meta property=\"og:description\" content=\"Africa-Press &#8211; Gabon. Le ministre en charge de la Culture et des Arts, Pr Patrick Mouguiama-Daouda, a ouvert le 14 de\u0301cembre a\u0300 Libreville les travaux de l\u2019atelier de lutte contre le trafic illicite des biens culturels, sous le the\u0300me : \u00abMuse\u0301es et lutte contre le trafic illicite des biens culturels en Afrique centrale\u00bb. Dans la [&hellip;]\" \/>\n<meta property=\"og:url\" content=\"https:\/\/www.africa-press.net\/gabon\/politique\/trafic-illicite-de-biens-culturels-les-etats-de-la-ceeac-invites-a-ratifier-les-instruments-de-lutte\" \/>\n<meta property=\"og:site_name\" content=\"Gabon\" \/>\n<meta property=\"article:published_time\" content=\"2022-12-15T18:44:11+00:00\" \/>\n<meta name=\"author\" content=\"cfeditorfr\" \/>\n<meta name=\"twitter:card\" content=\"summary_large_image\" \/>\n<meta name=\"twitter:label1\" content=\"\u00c9crit par\" \/>\n\t<meta name=\"twitter:data1\" content=\"cfeditorfr\" \/>\n\t<meta name=\"twitter:label2\" content=\"Dur\u00e9e de lecture estim\u00e9e\" \/>\n\t<meta name=\"twitter:data2\" content=\"4 minutes\" \/>\n<script type=\"application\/ld+json\" class=\"yoast-schema-graph\">{\"@context\":\"https:\/\/schema.org\",\"@graph\":[{\"@type\":\"Article\",\"@id\":\"https:\/\/www.africa-press.net\/gabon\/politique\/trafic-illicite-de-biens-culturels-les-etats-de-la-ceeac-invites-a-ratifier-les-instruments-de-lutte#article\",\"isPartOf\":{\"@id\":\"https:\/\/www.africa-press.net\/gabon\/politique\/trafic-illicite-de-biens-culturels-les-etats-de-la-ceeac-invites-a-ratifier-les-instruments-de-lutte\"},\"author\":{\"name\":\"cfeditorfr\",\"@id\":\"https:\/\/www.africa-press.net\/gabon\/#\/schema\/person\/2b1cf3cd81a31e3cd26889ca66d677f1\"},\"headline\":\"Trafic illicite de biens culturels\u00a0: Les \u00c9tats de la CEEAC invit\u00e9s \u00e0 ratifier les instruments de lutte\",\"datePublished\":\"2022-12-15T18:44:11+00:00\",\"mainEntityOfPage\":{\"@id\":\"https:\/\/www.africa-press.net\/gabon\/politique\/trafic-illicite-de-biens-culturels-les-etats-de-la-ceeac-invites-a-ratifier-les-instruments-de-lutte\"},\"wordCount\":763,\"commentCount\":0,\"image\":{\"@id\":\"https:\/\/www.africa-press.net\/gabon\/politique\/trafic-illicite-de-biens-culturels-les-etats-de-la-ceeac-invites-a-ratifier-les-instruments-de-lutte#primaryimage\"},\"thumbnailUrl\":\"https:\/\/static.africa-press.net\/gabon\/sites\/54\/2022\/12\/postQueueImg_1671117254.83.jpg\",\"keywords\":[\"Africa Press\",\"Africa Press-Gabon\",\"Gabon\"],\"articleSection\":[\"Communaut\u00e9\",\"Toutes les actualit\u00e9s\"],\"inLanguage\":\"fr-FR\",\"potentialAction\":[{\"@type\":\"CommentAction\",\"name\":\"Comment\",\"target\":[\"https:\/\/www.africa-press.net\/gabon\/politique\/trafic-illicite-de-biens-culturels-les-etats-de-la-ceeac-invites-a-ratifier-les-instruments-de-lutte#respond\"]}]},{\"@type\":\"WebPage\",\"@id\":\"https:\/\/www.africa-press.net\/gabon\/politique\/trafic-illicite-de-biens-culturels-les-etats-de-la-ceeac-invites-a-ratifier-les-instruments-de-lutte\",\"url\":\"https:\/\/www.africa-press.net\/gabon\/politique\/trafic-illicite-de-biens-culturels-les-etats-de-la-ceeac-invites-a-ratifier-les-instruments-de-lutte\",\"name\":\"Trafic illicite de biens culturels\u00a0: Les \u00c9tats de la CEEAC invit\u00e9s \u00e0 ratifier les instruments de lutte - Gabon\",\"isPartOf\":{\"@id\":\"https:\/\/www.africa-press.net\/gabon\/#website\"},\"primaryImageOfPage\":{\"@id\":\"https:\/\/www.africa-press.net\/gabon\/politique\/trafic-illicite-de-biens-culturels-les-etats-de-la-ceeac-invites-a-ratifier-les-instruments-de-lutte#primaryimage\"},\"image\":{\"@id\":\"https:\/\/www.africa-press.net\/gabon\/politique\/trafic-illicite-de-biens-culturels-les-etats-de-la-ceeac-invites-a-ratifier-les-instruments-de-lutte#primaryimage\"},\"thumbnailUrl\":\"https:\/\/static.africa-press.net\/gabon\/sites\/54\/2022\/12\/postQueueImg_1671117254.83.jpg\",\"datePublished\":\"2022-12-15T18:44:11+00:00\",\"author\":{\"@id\":\"https:\/\/www.africa-press.net\/gabon\/#\/schema\/person\/2b1cf3cd81a31e3cd26889ca66d677f1\"},\"breadcrumb\":{\"@id\":\"https:\/\/www.africa-press.net\/gabon\/politique\/trafic-illicite-de-biens-culturels-les-etats-de-la-ceeac-invites-a-ratifier-les-instruments-de-lutte#breadcrumb\"},\"inLanguage\":\"fr-FR\",\"potentialAction\":[{\"@type\":\"ReadAction\",\"target\":[\"https:\/\/www.africa-press.net\/gabon\/politique\/trafic-illicite-de-biens-culturels-les-etats-de-la-ceeac-invites-a-ratifier-les-instruments-de-lutte\"]}]},{\"@type\":\"ImageObject\",\"inLanguage\":\"fr-FR\",\"@id\":\"https:\/\/www.africa-press.net\/gabon\/politique\/trafic-illicite-de-biens-culturels-les-etats-de-la-ceeac-invites-a-ratifier-les-instruments-de-lutte#primaryimage\",\"url\":\"https:\/\/static.africa-press.net\/gabon\/sites\/54\/2022\/12\/postQueueImg_1671117254.83.jpg\",\"contentUrl\":\"https:\/\/static.africa-press.net\/gabon\/sites\/54\/2022\/12\/postQueueImg_1671117254.83.jpg\",\"width\":720,\"height\":419,\"caption\":\"Trafic illicite de biens culturels\u00a0: Les \u00c9tats de la CEEAC invit\u00e9s \u00e0 ratifier les instruments de lutte\"},{\"@type\":\"BreadcrumbList\",\"@id\":\"https:\/\/www.africa-press.net\/gabon\/politique\/trafic-illicite-de-biens-culturels-les-etats-de-la-ceeac-invites-a-ratifier-les-instruments-de-lutte#breadcrumb\",\"itemListElement\":[{\"@type\":\"ListItem\",\"position\":1,\"name\":\"Accueil\",\"item\":\"https:\/\/www.africa-press.net\/gabon\/\"},{\"@type\":\"ListItem\",\"position\":2,\"name\":\"Trafic illicite de biens culturels\u00a0: Les \u00c9tats de la CEEAC invit\u00e9s \u00e0 ratifier les instruments de lutte\"}]},{\"@type\":\"WebSite\",\"@id\":\"https:\/\/www.africa-press.net\/gabon\/#website\",\"url\":\"https:\/\/www.africa-press.net\/gabon\/\",\"name\":\"Gabon\",\"description\":\"Just another Africa News Agency Sites site\",\"potentialAction\":[{\"@type\":\"SearchAction\",\"target\":{\"@type\":\"EntryPoint\",\"urlTemplate\":\"https:\/\/www.africa-press.net\/gabon\/?s={search_term_string}\"},\"query-input\":{\"@type\":\"PropertyValueSpecification\",\"valueRequired\":true,\"valueName\":\"search_term_string\"}}],\"inLanguage\":\"fr-FR\"},{\"@type\":\"Person\",\"@id\":\"https:\/\/www.africa-press.net\/gabon\/#\/schema\/person\/2b1cf3cd81a31e3cd26889ca66d677f1\",\"name\":\"cfeditorfr\"}]}<\/script>\n<!-- \/ Yoast SEO Premium plugin. -->","yoast_head_json":{"title":"Trafic illicite de biens culturels\u00a0: Les \u00c9tats de la CEEAC invit\u00e9s \u00e0 ratifier les instruments de lutte - Gabon","robots":{"index":"index","follow":"follow","max-snippet":"max-snippet:-1","max-image-preview":"max-image-preview:large","max-video-preview":"max-video-preview:-1"},"canonical":"https:\/\/www.africa-press.net\/gabon\/politique\/trafic-illicite-de-biens-culturels-les-etats-de-la-ceeac-invites-a-ratifier-les-instruments-de-lutte","og_locale":"fr_FR","og_type":"article","og_title":"Trafic illicite de biens culturels\u00a0: Les \u00c9tats de la CEEAC invit\u00e9s \u00e0 ratifier les instruments de lutte","og_description":"Africa-Press &#8211; Gabon. Le ministre en charge de la Culture et des Arts, Pr Patrick Mouguiama-Daouda, a ouvert le 14 de\u0301cembre a\u0300 Libreville les travaux de l\u2019atelier de lutte contre le trafic illicite des biens culturels, sous le the\u0300me : \u00abMuse\u0301es et lutte contre le trafic illicite des biens culturels en Afrique centrale\u00bb. Dans la [&hellip;]","og_url":"https:\/\/www.africa-press.net\/gabon\/politique\/trafic-illicite-de-biens-culturels-les-etats-de-la-ceeac-invites-a-ratifier-les-instruments-de-lutte","og_site_name":"Gabon","article_published_time":"2022-12-15T18:44:11+00:00","author":"cfeditorfr","twitter_card":"summary_large_image","twitter_misc":{"\u00c9crit par":"cfeditorfr","Dur\u00e9e de lecture estim\u00e9e":"4 minutes"},"schema":{"@context":"https:\/\/schema.org","@graph":[{"@type":"Article","@id":"https:\/\/www.africa-press.net\/gabon\/politique\/trafic-illicite-de-biens-culturels-les-etats-de-la-ceeac-invites-a-ratifier-les-instruments-de-lutte#article","isPartOf":{"@id":"https:\/\/www.africa-press.net\/gabon\/politique\/trafic-illicite-de-biens-culturels-les-etats-de-la-ceeac-invites-a-ratifier-les-instruments-de-lutte"},"author":{"name":"cfeditorfr","@id":"https:\/\/www.africa-press.net\/gabon\/#\/schema\/person\/2b1cf3cd81a31e3cd26889ca66d677f1"},"headline":"Trafic illicite de biens culturels\u00a0: Les \u00c9tats de la CEEAC invit\u00e9s \u00e0 ratifier les instruments de lutte","datePublished":"2022-12-15T18:44:11+00:00","mainEntityOfPage":{"@id":"https:\/\/www.africa-press.net\/gabon\/politique\/trafic-illicite-de-biens-culturels-les-etats-de-la-ceeac-invites-a-ratifier-les-instruments-de-lutte"},"wordCount":763,"commentCount":0,"image":{"@id":"https:\/\/www.africa-press.net\/gabon\/politique\/trafic-illicite-de-biens-culturels-les-etats-de-la-ceeac-invites-a-ratifier-les-instruments-de-lutte#primaryimage"},"thumbnailUrl":"https:\/\/static.africa-press.net\/gabon\/sites\/54\/2022\/12\/postQueueImg_1671117254.83.jpg","keywords":["Africa Press","Africa Press-Gabon","Gabon"],"articleSection":["Communaut\u00e9","Toutes les actualit\u00e9s"],"inLanguage":"fr-FR","potentialAction":[{"@type":"CommentAction","name":"Comment","target":["https:\/\/www.africa-press.net\/gabon\/politique\/trafic-illicite-de-biens-culturels-les-etats-de-la-ceeac-invites-a-ratifier-les-instruments-de-lutte#respond"]}]},{"@type":"WebPage","@id":"https:\/\/www.africa-press.net\/gabon\/politique\/trafic-illicite-de-biens-culturels-les-etats-de-la-ceeac-invites-a-ratifier-les-instruments-de-lutte","url":"https:\/\/www.africa-press.net\/gabon\/politique\/trafic-illicite-de-biens-culturels-les-etats-de-la-ceeac-invites-a-ratifier-les-instruments-de-lutte","name":"Trafic illicite de biens culturels\u00a0: Les \u00c9tats de la CEEAC invit\u00e9s \u00e0 ratifier les instruments de lutte - Gabon","isPartOf":{"@id":"https:\/\/www.africa-press.net\/gabon\/#website"},"primaryImageOfPage":{"@id":"https:\/\/www.africa-press.net\/gabon\/politique\/trafic-illicite-de-biens-culturels-les-etats-de-la-ceeac-invites-a-ratifier-les-instruments-de-lutte#primaryimage"},"image":{"@id":"https:\/\/www.africa-press.net\/gabon\/politique\/trafic-illicite-de-biens-culturels-les-etats-de-la-ceeac-invites-a-ratifier-les-instruments-de-lutte#primaryimage"},"thumbnailUrl":"https:\/\/static.africa-press.net\/gabon\/sites\/54\/2022\/12\/postQueueImg_1671117254.83.jpg","datePublished":"2022-12-15T18:44:11+00:00","author":{"@id":"https:\/\/www.africa-press.net\/gabon\/#\/schema\/person\/2b1cf3cd81a31e3cd26889ca66d677f1"},"breadcrumb":{"@id":"https:\/\/www.africa-press.net\/gabon\/politique\/trafic-illicite-de-biens-culturels-les-etats-de-la-ceeac-invites-a-ratifier-les-instruments-de-lutte#breadcrumb"},"inLanguage":"fr-FR","potentialAction":[{"@type":"ReadAction","target":["https:\/\/www.africa-press.net\/gabon\/politique\/trafic-illicite-de-biens-culturels-les-etats-de-la-ceeac-invites-a-ratifier-les-instruments-de-lutte"]}]},{"@type":"ImageObject","inLanguage":"fr-FR","@id":"https:\/\/www.africa-press.net\/gabon\/politique\/trafic-illicite-de-biens-culturels-les-etats-de-la-ceeac-invites-a-ratifier-les-instruments-de-lutte#primaryimage","url":"https:\/\/static.africa-press.net\/gabon\/sites\/54\/2022\/12\/postQueueImg_1671117254.83.jpg","contentUrl":"https:\/\/static.africa-press.net\/gabon\/sites\/54\/2022\/12\/postQueueImg_1671117254.83.jpg","width":720,"height":419,"caption":"Trafic illicite de biens culturels\u00a0: Les \u00c9tats de la CEEAC invit\u00e9s \u00e0 ratifier les instruments de lutte"},{"@type":"BreadcrumbList","@id":"https:\/\/www.africa-press.net\/gabon\/politique\/trafic-illicite-de-biens-culturels-les-etats-de-la-ceeac-invites-a-ratifier-les-instruments-de-lutte#breadcrumb","itemListElement":[{"@type":"ListItem","position":1,"name":"Accueil","item":"https:\/\/www.africa-press.net\/gabon\/"},{"@type":"ListItem","position":2,"name":"Trafic illicite de biens culturels\u00a0: Les \u00c9tats de la CEEAC invit\u00e9s \u00e0 ratifier les instruments de lutte"}]},{"@type":"WebSite","@id":"https:\/\/www.africa-press.net\/gabon\/#website","url":"https:\/\/www.africa-press.net\/gabon\/","name":"Gabon","description":"Just another Africa News Agency Sites site","potentialAction":[{"@type":"SearchAction","target":{"@type":"EntryPoint","urlTemplate":"https:\/\/www.africa-press.net\/gabon\/?s={search_term_string}"},"query-input":{"@type":"PropertyValueSpecification","valueRequired":true,"valueName":"search_term_string"}}],"inLanguage":"fr-FR"},{"@type":"Person","@id":"https:\/\/www.africa-press.net\/gabon\/#\/schema\/person\/2b1cf3cd81a31e3cd26889ca66d677f1","name":"cfeditorfr"}]}},"_links":{"self":[{"href":"https:\/\/www.africa-press.net\/gabon\/wp-json\/wp\/v2\/posts\/13916","targetHints":{"allow":["GET"]}}],"collection":[{"href":"https:\/\/www.africa-press.net\/gabon\/wp-json\/wp\/v2\/posts"}],"about":[{"href":"https:\/\/www.africa-press.net\/gabon\/wp-json\/wp\/v2\/types\/post"}],"author":[{"embeddable":true,"href":"https:\/\/www.africa-press.net\/gabon\/wp-json\/wp\/v2\/users\/82"}],"replies":[{"embeddable":true,"href":"https:\/\/www.africa-press.net\/gabon\/wp-json\/wp\/v2\/comments?post=13916"}],"version-history":[{"count":0,"href":"https:\/\/www.africa-press.net\/gabon\/wp-json\/wp\/v2\/posts\/13916\/revisions"}],"wp:featuredmedia":[{"embeddable":true,"href":"https:\/\/www.africa-press.net\/gabon\/wp-json\/wp\/v2\/media\/13915"}],"wp:attachment":[{"href":"https:\/\/www.africa-press.net\/gabon\/wp-json\/wp\/v2\/media?parent=13916"}],"wp:term":[{"taxonomy":"category","embeddable":true,"href":"https:\/\/www.africa-press.net\/gabon\/wp-json\/wp\/v2\/categories?post=13916"},{"taxonomy":"post_tag","embeddable":true,"href":"https:\/\/www.africa-press.net\/gabon\/wp-json\/wp\/v2\/tags?post=13916"}],"curies":[{"name":"wp","href":"https:\/\/api.w.org\/{rel}","templated":true}]}}