{"id":13918,"date":"2022-12-15T18:44:18","date_gmt":"2022-12-15T18:44:18","guid":{"rendered":"https:\/\/www.africa-press.net\/gabon\/politique\/gabon-les-democrates-annoncent-leur-participation-aux-scrutins-de-2023"},"modified":"2022-12-15T18:44:18","modified_gmt":"2022-12-15T18:44:18","slug":"gabon-les-democrates-annoncent-leur-participation-aux-scrutins-de-2023","status":"publish","type":"post","link":"https:\/\/www.africa-press.net\/gabon\/politique\/gabon-les-democrates-annoncent-leur-participation-aux-scrutins-de-2023","title":{"rendered":"Gabon : Les D\u00e9mocrates annoncent leur participation aux scrutins de 2023"},"content":{"rendered":"<p><span style=\"color: #ff6600\"><strong>Africa-Press &#8211; Gabon. <\/strong><\/span>A\u0300 la veille de la comparution de Guy Nzouba Ndama devant la Cour d\u2019appel de Franceville, et craignant \u00abune condamnation politique dont les conse\u0301quences sur la paix sociale et civile dans ce pays restent fortement a\u0300 redouter\u00bb, Se\u0301raphin Akure-Davain, pre\u0301sident honoraire des De\u0301mocrates, a annonce\u0301 ce jeudi la participation de sa formation politique aux e\u0301che\u0301ances e\u0301lectorales de 2023, non sans re\u0301ite\u0301rer le soutien du parti a\u0300 son leader accuse\u0301 d<b>e \u00abtransport d\u2019argent non de\u0301clare\u0301\u00bb.<\/b><\/p>\n<p>Pour la premie\u0300re fois, Les De\u0301mocrates se sont prononce\u0301s officiellement sur l\u2019affaire du \u00abtransport d\u2019argent non de\u0301clare\u0301\u00bb impliquant leur dirigeant. Alors que Guy Nzouba Ndama devrait comparaitre, le 16 du mois en cours, a\u0300 la Cour d\u2019appel de Franceville, tous les hie\u0301rarques, les militants et sympathisants se sont retrouve\u0301s ce jeudi 15 de\u0301cembre pour une \u00abde\u0301claration de soutien\u00bb lue par le pre\u0301sident honoraire de cette formation politique, Se\u0301raphin Akure-Davain.<\/p>\n<p>Il fait savoir que depuis le de\u0301but de cette affaire, ils ont laisse\u0301 les avocats agir, mais ont dore\u0301navant de\u0301cide\u0301 de de\u0301noncer la \u00abviolation flagrante des droits par des agents de l\u2019E\u0301tat, me\u0301connaissant sciemment ou inconsciemment la bonne application des textes douaniers en vigueur dans l\u2019espace Cemac\u00bb. Ce qui lui fait dire que \u00abLes De\u0301mocrates tiennent de\u0301sormais a\u0300 donner de la voix pour s\u2019insurger vigoureusement, au vu des pie\u0300ces du dossier de\u0301ja\u0300 connu, contre la volonte\u0301 du pouvoir ou de certains donneurs d\u2019ordre qui, tirant les ficelles au sein de ce pouvoir, transforment un pre\u0301sume\u0301 proble\u0300me administratif et financier en une affaire judiciaire qui s\u2019enlise\u00bb.<\/p>\n<p>Les De\u0301mocrates s\u2019insurgent une nouvelle fois contre la dignite\u0301 bafoue\u0301e de leur leader au moment de son interpellation et regrettent le fait qu\u2019on n\u2019ait pas tenu \u00abcompte de la pre\u0301somption d\u2019innocence, ni de la souillure de son image et encore moins de tous les pre\u0301judices que cela aurait pu occasionner tant sur sa personne que sur les membres de sa famille biologique et politique\u00bb.<\/p>\n<p>\u00abAu regard de cet enlisement, laisse entendre le pre\u0301sident honoraire, Les De\u0301mocrates tiennent-ils a\u0300 de\u0301noncer, sans peur aucune, la man\u0153uvre du pouvoir ou des donneurs d\u2019ordre tapis dans l\u2019ombre, pour amputer notre formation politique, deuxie\u0300me force du pays, de sa te\u0302te, comme on ampute un train de sa locomotive pour l\u2019empe\u0302cher de se mouvoir\u00bb.<\/p>\n<p>Se\u0301raphin Akure-Davain fustige ainsi \u00abla volonte\u0301 de re\u0301duire au silence un adversaire affute\u0301, redoutable et serein qui a choisi de combattre a\u0300 la re\u0301gulie\u0300re un pouvoir brouillon et empe\u0302tre\u0301 dans l\u2019amateurisme\u00bb. Il renche\u0301rit en faisant savoir que leur formation politique exige que Justice soit simplement rendue au pre\u0301sident Nzouba Ndama afin qu\u2019il recouvre sa totale liberte\u0301 et retrouve par la me\u0302me occasion sa place dans l\u2019are\u0300ne politique. \u00abNous prenons a\u0300 te\u0301moin l\u2019opinion nationale et internationale sur les risques d\u2019une condamnation politique dont les conse\u0301quences sur la paix sociale et civile dans ce pays restent fortement a\u0300 redouter\u00bb, a-t-il averti, avant d\u2019annoncer la pre\u0301sence de Les De\u0301mocrates aux prochaines e\u0301che\u0301ances e\u0301lectorales de 2023.<\/p>\n<p><strong>Pour plus d&rsquo;informations et d&rsquo;analyses sur la <a href=\"https:\/\/www.africa-press.net\/gabon\">Gabon<\/a>, suivez <a href=\"https:\/\/www.africa-press.net\/\">Africa-Press<\/a><\/strong><\/p>\n","protected":false},"excerpt":{"rendered":"<p>Africa-Press &#8211; Gabon. A\u0300 la veille de la comparution de Guy Nzouba Ndama devant la Cour d\u2019appel de Franceville, et craignant \u00abune condamnation politique dont les conse\u0301quences sur la paix sociale et civile dans ce pays restent fortement a\u0300 redouter\u00bb, Se\u0301raphin Akure-Davain, pre\u0301sident honoraire des De\u0301mocrates, a annonce\u0301 ce jeudi la participation de sa formation [&hellip;]<\/p>\n","protected":false},"author":82,"featured_media":13917,"comment_status":"open","ping_status":"closed","sticky":false,"template":"","format":"standard","meta":{"footnotes":""},"categories":[2,10],"tags":[36,50,49],"class_list":["post-13918","post","type-post","status-publish","format-standard","has-post-thumbnail","hentry","category-politique","category-toutes-les-actualites","tag-africa-press","tag-africa-press-gabon","tag-gabon"],"yoast_head":"<!-- This site is optimized with the Yoast SEO Premium plugin v26.1 (Yoast SEO v27.0) - https:\/\/yoast.com\/product\/yoast-seo-premium-wordpress\/ -->\n<title>Gabon : Les D\u00e9mocrates annoncent leur participation aux scrutins de 2023 - Gabon<\/title>\n<meta name=\"robots\" content=\"index, follow, max-snippet:-1, max-image-preview:large, max-video-preview:-1\" \/>\n<link rel=\"canonical\" href=\"https:\/\/www.africa-press.net\/gabon\/politique\/gabon-les-democrates-annoncent-leur-participation-aux-scrutins-de-2023\" \/>\n<meta property=\"og:locale\" content=\"fr_FR\" \/>\n<meta property=\"og:type\" content=\"article\" \/>\n<meta property=\"og:title\" content=\"Gabon : Les D\u00e9mocrates annoncent leur participation aux scrutins de 2023\" \/>\n<meta property=\"og:description\" content=\"Africa-Press &#8211; Gabon. A\u0300 la veille de la comparution de Guy Nzouba Ndama devant la Cour d\u2019appel de Franceville, et craignant \u00abune condamnation politique dont les conse\u0301quences sur la paix sociale et civile dans ce pays restent fortement a\u0300 redouter\u00bb, Se\u0301raphin Akure-Davain, pre\u0301sident honoraire des De\u0301mocrates, a annonce\u0301 ce jeudi la participation de sa formation [&hellip;]\" \/>\n<meta property=\"og:url\" content=\"https:\/\/www.africa-press.net\/gabon\/politique\/gabon-les-democrates-annoncent-leur-participation-aux-scrutins-de-2023\" \/>\n<meta property=\"og:site_name\" content=\"Gabon\" \/>\n<meta property=\"article:published_time\" content=\"2022-12-15T18:44:18+00:00\" \/>\n<meta name=\"author\" content=\"cfeditorfr\" \/>\n<meta name=\"twitter:card\" content=\"summary_large_image\" \/>\n<meta name=\"twitter:label1\" content=\"\u00c9crit par\" \/>\n\t<meta name=\"twitter:data1\" content=\"cfeditorfr\" \/>\n\t<meta name=\"twitter:label2\" content=\"Dur\u00e9e de lecture estim\u00e9e\" \/>\n\t<meta name=\"twitter:data2\" content=\"3 minutes\" \/>\n<script type=\"application\/ld+json\" class=\"yoast-schema-graph\">{\"@context\":\"https:\/\/schema.org\",\"@graph\":[{\"@type\":\"Article\",\"@id\":\"https:\/\/www.africa-press.net\/gabon\/politique\/gabon-les-democrates-annoncent-leur-participation-aux-scrutins-de-2023#article\",\"isPartOf\":{\"@id\":\"https:\/\/www.africa-press.net\/gabon\/politique\/gabon-les-democrates-annoncent-leur-participation-aux-scrutins-de-2023\"},\"author\":{\"name\":\"cfeditorfr\",\"@id\":\"https:\/\/www.africa-press.net\/gabon\/#\/schema\/person\/2b1cf3cd81a31e3cd26889ca66d677f1\"},\"headline\":\"Gabon : Les D\u00e9mocrates annoncent leur participation aux scrutins de 2023\",\"datePublished\":\"2022-12-15T18:44:18+00:00\",\"mainEntityOfPage\":{\"@id\":\"https:\/\/www.africa-press.net\/gabon\/politique\/gabon-les-democrates-annoncent-leur-participation-aux-scrutins-de-2023\"},\"wordCount\":581,\"commentCount\":0,\"image\":{\"@id\":\"https:\/\/www.africa-press.net\/gabon\/politique\/gabon-les-democrates-annoncent-leur-participation-aux-scrutins-de-2023#primaryimage\"},\"thumbnailUrl\":\"https:\/\/static.africa-press.net\/gabon\/sites\/54\/2022\/12\/postQueueImg_1671117263.02.jpg\",\"keywords\":[\"Africa Press\",\"Africa Press-Gabon\",\"Gabon\"],\"articleSection\":[\"Politique\",\"Toutes les actualit\u00e9s\"],\"inLanguage\":\"fr-FR\",\"potentialAction\":[{\"@type\":\"CommentAction\",\"name\":\"Comment\",\"target\":[\"https:\/\/www.africa-press.net\/gabon\/politique\/gabon-les-democrates-annoncent-leur-participation-aux-scrutins-de-2023#respond\"]}]},{\"@type\":\"WebPage\",\"@id\":\"https:\/\/www.africa-press.net\/gabon\/politique\/gabon-les-democrates-annoncent-leur-participation-aux-scrutins-de-2023\",\"url\":\"https:\/\/www.africa-press.net\/gabon\/politique\/gabon-les-democrates-annoncent-leur-participation-aux-scrutins-de-2023\",\"name\":\"Gabon : Les D\u00e9mocrates annoncent leur participation aux scrutins de 2023 - Gabon\",\"isPartOf\":{\"@id\":\"https:\/\/www.africa-press.net\/gabon\/#website\"},\"primaryImageOfPage\":{\"@id\":\"https:\/\/www.africa-press.net\/gabon\/politique\/gabon-les-democrates-annoncent-leur-participation-aux-scrutins-de-2023#primaryimage\"},\"image\":{\"@id\":\"https:\/\/www.africa-press.net\/gabon\/politique\/gabon-les-democrates-annoncent-leur-participation-aux-scrutins-de-2023#primaryimage\"},\"thumbnailUrl\":\"https:\/\/static.africa-press.net\/gabon\/sites\/54\/2022\/12\/postQueueImg_1671117263.02.jpg\",\"datePublished\":\"2022-12-15T18:44:18+00:00\",\"author\":{\"@id\":\"https:\/\/www.africa-press.net\/gabon\/#\/schema\/person\/2b1cf3cd81a31e3cd26889ca66d677f1\"},\"breadcrumb\":{\"@id\":\"https:\/\/www.africa-press.net\/gabon\/politique\/gabon-les-democrates-annoncent-leur-participation-aux-scrutins-de-2023#breadcrumb\"},\"inLanguage\":\"fr-FR\",\"potentialAction\":[{\"@type\":\"ReadAction\",\"target\":[\"https:\/\/www.africa-press.net\/gabon\/politique\/gabon-les-democrates-annoncent-leur-participation-aux-scrutins-de-2023\"]}]},{\"@type\":\"ImageObject\",\"inLanguage\":\"fr-FR\",\"@id\":\"https:\/\/www.africa-press.net\/gabon\/politique\/gabon-les-democrates-annoncent-leur-participation-aux-scrutins-de-2023#primaryimage\",\"url\":\"https:\/\/static.africa-press.net\/gabon\/sites\/54\/2022\/12\/postQueueImg_1671117263.02.jpg\",\"contentUrl\":\"https:\/\/static.africa-press.net\/gabon\/sites\/54\/2022\/12\/postQueueImg_1671117263.02.jpg\",\"width\":720,\"height\":525,\"caption\":\"Gabon : Les D\u00e9mocrates annoncent leur participation aux scrutins de 2023\"},{\"@type\":\"BreadcrumbList\",\"@id\":\"https:\/\/www.africa-press.net\/gabon\/politique\/gabon-les-democrates-annoncent-leur-participation-aux-scrutins-de-2023#breadcrumb\",\"itemListElement\":[{\"@type\":\"ListItem\",\"position\":1,\"name\":\"Accueil\",\"item\":\"https:\/\/www.africa-press.net\/gabon\/\"},{\"@type\":\"ListItem\",\"position\":2,\"name\":\"Gabon : Les D\u00e9mocrates annoncent leur participation aux scrutins de 2023\"}]},{\"@type\":\"WebSite\",\"@id\":\"https:\/\/www.africa-press.net\/gabon\/#website\",\"url\":\"https:\/\/www.africa-press.net\/gabon\/\",\"name\":\"Gabon\",\"description\":\"Just another Africa News Agency Sites site\",\"potentialAction\":[{\"@type\":\"SearchAction\",\"target\":{\"@type\":\"EntryPoint\",\"urlTemplate\":\"https:\/\/www.africa-press.net\/gabon\/?s={search_term_string}\"},\"query-input\":{\"@type\":\"PropertyValueSpecification\",\"valueRequired\":true,\"valueName\":\"search_term_string\"}}],\"inLanguage\":\"fr-FR\"},{\"@type\":\"Person\",\"@id\":\"https:\/\/www.africa-press.net\/gabon\/#\/schema\/person\/2b1cf3cd81a31e3cd26889ca66d677f1\",\"name\":\"cfeditorfr\"}]}<\/script>\n<!-- \/ Yoast SEO Premium plugin. -->","yoast_head_json":{"title":"Gabon : Les D\u00e9mocrates annoncent leur participation aux scrutins de 2023 - Gabon","robots":{"index":"index","follow":"follow","max-snippet":"max-snippet:-1","max-image-preview":"max-image-preview:large","max-video-preview":"max-video-preview:-1"},"canonical":"https:\/\/www.africa-press.net\/gabon\/politique\/gabon-les-democrates-annoncent-leur-participation-aux-scrutins-de-2023","og_locale":"fr_FR","og_type":"article","og_title":"Gabon : Les D\u00e9mocrates annoncent leur participation aux scrutins de 2023","og_description":"Africa-Press &#8211; Gabon. A\u0300 la veille de la comparution de Guy Nzouba Ndama devant la Cour d\u2019appel de Franceville, et craignant \u00abune condamnation politique dont les conse\u0301quences sur la paix sociale et civile dans ce pays restent fortement a\u0300 redouter\u00bb, Se\u0301raphin Akure-Davain, pre\u0301sident honoraire des De\u0301mocrates, a annonce\u0301 ce jeudi la participation de sa formation [&hellip;]","og_url":"https:\/\/www.africa-press.net\/gabon\/politique\/gabon-les-democrates-annoncent-leur-participation-aux-scrutins-de-2023","og_site_name":"Gabon","article_published_time":"2022-12-15T18:44:18+00:00","author":"cfeditorfr","twitter_card":"summary_large_image","twitter_misc":{"\u00c9crit par":"cfeditorfr","Dur\u00e9e de lecture estim\u00e9e":"3 minutes"},"schema":{"@context":"https:\/\/schema.org","@graph":[{"@type":"Article","@id":"https:\/\/www.africa-press.net\/gabon\/politique\/gabon-les-democrates-annoncent-leur-participation-aux-scrutins-de-2023#article","isPartOf":{"@id":"https:\/\/www.africa-press.net\/gabon\/politique\/gabon-les-democrates-annoncent-leur-participation-aux-scrutins-de-2023"},"author":{"name":"cfeditorfr","@id":"https:\/\/www.africa-press.net\/gabon\/#\/schema\/person\/2b1cf3cd81a31e3cd26889ca66d677f1"},"headline":"Gabon : Les D\u00e9mocrates annoncent leur participation aux scrutins de 2023","datePublished":"2022-12-15T18:44:18+00:00","mainEntityOfPage":{"@id":"https:\/\/www.africa-press.net\/gabon\/politique\/gabon-les-democrates-annoncent-leur-participation-aux-scrutins-de-2023"},"wordCount":581,"commentCount":0,"image":{"@id":"https:\/\/www.africa-press.net\/gabon\/politique\/gabon-les-democrates-annoncent-leur-participation-aux-scrutins-de-2023#primaryimage"},"thumbnailUrl":"https:\/\/static.africa-press.net\/gabon\/sites\/54\/2022\/12\/postQueueImg_1671117263.02.jpg","keywords":["Africa Press","Africa Press-Gabon","Gabon"],"articleSection":["Politique","Toutes les actualit\u00e9s"],"inLanguage":"fr-FR","potentialAction":[{"@type":"CommentAction","name":"Comment","target":["https:\/\/www.africa-press.net\/gabon\/politique\/gabon-les-democrates-annoncent-leur-participation-aux-scrutins-de-2023#respond"]}]},{"@type":"WebPage","@id":"https:\/\/www.africa-press.net\/gabon\/politique\/gabon-les-democrates-annoncent-leur-participation-aux-scrutins-de-2023","url":"https:\/\/www.africa-press.net\/gabon\/politique\/gabon-les-democrates-annoncent-leur-participation-aux-scrutins-de-2023","name":"Gabon : Les D\u00e9mocrates annoncent leur participation aux scrutins de 2023 - Gabon","isPartOf":{"@id":"https:\/\/www.africa-press.net\/gabon\/#website"},"primaryImageOfPage":{"@id":"https:\/\/www.africa-press.net\/gabon\/politique\/gabon-les-democrates-annoncent-leur-participation-aux-scrutins-de-2023#primaryimage"},"image":{"@id":"https:\/\/www.africa-press.net\/gabon\/politique\/gabon-les-democrates-annoncent-leur-participation-aux-scrutins-de-2023#primaryimage"},"thumbnailUrl":"https:\/\/static.africa-press.net\/gabon\/sites\/54\/2022\/12\/postQueueImg_1671117263.02.jpg","datePublished":"2022-12-15T18:44:18+00:00","author":{"@id":"https:\/\/www.africa-press.net\/gabon\/#\/schema\/person\/2b1cf3cd81a31e3cd26889ca66d677f1"},"breadcrumb":{"@id":"https:\/\/www.africa-press.net\/gabon\/politique\/gabon-les-democrates-annoncent-leur-participation-aux-scrutins-de-2023#breadcrumb"},"inLanguage":"fr-FR","potentialAction":[{"@type":"ReadAction","target":["https:\/\/www.africa-press.net\/gabon\/politique\/gabon-les-democrates-annoncent-leur-participation-aux-scrutins-de-2023"]}]},{"@type":"ImageObject","inLanguage":"fr-FR","@id":"https:\/\/www.africa-press.net\/gabon\/politique\/gabon-les-democrates-annoncent-leur-participation-aux-scrutins-de-2023#primaryimage","url":"https:\/\/static.africa-press.net\/gabon\/sites\/54\/2022\/12\/postQueueImg_1671117263.02.jpg","contentUrl":"https:\/\/static.africa-press.net\/gabon\/sites\/54\/2022\/12\/postQueueImg_1671117263.02.jpg","width":720,"height":525,"caption":"Gabon : Les D\u00e9mocrates annoncent leur participation aux scrutins de 2023"},{"@type":"BreadcrumbList","@id":"https:\/\/www.africa-press.net\/gabon\/politique\/gabon-les-democrates-annoncent-leur-participation-aux-scrutins-de-2023#breadcrumb","itemListElement":[{"@type":"ListItem","position":1,"name":"Accueil","item":"https:\/\/www.africa-press.net\/gabon\/"},{"@type":"ListItem","position":2,"name":"Gabon : Les D\u00e9mocrates annoncent leur participation aux scrutins de 2023"}]},{"@type":"WebSite","@id":"https:\/\/www.africa-press.net\/gabon\/#website","url":"https:\/\/www.africa-press.net\/gabon\/","name":"Gabon","description":"Just another Africa News Agency Sites site","potentialAction":[{"@type":"SearchAction","target":{"@type":"EntryPoint","urlTemplate":"https:\/\/www.africa-press.net\/gabon\/?s={search_term_string}"},"query-input":{"@type":"PropertyValueSpecification","valueRequired":true,"valueName":"search_term_string"}}],"inLanguage":"fr-FR"},{"@type":"Person","@id":"https:\/\/www.africa-press.net\/gabon\/#\/schema\/person\/2b1cf3cd81a31e3cd26889ca66d677f1","name":"cfeditorfr"}]}},"_links":{"self":[{"href":"https:\/\/www.africa-press.net\/gabon\/wp-json\/wp\/v2\/posts\/13918","targetHints":{"allow":["GET"]}}],"collection":[{"href":"https:\/\/www.africa-press.net\/gabon\/wp-json\/wp\/v2\/posts"}],"about":[{"href":"https:\/\/www.africa-press.net\/gabon\/wp-json\/wp\/v2\/types\/post"}],"author":[{"embeddable":true,"href":"https:\/\/www.africa-press.net\/gabon\/wp-json\/wp\/v2\/users\/82"}],"replies":[{"embeddable":true,"href":"https:\/\/www.africa-press.net\/gabon\/wp-json\/wp\/v2\/comments?post=13918"}],"version-history":[{"count":0,"href":"https:\/\/www.africa-press.net\/gabon\/wp-json\/wp\/v2\/posts\/13918\/revisions"}],"wp:featuredmedia":[{"embeddable":true,"href":"https:\/\/www.africa-press.net\/gabon\/wp-json\/wp\/v2\/media\/13917"}],"wp:attachment":[{"href":"https:\/\/www.africa-press.net\/gabon\/wp-json\/wp\/v2\/media?parent=13918"}],"wp:term":[{"taxonomy":"category","embeddable":true,"href":"https:\/\/www.africa-press.net\/gabon\/wp-json\/wp\/v2\/categories?post=13918"},{"taxonomy":"post_tag","embeddable":true,"href":"https:\/\/www.africa-press.net\/gabon\/wp-json\/wp\/v2\/tags?post=13918"}],"curies":[{"name":"wp","href":"https:\/\/api.w.org\/{rel}","templated":true}]}}