{"id":13920,"date":"2022-12-15T18:44:26","date_gmt":"2022-12-15T18:44:26","guid":{"rendered":"https:\/\/www.africa-press.net\/gabon\/politique\/gabon-les-magistrats-de-nouveau-en-greve"},"modified":"2022-12-15T18:44:26","modified_gmt":"2022-12-15T18:44:26","slug":"gabon-les-magistrats-de-nouveau-en-greve","status":"publish","type":"post","link":"https:\/\/www.africa-press.net\/gabon\/toutes-les-actualites\/gabon-les-magistrats-de-nouveau-en-greve","title":{"rendered":"Gabon : les magistrats de nouveau en gr\u00e8ve"},"content":{"rendered":"<p><span style=\"color: #ff6600\"><strong>Africa-Press &#8211; Gabon. <\/strong><\/span>S\u2019ils avaient consenti a\u0300 suspendre leur mouvement a\u0300 la faveur de l\u2019ouverture des discussions avec le ministe\u0300re de la Justice, les magistrats gabonais sont officiellement rentre\u0301s en gre\u0300ve ce jeudi 15 de\u0301cembre pour re\u0301clamer de meilleures conditions de travail, entre autres.<\/p>\n<p>Apre\u0300s plusieurs mois d\u2019accalmie, le Syndicat national des magistrats (Synamag) a de\u0301cide\u0301 de de\u0301terrer la hache de guerre. A\u0300 la faveur de l\u2019ouverture des ne\u0301gociations avec la tutelle, l\u2019organisation avait consenti a\u0300 suspendre son pre\u0301avis de gre\u0300ve en janvier dernier. Un an apre\u0300s, les choses n\u2019auraient pas bouge\u0301 dans le sens souhaite\u0301 par Germain Nguema Ella et ses colle\u0300gues.<\/p>\n<p>Ce nouveau de\u0301brayage, espe\u0300re le pre\u0301sident du syndicat, devrait conduire le gouvernement a\u0300 re\u0301pondre favorablement a\u0300 leurs diffe\u0301rentes revendications qui vont de l\u2019adoption du projet de statuts des magistrats visant une meilleure organisation de la justice au Gabon a\u0300 la construction d\u2019un sie\u0300ge, en passant par la promotion des valeurs d\u2019e\u0301thique et de de\u0301ontologie. Le Synamag revendique e\u0301galement depuis quelque temps l\u2019ame\u0301lioration de leurs conditions de travail et de vie a\u0300 travers la dotation en moyens roulants, conforme\u0301ment a\u0300 un de\u0301cret datant de 2013.<\/p>\n<p>Les magistrats, qui ne diraient pas non a\u0300 une dotation en costume d\u2019audience, pre\u0301voient toutefois de respecter le principe d\u2019un service minimum tel qu\u2019impose\u0301 par la loi. Reste a\u0300 en de\u0301finir le fonctionnement.<\/p>\n<p><strong>Pour plus d&rsquo;informations et d&rsquo;analyses sur la <a href=\"https:\/\/www.africa-press.net\/gabon\">Gabon<\/a>, suivez <a href=\"https:\/\/www.africa-press.net\/\">Africa-Press<\/a><\/strong><\/p>\n","protected":false},"excerpt":{"rendered":"<p>Africa-Press &#8211; Gabon. S\u2019ils avaient consenti a\u0300 suspendre leur mouvement a\u0300 la faveur de l\u2019ouverture des discussions avec le ministe\u0300re de la Justice, les magistrats gabonais sont officiellement rentre\u0301s en gre\u0300ve ce jeudi 15 de\u0301cembre pour re\u0301clamer de meilleures conditions de travail, entre autres. Apre\u0300s plusieurs mois d\u2019accalmie, le Syndicat national des magistrats (Synamag) a [&hellip;]<\/p>\n","protected":false},"author":82,"featured_media":13919,"comment_status":"open","ping_status":"closed","sticky":false,"template":"","format":"standard","meta":{"footnotes":""},"categories":[21,10],"tags":[36,50,49],"class_list":["post-13920","post","type-post","status-publish","format-standard","has-post-thumbnail","hentry","category-communaute","category-toutes-les-actualites","tag-africa-press","tag-africa-press-gabon","tag-gabon"],"yoast_head":"<!-- This site is optimized with the Yoast SEO Premium plugin v26.1 (Yoast SEO v27.0) - https:\/\/yoast.com\/product\/yoast-seo-premium-wordpress\/ -->\n<title>Gabon : les magistrats de nouveau en gr\u00e8ve - Gabon<\/title>\n<meta name=\"robots\" content=\"index, follow, max-snippet:-1, max-image-preview:large, max-video-preview:-1\" \/>\n<link rel=\"canonical\" href=\"https:\/\/www.africa-press.net\/gabon\/politique\/gabon-les-magistrats-de-nouveau-en-greve\" \/>\n<meta property=\"og:locale\" content=\"fr_FR\" \/>\n<meta property=\"og:type\" content=\"article\" \/>\n<meta property=\"og:title\" content=\"Gabon : les magistrats de nouveau en gr\u00e8ve\" \/>\n<meta property=\"og:description\" content=\"Africa-Press &#8211; Gabon. S\u2019ils avaient consenti a\u0300 suspendre leur mouvement a\u0300 la faveur de l\u2019ouverture des discussions avec le ministe\u0300re de la Justice, les magistrats gabonais sont officiellement rentre\u0301s en gre\u0300ve ce jeudi 15 de\u0301cembre pour re\u0301clamer de meilleures conditions de travail, entre autres. Apre\u0300s plusieurs mois d\u2019accalmie, le Syndicat national des magistrats (Synamag) a [&hellip;]\" \/>\n<meta property=\"og:url\" content=\"https:\/\/www.africa-press.net\/gabon\/politique\/gabon-les-magistrats-de-nouveau-en-greve\" \/>\n<meta property=\"og:site_name\" content=\"Gabon\" \/>\n<meta property=\"article:published_time\" content=\"2022-12-15T18:44:26+00:00\" \/>\n<meta name=\"author\" content=\"cfeditorfr\" \/>\n<meta name=\"twitter:card\" content=\"summary_large_image\" \/>\n<meta name=\"twitter:label1\" content=\"\u00c9crit par\" \/>\n\t<meta name=\"twitter:data1\" content=\"cfeditorfr\" \/>\n\t<meta name=\"twitter:label2\" content=\"Dur\u00e9e de lecture estim\u00e9e\" \/>\n\t<meta name=\"twitter:data2\" content=\"1 minute\" \/>\n<script type=\"application\/ld+json\" class=\"yoast-schema-graph\">{\"@context\":\"https:\/\/schema.org\",\"@graph\":[{\"@type\":\"Article\",\"@id\":\"https:\/\/www.africa-press.net\/gabon\/politique\/gabon-les-magistrats-de-nouveau-en-greve#article\",\"isPartOf\":{\"@id\":\"https:\/\/www.africa-press.net\/gabon\/politique\/gabon-les-magistrats-de-nouveau-en-greve\"},\"author\":{\"name\":\"cfeditorfr\",\"@id\":\"https:\/\/www.africa-press.net\/gabon\/#\/schema\/person\/2b1cf3cd81a31e3cd26889ca66d677f1\"},\"headline\":\"Gabon : les magistrats de nouveau en gr\u00e8ve\",\"datePublished\":\"2022-12-15T18:44:26+00:00\",\"mainEntityOfPage\":{\"@id\":\"https:\/\/www.africa-press.net\/gabon\/politique\/gabon-les-magistrats-de-nouveau-en-greve\"},\"wordCount\":278,\"commentCount\":0,\"image\":{\"@id\":\"https:\/\/www.africa-press.net\/gabon\/politique\/gabon-les-magistrats-de-nouveau-en-greve#primaryimage\"},\"thumbnailUrl\":\"https:\/\/static.africa-press.net\/gabon\/sites\/54\/2022\/12\/postQueueImg_1671117273.65.jpg\",\"keywords\":[\"Africa Press\",\"Africa Press-Gabon\",\"Gabon\"],\"articleSection\":[\"Communaut\u00e9\",\"Toutes les actualit\u00e9s\"],\"inLanguage\":\"fr-FR\",\"potentialAction\":[{\"@type\":\"CommentAction\",\"name\":\"Comment\",\"target\":[\"https:\/\/www.africa-press.net\/gabon\/politique\/gabon-les-magistrats-de-nouveau-en-greve#respond\"]}]},{\"@type\":\"WebPage\",\"@id\":\"https:\/\/www.africa-press.net\/gabon\/politique\/gabon-les-magistrats-de-nouveau-en-greve\",\"url\":\"https:\/\/www.africa-press.net\/gabon\/politique\/gabon-les-magistrats-de-nouveau-en-greve\",\"name\":\"Gabon : les magistrats de nouveau en gr\u00e8ve - Gabon\",\"isPartOf\":{\"@id\":\"https:\/\/www.africa-press.net\/gabon\/#website\"},\"primaryImageOfPage\":{\"@id\":\"https:\/\/www.africa-press.net\/gabon\/politique\/gabon-les-magistrats-de-nouveau-en-greve#primaryimage\"},\"image\":{\"@id\":\"https:\/\/www.africa-press.net\/gabon\/politique\/gabon-les-magistrats-de-nouveau-en-greve#primaryimage\"},\"thumbnailUrl\":\"https:\/\/static.africa-press.net\/gabon\/sites\/54\/2022\/12\/postQueueImg_1671117273.65.jpg\",\"datePublished\":\"2022-12-15T18:44:26+00:00\",\"author\":{\"@id\":\"https:\/\/www.africa-press.net\/gabon\/#\/schema\/person\/2b1cf3cd81a31e3cd26889ca66d677f1\"},\"breadcrumb\":{\"@id\":\"https:\/\/www.africa-press.net\/gabon\/politique\/gabon-les-magistrats-de-nouveau-en-greve#breadcrumb\"},\"inLanguage\":\"fr-FR\",\"potentialAction\":[{\"@type\":\"ReadAction\",\"target\":[\"https:\/\/www.africa-press.net\/gabon\/politique\/gabon-les-magistrats-de-nouveau-en-greve\"]}]},{\"@type\":\"ImageObject\",\"inLanguage\":\"fr-FR\",\"@id\":\"https:\/\/www.africa-press.net\/gabon\/politique\/gabon-les-magistrats-de-nouveau-en-greve#primaryimage\",\"url\":\"https:\/\/static.africa-press.net\/gabon\/sites\/54\/2022\/12\/postQueueImg_1671117273.65.jpg\",\"contentUrl\":\"https:\/\/static.africa-press.net\/gabon\/sites\/54\/2022\/12\/postQueueImg_1671117273.65.jpg\",\"width\":720,\"height\":472,\"caption\":\"Gabon : les magistrats de nouveau en gr\u00e8ve\"},{\"@type\":\"BreadcrumbList\",\"@id\":\"https:\/\/www.africa-press.net\/gabon\/politique\/gabon-les-magistrats-de-nouveau-en-greve#breadcrumb\",\"itemListElement\":[{\"@type\":\"ListItem\",\"position\":1,\"name\":\"Accueil\",\"item\":\"https:\/\/www.africa-press.net\/gabon\/\"},{\"@type\":\"ListItem\",\"position\":2,\"name\":\"Gabon : les magistrats de nouveau en gr\u00e8ve\"}]},{\"@type\":\"WebSite\",\"@id\":\"https:\/\/www.africa-press.net\/gabon\/#website\",\"url\":\"https:\/\/www.africa-press.net\/gabon\/\",\"name\":\"Gabon\",\"description\":\"Just another Africa News Agency Sites site\",\"potentialAction\":[{\"@type\":\"SearchAction\",\"target\":{\"@type\":\"EntryPoint\",\"urlTemplate\":\"https:\/\/www.africa-press.net\/gabon\/?s={search_term_string}\"},\"query-input\":{\"@type\":\"PropertyValueSpecification\",\"valueRequired\":true,\"valueName\":\"search_term_string\"}}],\"inLanguage\":\"fr-FR\"},{\"@type\":\"Person\",\"@id\":\"https:\/\/www.africa-press.net\/gabon\/#\/schema\/person\/2b1cf3cd81a31e3cd26889ca66d677f1\",\"name\":\"cfeditorfr\"}]}<\/script>\n<!-- \/ Yoast SEO Premium plugin. -->","yoast_head_json":{"title":"Gabon : les magistrats de nouveau en gr\u00e8ve - Gabon","robots":{"index":"index","follow":"follow","max-snippet":"max-snippet:-1","max-image-preview":"max-image-preview:large","max-video-preview":"max-video-preview:-1"},"canonical":"https:\/\/www.africa-press.net\/gabon\/politique\/gabon-les-magistrats-de-nouveau-en-greve","og_locale":"fr_FR","og_type":"article","og_title":"Gabon : les magistrats de nouveau en gr\u00e8ve","og_description":"Africa-Press &#8211; Gabon. S\u2019ils avaient consenti a\u0300 suspendre leur mouvement a\u0300 la faveur de l\u2019ouverture des discussions avec le ministe\u0300re de la Justice, les magistrats gabonais sont officiellement rentre\u0301s en gre\u0300ve ce jeudi 15 de\u0301cembre pour re\u0301clamer de meilleures conditions de travail, entre autres. Apre\u0300s plusieurs mois d\u2019accalmie, le Syndicat national des magistrats (Synamag) a [&hellip;]","og_url":"https:\/\/www.africa-press.net\/gabon\/politique\/gabon-les-magistrats-de-nouveau-en-greve","og_site_name":"Gabon","article_published_time":"2022-12-15T18:44:26+00:00","author":"cfeditorfr","twitter_card":"summary_large_image","twitter_misc":{"\u00c9crit par":"cfeditorfr","Dur\u00e9e de lecture estim\u00e9e":"1 minute"},"schema":{"@context":"https:\/\/schema.org","@graph":[{"@type":"Article","@id":"https:\/\/www.africa-press.net\/gabon\/politique\/gabon-les-magistrats-de-nouveau-en-greve#article","isPartOf":{"@id":"https:\/\/www.africa-press.net\/gabon\/politique\/gabon-les-magistrats-de-nouveau-en-greve"},"author":{"name":"cfeditorfr","@id":"https:\/\/www.africa-press.net\/gabon\/#\/schema\/person\/2b1cf3cd81a31e3cd26889ca66d677f1"},"headline":"Gabon : les magistrats de nouveau en gr\u00e8ve","datePublished":"2022-12-15T18:44:26+00:00","mainEntityOfPage":{"@id":"https:\/\/www.africa-press.net\/gabon\/politique\/gabon-les-magistrats-de-nouveau-en-greve"},"wordCount":278,"commentCount":0,"image":{"@id":"https:\/\/www.africa-press.net\/gabon\/politique\/gabon-les-magistrats-de-nouveau-en-greve#primaryimage"},"thumbnailUrl":"https:\/\/static.africa-press.net\/gabon\/sites\/54\/2022\/12\/postQueueImg_1671117273.65.jpg","keywords":["Africa Press","Africa Press-Gabon","Gabon"],"articleSection":["Communaut\u00e9","Toutes les actualit\u00e9s"],"inLanguage":"fr-FR","potentialAction":[{"@type":"CommentAction","name":"Comment","target":["https:\/\/www.africa-press.net\/gabon\/politique\/gabon-les-magistrats-de-nouveau-en-greve#respond"]}]},{"@type":"WebPage","@id":"https:\/\/www.africa-press.net\/gabon\/politique\/gabon-les-magistrats-de-nouveau-en-greve","url":"https:\/\/www.africa-press.net\/gabon\/politique\/gabon-les-magistrats-de-nouveau-en-greve","name":"Gabon : les magistrats de nouveau en gr\u00e8ve - Gabon","isPartOf":{"@id":"https:\/\/www.africa-press.net\/gabon\/#website"},"primaryImageOfPage":{"@id":"https:\/\/www.africa-press.net\/gabon\/politique\/gabon-les-magistrats-de-nouveau-en-greve#primaryimage"},"image":{"@id":"https:\/\/www.africa-press.net\/gabon\/politique\/gabon-les-magistrats-de-nouveau-en-greve#primaryimage"},"thumbnailUrl":"https:\/\/static.africa-press.net\/gabon\/sites\/54\/2022\/12\/postQueueImg_1671117273.65.jpg","datePublished":"2022-12-15T18:44:26+00:00","author":{"@id":"https:\/\/www.africa-press.net\/gabon\/#\/schema\/person\/2b1cf3cd81a31e3cd26889ca66d677f1"},"breadcrumb":{"@id":"https:\/\/www.africa-press.net\/gabon\/politique\/gabon-les-magistrats-de-nouveau-en-greve#breadcrumb"},"inLanguage":"fr-FR","potentialAction":[{"@type":"ReadAction","target":["https:\/\/www.africa-press.net\/gabon\/politique\/gabon-les-magistrats-de-nouveau-en-greve"]}]},{"@type":"ImageObject","inLanguage":"fr-FR","@id":"https:\/\/www.africa-press.net\/gabon\/politique\/gabon-les-magistrats-de-nouveau-en-greve#primaryimage","url":"https:\/\/static.africa-press.net\/gabon\/sites\/54\/2022\/12\/postQueueImg_1671117273.65.jpg","contentUrl":"https:\/\/static.africa-press.net\/gabon\/sites\/54\/2022\/12\/postQueueImg_1671117273.65.jpg","width":720,"height":472,"caption":"Gabon : les magistrats de nouveau en gr\u00e8ve"},{"@type":"BreadcrumbList","@id":"https:\/\/www.africa-press.net\/gabon\/politique\/gabon-les-magistrats-de-nouveau-en-greve#breadcrumb","itemListElement":[{"@type":"ListItem","position":1,"name":"Accueil","item":"https:\/\/www.africa-press.net\/gabon\/"},{"@type":"ListItem","position":2,"name":"Gabon : les magistrats de nouveau en gr\u00e8ve"}]},{"@type":"WebSite","@id":"https:\/\/www.africa-press.net\/gabon\/#website","url":"https:\/\/www.africa-press.net\/gabon\/","name":"Gabon","description":"Just another Africa News Agency Sites site","potentialAction":[{"@type":"SearchAction","target":{"@type":"EntryPoint","urlTemplate":"https:\/\/www.africa-press.net\/gabon\/?s={search_term_string}"},"query-input":{"@type":"PropertyValueSpecification","valueRequired":true,"valueName":"search_term_string"}}],"inLanguage":"fr-FR"},{"@type":"Person","@id":"https:\/\/www.africa-press.net\/gabon\/#\/schema\/person\/2b1cf3cd81a31e3cd26889ca66d677f1","name":"cfeditorfr"}]}},"_links":{"self":[{"href":"https:\/\/www.africa-press.net\/gabon\/wp-json\/wp\/v2\/posts\/13920","targetHints":{"allow":["GET"]}}],"collection":[{"href":"https:\/\/www.africa-press.net\/gabon\/wp-json\/wp\/v2\/posts"}],"about":[{"href":"https:\/\/www.africa-press.net\/gabon\/wp-json\/wp\/v2\/types\/post"}],"author":[{"embeddable":true,"href":"https:\/\/www.africa-press.net\/gabon\/wp-json\/wp\/v2\/users\/82"}],"replies":[{"embeddable":true,"href":"https:\/\/www.africa-press.net\/gabon\/wp-json\/wp\/v2\/comments?post=13920"}],"version-history":[{"count":0,"href":"https:\/\/www.africa-press.net\/gabon\/wp-json\/wp\/v2\/posts\/13920\/revisions"}],"wp:featuredmedia":[{"embeddable":true,"href":"https:\/\/www.africa-press.net\/gabon\/wp-json\/wp\/v2\/media\/13919"}],"wp:attachment":[{"href":"https:\/\/www.africa-press.net\/gabon\/wp-json\/wp\/v2\/media?parent=13920"}],"wp:term":[{"taxonomy":"category","embeddable":true,"href":"https:\/\/www.africa-press.net\/gabon\/wp-json\/wp\/v2\/categories?post=13920"},{"taxonomy":"post_tag","embeddable":true,"href":"https:\/\/www.africa-press.net\/gabon\/wp-json\/wp\/v2\/tags?post=13920"}],"curies":[{"name":"wp","href":"https:\/\/api.w.org\/{rel}","templated":true}]}}