{"id":13930,"date":"2022-12-16T12:14:35","date_gmt":"2022-12-16T12:14:35","guid":{"rendered":"https:\/\/www.africa-press.net\/gabon\/politique\/jai-lintention-de-visiter-vos-pays-a-lance-joe-biden-aux-dirigeants-africains"},"modified":"2022-12-16T12:14:35","modified_gmt":"2022-12-16T12:14:35","slug":"jai-lintention-de-visiter-vos-pays-a-lance-joe-biden-aux-dirigeants-africains","status":"publish","type":"post","link":"https:\/\/www.africa-press.net\/gabon\/politique\/jai-lintention-de-visiter-vos-pays-a-lance-joe-biden-aux-dirigeants-africains","title":{"rendered":"J\u2019ai l\u2019intention de visiter vos pays, a lanc\u00e9 Joe Biden aux dirigeants africains"},"content":{"rendered":"<p><span style=\"color: #ff6600\"><strong>Africa-Press &#8211; Gabon. <\/strong><\/span><b>Clo\u0302turant le sommet des dirigeants Etats-Unis Afrique, le pre\u0301sident ame\u0301ricain, Joe Biden a de\u0301clare\u0301 qu\u2019il a l\u2019intention de visiter l\u2019Afrique, un continent que son pre\u0301de\u0301cesseur, Donald Trump a ignore\u0301 durant son unique mandat de 4 ans.<\/b><\/p>\n<p>\u00ab Vous m\u2019avez invite\u0301 dans vos pays &#8230; j\u2019ai l\u2019intention de visiter vos pays \u00bb, a lance\u0301 le pre\u0301sident ame\u0301ricain faisant par la me\u0302me occasion allusion au riche qui ne veut pas aller visiter le pauvre alors que le pauvre adore visiter le riche et me\u0302me y rester plus longtemps.<\/p>\n<p>\u00ab La vice-pre\u0301sidente Harry et mon e\u0301pouse Jill ont l\u2019intention de visiter l\u2019Afrique \u00bb, a-t-il ajoute\u0301 avant de poursuivre : \u00ab nous allons vous voir et vous allez beaucoup nous voir \u00bb.<\/p>\n<p>De\u0301terminer a\u0300 accroitre la pre\u0301sence ame\u0301ricaine dans le continent ou\u0300 la Chine, l\u2019Inde, la Turquie et la Russie ont pris plusieurs longueurs d\u2019avance, Joe Biden a annonce\u0301 qu\u2019il de\u0301pe\u0302chera plusieurs de ses ministres en Afrique. Humoristique et sarcastique, le pre\u0301sident ame\u0301ricain a supplie\u0301 les dirigeants africains de ne pas garder pour toujours ses ministres en Afrique.<\/p>\n<p>C\u2019est sur cette note d\u2019humour et d\u2019espoir que le 2e\u0300me sommet des dirigeants Etats-Unis Afrique (13 au 15 de\u0301cembre 2022) a pris fin jeudi a\u0300 Washington, la capitale fe\u0301de\u0301rale ame\u0301ricaine.<\/p>\n<p><b>Yves Laurent Goma, envoye\u0301 spe\u0301cial a\u0300 Washington<\/b><\/p>\n<p><strong>Pour plus d&rsquo;informations et d&rsquo;analyses sur la <a href=\"https:\/\/www.africa-press.net\/gabon\">Gabon<\/a>, suivez <a href=\"https:\/\/www.africa-press.net\/\">Africa-Press<\/a><\/strong><\/p>\n","protected":false},"excerpt":{"rendered":"<p>Africa-Press &#8211; Gabon. Clo\u0302turant le sommet des dirigeants Etats-Unis Afrique, le pre\u0301sident ame\u0301ricain, Joe Biden a de\u0301clare\u0301 qu\u2019il a l\u2019intention de visiter l\u2019Afrique, un continent que son pre\u0301de\u0301cesseur, Donald Trump a ignore\u0301 durant son unique mandat de 4 ans. \u00ab Vous m\u2019avez invite\u0301 dans vos pays &#8230; j\u2019ai l\u2019intention de visiter vos pays \u00bb, a [&hellip;]<\/p>\n","protected":false},"author":82,"featured_media":13929,"comment_status":"open","ping_status":"closed","sticky":false,"template":"","format":"standard","meta":{"footnotes":""},"categories":[2,20,10],"tags":[36,50,49],"class_list":["post-13930","post","type-post","status-publish","format-standard","has-post-thumbnail","hentry","category-politique","category-top-nouvelles","category-toutes-les-actualites","tag-africa-press","tag-africa-press-gabon","tag-gabon"],"yoast_head":"<!-- This site is optimized with the Yoast SEO Premium plugin v26.1 (Yoast SEO v27.0) - https:\/\/yoast.com\/product\/yoast-seo-premium-wordpress\/ -->\n<title>J\u2019ai l\u2019intention de visiter vos pays, a lanc\u00e9 Joe Biden aux dirigeants africains - Gabon<\/title>\n<meta name=\"robots\" content=\"index, follow, max-snippet:-1, max-image-preview:large, max-video-preview:-1\" \/>\n<link rel=\"canonical\" href=\"https:\/\/www.africa-press.net\/gabon\/politique\/jai-lintention-de-visiter-vos-pays-a-lance-joe-biden-aux-dirigeants-africains\" \/>\n<meta property=\"og:locale\" content=\"fr_FR\" \/>\n<meta property=\"og:type\" content=\"article\" \/>\n<meta property=\"og:title\" content=\"J\u2019ai l\u2019intention de visiter vos pays, a lanc\u00e9 Joe Biden aux dirigeants africains\" \/>\n<meta property=\"og:description\" content=\"Africa-Press &#8211; Gabon. Clo\u0302turant le sommet des dirigeants Etats-Unis Afrique, le pre\u0301sident ame\u0301ricain, Joe Biden a de\u0301clare\u0301 qu\u2019il a l\u2019intention de visiter l\u2019Afrique, un continent que son pre\u0301de\u0301cesseur, Donald Trump a ignore\u0301 durant son unique mandat de 4 ans. \u00ab Vous m\u2019avez invite\u0301 dans vos pays &#8230; j\u2019ai l\u2019intention de visiter vos pays \u00bb, a [&hellip;]\" \/>\n<meta property=\"og:url\" content=\"https:\/\/www.africa-press.net\/gabon\/politique\/jai-lintention-de-visiter-vos-pays-a-lance-joe-biden-aux-dirigeants-africains\" \/>\n<meta property=\"og:site_name\" content=\"Gabon\" \/>\n<meta property=\"article:published_time\" content=\"2022-12-16T12:14:35+00:00\" \/>\n<meta name=\"author\" content=\"cfeditorfr\" \/>\n<meta name=\"twitter:card\" content=\"summary_large_image\" \/>\n<meta name=\"twitter:label1\" content=\"\u00c9crit par\" \/>\n\t<meta name=\"twitter:data1\" content=\"cfeditorfr\" \/>\n\t<meta name=\"twitter:label2\" content=\"Dur\u00e9e de lecture estim\u00e9e\" \/>\n\t<meta name=\"twitter:data2\" content=\"1 minute\" \/>\n<script type=\"application\/ld+json\" class=\"yoast-schema-graph\">{\"@context\":\"https:\/\/schema.org\",\"@graph\":[{\"@type\":\"Article\",\"@id\":\"https:\/\/www.africa-press.net\/gabon\/politique\/jai-lintention-de-visiter-vos-pays-a-lance-joe-biden-aux-dirigeants-africains#article\",\"isPartOf\":{\"@id\":\"https:\/\/www.africa-press.net\/gabon\/politique\/jai-lintention-de-visiter-vos-pays-a-lance-joe-biden-aux-dirigeants-africains\"},\"author\":{\"name\":\"cfeditorfr\",\"@id\":\"https:\/\/www.africa-press.net\/gabon\/#\/schema\/person\/2b1cf3cd81a31e3cd26889ca66d677f1\"},\"headline\":\"J\u2019ai l\u2019intention de visiter vos pays, a lanc\u00e9 Joe Biden aux dirigeants africains\",\"datePublished\":\"2022-12-16T12:14:35+00:00\",\"mainEntityOfPage\":{\"@id\":\"https:\/\/www.africa-press.net\/gabon\/politique\/jai-lintention-de-visiter-vos-pays-a-lance-joe-biden-aux-dirigeants-africains\"},\"wordCount\":268,\"commentCount\":0,\"image\":{\"@id\":\"https:\/\/www.africa-press.net\/gabon\/politique\/jai-lintention-de-visiter-vos-pays-a-lance-joe-biden-aux-dirigeants-africains#primaryimage\"},\"thumbnailUrl\":\"https:\/\/static.africa-press.net\/gabon\/sites\/54\/2022\/12\/postQueueImg_1671180286.42.jpg\",\"keywords\":[\"Africa Press\",\"Africa Press-Gabon\",\"Gabon\"],\"articleSection\":[\"Politique\",\"Top Nouvelles\",\"Toutes les actualit\u00e9s\"],\"inLanguage\":\"fr-FR\",\"potentialAction\":[{\"@type\":\"CommentAction\",\"name\":\"Comment\",\"target\":[\"https:\/\/www.africa-press.net\/gabon\/politique\/jai-lintention-de-visiter-vos-pays-a-lance-joe-biden-aux-dirigeants-africains#respond\"]}]},{\"@type\":\"WebPage\",\"@id\":\"https:\/\/www.africa-press.net\/gabon\/politique\/jai-lintention-de-visiter-vos-pays-a-lance-joe-biden-aux-dirigeants-africains\",\"url\":\"https:\/\/www.africa-press.net\/gabon\/politique\/jai-lintention-de-visiter-vos-pays-a-lance-joe-biden-aux-dirigeants-africains\",\"name\":\"J\u2019ai l\u2019intention de visiter vos pays, a lanc\u00e9 Joe Biden aux dirigeants africains - Gabon\",\"isPartOf\":{\"@id\":\"https:\/\/www.africa-press.net\/gabon\/#website\"},\"primaryImageOfPage\":{\"@id\":\"https:\/\/www.africa-press.net\/gabon\/politique\/jai-lintention-de-visiter-vos-pays-a-lance-joe-biden-aux-dirigeants-africains#primaryimage\"},\"image\":{\"@id\":\"https:\/\/www.africa-press.net\/gabon\/politique\/jai-lintention-de-visiter-vos-pays-a-lance-joe-biden-aux-dirigeants-africains#primaryimage\"},\"thumbnailUrl\":\"https:\/\/static.africa-press.net\/gabon\/sites\/54\/2022\/12\/postQueueImg_1671180286.42.jpg\",\"datePublished\":\"2022-12-16T12:14:35+00:00\",\"author\":{\"@id\":\"https:\/\/www.africa-press.net\/gabon\/#\/schema\/person\/2b1cf3cd81a31e3cd26889ca66d677f1\"},\"breadcrumb\":{\"@id\":\"https:\/\/www.africa-press.net\/gabon\/politique\/jai-lintention-de-visiter-vos-pays-a-lance-joe-biden-aux-dirigeants-africains#breadcrumb\"},\"inLanguage\":\"fr-FR\",\"potentialAction\":[{\"@type\":\"ReadAction\",\"target\":[\"https:\/\/www.africa-press.net\/gabon\/politique\/jai-lintention-de-visiter-vos-pays-a-lance-joe-biden-aux-dirigeants-africains\"]}]},{\"@type\":\"ImageObject\",\"inLanguage\":\"fr-FR\",\"@id\":\"https:\/\/www.africa-press.net\/gabon\/politique\/jai-lintention-de-visiter-vos-pays-a-lance-joe-biden-aux-dirigeants-africains#primaryimage\",\"url\":\"https:\/\/static.africa-press.net\/gabon\/sites\/54\/2022\/12\/postQueueImg_1671180286.42.jpg\",\"contentUrl\":\"https:\/\/static.africa-press.net\/gabon\/sites\/54\/2022\/12\/postQueueImg_1671180286.42.jpg\",\"width\":1728,\"height\":1152,\"caption\":\"J\u2019ai l\u2019intention de visiter vos pays, a lanc\u00e9 Joe Biden aux dirigeants africains\"},{\"@type\":\"BreadcrumbList\",\"@id\":\"https:\/\/www.africa-press.net\/gabon\/politique\/jai-lintention-de-visiter-vos-pays-a-lance-joe-biden-aux-dirigeants-africains#breadcrumb\",\"itemListElement\":[{\"@type\":\"ListItem\",\"position\":1,\"name\":\"Accueil\",\"item\":\"https:\/\/www.africa-press.net\/gabon\/\"},{\"@type\":\"ListItem\",\"position\":2,\"name\":\"J\u2019ai l\u2019intention de visiter vos pays, a lanc\u00e9 Joe Biden aux dirigeants africains\"}]},{\"@type\":\"WebSite\",\"@id\":\"https:\/\/www.africa-press.net\/gabon\/#website\",\"url\":\"https:\/\/www.africa-press.net\/gabon\/\",\"name\":\"Gabon\",\"description\":\"Just another Africa News Agency Sites site\",\"potentialAction\":[{\"@type\":\"SearchAction\",\"target\":{\"@type\":\"EntryPoint\",\"urlTemplate\":\"https:\/\/www.africa-press.net\/gabon\/?s={search_term_string}\"},\"query-input\":{\"@type\":\"PropertyValueSpecification\",\"valueRequired\":true,\"valueName\":\"search_term_string\"}}],\"inLanguage\":\"fr-FR\"},{\"@type\":\"Person\",\"@id\":\"https:\/\/www.africa-press.net\/gabon\/#\/schema\/person\/2b1cf3cd81a31e3cd26889ca66d677f1\",\"name\":\"cfeditorfr\"}]}<\/script>\n<!-- \/ Yoast SEO Premium plugin. -->","yoast_head_json":{"title":"J\u2019ai l\u2019intention de visiter vos pays, a lanc\u00e9 Joe Biden aux dirigeants africains - Gabon","robots":{"index":"index","follow":"follow","max-snippet":"max-snippet:-1","max-image-preview":"max-image-preview:large","max-video-preview":"max-video-preview:-1"},"canonical":"https:\/\/www.africa-press.net\/gabon\/politique\/jai-lintention-de-visiter-vos-pays-a-lance-joe-biden-aux-dirigeants-africains","og_locale":"fr_FR","og_type":"article","og_title":"J\u2019ai l\u2019intention de visiter vos pays, a lanc\u00e9 Joe Biden aux dirigeants africains","og_description":"Africa-Press &#8211; Gabon. Clo\u0302turant le sommet des dirigeants Etats-Unis Afrique, le pre\u0301sident ame\u0301ricain, Joe Biden a de\u0301clare\u0301 qu\u2019il a l\u2019intention de visiter l\u2019Afrique, un continent que son pre\u0301de\u0301cesseur, Donald Trump a ignore\u0301 durant son unique mandat de 4 ans. \u00ab Vous m\u2019avez invite\u0301 dans vos pays &#8230; j\u2019ai l\u2019intention de visiter vos pays \u00bb, a [&hellip;]","og_url":"https:\/\/www.africa-press.net\/gabon\/politique\/jai-lintention-de-visiter-vos-pays-a-lance-joe-biden-aux-dirigeants-africains","og_site_name":"Gabon","article_published_time":"2022-12-16T12:14:35+00:00","author":"cfeditorfr","twitter_card":"summary_large_image","twitter_misc":{"\u00c9crit par":"cfeditorfr","Dur\u00e9e de lecture estim\u00e9e":"1 minute"},"schema":{"@context":"https:\/\/schema.org","@graph":[{"@type":"Article","@id":"https:\/\/www.africa-press.net\/gabon\/politique\/jai-lintention-de-visiter-vos-pays-a-lance-joe-biden-aux-dirigeants-africains#article","isPartOf":{"@id":"https:\/\/www.africa-press.net\/gabon\/politique\/jai-lintention-de-visiter-vos-pays-a-lance-joe-biden-aux-dirigeants-africains"},"author":{"name":"cfeditorfr","@id":"https:\/\/www.africa-press.net\/gabon\/#\/schema\/person\/2b1cf3cd81a31e3cd26889ca66d677f1"},"headline":"J\u2019ai l\u2019intention de visiter vos pays, a lanc\u00e9 Joe Biden aux dirigeants africains","datePublished":"2022-12-16T12:14:35+00:00","mainEntityOfPage":{"@id":"https:\/\/www.africa-press.net\/gabon\/politique\/jai-lintention-de-visiter-vos-pays-a-lance-joe-biden-aux-dirigeants-africains"},"wordCount":268,"commentCount":0,"image":{"@id":"https:\/\/www.africa-press.net\/gabon\/politique\/jai-lintention-de-visiter-vos-pays-a-lance-joe-biden-aux-dirigeants-africains#primaryimage"},"thumbnailUrl":"https:\/\/static.africa-press.net\/gabon\/sites\/54\/2022\/12\/postQueueImg_1671180286.42.jpg","keywords":["Africa Press","Africa Press-Gabon","Gabon"],"articleSection":["Politique","Top Nouvelles","Toutes les actualit\u00e9s"],"inLanguage":"fr-FR","potentialAction":[{"@type":"CommentAction","name":"Comment","target":["https:\/\/www.africa-press.net\/gabon\/politique\/jai-lintention-de-visiter-vos-pays-a-lance-joe-biden-aux-dirigeants-africains#respond"]}]},{"@type":"WebPage","@id":"https:\/\/www.africa-press.net\/gabon\/politique\/jai-lintention-de-visiter-vos-pays-a-lance-joe-biden-aux-dirigeants-africains","url":"https:\/\/www.africa-press.net\/gabon\/politique\/jai-lintention-de-visiter-vos-pays-a-lance-joe-biden-aux-dirigeants-africains","name":"J\u2019ai l\u2019intention de visiter vos pays, a lanc\u00e9 Joe Biden aux dirigeants africains - Gabon","isPartOf":{"@id":"https:\/\/www.africa-press.net\/gabon\/#website"},"primaryImageOfPage":{"@id":"https:\/\/www.africa-press.net\/gabon\/politique\/jai-lintention-de-visiter-vos-pays-a-lance-joe-biden-aux-dirigeants-africains#primaryimage"},"image":{"@id":"https:\/\/www.africa-press.net\/gabon\/politique\/jai-lintention-de-visiter-vos-pays-a-lance-joe-biden-aux-dirigeants-africains#primaryimage"},"thumbnailUrl":"https:\/\/static.africa-press.net\/gabon\/sites\/54\/2022\/12\/postQueueImg_1671180286.42.jpg","datePublished":"2022-12-16T12:14:35+00:00","author":{"@id":"https:\/\/www.africa-press.net\/gabon\/#\/schema\/person\/2b1cf3cd81a31e3cd26889ca66d677f1"},"breadcrumb":{"@id":"https:\/\/www.africa-press.net\/gabon\/politique\/jai-lintention-de-visiter-vos-pays-a-lance-joe-biden-aux-dirigeants-africains#breadcrumb"},"inLanguage":"fr-FR","potentialAction":[{"@type":"ReadAction","target":["https:\/\/www.africa-press.net\/gabon\/politique\/jai-lintention-de-visiter-vos-pays-a-lance-joe-biden-aux-dirigeants-africains"]}]},{"@type":"ImageObject","inLanguage":"fr-FR","@id":"https:\/\/www.africa-press.net\/gabon\/politique\/jai-lintention-de-visiter-vos-pays-a-lance-joe-biden-aux-dirigeants-africains#primaryimage","url":"https:\/\/static.africa-press.net\/gabon\/sites\/54\/2022\/12\/postQueueImg_1671180286.42.jpg","contentUrl":"https:\/\/static.africa-press.net\/gabon\/sites\/54\/2022\/12\/postQueueImg_1671180286.42.jpg","width":1728,"height":1152,"caption":"J\u2019ai l\u2019intention de visiter vos pays, a lanc\u00e9 Joe Biden aux dirigeants africains"},{"@type":"BreadcrumbList","@id":"https:\/\/www.africa-press.net\/gabon\/politique\/jai-lintention-de-visiter-vos-pays-a-lance-joe-biden-aux-dirigeants-africains#breadcrumb","itemListElement":[{"@type":"ListItem","position":1,"name":"Accueil","item":"https:\/\/www.africa-press.net\/gabon\/"},{"@type":"ListItem","position":2,"name":"J\u2019ai l\u2019intention de visiter vos pays, a lanc\u00e9 Joe Biden aux dirigeants africains"}]},{"@type":"WebSite","@id":"https:\/\/www.africa-press.net\/gabon\/#website","url":"https:\/\/www.africa-press.net\/gabon\/","name":"Gabon","description":"Just another Africa News Agency Sites site","potentialAction":[{"@type":"SearchAction","target":{"@type":"EntryPoint","urlTemplate":"https:\/\/www.africa-press.net\/gabon\/?s={search_term_string}"},"query-input":{"@type":"PropertyValueSpecification","valueRequired":true,"valueName":"search_term_string"}}],"inLanguage":"fr-FR"},{"@type":"Person","@id":"https:\/\/www.africa-press.net\/gabon\/#\/schema\/person\/2b1cf3cd81a31e3cd26889ca66d677f1","name":"cfeditorfr"}]}},"_links":{"self":[{"href":"https:\/\/www.africa-press.net\/gabon\/wp-json\/wp\/v2\/posts\/13930","targetHints":{"allow":["GET"]}}],"collection":[{"href":"https:\/\/www.africa-press.net\/gabon\/wp-json\/wp\/v2\/posts"}],"about":[{"href":"https:\/\/www.africa-press.net\/gabon\/wp-json\/wp\/v2\/types\/post"}],"author":[{"embeddable":true,"href":"https:\/\/www.africa-press.net\/gabon\/wp-json\/wp\/v2\/users\/82"}],"replies":[{"embeddable":true,"href":"https:\/\/www.africa-press.net\/gabon\/wp-json\/wp\/v2\/comments?post=13930"}],"version-history":[{"count":0,"href":"https:\/\/www.africa-press.net\/gabon\/wp-json\/wp\/v2\/posts\/13930\/revisions"}],"wp:featuredmedia":[{"embeddable":true,"href":"https:\/\/www.africa-press.net\/gabon\/wp-json\/wp\/v2\/media\/13929"}],"wp:attachment":[{"href":"https:\/\/www.africa-press.net\/gabon\/wp-json\/wp\/v2\/media?parent=13930"}],"wp:term":[{"taxonomy":"category","embeddable":true,"href":"https:\/\/www.africa-press.net\/gabon\/wp-json\/wp\/v2\/categories?post=13930"},{"taxonomy":"post_tag","embeddable":true,"href":"https:\/\/www.africa-press.net\/gabon\/wp-json\/wp\/v2\/tags?post=13930"}],"curies":[{"name":"wp","href":"https:\/\/api.w.org\/{rel}","templated":true}]}}