{"id":13934,"date":"2022-12-16T12:15:12","date_gmt":"2022-12-16T12:15:12","guid":{"rendered":"https:\/\/www.africa-press.net\/gabon\/politique\/cooperation-odd-le-gabon-et-lonu-saccordent-5-ans-de-plus"},"modified":"2022-12-16T12:15:12","modified_gmt":"2022-12-16T12:15:12","slug":"cooperation-odd-le-gabon-et-lonu-saccordent-5-ans-de-plus","status":"publish","type":"post","link":"https:\/\/www.africa-press.net\/gabon\/politique\/cooperation-odd-le-gabon-et-lonu-saccordent-5-ans-de-plus","title":{"rendered":"Coop\u00e9ration &amp; ODD : le Gabon et l\u2019ONU s\u2019accordent 5 ans de plus"},"content":{"rendered":"<p><span style=\"color: #ff6600\"><strong>Africa-Press &#8211; Gabon. <\/strong><\/span>Le gouvernement gabonais et le Syste\u0300me des Nations Unies ont signe\u0301, jeudi 15 de\u0301cembre a\u0300 Libreville, un nouveau Plan-cadre de coope\u0301ration cense\u0301 permettre au pays d\u2019acce\u0301le\u0301rer les actions mises en \u0153uvre ces dernie\u0300res anne\u0301es dans le cadre du de\u0301ploiement de l\u2019Agenda 2030 pour l\u2019atteinte des objectifs de de\u0301veloppement durable (ODD) et de l\u2019Agenda 2063 de l\u2019Union africaine.<\/p>\n<p>La coope\u0301ration entre le gouvernement gabonais et le Syste\u0300me des Nations Unies se poursuivra durant la pe\u0301riode 2023-2027. Jeudi a\u0300 la Primature, les deux parties ont proce\u0301de\u0301 a\u0300 la signature d\u2019un nouveau Plan-cadre de coope\u0301ration qui s\u2019articule autour de trois axes strate\u0301giques : la bonne gouvernance, la transition vers une e\u0301conomie verte et bleue, l\u2019e\u0301galite\u0301 des chances et l\u2019inclusion. Il est pre\u0301vu entrer en vigueur le 1er janvier 2023, pour contribuer a\u0300 une meilleure identification conjointe des programmes prioritaires pour le pays et le bien-e\u0302tre des populations.<\/p>\n<p>Obtenu apre\u0300s plusieurs mois de discussion entre les autorite\u0301s et les agences onusiennes pre\u0301sentes dans le pays, ce nouveau plan, indique la Communication gouvernementale, vise a\u0300 acce\u0301le\u0301rer les actions mises en \u0153uvre par le Gabon dans le cadre du de\u0301ploiement de l\u2019Agenda 2030 pour l\u2019atteinte des ODD et de l\u2019Agenda 2063 de l\u2019Union africaine. La ce\u0301re\u0301monie a e\u0301te\u0301 pre\u0301side\u0301e par la Premie\u0300re ministre, Rose Christiane Ossouka Raponda, qui n\u2019a pas manque\u0301 de saluer la qualite\u0301 et l\u2019efficacite\u0301 des travaux mene\u0301s entres les ministe\u0300res sectoriels concerne\u0301s et ces agences lors des comite\u0301s techniques, avant d\u2019exprimer a\u0300 la Coordonnatrice re\u0301sidente du Syste\u0300me des Nations Unies au Gabon toute la de\u0301termination de son pays a\u0300 poursuivre les efforts de\u0301ja\u0300 engage\u0301s.<\/p>\n<p>\u00abJe remercie l\u2019ensemble des acteurs qui ont contribue\u0301 a\u0300 la formulation de ce plan qui va guider l\u2019action de la famille des Nations Unies au Gabon avec toutes ses entite\u0301s dans les 5 prochaines anne\u0301es\u00bb, a pour sa part re\u0301agi Savina Ammassari sur Twitter.<\/p>\n<p><strong>Pour plus d&rsquo;informations et d&rsquo;analyses sur la <a href=\"https:\/\/www.africa-press.net\/gabon\">Gabon<\/a>, suivez <a href=\"https:\/\/www.africa-press.net\/\">Africa-Press<\/a><\/strong><\/p>\n","protected":false},"excerpt":{"rendered":"<p>Africa-Press &#8211; Gabon. Le gouvernement gabonais et le Syste\u0300me des Nations Unies ont signe\u0301, jeudi 15 de\u0301cembre a\u0300 Libreville, un nouveau Plan-cadre de coope\u0301ration cense\u0301 permettre au pays d\u2019acce\u0301le\u0301rer les actions mises en \u0153uvre ces dernie\u0300res anne\u0301es dans le cadre du de\u0301ploiement de l\u2019Agenda 2030 pour l\u2019atteinte des objectifs de de\u0301veloppement durable (ODD) et de [&hellip;]<\/p>\n","protected":false},"author":82,"featured_media":13933,"comment_status":"open","ping_status":"closed","sticky":false,"template":"","format":"standard","meta":{"footnotes":""},"categories":[2,20,10],"tags":[36,50,49],"class_list":["post-13934","post","type-post","status-publish","format-standard","has-post-thumbnail","hentry","category-politique","category-top-nouvelles","category-toutes-les-actualites","tag-africa-press","tag-africa-press-gabon","tag-gabon"],"yoast_head":"<!-- This site is optimized with the Yoast SEO Premium plugin v26.1 (Yoast SEO v27.0) - https:\/\/yoast.com\/product\/yoast-seo-premium-wordpress\/ -->\n<title>Coop\u00e9ration &amp; ODD : le Gabon et l\u2019ONU s\u2019accordent 5 ans de plus - Gabon<\/title>\n<meta name=\"robots\" content=\"index, follow, max-snippet:-1, max-image-preview:large, max-video-preview:-1\" \/>\n<link rel=\"canonical\" href=\"https:\/\/www.africa-press.net\/gabon\/politique\/cooperation-odd-le-gabon-et-lonu-saccordent-5-ans-de-plus\" \/>\n<meta property=\"og:locale\" content=\"fr_FR\" \/>\n<meta property=\"og:type\" content=\"article\" \/>\n<meta property=\"og:title\" content=\"Coop\u00e9ration &amp; ODD : le Gabon et l\u2019ONU s\u2019accordent 5 ans de plus\" \/>\n<meta property=\"og:description\" content=\"Africa-Press &#8211; Gabon. Le gouvernement gabonais et le Syste\u0300me des Nations Unies ont signe\u0301, jeudi 15 de\u0301cembre a\u0300 Libreville, un nouveau Plan-cadre de coope\u0301ration cense\u0301 permettre au pays d\u2019acce\u0301le\u0301rer les actions mises en \u0153uvre ces dernie\u0300res anne\u0301es dans le cadre du de\u0301ploiement de l\u2019Agenda 2030 pour l\u2019atteinte des objectifs de de\u0301veloppement durable (ODD) et de [&hellip;]\" \/>\n<meta property=\"og:url\" content=\"https:\/\/www.africa-press.net\/gabon\/politique\/cooperation-odd-le-gabon-et-lonu-saccordent-5-ans-de-plus\" \/>\n<meta property=\"og:site_name\" content=\"Gabon\" \/>\n<meta property=\"article:published_time\" content=\"2022-12-16T12:15:12+00:00\" \/>\n<meta name=\"author\" content=\"cfeditorfr\" \/>\n<meta name=\"twitter:card\" content=\"summary_large_image\" \/>\n<meta name=\"twitter:label1\" content=\"\u00c9crit par\" \/>\n\t<meta name=\"twitter:data1\" content=\"cfeditorfr\" \/>\n\t<meta name=\"twitter:label2\" content=\"Dur\u00e9e de lecture estim\u00e9e\" \/>\n\t<meta name=\"twitter:data2\" content=\"2 minutes\" \/>\n<script type=\"application\/ld+json\" class=\"yoast-schema-graph\">{\"@context\":\"https:\/\/schema.org\",\"@graph\":[{\"@type\":\"Article\",\"@id\":\"https:\/\/www.africa-press.net\/gabon\/politique\/cooperation-odd-le-gabon-et-lonu-saccordent-5-ans-de-plus#article\",\"isPartOf\":{\"@id\":\"https:\/\/www.africa-press.net\/gabon\/politique\/cooperation-odd-le-gabon-et-lonu-saccordent-5-ans-de-plus\"},\"author\":{\"name\":\"cfeditorfr\",\"@id\":\"https:\/\/www.africa-press.net\/gabon\/#\/schema\/person\/2b1cf3cd81a31e3cd26889ca66d677f1\"},\"headline\":\"Coop\u00e9ration &amp; ODD : le Gabon et l\u2019ONU s\u2019accordent 5 ans de plus\",\"datePublished\":\"2022-12-16T12:15:12+00:00\",\"mainEntityOfPage\":{\"@id\":\"https:\/\/www.africa-press.net\/gabon\/politique\/cooperation-odd-le-gabon-et-lonu-saccordent-5-ans-de-plus\"},\"wordCount\":387,\"commentCount\":0,\"image\":{\"@id\":\"https:\/\/www.africa-press.net\/gabon\/politique\/cooperation-odd-le-gabon-et-lonu-saccordent-5-ans-de-plus#primaryimage\"},\"thumbnailUrl\":\"https:\/\/static.africa-press.net\/gabon\/sites\/54\/2022\/12\/postQueueImg_1671180316.00.jpg\",\"keywords\":[\"Africa Press\",\"Africa Press-Gabon\",\"Gabon\"],\"articleSection\":[\"Politique\",\"Top Nouvelles\",\"Toutes les actualit\u00e9s\"],\"inLanguage\":\"fr-FR\",\"potentialAction\":[{\"@type\":\"CommentAction\",\"name\":\"Comment\",\"target\":[\"https:\/\/www.africa-press.net\/gabon\/politique\/cooperation-odd-le-gabon-et-lonu-saccordent-5-ans-de-plus#respond\"]}]},{\"@type\":\"WebPage\",\"@id\":\"https:\/\/www.africa-press.net\/gabon\/politique\/cooperation-odd-le-gabon-et-lonu-saccordent-5-ans-de-plus\",\"url\":\"https:\/\/www.africa-press.net\/gabon\/politique\/cooperation-odd-le-gabon-et-lonu-saccordent-5-ans-de-plus\",\"name\":\"Coop\u00e9ration &amp; ODD : le Gabon et l\u2019ONU s\u2019accordent 5 ans de plus - Gabon\",\"isPartOf\":{\"@id\":\"https:\/\/www.africa-press.net\/gabon\/#website\"},\"primaryImageOfPage\":{\"@id\":\"https:\/\/www.africa-press.net\/gabon\/politique\/cooperation-odd-le-gabon-et-lonu-saccordent-5-ans-de-plus#primaryimage\"},\"image\":{\"@id\":\"https:\/\/www.africa-press.net\/gabon\/politique\/cooperation-odd-le-gabon-et-lonu-saccordent-5-ans-de-plus#primaryimage\"},\"thumbnailUrl\":\"https:\/\/static.africa-press.net\/gabon\/sites\/54\/2022\/12\/postQueueImg_1671180316.00.jpg\",\"datePublished\":\"2022-12-16T12:15:12+00:00\",\"author\":{\"@id\":\"https:\/\/www.africa-press.net\/gabon\/#\/schema\/person\/2b1cf3cd81a31e3cd26889ca66d677f1\"},\"breadcrumb\":{\"@id\":\"https:\/\/www.africa-press.net\/gabon\/politique\/cooperation-odd-le-gabon-et-lonu-saccordent-5-ans-de-plus#breadcrumb\"},\"inLanguage\":\"fr-FR\",\"potentialAction\":[{\"@type\":\"ReadAction\",\"target\":[\"https:\/\/www.africa-press.net\/gabon\/politique\/cooperation-odd-le-gabon-et-lonu-saccordent-5-ans-de-plus\"]}]},{\"@type\":\"ImageObject\",\"inLanguage\":\"fr-FR\",\"@id\":\"https:\/\/www.africa-press.net\/gabon\/politique\/cooperation-odd-le-gabon-et-lonu-saccordent-5-ans-de-plus#primaryimage\",\"url\":\"https:\/\/static.africa-press.net\/gabon\/sites\/54\/2022\/12\/postQueueImg_1671180316.00.jpg\",\"contentUrl\":\"https:\/\/static.africa-press.net\/gabon\/sites\/54\/2022\/12\/postQueueImg_1671180316.00.jpg\",\"width\":720,\"height\":448,\"caption\":\"Coop\u00e9ration &amp; ODD : le Gabon et l\u2019ONU s\u2019accordent 5 ans de plus\"},{\"@type\":\"BreadcrumbList\",\"@id\":\"https:\/\/www.africa-press.net\/gabon\/politique\/cooperation-odd-le-gabon-et-lonu-saccordent-5-ans-de-plus#breadcrumb\",\"itemListElement\":[{\"@type\":\"ListItem\",\"position\":1,\"name\":\"Accueil\",\"item\":\"https:\/\/www.africa-press.net\/gabon\/\"},{\"@type\":\"ListItem\",\"position\":2,\"name\":\"Coop\u00e9ration &amp; ODD : le Gabon et l\u2019ONU s\u2019accordent 5 ans de plus\"}]},{\"@type\":\"WebSite\",\"@id\":\"https:\/\/www.africa-press.net\/gabon\/#website\",\"url\":\"https:\/\/www.africa-press.net\/gabon\/\",\"name\":\"Gabon\",\"description\":\"Just another Africa News Agency Sites site\",\"potentialAction\":[{\"@type\":\"SearchAction\",\"target\":{\"@type\":\"EntryPoint\",\"urlTemplate\":\"https:\/\/www.africa-press.net\/gabon\/?s={search_term_string}\"},\"query-input\":{\"@type\":\"PropertyValueSpecification\",\"valueRequired\":true,\"valueName\":\"search_term_string\"}}],\"inLanguage\":\"fr-FR\"},{\"@type\":\"Person\",\"@id\":\"https:\/\/www.africa-press.net\/gabon\/#\/schema\/person\/2b1cf3cd81a31e3cd26889ca66d677f1\",\"name\":\"cfeditorfr\"}]}<\/script>\n<!-- \/ Yoast SEO Premium plugin. -->","yoast_head_json":{"title":"Coop\u00e9ration &amp; ODD : le Gabon et l\u2019ONU s\u2019accordent 5 ans de plus - Gabon","robots":{"index":"index","follow":"follow","max-snippet":"max-snippet:-1","max-image-preview":"max-image-preview:large","max-video-preview":"max-video-preview:-1"},"canonical":"https:\/\/www.africa-press.net\/gabon\/politique\/cooperation-odd-le-gabon-et-lonu-saccordent-5-ans-de-plus","og_locale":"fr_FR","og_type":"article","og_title":"Coop\u00e9ration &amp; ODD : le Gabon et l\u2019ONU s\u2019accordent 5 ans de plus","og_description":"Africa-Press &#8211; Gabon. Le gouvernement gabonais et le Syste\u0300me des Nations Unies ont signe\u0301, jeudi 15 de\u0301cembre a\u0300 Libreville, un nouveau Plan-cadre de coope\u0301ration cense\u0301 permettre au pays d\u2019acce\u0301le\u0301rer les actions mises en \u0153uvre ces dernie\u0300res anne\u0301es dans le cadre du de\u0301ploiement de l\u2019Agenda 2030 pour l\u2019atteinte des objectifs de de\u0301veloppement durable (ODD) et de [&hellip;]","og_url":"https:\/\/www.africa-press.net\/gabon\/politique\/cooperation-odd-le-gabon-et-lonu-saccordent-5-ans-de-plus","og_site_name":"Gabon","article_published_time":"2022-12-16T12:15:12+00:00","author":"cfeditorfr","twitter_card":"summary_large_image","twitter_misc":{"\u00c9crit par":"cfeditorfr","Dur\u00e9e de lecture estim\u00e9e":"2 minutes"},"schema":{"@context":"https:\/\/schema.org","@graph":[{"@type":"Article","@id":"https:\/\/www.africa-press.net\/gabon\/politique\/cooperation-odd-le-gabon-et-lonu-saccordent-5-ans-de-plus#article","isPartOf":{"@id":"https:\/\/www.africa-press.net\/gabon\/politique\/cooperation-odd-le-gabon-et-lonu-saccordent-5-ans-de-plus"},"author":{"name":"cfeditorfr","@id":"https:\/\/www.africa-press.net\/gabon\/#\/schema\/person\/2b1cf3cd81a31e3cd26889ca66d677f1"},"headline":"Coop\u00e9ration &amp; ODD : le Gabon et l\u2019ONU s\u2019accordent 5 ans de plus","datePublished":"2022-12-16T12:15:12+00:00","mainEntityOfPage":{"@id":"https:\/\/www.africa-press.net\/gabon\/politique\/cooperation-odd-le-gabon-et-lonu-saccordent-5-ans-de-plus"},"wordCount":387,"commentCount":0,"image":{"@id":"https:\/\/www.africa-press.net\/gabon\/politique\/cooperation-odd-le-gabon-et-lonu-saccordent-5-ans-de-plus#primaryimage"},"thumbnailUrl":"https:\/\/static.africa-press.net\/gabon\/sites\/54\/2022\/12\/postQueueImg_1671180316.00.jpg","keywords":["Africa Press","Africa Press-Gabon","Gabon"],"articleSection":["Politique","Top Nouvelles","Toutes les actualit\u00e9s"],"inLanguage":"fr-FR","potentialAction":[{"@type":"CommentAction","name":"Comment","target":["https:\/\/www.africa-press.net\/gabon\/politique\/cooperation-odd-le-gabon-et-lonu-saccordent-5-ans-de-plus#respond"]}]},{"@type":"WebPage","@id":"https:\/\/www.africa-press.net\/gabon\/politique\/cooperation-odd-le-gabon-et-lonu-saccordent-5-ans-de-plus","url":"https:\/\/www.africa-press.net\/gabon\/politique\/cooperation-odd-le-gabon-et-lonu-saccordent-5-ans-de-plus","name":"Coop\u00e9ration &amp; ODD : le Gabon et l\u2019ONU s\u2019accordent 5 ans de plus - Gabon","isPartOf":{"@id":"https:\/\/www.africa-press.net\/gabon\/#website"},"primaryImageOfPage":{"@id":"https:\/\/www.africa-press.net\/gabon\/politique\/cooperation-odd-le-gabon-et-lonu-saccordent-5-ans-de-plus#primaryimage"},"image":{"@id":"https:\/\/www.africa-press.net\/gabon\/politique\/cooperation-odd-le-gabon-et-lonu-saccordent-5-ans-de-plus#primaryimage"},"thumbnailUrl":"https:\/\/static.africa-press.net\/gabon\/sites\/54\/2022\/12\/postQueueImg_1671180316.00.jpg","datePublished":"2022-12-16T12:15:12+00:00","author":{"@id":"https:\/\/www.africa-press.net\/gabon\/#\/schema\/person\/2b1cf3cd81a31e3cd26889ca66d677f1"},"breadcrumb":{"@id":"https:\/\/www.africa-press.net\/gabon\/politique\/cooperation-odd-le-gabon-et-lonu-saccordent-5-ans-de-plus#breadcrumb"},"inLanguage":"fr-FR","potentialAction":[{"@type":"ReadAction","target":["https:\/\/www.africa-press.net\/gabon\/politique\/cooperation-odd-le-gabon-et-lonu-saccordent-5-ans-de-plus"]}]},{"@type":"ImageObject","inLanguage":"fr-FR","@id":"https:\/\/www.africa-press.net\/gabon\/politique\/cooperation-odd-le-gabon-et-lonu-saccordent-5-ans-de-plus#primaryimage","url":"https:\/\/static.africa-press.net\/gabon\/sites\/54\/2022\/12\/postQueueImg_1671180316.00.jpg","contentUrl":"https:\/\/static.africa-press.net\/gabon\/sites\/54\/2022\/12\/postQueueImg_1671180316.00.jpg","width":720,"height":448,"caption":"Coop\u00e9ration &amp; ODD : le Gabon et l\u2019ONU s\u2019accordent 5 ans de plus"},{"@type":"BreadcrumbList","@id":"https:\/\/www.africa-press.net\/gabon\/politique\/cooperation-odd-le-gabon-et-lonu-saccordent-5-ans-de-plus#breadcrumb","itemListElement":[{"@type":"ListItem","position":1,"name":"Accueil","item":"https:\/\/www.africa-press.net\/gabon\/"},{"@type":"ListItem","position":2,"name":"Coop\u00e9ration &amp; ODD : le Gabon et l\u2019ONU s\u2019accordent 5 ans de plus"}]},{"@type":"WebSite","@id":"https:\/\/www.africa-press.net\/gabon\/#website","url":"https:\/\/www.africa-press.net\/gabon\/","name":"Gabon","description":"Just another Africa News Agency Sites site","potentialAction":[{"@type":"SearchAction","target":{"@type":"EntryPoint","urlTemplate":"https:\/\/www.africa-press.net\/gabon\/?s={search_term_string}"},"query-input":{"@type":"PropertyValueSpecification","valueRequired":true,"valueName":"search_term_string"}}],"inLanguage":"fr-FR"},{"@type":"Person","@id":"https:\/\/www.africa-press.net\/gabon\/#\/schema\/person\/2b1cf3cd81a31e3cd26889ca66d677f1","name":"cfeditorfr"}]}},"_links":{"self":[{"href":"https:\/\/www.africa-press.net\/gabon\/wp-json\/wp\/v2\/posts\/13934","targetHints":{"allow":["GET"]}}],"collection":[{"href":"https:\/\/www.africa-press.net\/gabon\/wp-json\/wp\/v2\/posts"}],"about":[{"href":"https:\/\/www.africa-press.net\/gabon\/wp-json\/wp\/v2\/types\/post"}],"author":[{"embeddable":true,"href":"https:\/\/www.africa-press.net\/gabon\/wp-json\/wp\/v2\/users\/82"}],"replies":[{"embeddable":true,"href":"https:\/\/www.africa-press.net\/gabon\/wp-json\/wp\/v2\/comments?post=13934"}],"version-history":[{"count":0,"href":"https:\/\/www.africa-press.net\/gabon\/wp-json\/wp\/v2\/posts\/13934\/revisions"}],"wp:featuredmedia":[{"embeddable":true,"href":"https:\/\/www.africa-press.net\/gabon\/wp-json\/wp\/v2\/media\/13933"}],"wp:attachment":[{"href":"https:\/\/www.africa-press.net\/gabon\/wp-json\/wp\/v2\/media?parent=13934"}],"wp:term":[{"taxonomy":"category","embeddable":true,"href":"https:\/\/www.africa-press.net\/gabon\/wp-json\/wp\/v2\/categories?post=13934"},{"taxonomy":"post_tag","embeddable":true,"href":"https:\/\/www.africa-press.net\/gabon\/wp-json\/wp\/v2\/tags?post=13934"}],"curies":[{"name":"wp","href":"https:\/\/api.w.org\/{rel}","templated":true}]}}